{"id":253567,"date":"2026-02-26T20:53:21","date_gmt":"2026-02-26T23:53:21","guid":{"rendered":"https:\/\/www.manaus.am.gov.br\/semcom\/recorrer-de-reajuste-tarifario\/"},"modified":"2026-02-26T23:09:57","modified_gmt":"2026-02-27T02:09:57","slug":"recorrer-de-reajuste-tarifario","status":"publish","type":"post","link":"https:\/\/www.manaus.am.gov.br\/semcom\/recorrer-de-reajuste-tarifario\/","title":{"rendered":"Prefeitura vai recorrer de reajuste tarif\u00e1rio aplicado pela \u00c1guas de Manaus, sem comunica\u00e7\u00e3o pr\u00e9via ao \u00f3rg\u00e3o fiscalizador e poder concedente"},"content":{"rendered":"\n<p>A pedido do prefeito de Manaus, David Almeida, a Procuradoria-Geral do Munic\u00edpio (PGM) vai recorrer do reajuste de 5,52% aplicado pela empresa \u00c1guas de Manaus nas tarifas dos servi\u00e7os de abastecimento de \u00e1gua e esgotamento sanit\u00e1rio.<\/p>\n\n\n\n<p>O diretor-presidente da Ag\u00eancia Reguladora dos Servi\u00e7os P\u00fablicos Delegados do Munic\u00edpio de Manaus (Ageman), Elson Andrade, afirmou que o reajuste foi \u00e0 revelia do \u00f3rg\u00e3o regulador e do poder concedente. \u201cFomos surpreendidos com uma comunica\u00e7\u00e3o da empresa afirmando que o reajuste seria aplicado j\u00e1 a partir das faturas de mar\u00e7o, sendo que ainda est\u00e1vamos analisando os fundamentos apresentados pela concession\u00e1ria e se manifestando tecnicamente para garantir que qualquer recomposi\u00e7\u00e3o observe estritamente os crit\u00e9rios contratuais e a prote\u00e7\u00e3o do usu\u00e1rio\u201d, afirmou Elson.<\/p>\n\n\n\n<p>Diante do procedimento adotado pela empresa, a Prefeitura de Manaus, por meio da PGM, come\u00e7ou a preparar as medidas administrativas cab\u00edveis para recorrer do reajuste aplicado. A Ageman tem subsidiado a PGM com informa\u00e7\u00f5es para fins de elabora\u00e7\u00e3o do recurso.<\/p>\n\n\n\n<p>&#8212; &#8212; &#8212;<br><strong>Texto \u2013<\/strong> Tereza Te\u00f3filo\/Ageman<\/p>\n","protected":false},"excerpt":{"rendered":"","protected":false},"author":68,"featured_media":253568,"comment_status":"closed","ping_status":"closed","sticky":false,"template":"","format":"standard","meta":{"footnotes":""},"categories":[1628],"tags":[215,77,19539,19540],"acf":[],"yoast_head":"<!-- This site is optimized with the Yoast SEO plugin v23.0 - https:\/\/yoast.com\/wordpress\/plugins\/seo\/ -->\n<title>PMM vai recorrer de reajuste tarif\u00e1rio aplicado pela \u00c1guas de Manaus<\/title>\n<meta name=\"description\" content=\"A pedido do prefeito de Manaus, David Almeida, a Procuradoria-Geral do Munic\u00edpio (PGM) vai recorrer do reajuste de 5,52% aplicado pela empresa \u00c1guas de Manaus nas tarifas dos servi\u00e7os de abastecimento de \u00e1gua e esgotamento sanit\u00e1rio.\" \/>\n<meta name=\"robots\" content=\"index, follow, max-snippet:-1, max-image-preview:large, max-video-preview:-1\" \/>\n<link rel=\"canonical\" href=\"https:\/\/www.manaus.am.gov.br\/semcom\/recorrer-de-reajuste-tarifario\/\" \/>\n<meta property=\"og:locale\" content=\"pt_BR\" \/>\n<meta property=\"og:type\" content=\"article\" \/>\n<meta property=\"og:title\" content=\"PMM vai recorrer de reajuste tarif\u00e1rio aplicado pela \u00c1guas de Manaus\" \/>\n<meta property=\"og:description\" content=\"A pedido do prefeito de Manaus, David Almeida, a Procuradoria-Geral do Munic\u00edpio (PGM) vai recorrer do reajuste de 5,52% aplicado pela empresa \u00c1guas de Manaus nas tarifas dos servi\u00e7os de abastecimento de \u00e1gua e esgotamento sanit\u00e1rio.\" \/>\n<meta property=\"og:url\" content=\"https:\/\/www.manaus.am.gov.br\/semcom\/recorrer-de-reajuste-tarifario\/\" \/>\n<meta property=\"og:site_name\" content=\"SEMCOM\" \/>\n<meta property=\"article:published_time\" content=\"2026-02-26T23:53:21+00:00\" \/>\n<meta property=\"article:modified_time\" content=\"2026-02-27T02:09:57+00:00\" \/>\n<meta property=\"og:image\" content=\"https:\/\/www.manaus.am.gov.br\/semcom\/wp-content\/uploads\/sites\/5\/2026\/02\/Ageman-notifica-concessionaria-Aguas-de-Manaus-por-desabastecimento-de-agua-no-bairro-Dom-Pedro.jpg\" \/>\n\t<meta property=\"og:image:width\" content=\"1024\" \/>\n\t<meta property=\"og:image:height\" content=\"683\" \/>\n\t<meta property=\"og:image:type\" content=\"image\/jpeg\" \/>\n<meta name=\"author\" content=\"bvalente\" \/>\n<meta name=\"twitter:card\" content=\"summary_large_image\" \/>\n<meta name=\"twitter:label1\" content=\"Written by\" \/>\n\t<meta name=\"twitter:data1\" content=\"bvalente\" \/>\n\t<meta name=\"twitter:label2\" content=\"Est. reading time\" \/>\n\t<meta name=\"twitter:data2\" content=\"2 minutos\" \/>\n<script type=\"application\/ld+json\" class=\"yoast-schema-graph\">{\"@context\":\"https:\/\/schema.org\",\"@graph\":[{\"@type\":\"WebPage\",\"@id\":\"https:\/\/www.manaus.am.gov.br\/semcom\/recorrer-de-reajuste-tarifario\/\",\"url\":\"https:\/\/www.manaus.am.gov.br\/semcom\/recorrer-de-reajuste-tarifario\/\",\"name\":\"PMM vai recorrer de reajuste tarif\u00e1rio aplicado pela \u00c1guas de Manaus\",\"isPartOf\":{\"@id\":\"https:\/\/www.manaus.am.gov.br\/semcom\/#website\"},\"primaryImageOfPage\":{\"@id\":\"https:\/\/www.manaus.am.gov.br\/semcom\/recorrer-de-reajuste-tarifario\/#primaryimage\"},\"image\":{\"@id\":\"https:\/\/www.manaus.am.gov.br\/semcom\/recorrer-de-reajuste-tarifario\/#primaryimage\"},\"thumbnailUrl\":\"https:\/\/www.manaus.am.gov.br\/semcom\/wp-content\/uploads\/sites\/5\/2026\/02\/Ageman-notifica-concessionaria-Aguas-de-Manaus-por-desabastecimento-de-agua-no-bairro-Dom-Pedro.jpg\",\"datePublished\":\"2026-02-26T23:53:21+00:00\",\"dateModified\":\"2026-02-27T02:09:57+00:00\",\"author\":{\"@id\":\"https:\/\/www.manaus.am.gov.br\/semcom\/#\/schema\/person\/466a0e03ae4b6062809046bd560ac955\"},\"description\":\"A pedido do prefeito de Manaus, David Almeida, a Procuradoria-Geral do Munic\u00edpio (PGM) vai recorrer do reajuste de 5,52% aplicado pela empresa \u00c1guas de Manaus nas tarifas dos servi\u00e7os de abastecimento de \u00e1gua e esgotamento sanit\u00e1rio.\",\"inLanguage\":\"pt-BR\",\"potentialAction\":[{\"@type\":\"ReadAction\",\"target\":[\"https:\/\/www.manaus.am.gov.br\/semcom\/recorrer-de-reajuste-tarifario\/\"]}]},{\"@type\":\"ImageObject\",\"inLanguage\":\"pt-BR\",\"@id\":\"https:\/\/www.manaus.am.gov.br\/semcom\/recorrer-de-reajuste-tarifario\/#primaryimage\",\"url\":\"https:\/\/www.manaus.am.gov.br\/semcom\/wp-content\/uploads\/sites\/5\/2026\/02\/Ageman-notifica-concessionaria-Aguas-de-Manaus-por-desabastecimento-de-agua-no-bairro-Dom-Pedro.jpg\",\"contentUrl\":\"https:\/\/www.manaus.am.gov.br\/semcom\/wp-content\/uploads\/sites\/5\/2026\/02\/Ageman-notifica-concessionaria-Aguas-de-Manaus-por-desabastecimento-de-agua-no-bairro-Dom-Pedro.jpg\",\"width\":1024,\"height\":683,\"caption\":\"#paratodosverem - Imagem da sede da Ageman\"},{\"@type\":\"WebSite\",\"@id\":\"https:\/\/www.manaus.am.gov.br\/semcom\/#website\",\"url\":\"https:\/\/www.manaus.am.gov.br\/semcom\/\",\"name\":\"SEMCOM\",\"description\":\"Secretaria Municipal de Comunica\u00e7\u00e3o\",\"potentialAction\":[{\"@type\":\"SearchAction\",\"target\":{\"@type\":\"EntryPoint\",\"urlTemplate\":\"https:\/\/www.manaus.am.gov.br\/semcom\/?s={search_term_string}\"},\"query-input\":\"required name=search_term_string\"}],\"inLanguage\":\"pt-BR\"},{\"@type\":\"Person\",\"@id\":\"https:\/\/www.manaus.am.gov.br\/semcom\/#\/schema\/person\/466a0e03ae4b6062809046bd560ac955\",\"name\":\"bvalente\",\"image\":{\"@type\":\"ImageObject\",\"inLanguage\":\"pt-BR\",\"@id\":\"https:\/\/www.manaus.am.gov.br\/semcom\/#\/schema\/person\/image\/\",\"url\":\"https:\/\/secure.gravatar.com\/avatar\/3e69bc2b014bdad41adfec3a39de07d2?s=96&d=mm&r=g\",\"contentUrl\":\"https:\/\/secure.gravatar.com\/avatar\/3e69bc2b014bdad41adfec3a39de07d2?s=96&d=mm&r=g\",\"caption\":\"bvalente\"}}]}<\/script>\n<!-- \/ Yoast SEO plugin. -->","yoast_head_json":{"title":"PMM vai recorrer de reajuste tarif\u00e1rio aplicado pela \u00c1guas de Manaus","description":"A pedido do prefeito de Manaus, David Almeida, a Procuradoria-Geral do Munic\u00edpio (PGM) vai recorrer do reajuste de 5,52% aplicado pela empresa \u00c1guas de Manaus nas tarifas dos servi\u00e7os de abastecimento de \u00e1gua e esgotamento sanit\u00e1rio.","robots":{"index":"index","follow":"follow","max-snippet":"max-snippet:-1","max-image-preview":"max-image-preview:large","max-video-preview":"max-video-preview:-1"},"canonical":"https:\/\/www.manaus.am.gov.br\/semcom\/recorrer-de-reajuste-tarifario\/","og_locale":"pt_BR","og_type":"article","og_title":"PMM vai recorrer de reajuste tarif\u00e1rio aplicado pela \u00c1guas de Manaus","og_description":"A pedido do prefeito de Manaus, David Almeida, a Procuradoria-Geral do Munic\u00edpio (PGM) vai recorrer do reajuste de 5,52% aplicado pela empresa \u00c1guas de Manaus nas tarifas dos servi\u00e7os de abastecimento de \u00e1gua e esgotamento sanit\u00e1rio.","og_url":"https:\/\/www.manaus.am.gov.br\/semcom\/recorrer-de-reajuste-tarifario\/","og_site_name":"SEMCOM","article_published_time":"2026-02-26T23:53:21+00:00","article_modified_time":"2026-02-27T02:09:57+00:00","og_image":[{"width":1024,"height":683,"url":"https:\/\/www.manaus.am.gov.br\/semcom\/wp-content\/uploads\/sites\/5\/2026\/02\/Ageman-notifica-concessionaria-Aguas-de-Manaus-por-desabastecimento-de-agua-no-bairro-Dom-Pedro.jpg","type":"image\/jpeg"}],"author":"bvalente","twitter_card":"summary_large_image","twitter_misc":{"Written by":"bvalente","Est. reading time":"2 minutos"},"schema":{"@context":"https:\/\/schema.org","@graph":[{"@type":"WebPage","@id":"https:\/\/www.manaus.am.gov.br\/semcom\/recorrer-de-reajuste-tarifario\/","url":"https:\/\/www.manaus.am.gov.br\/semcom\/recorrer-de-reajuste-tarifario\/","name":"PMM vai recorrer de reajuste tarif\u00e1rio aplicado pela \u00c1guas de Manaus","isPartOf":{"@id":"https:\/\/www.manaus.am.gov.br\/semcom\/#website"},"primaryImageOfPage":{"@id":"https:\/\/www.manaus.am.gov.br\/semcom\/recorrer-de-reajuste-tarifario\/#primaryimage"},"image":{"@id":"https:\/\/www.manaus.am.gov.br\/semcom\/recorrer-de-reajuste-tarifario\/#primaryimage"},"thumbnailUrl":"https:\/\/www.manaus.am.gov.br\/semcom\/wp-content\/uploads\/sites\/5\/2026\/02\/Ageman-notifica-concessionaria-Aguas-de-Manaus-por-desabastecimento-de-agua-no-bairro-Dom-Pedro.jpg","datePublished":"2026-02-26T23:53:21+00:00","dateModified":"2026-02-27T02:09:57+00:00","author":{"@id":"https:\/\/www.manaus.am.gov.br\/semcom\/#\/schema\/person\/466a0e03ae4b6062809046bd560ac955"},"description":"A pedido do prefeito de Manaus, David Almeida, a Procuradoria-Geral do Munic\u00edpio (PGM) vai recorrer do reajuste de 5,52% aplicado pela empresa \u00c1guas de Manaus nas tarifas dos servi\u00e7os de abastecimento de \u00e1gua e esgotamento sanit\u00e1rio.","inLanguage":"pt-BR","potentialAction":[{"@type":"ReadAction","target":["https:\/\/www.manaus.am.gov.br\/semcom\/recorrer-de-reajuste-tarifario\/"]}]},{"@type":"ImageObject","inLanguage":"pt-BR","@id":"https:\/\/www.manaus.am.gov.br\/semcom\/recorrer-de-reajuste-tarifario\/#primaryimage","url":"https:\/\/www.manaus.am.gov.br\/semcom\/wp-content\/uploads\/sites\/5\/2026\/02\/Ageman-notifica-concessionaria-Aguas-de-Manaus-por-desabastecimento-de-agua-no-bairro-Dom-Pedro.jpg","contentUrl":"https:\/\/www.manaus.am.gov.br\/semcom\/wp-content\/uploads\/sites\/5\/2026\/02\/Ageman-notifica-concessionaria-Aguas-de-Manaus-por-desabastecimento-de-agua-no-bairro-Dom-Pedro.jpg","width":1024,"height":683,"caption":"#paratodosverem - Imagem da sede da Ageman"},{"@type":"WebSite","@id":"https:\/\/www.manaus.am.gov.br\/semcom\/#website","url":"https:\/\/www.manaus.am.gov.br\/semcom\/","name":"SEMCOM","description":"Secretaria Municipal de Comunica\u00e7\u00e3o","potentialAction":[{"@type":"SearchAction","target":{"@type":"EntryPoint","urlTemplate":"https:\/\/www.manaus.am.gov.br\/semcom\/?s={search_term_string}"},"query-input":"required name=search_term_string"}],"inLanguage":"pt-BR"},{"@type":"Person","@id":"https:\/\/www.manaus.am.gov.br\/semcom\/#\/schema\/person\/466a0e03ae4b6062809046bd560ac955","name":"bvalente","image":{"@type":"ImageObject","inLanguage":"pt-BR","@id":"https:\/\/www.manaus.am.gov.br\/semcom\/#\/schema\/person\/image\/","url":"https:\/\/secure.gravatar.com\/avatar\/3e69bc2b014bdad41adfec3a39de07d2?s=96&d=mm&r=g","contentUrl":"https:\/\/secure.gravatar.com\/avatar\/3e69bc2b014bdad41adfec3a39de07d2?s=96&d=mm&r=g","caption":"bvalente"}}]}},"_links":{"self":[{"href":"https:\/\/www.manaus.am.gov.br\/semcom\/wp-json\/wp\/v2\/posts\/253567"}],"collection":[{"href":"https:\/\/www.manaus.am.gov.br\/semcom\/wp-json\/wp\/v2\/posts"}],"about":[{"href":"https:\/\/www.manaus.am.gov.br\/semcom\/wp-json\/wp\/v2\/types\/post"}],"author":[{"embeddable":true,"href":"https:\/\/www.manaus.am.gov.br\/semcom\/wp-json\/wp\/v2\/users\/68"}],"replies":[{"embeddable":true,"href":"https:\/\/www.manaus.am.gov.br\/semcom\/wp-json\/wp\/v2\/comments?post=253567"}],"version-history":[{"count":1,"href":"https:\/\/www.manaus.am.gov.br\/semcom\/wp-json\/wp\/v2\/posts\/253567\/revisions"}],"predecessor-version":[{"id":253582,"href":"https:\/\/www.manaus.am.gov.br\/semcom\/wp-json\/wp\/v2\/posts\/253567\/revisions\/253582"}],"wp:featuredmedia":[{"embeddable":true,"href":"https:\/\/www.manaus.am.gov.br\/semcom\/wp-json\/wp\/v2\/media\/253568"}],"wp:attachment":[{"href":"https:\/\/www.manaus.am.gov.br\/semcom\/wp-json\/wp\/v2\/media?parent=253567"}],"wp:term":[{"taxonomy":"category","embeddable":true,"href":"https:\/\/www.manaus.am.gov.br\/semcom\/wp-json\/wp\/v2\/categories?post=253567"},{"taxonomy":"post_tag","embeddable":true,"href":"https:\/\/www.manaus.am.gov.br\/semcom\/wp-json\/wp\/v2\/tags?post=253567"}],"curies":[{"name":"wp","href":"https:\/\/api.w.org\/{rel}","templated":true}]}}