{"id":253542,"date":"2026-02-26T16:53:25","date_gmt":"2026-02-26T20:53:25","guid":{"rendered":"https:\/\/www.manaus.am.gov.br\/semcom\/parceria-tce-cursos-servidores-semed\/"},"modified":"2026-02-26T17:54:48","modified_gmt":"2026-02-26T20:54:48","slug":"parceria-tce-cursos-servidores-semed","status":"publish","type":"post","link":"https:\/\/www.manaus.am.gov.br\/semcom\/parceria-tce-cursos-servidores-semed\/","title":{"rendered":"Prefeitura de Manaus fortalece parceria com o TCE-AM e amplia oferta de cursos para servidores da rede municipal de educa\u00e7\u00e3o"},"content":{"rendered":"\n<p>A Prefeitura de Manaus refor\u00e7ou a parceria institucional com o Tribunal de Contas do Estado do Amazonas (TCE-AM) para ampliar a oferta de cursos e treinamentos voltados aos servidores da rede municipal de ensino. O alinhamento, que prev\u00ea a expans\u00e3o da programa\u00e7\u00e3o formativa da Escola de Contas P\u00fablicas (ECP) para profissionais da Secretaria Municipal de Educa\u00e7\u00e3o (Semed), foi consolidado em reuni\u00e3o realizada, nesta quinta-feira, 26\/2, na sede da secretaria, com intermedia\u00e7\u00e3o do N\u00facleo de Parcerias Institucionais (Nupi) e representantes da Corte de Contas.&nbsp;<\/p>\n\n\n\n<p>O projeto piloto iniciou&nbsp;em 2025, e atendeu os educadores da Educa\u00e7\u00e3o Especial, al\u00e9m de alunos da rede, com treinamentos e palestras sobre assuntos relacionados \u00e0 presta\u00e7\u00e3o de contas, licita\u00e7\u00f5es e palestras. A ideia agora \u00e9 ampliar ainda&nbsp;mais&nbsp;essas tem\u00e1ticas para os servidores em geral, na sede do tribunal.&nbsp;<\/p>\n\n\n\n<p>Para o subsecret\u00e1rio de Gest\u00e3o Educacional da&nbsp;Semed,&nbsp;Arone&nbsp;Bentes, a continuidade da parceria com o TCE-AM mostra a preocupa\u00e7\u00e3o da Prefeitura de Manaus&nbsp;em&nbsp;cada vez mais levar conhecimento sobre temas importantes e fundamentais&nbsp;para&nbsp;sociedade&nbsp;e que devem fazer parte da&nbsp;rotina do cidad\u00e3o.&nbsp;<\/p>\n\n\n\n<p>\u201c\u00c9 uma parceria que s\u00f3 traz benef\u00edcios. O Tribunal se aproxima ainda mais da sociedade por meio da Escola de Contas P\u00fablicas, fortalecendo a forma\u00e7\u00e3o dos nossos servidores. Em uma cidade com os desafios de Manaus, esse apoio \u00e9 fundamental para avan\u00e7armos na qualidade da educa\u00e7\u00e3o, na gest\u00e3o p\u00fablica e em temas essenciais ao desenvolvimento dos nossos alunos. \u00c9 uma uni\u00e3o que s\u00f3 tende a crescer\u201d, comentou&nbsp;Arone.&nbsp;<\/p>\n\n\n\n<p>O diretor-geral da Escola de Contas P\u00fablicas (ECP) do TCE, Alexandre Rivas, disse que todo esse trabalho iniciou&nbsp;em 2025&nbsp;com uma conversa, que depois se concretizou com cursos e treinamentos, mas que agora ter\u00e1 uma amplitude muito maior para benef\u00edcio de todos.&nbsp;<\/p>\n\n\n\n<p>\u201cDesde o ano passado, come\u00e7amos a estreitar essa rela\u00e7\u00e3o, com a oferta de cursos e treinamentos. Agora, estamos aqui para ratificar a parceria e ampliar ainda mais as a\u00e7\u00f5es, fortalecendo essa intera\u00e7\u00e3o. O objetivo para 2026 e 2027 \u00e9 expandir esse trabalho, potencializando o benef\u00edcio social que o tribunal oferece\u201d, disse o diretor.&nbsp;<\/p>\n\n\n\n<p>O representante do TCE-ECP confirmou a abertura oficial das atividades com a palestra do ministro do Superior Tribunal de Justi\u00e7a e corregedor do Conselho Nacional de Justi\u00e7a, Mauro Campbell. O evento ser\u00e1 realizado na pr\u00f3xima ter\u00e7a-feira, 3\/3, \u00e0s 9h, na sede do TCE-AM, localizada na avenida\u00a0Ephig\u00eanio\u00a0Salles, n\u00ba 1.155, bairro Aleixo, zona Centro-Sul.<\/p>\n\n\n\n<figure class=\"wp-block-image size-large\"><img loading=\"lazy\" decoding=\"async\" width=\"1024\" height=\"682\" src=\"https:\/\/www.manaus.am.gov.br\/semcom\/wp-content\/uploads\/sites\/5\/2026\/02\/Parceria-2-1024x682.jpeg\" alt=\"\" class=\"wp-image-253543\" srcset=\"https:\/\/www.manaus.am.gov.br\/semcom\/wp-content\/uploads\/sites\/5\/2026\/02\/Parceria-2-1024x682.jpeg 1024w, https:\/\/www.manaus.am.gov.br\/semcom\/wp-content\/uploads\/sites\/5\/2026\/02\/Parceria-2-300x200.jpeg 300w, https:\/\/www.manaus.am.gov.br\/semcom\/wp-content\/uploads\/sites\/5\/2026\/02\/Parceria-2-768x512.jpeg 768w, https:\/\/www.manaus.am.gov.br\/semcom\/wp-content\/uploads\/sites\/5\/2026\/02\/Parceria-2-1536x1024.jpeg 1536w, https:\/\/www.manaus.am.gov.br\/semcom\/wp-content\/uploads\/sites\/5\/2026\/02\/Parceria-2-2048x1365.jpeg 2048w\" sizes=\"(max-width: 1024px) 100vw, 1024px\" \/><figcaption class=\"wp-element-caption\">#paratodosverem &#8211; Encontro da prefeitura com TCE-AM<\/figcaption><\/figure>\n\n\n\n<p>&#8212; &#8212; &#8212;&nbsp;<\/p>\n\n\n\n<p><strong>Texto&nbsp;<\/strong>&#8211; Paulo Rog\u00e9rio Veiga\/Semed&nbsp;<\/p>\n\n\n\n<p><strong>Fotos<\/strong> &#8211;&nbsp;Ulisson&nbsp;Santos\/Semed&nbsp;<\/p>\n","protected":false},"excerpt":{"rendered":"","protected":false},"author":39,"featured_media":253545,"comment_status":"closed","ping_status":"closed","sticky":false,"template":"","format":"standard","meta":{"footnotes":""},"categories":[1657],"tags":[19532,19533,77,62,650],"acf":[],"yoast_head":"<!-- This site is optimized with the Yoast SEO plugin v23.0 - https:\/\/yoast.com\/wordpress\/plugins\/seo\/ -->\n<title>Prefeitura fortalece parceria com o TCE-AM e amplia oferta de cursos para servidores da rede municipal de educa\u00e7\u00e3o<\/title>\n<meta name=\"description\" content=\"Prefeitura de Manaus fortalece parceria com o TCE-AM e amplia oferta de cursos para servidores da rede municipal de educa\u00e7\u00e3o.\" \/>\n<meta name=\"robots\" content=\"index, follow, max-snippet:-1, max-image-preview:large, max-video-preview:-1\" \/>\n<link rel=\"canonical\" href=\"https:\/\/www.manaus.am.gov.br\/semcom\/parceria-tce-cursos-servidores-semed\/\" \/>\n<meta property=\"og:locale\" content=\"pt_BR\" \/>\n<meta property=\"og:type\" content=\"article\" \/>\n<meta property=\"og:title\" content=\"Prefeitura fortalece parceria com o TCE-AM e amplia oferta de cursos para servidores da rede municipal de educa\u00e7\u00e3o\" \/>\n<meta property=\"og:description\" content=\"Prefeitura de Manaus fortalece parceria com o TCE-AM e amplia oferta de cursos para servidores da rede municipal de educa\u00e7\u00e3o.\" \/>\n<meta property=\"og:url\" content=\"https:\/\/www.manaus.am.gov.br\/semcom\/parceria-tce-cursos-servidores-semed\/\" \/>\n<meta property=\"og:site_name\" content=\"SEMCOM\" \/>\n<meta property=\"article:published_time\" content=\"2026-02-26T20:53:25+00:00\" \/>\n<meta property=\"article:modified_time\" content=\"2026-02-26T20:54:48+00:00\" \/>\n<meta property=\"og:image\" content=\"https:\/\/www.manaus.am.gov.br\/semcom\/wp-content\/uploads\/sites\/5\/2026\/02\/Parceria-1.jpeg\" \/>\n\t<meta property=\"og:image:width\" content=\"2560\" \/>\n\t<meta property=\"og:image:height\" content=\"1706\" \/>\n\t<meta property=\"og:image:type\" content=\"image\/jpeg\" \/>\n<meta name=\"author\" content=\"Bruna Greco\" \/>\n<meta name=\"twitter:card\" content=\"summary_large_image\" \/>\n<meta name=\"twitter:label1\" content=\"Written by\" \/>\n\t<meta name=\"twitter:data1\" content=\"Bruna Greco\" \/>\n\t<meta name=\"twitter:label2\" content=\"Est. reading time\" \/>\n\t<meta name=\"twitter:data2\" content=\"3 minutos\" \/>\n<script type=\"application\/ld+json\" class=\"yoast-schema-graph\">{\"@context\":\"https:\/\/schema.org\",\"@graph\":[{\"@type\":\"WebPage\",\"@id\":\"https:\/\/www.manaus.am.gov.br\/semcom\/parceria-tce-cursos-servidores-semed\/\",\"url\":\"https:\/\/www.manaus.am.gov.br\/semcom\/parceria-tce-cursos-servidores-semed\/\",\"name\":\"Prefeitura fortalece parceria com o TCE-AM e amplia oferta de cursos para servidores da rede municipal de educa\u00e7\u00e3o\",\"isPartOf\":{\"@id\":\"https:\/\/www.manaus.am.gov.br\/semcom\/#website\"},\"primaryImageOfPage\":{\"@id\":\"https:\/\/www.manaus.am.gov.br\/semcom\/parceria-tce-cursos-servidores-semed\/#primaryimage\"},\"image\":{\"@id\":\"https:\/\/www.manaus.am.gov.br\/semcom\/parceria-tce-cursos-servidores-semed\/#primaryimage\"},\"thumbnailUrl\":\"https:\/\/www.manaus.am.gov.br\/semcom\/wp-content\/uploads\/sites\/5\/2026\/02\/Parceria-1.jpeg\",\"datePublished\":\"2026-02-26T20:53:25+00:00\",\"dateModified\":\"2026-02-26T20:54:48+00:00\",\"author\":{\"@id\":\"https:\/\/www.manaus.am.gov.br\/semcom\/#\/schema\/person\/05d223aea2bf115f9883a6ff3683d81b\"},\"description\":\"Prefeitura de Manaus fortalece parceria com o TCE-AM e amplia oferta de cursos para servidores da rede municipal de educa\u00e7\u00e3o.\",\"inLanguage\":\"pt-BR\",\"potentialAction\":[{\"@type\":\"ReadAction\",\"target\":[\"https:\/\/www.manaus.am.gov.br\/semcom\/parceria-tce-cursos-servidores-semed\/\"]}]},{\"@type\":\"ImageObject\",\"inLanguage\":\"pt-BR\",\"@id\":\"https:\/\/www.manaus.am.gov.br\/semcom\/parceria-tce-cursos-servidores-semed\/#primaryimage\",\"url\":\"https:\/\/www.manaus.am.gov.br\/semcom\/wp-content\/uploads\/sites\/5\/2026\/02\/Parceria-1.jpeg\",\"contentUrl\":\"https:\/\/www.manaus.am.gov.br\/semcom\/wp-content\/uploads\/sites\/5\/2026\/02\/Parceria-1.jpeg\",\"width\":2560,\"height\":1706,\"caption\":\"#paratodosverem - Representantes da Semed e do TCE-AM durante reuni\u00e3o de alinhamento para a oferta de cursos voltados aos servidores da Semed\"},{\"@type\":\"WebSite\",\"@id\":\"https:\/\/www.manaus.am.gov.br\/semcom\/#website\",\"url\":\"https:\/\/www.manaus.am.gov.br\/semcom\/\",\"name\":\"SEMCOM\",\"description\":\"Secretaria Municipal de Comunica\u00e7\u00e3o\",\"potentialAction\":[{\"@type\":\"SearchAction\",\"target\":{\"@type\":\"EntryPoint\",\"urlTemplate\":\"https:\/\/www.manaus.am.gov.br\/semcom\/?s={search_term_string}\"},\"query-input\":\"required name=search_term_string\"}],\"inLanguage\":\"pt-BR\"},{\"@type\":\"Person\",\"@id\":\"https:\/\/www.manaus.am.gov.br\/semcom\/#\/schema\/person\/05d223aea2bf115f9883a6ff3683d81b\",\"name\":\"Bruna Greco\",\"image\":{\"@type\":\"ImageObject\",\"inLanguage\":\"pt-BR\",\"@id\":\"https:\/\/www.manaus.am.gov.br\/semcom\/#\/schema\/person\/image\/\",\"url\":\"https:\/\/secure.gravatar.com\/avatar\/9c877d1a6adc2a055330e5c09a8653ce?s=96&d=mm&r=g\",\"contentUrl\":\"https:\/\/secure.gravatar.com\/avatar\/9c877d1a6adc2a055330e5c09a8653ce?s=96&d=mm&r=g\",\"caption\":\"Bruna Greco\"}}]}<\/script>\n<!-- \/ Yoast SEO plugin. -->","yoast_head_json":{"title":"Prefeitura fortalece parceria com o TCE-AM e amplia oferta de cursos para servidores da rede municipal de educa\u00e7\u00e3o","description":"Prefeitura de Manaus fortalece parceria com o TCE-AM e amplia oferta de cursos para servidores da rede municipal de educa\u00e7\u00e3o.","robots":{"index":"index","follow":"follow","max-snippet":"max-snippet:-1","max-image-preview":"max-image-preview:large","max-video-preview":"max-video-preview:-1"},"canonical":"https:\/\/www.manaus.am.gov.br\/semcom\/parceria-tce-cursos-servidores-semed\/","og_locale":"pt_BR","og_type":"article","og_title":"Prefeitura fortalece parceria com o TCE-AM e amplia oferta de cursos para servidores da rede municipal de educa\u00e7\u00e3o","og_description":"Prefeitura de Manaus fortalece parceria com o TCE-AM e amplia oferta de cursos para servidores da rede municipal de educa\u00e7\u00e3o.","og_url":"https:\/\/www.manaus.am.gov.br\/semcom\/parceria-tce-cursos-servidores-semed\/","og_site_name":"SEMCOM","article_published_time":"2026-02-26T20:53:25+00:00","article_modified_time":"2026-02-26T20:54:48+00:00","og_image":[{"width":2560,"height":1706,"url":"https:\/\/www.manaus.am.gov.br\/semcom\/wp-content\/uploads\/sites\/5\/2026\/02\/Parceria-1.jpeg","type":"image\/jpeg"}],"author":"Bruna Greco","twitter_card":"summary_large_image","twitter_misc":{"Written by":"Bruna Greco","Est. reading time":"3 minutos"},"schema":{"@context":"https:\/\/schema.org","@graph":[{"@type":"WebPage","@id":"https:\/\/www.manaus.am.gov.br\/semcom\/parceria-tce-cursos-servidores-semed\/","url":"https:\/\/www.manaus.am.gov.br\/semcom\/parceria-tce-cursos-servidores-semed\/","name":"Prefeitura fortalece parceria com o TCE-AM e amplia oferta de cursos para servidores da rede municipal de educa\u00e7\u00e3o","isPartOf":{"@id":"https:\/\/www.manaus.am.gov.br\/semcom\/#website"},"primaryImageOfPage":{"@id":"https:\/\/www.manaus.am.gov.br\/semcom\/parceria-tce-cursos-servidores-semed\/#primaryimage"},"image":{"@id":"https:\/\/www.manaus.am.gov.br\/semcom\/parceria-tce-cursos-servidores-semed\/#primaryimage"},"thumbnailUrl":"https:\/\/www.manaus.am.gov.br\/semcom\/wp-content\/uploads\/sites\/5\/2026\/02\/Parceria-1.jpeg","datePublished":"2026-02-26T20:53:25+00:00","dateModified":"2026-02-26T20:54:48+00:00","author":{"@id":"https:\/\/www.manaus.am.gov.br\/semcom\/#\/schema\/person\/05d223aea2bf115f9883a6ff3683d81b"},"description":"Prefeitura de Manaus fortalece parceria com o TCE-AM e amplia oferta de cursos para servidores da rede municipal de educa\u00e7\u00e3o.","inLanguage":"pt-BR","potentialAction":[{"@type":"ReadAction","target":["https:\/\/www.manaus.am.gov.br\/semcom\/parceria-tce-cursos-servidores-semed\/"]}]},{"@type":"ImageObject","inLanguage":"pt-BR","@id":"https:\/\/www.manaus.am.gov.br\/semcom\/parceria-tce-cursos-servidores-semed\/#primaryimage","url":"https:\/\/www.manaus.am.gov.br\/semcom\/wp-content\/uploads\/sites\/5\/2026\/02\/Parceria-1.jpeg","contentUrl":"https:\/\/www.manaus.am.gov.br\/semcom\/wp-content\/uploads\/sites\/5\/2026\/02\/Parceria-1.jpeg","width":2560,"height":1706,"caption":"#paratodosverem - Representantes da Semed e do TCE-AM durante reuni\u00e3o de alinhamento para a oferta de cursos voltados aos servidores da Semed"},{"@type":"WebSite","@id":"https:\/\/www.manaus.am.gov.br\/semcom\/#website","url":"https:\/\/www.manaus.am.gov.br\/semcom\/","name":"SEMCOM","description":"Secretaria Municipal de Comunica\u00e7\u00e3o","potentialAction":[{"@type":"SearchAction","target":{"@type":"EntryPoint","urlTemplate":"https:\/\/www.manaus.am.gov.br\/semcom\/?s={search_term_string}"},"query-input":"required name=search_term_string"}],"inLanguage":"pt-BR"},{"@type":"Person","@id":"https:\/\/www.manaus.am.gov.br\/semcom\/#\/schema\/person\/05d223aea2bf115f9883a6ff3683d81b","name":"Bruna Greco","image":{"@type":"ImageObject","inLanguage":"pt-BR","@id":"https:\/\/www.manaus.am.gov.br\/semcom\/#\/schema\/person\/image\/","url":"https:\/\/secure.gravatar.com\/avatar\/9c877d1a6adc2a055330e5c09a8653ce?s=96&d=mm&r=g","contentUrl":"https:\/\/secure.gravatar.com\/avatar\/9c877d1a6adc2a055330e5c09a8653ce?s=96&d=mm&r=g","caption":"Bruna Greco"}}]}},"_links":{"self":[{"href":"https:\/\/www.manaus.am.gov.br\/semcom\/wp-json\/wp\/v2\/posts\/253542"}],"collection":[{"href":"https:\/\/www.manaus.am.gov.br\/semcom\/wp-json\/wp\/v2\/posts"}],"about":[{"href":"https:\/\/www.manaus.am.gov.br\/semcom\/wp-json\/wp\/v2\/types\/post"}],"author":[{"embeddable":true,"href":"https:\/\/www.manaus.am.gov.br\/semcom\/wp-json\/wp\/v2\/users\/39"}],"replies":[{"embeddable":true,"href":"https:\/\/www.manaus.am.gov.br\/semcom\/wp-json\/wp\/v2\/comments?post=253542"}],"version-history":[{"count":3,"href":"https:\/\/www.manaus.am.gov.br\/semcom\/wp-json\/wp\/v2\/posts\/253542\/revisions"}],"predecessor-version":[{"id":253548,"href":"https:\/\/www.manaus.am.gov.br\/semcom\/wp-json\/wp\/v2\/posts\/253542\/revisions\/253548"}],"wp:featuredmedia":[{"embeddable":true,"href":"https:\/\/www.manaus.am.gov.br\/semcom\/wp-json\/wp\/v2\/media\/253545"}],"wp:attachment":[{"href":"https:\/\/www.manaus.am.gov.br\/semcom\/wp-json\/wp\/v2\/media?parent=253542"}],"wp:term":[{"taxonomy":"category","embeddable":true,"href":"https:\/\/www.manaus.am.gov.br\/semcom\/wp-json\/wp\/v2\/categories?post=253542"},{"taxonomy":"post_tag","embeddable":true,"href":"https:\/\/www.manaus.am.gov.br\/semcom\/wp-json\/wp\/v2\/tags?post=253542"}],"curies":[{"name":"wp","href":"https:\/\/api.w.org\/{rel}","templated":true}]}}