{"id":253437,"date":"2026-02-25T13:48:37","date_gmt":"2026-02-25T16:48:37","guid":{"rendered":"https:\/\/www.manaus.am.gov.br\/semcom\/prefeitura-concultura-livramento\/"},"modified":"2026-02-25T14:00:16","modified_gmt":"2026-02-25T17:00:16","slug":"prefeitura-concultura-livramento","status":"publish","type":"post","link":"https:\/\/www.manaus.am.gov.br\/semcom\/prefeitura-concultura-livramento\/","title":{"rendered":"Prefeitura realiza \u2018Concultura nos Bairros\u2019 na comunidade Nossa Senhora do Livramento"},"content":{"rendered":"\n<p>A comunidade Nossa Senhora do Livramento, situada \u00e0s margens do rio Tarum\u00e3-Mirim, na regi\u00e3o metropolitana de Manaus, recebeu, na ter\u00e7a-feira, 24\/2, a 6\u00aa edi\u00e7\u00e3o do projeto \u201cConcultura nos Bairros\u201d, uma iniciativa da <a href=\"https:\/\/www.manaus.am.gov.br\/\">Prefeitura de Manaus<\/a>, por meio <a href=\"https:\/\/www.instagram.com\/conculturamao\/\">Conselho Municipal de Cultura<\/a> (Concultura). A a\u00e7\u00e3o \u00e9 voltada para democratizar o acesso aos bens culturais e promover uma busca ativa por artistas e agentes comunit\u00e1rios de todas as zonas da cidade.<\/p>\n\n\n\n<p>A iniciativa faz parte do plano de metas da administra\u00e7\u00e3o municipal, que reconhece a import\u00e2ncia da cultura como elemento de transforma\u00e7\u00e3o social. Durante o evento, moradores da comunidade tiveram acesso a informa\u00e7\u00f5es sobre editais, projetos e cadastramento de fazedores de cultura, al\u00e9m de uma roda de conversa com gestores da administra\u00e7\u00e3o municipal, fortalecendo o di\u00e1logo entre o poder p\u00fablico e a popula\u00e7\u00e3o local.<\/p>\n\n\n\n<p>O presidente do Conselho Municipal de Cultura, Tony Medeiros, destacou o compromisso do Concultura em tornar as pol\u00edticas culturais mais acess\u00edveis. \u201cNosso objetivo \u00e9 que todos possam participar dos editais, de maneira que mais pessoas possam ser contempladas e realizem seus projetos. \u2018Pontos de Cultura\u2019 tamb\u00e9m \u00e9 uma possibilidade que estamos apresentando nas a\u00e7\u00f5es nos bairros e comunidades, porque sempre h\u00e1 um espa\u00e7o ou um grupo s\u00f3 esperando essa oportunidade\u201d, afirmou Tony Medeiros, refor\u00e7ando que o acesso \u00e0s pol\u00edticas culturais \u00e9 um direito de todos.<\/p>\n\n\n\n<p>Para facilitar esse acesso, o Concultura simplificou as informa\u00e7\u00f5es durante as abordagens nos bairros, tornando-as mais claras para todos os p\u00fablicos. A iniciativa busca incentivar a participa\u00e7\u00e3o comunit\u00e1ria e revelar talentos que, muitas vezes, permanecem invis\u00edveis por falta de oportunidades ou conhecimento sobre os mecanismos de incentivo existentes.<\/p>\n\n\n\n<p>\u201c\u00c9 uma oportunidade que ainda n\u00e3o havia chegado aqui. Estamos muito agradecidos pela aten\u00e7\u00e3o da equipe do Concultura, da prefeitura\u201d, disse<\/p>\n\n\n\n<p>o cacique Ast\u00e9lio Bar\u00e9, presidente da associa\u00e7\u00e3o dos ind\u00edgenas do Livramento.<\/p>\n\n\n\n<p>A presen\u00e7a do Concultura na comunidade Nossa Senhora do Livramento representa um avan\u00e7o na pol\u00edtica de valoriza\u00e7\u00e3o cultural da Prefeitura de Manaus. Ao aproximar o poder p\u00fablico das comunidades, o projeto estimula a cria\u00e7\u00e3o de novos projetos, fortalece grupos culturais locais e contribui para o desenvolvimento social da regi\u00e3o. Dessa forma, Manaus se consolida como uma cidade que valoriza a diversidade art\u00edstica e reconhece o potencial transformador da cultura em seu territ\u00f3rio.<\/p>\n\n\n\n<p>\u2014\u2013 \u2014\u2013 \u2014-<\/p>\n\n\n\n<p><strong>Texto <\/strong>\u2013 Saleyna Borges \/ Concultura<\/p>\n\n\n\n<p><strong>Fotos <\/strong>\u2013 Cl\u00f3vis Miranda \/ Semcom<\/p>\n\n\n\n<p><strong>Dispon\u00edveis em <\/strong>\u2013 <a href=\"https:\/\/flic.kr\/s\/aHBqjCLrZC\">https:\/\/flic.kr\/s\/aHBqjCLrZC<\/a><\/p>\n","protected":false},"excerpt":{"rendered":"","protected":false},"author":23,"featured_media":253438,"comment_status":"closed","ping_status":"closed","sticky":false,"template":"","format":"standard","meta":{"footnotes":""},"categories":[5],"tags":[4804,695,15789,77],"acf":[],"yoast_head":"<!-- This site is optimized with the Yoast SEO plugin v23.0 - https:\/\/yoast.com\/wordpress\/plugins\/seo\/ -->\n<title>Concultura na comunidade Nossa Senhora do Livramento<\/title>\n<meta name=\"description\" content=\"A comunidade Nossa Senhora do Livramento, situada \u00e0s margens do rio Tarum\u00e3-Mirim, na regi\u00e3o metropolitana de Manaus, recebeu, na ter\u00e7a-feira, 24\/2, a 6\u00aa edi\u00e7\u00e3o do projeto \u201cConcultura nos Bairros\u201d,\" \/>\n<meta name=\"robots\" content=\"index, follow, max-snippet:-1, max-image-preview:large, max-video-preview:-1\" \/>\n<link rel=\"canonical\" href=\"https:\/\/www.manaus.am.gov.br\/semcom\/prefeitura-concultura-livramento\/\" \/>\n<meta property=\"og:locale\" content=\"pt_BR\" \/>\n<meta property=\"og:type\" content=\"article\" \/>\n<meta property=\"og:title\" content=\"Concultura na comunidade Nossa Senhora do Livramento\" \/>\n<meta property=\"og:description\" content=\"A comunidade Nossa Senhora do Livramento, situada \u00e0s margens do rio Tarum\u00e3-Mirim, na regi\u00e3o metropolitana de Manaus, recebeu, na ter\u00e7a-feira, 24\/2, a 6\u00aa edi\u00e7\u00e3o do projeto \u201cConcultura nos Bairros\u201d,\" \/>\n<meta property=\"og:url\" content=\"https:\/\/www.manaus.am.gov.br\/semcom\/prefeitura-concultura-livramento\/\" \/>\n<meta property=\"og:site_name\" content=\"SEMCOM\" \/>\n<meta property=\"article:published_time\" content=\"2026-02-25T16:48:37+00:00\" \/>\n<meta property=\"article:modified_time\" content=\"2026-02-25T17:00:16+00:00\" \/>\n<meta property=\"og:image\" content=\"https:\/\/www.manaus.am.gov.br\/semcom\/wp-content\/uploads\/sites\/5\/2026\/02\/55113133612_f6c5914d16_c.jpg\" \/>\n\t<meta property=\"og:image:width\" content=\"799\" \/>\n\t<meta property=\"og:image:height\" content=\"533\" \/>\n\t<meta property=\"og:image:type\" content=\"image\/jpeg\" \/>\n<meta name=\"author\" content=\"Adriana Costa\" \/>\n<meta name=\"twitter:card\" content=\"summary_large_image\" \/>\n<meta name=\"twitter:label1\" content=\"Written by\" \/>\n\t<meta name=\"twitter:data1\" content=\"Adriana Costa\" \/>\n\t<meta name=\"twitter:label2\" content=\"Est. reading time\" \/>\n\t<meta name=\"twitter:data2\" content=\"3 minutos\" \/>\n<script type=\"application\/ld+json\" class=\"yoast-schema-graph\">{\"@context\":\"https:\/\/schema.org\",\"@graph\":[{\"@type\":\"WebPage\",\"@id\":\"https:\/\/www.manaus.am.gov.br\/semcom\/prefeitura-concultura-livramento\/\",\"url\":\"https:\/\/www.manaus.am.gov.br\/semcom\/prefeitura-concultura-livramento\/\",\"name\":\"Concultura na comunidade Nossa Senhora do Livramento\",\"isPartOf\":{\"@id\":\"https:\/\/www.manaus.am.gov.br\/semcom\/#website\"},\"primaryImageOfPage\":{\"@id\":\"https:\/\/www.manaus.am.gov.br\/semcom\/prefeitura-concultura-livramento\/#primaryimage\"},\"image\":{\"@id\":\"https:\/\/www.manaus.am.gov.br\/semcom\/prefeitura-concultura-livramento\/#primaryimage\"},\"thumbnailUrl\":\"https:\/\/www.manaus.am.gov.br\/semcom\/wp-content\/uploads\/sites\/5\/2026\/02\/55113133612_f6c5914d16_c.jpg\",\"datePublished\":\"2026-02-25T16:48:37+00:00\",\"dateModified\":\"2026-02-25T17:00:16+00:00\",\"author\":{\"@id\":\"https:\/\/www.manaus.am.gov.br\/semcom\/#\/schema\/person\/4e49f4e267757a06ca072ec61b2b9968\"},\"description\":\"A comunidade Nossa Senhora do Livramento, situada \u00e0s margens do rio Tarum\u00e3-Mirim, na regi\u00e3o metropolitana de Manaus, recebeu, na ter\u00e7a-feira, 24\/2, a 6\u00aa edi\u00e7\u00e3o do projeto \u201cConcultura nos Bairros\u201d,\",\"inLanguage\":\"pt-BR\",\"potentialAction\":[{\"@type\":\"ReadAction\",\"target\":[\"https:\/\/www.manaus.am.gov.br\/semcom\/prefeitura-concultura-livramento\/\"]}]},{\"@type\":\"ImageObject\",\"inLanguage\":\"pt-BR\",\"@id\":\"https:\/\/www.manaus.am.gov.br\/semcom\/prefeitura-concultura-livramento\/#primaryimage\",\"url\":\"https:\/\/www.manaus.am.gov.br\/semcom\/wp-content\/uploads\/sites\/5\/2026\/02\/55113133612_f6c5914d16_c.jpg\",\"contentUrl\":\"https:\/\/www.manaus.am.gov.br\/semcom\/wp-content\/uploads\/sites\/5\/2026\/02\/55113133612_f6c5914d16_c.jpg\",\"width\":799,\"height\":533,\"caption\":\"#paratodosverem - Reuni\u00e3o com diretor-presidente do Concultura, Tony Medeiros, e comunidade Nossa Senhora do Livramento sobre pol\u00edticas culturais\"},{\"@type\":\"WebSite\",\"@id\":\"https:\/\/www.manaus.am.gov.br\/semcom\/#website\",\"url\":\"https:\/\/www.manaus.am.gov.br\/semcom\/\",\"name\":\"SEMCOM\",\"description\":\"Secretaria Municipal de Comunica\u00e7\u00e3o\",\"potentialAction\":[{\"@type\":\"SearchAction\",\"target\":{\"@type\":\"EntryPoint\",\"urlTemplate\":\"https:\/\/www.manaus.am.gov.br\/semcom\/?s={search_term_string}\"},\"query-input\":\"required name=search_term_string\"}],\"inLanguage\":\"pt-BR\"},{\"@type\":\"Person\",\"@id\":\"https:\/\/www.manaus.am.gov.br\/semcom\/#\/schema\/person\/4e49f4e267757a06ca072ec61b2b9968\",\"name\":\"Adriana Costa\",\"image\":{\"@type\":\"ImageObject\",\"inLanguage\":\"pt-BR\",\"@id\":\"https:\/\/www.manaus.am.gov.br\/semcom\/#\/schema\/person\/image\/\",\"url\":\"https:\/\/secure.gravatar.com\/avatar\/576258617ef7194f718179e766d57bd4?s=96&d=mm&r=g\",\"contentUrl\":\"https:\/\/secure.gravatar.com\/avatar\/576258617ef7194f718179e766d57bd4?s=96&d=mm&r=g\",\"caption\":\"Adriana Costa\"}}]}<\/script>\n<!-- \/ Yoast SEO plugin. -->","yoast_head_json":{"title":"Concultura na comunidade Nossa Senhora do Livramento","description":"A comunidade Nossa Senhora do Livramento, situada \u00e0s margens do rio Tarum\u00e3-Mirim, na regi\u00e3o metropolitana de Manaus, recebeu, na ter\u00e7a-feira, 24\/2, a 6\u00aa edi\u00e7\u00e3o do projeto \u201cConcultura nos Bairros\u201d,","robots":{"index":"index","follow":"follow","max-snippet":"max-snippet:-1","max-image-preview":"max-image-preview:large","max-video-preview":"max-video-preview:-1"},"canonical":"https:\/\/www.manaus.am.gov.br\/semcom\/prefeitura-concultura-livramento\/","og_locale":"pt_BR","og_type":"article","og_title":"Concultura na comunidade Nossa Senhora do Livramento","og_description":"A comunidade Nossa Senhora do Livramento, situada \u00e0s margens do rio Tarum\u00e3-Mirim, na regi\u00e3o metropolitana de Manaus, recebeu, na ter\u00e7a-feira, 24\/2, a 6\u00aa edi\u00e7\u00e3o do projeto \u201cConcultura nos Bairros\u201d,","og_url":"https:\/\/www.manaus.am.gov.br\/semcom\/prefeitura-concultura-livramento\/","og_site_name":"SEMCOM","article_published_time":"2026-02-25T16:48:37+00:00","article_modified_time":"2026-02-25T17:00:16+00:00","og_image":[{"width":799,"height":533,"url":"https:\/\/www.manaus.am.gov.br\/semcom\/wp-content\/uploads\/sites\/5\/2026\/02\/55113133612_f6c5914d16_c.jpg","type":"image\/jpeg"}],"author":"Adriana Costa","twitter_card":"summary_large_image","twitter_misc":{"Written by":"Adriana Costa","Est. reading time":"3 minutos"},"schema":{"@context":"https:\/\/schema.org","@graph":[{"@type":"WebPage","@id":"https:\/\/www.manaus.am.gov.br\/semcom\/prefeitura-concultura-livramento\/","url":"https:\/\/www.manaus.am.gov.br\/semcom\/prefeitura-concultura-livramento\/","name":"Concultura na comunidade Nossa Senhora do Livramento","isPartOf":{"@id":"https:\/\/www.manaus.am.gov.br\/semcom\/#website"},"primaryImageOfPage":{"@id":"https:\/\/www.manaus.am.gov.br\/semcom\/prefeitura-concultura-livramento\/#primaryimage"},"image":{"@id":"https:\/\/www.manaus.am.gov.br\/semcom\/prefeitura-concultura-livramento\/#primaryimage"},"thumbnailUrl":"https:\/\/www.manaus.am.gov.br\/semcom\/wp-content\/uploads\/sites\/5\/2026\/02\/55113133612_f6c5914d16_c.jpg","datePublished":"2026-02-25T16:48:37+00:00","dateModified":"2026-02-25T17:00:16+00:00","author":{"@id":"https:\/\/www.manaus.am.gov.br\/semcom\/#\/schema\/person\/4e49f4e267757a06ca072ec61b2b9968"},"description":"A comunidade Nossa Senhora do Livramento, situada \u00e0s margens do rio Tarum\u00e3-Mirim, na regi\u00e3o metropolitana de Manaus, recebeu, na ter\u00e7a-feira, 24\/2, a 6\u00aa edi\u00e7\u00e3o do projeto \u201cConcultura nos Bairros\u201d,","inLanguage":"pt-BR","potentialAction":[{"@type":"ReadAction","target":["https:\/\/www.manaus.am.gov.br\/semcom\/prefeitura-concultura-livramento\/"]}]},{"@type":"ImageObject","inLanguage":"pt-BR","@id":"https:\/\/www.manaus.am.gov.br\/semcom\/prefeitura-concultura-livramento\/#primaryimage","url":"https:\/\/www.manaus.am.gov.br\/semcom\/wp-content\/uploads\/sites\/5\/2026\/02\/55113133612_f6c5914d16_c.jpg","contentUrl":"https:\/\/www.manaus.am.gov.br\/semcom\/wp-content\/uploads\/sites\/5\/2026\/02\/55113133612_f6c5914d16_c.jpg","width":799,"height":533,"caption":"#paratodosverem - Reuni\u00e3o com diretor-presidente do Concultura, Tony Medeiros, e comunidade Nossa Senhora do Livramento sobre pol\u00edticas culturais"},{"@type":"WebSite","@id":"https:\/\/www.manaus.am.gov.br\/semcom\/#website","url":"https:\/\/www.manaus.am.gov.br\/semcom\/","name":"SEMCOM","description":"Secretaria Municipal de Comunica\u00e7\u00e3o","potentialAction":[{"@type":"SearchAction","target":{"@type":"EntryPoint","urlTemplate":"https:\/\/www.manaus.am.gov.br\/semcom\/?s={search_term_string}"},"query-input":"required name=search_term_string"}],"inLanguage":"pt-BR"},{"@type":"Person","@id":"https:\/\/www.manaus.am.gov.br\/semcom\/#\/schema\/person\/4e49f4e267757a06ca072ec61b2b9968","name":"Adriana Costa","image":{"@type":"ImageObject","inLanguage":"pt-BR","@id":"https:\/\/www.manaus.am.gov.br\/semcom\/#\/schema\/person\/image\/","url":"https:\/\/secure.gravatar.com\/avatar\/576258617ef7194f718179e766d57bd4?s=96&d=mm&r=g","contentUrl":"https:\/\/secure.gravatar.com\/avatar\/576258617ef7194f718179e766d57bd4?s=96&d=mm&r=g","caption":"Adriana Costa"}}]}},"_links":{"self":[{"href":"https:\/\/www.manaus.am.gov.br\/semcom\/wp-json\/wp\/v2\/posts\/253437"}],"collection":[{"href":"https:\/\/www.manaus.am.gov.br\/semcom\/wp-json\/wp\/v2\/posts"}],"about":[{"href":"https:\/\/www.manaus.am.gov.br\/semcom\/wp-json\/wp\/v2\/types\/post"}],"author":[{"embeddable":true,"href":"https:\/\/www.manaus.am.gov.br\/semcom\/wp-json\/wp\/v2\/users\/23"}],"replies":[{"embeddable":true,"href":"https:\/\/www.manaus.am.gov.br\/semcom\/wp-json\/wp\/v2\/comments?post=253437"}],"version-history":[{"count":1,"href":"https:\/\/www.manaus.am.gov.br\/semcom\/wp-json\/wp\/v2\/posts\/253437\/revisions"}],"predecessor-version":[{"id":253439,"href":"https:\/\/www.manaus.am.gov.br\/semcom\/wp-json\/wp\/v2\/posts\/253437\/revisions\/253439"}],"wp:featuredmedia":[{"embeddable":true,"href":"https:\/\/www.manaus.am.gov.br\/semcom\/wp-json\/wp\/v2\/media\/253438"}],"wp:attachment":[{"href":"https:\/\/www.manaus.am.gov.br\/semcom\/wp-json\/wp\/v2\/media?parent=253437"}],"wp:term":[{"taxonomy":"category","embeddable":true,"href":"https:\/\/www.manaus.am.gov.br\/semcom\/wp-json\/wp\/v2\/categories?post=253437"},{"taxonomy":"post_tag","embeddable":true,"href":"https:\/\/www.manaus.am.gov.br\/semcom\/wp-json\/wp\/v2\/tags?post=253437"}],"curies":[{"name":"wp","href":"https:\/\/api.w.org\/{rel}","templated":true}]}}