{"id":253390,"date":"2026-02-24T17:09:15","date_gmt":"2026-02-24T21:09:15","guid":{"rendered":"https:\/\/www.manaus.am.gov.br\/semcom\/demolicao-construcao-irregular-sao-jose\/"},"modified":"2026-02-25T11:05:35","modified_gmt":"2026-02-25T14:05:35","slug":"demolicao-construcao-irregular-sao-jose","status":"publish","type":"post","link":"https:\/\/www.manaus.am.gov.br\/semcom\/demolicao-construcao-irregular-sao-jose\/","title":{"rendered":"Em menos de um m\u00eas, Prefeitura de Manaus realiza segunda demoli\u00e7\u00e3o em constru\u00e7\u00e3o irregular no S\u00e3o Jos\u00e9"},"content":{"rendered":"\n<p>Vinte e seis dias depois de uma demoli\u00e7\u00e3o administrativa realizada na rua Rio Curiau, no bairro S\u00e3o Jos\u00e9 Oper\u00e1rio, na zona Leste, a<a href=\"https:\/\/www.instagram.com\/prefeiturademanaus\/\">\u00a0Prefeitura de Manaus<\/a>, por meio do Instituto Municipal de Planejamento Urbano<a href=\"https:\/\/www.manaus.am.gov.br\/\"> (Implurb),<\/a> precisou retornar ao local e fazer uma nova a\u00e7\u00e3o, diante do total descumprimento do ocupante, insistindo na irregularidade, construindo em desacordo com o Plano Diretor da cidade.<\/p>\n\n\n\n<p>Ap\u00f3s nova den\u00fancia feita \u00e0 autarquia, equipe fiscal constatou a constru\u00e7\u00e3o, no mesmo local, de uma estrutura coberta, que foi alvo de demoli\u00e7\u00e3o nesta ter\u00e7a-feira, 24\/2, com apoio das secretarias municipais de Limpeza Urbana (Semulsp), de Seguran\u00e7a P\u00fablica e Defesa Social (Semseg) e de Infraestrutura (Seminf), da Guarda Municipal, al\u00e9m do Instituto Municipal de Mobilidade Urbana (IMMU) e da Patrulha de Atendimento Ambiental (Patam) da Pol\u00edcia Militar do Amazonas (PMAM).<\/p>\n\n\n\n<p>No entorno da rua Rio Curiau, os acessos nas vias locais t\u00eam passeio cont\u00ednuo, para evitar que os ve\u00edculos passem, sendo somente passagem de pedestres. A obra foi erguida em cima do logradouro p\u00fablico, n\u00e3o sendo pass\u00edvel de qualquer regulariza\u00e7\u00e3o.<\/p>\n\n\n\n<p>A prefeitura refor\u00e7a que tais locais n\u00e3o permitem regulariza\u00e7\u00e3o de qualquer tipo de mobili\u00e1rio no local e que a fun\u00e7\u00e3o da \u00e1rea \u00e9 p\u00fablica, devendo o espa\u00e7o ser conservado para garantir o direito de ir e vir da popula\u00e7\u00e3o.<\/p>\n\n\n\n<p>Para o vice-presidente do Implurb, Antonio Peixoto, n\u00e3o \u00e9 poss\u00edvel ocupar logradouros p\u00fablicos de forma a impedir o acesso ao espa\u00e7o, que acaba se tornando privado.&nbsp;&#8220;Antes&nbsp;de&nbsp;construir&nbsp;em qualquer \u00e1rea da cidade \u00e9 preciso ter a documenta\u00e7\u00e3o do im\u00f3vel, a posse de um t\u00edtulo, e buscar a prefeitura, por meio do&nbsp;Implurb, para regulariza\u00e7\u00e3o da obra e garantia de seguran\u00e7a&#8221;, destacou.<\/p>\n\n\n\n<p><strong>Instrumento legal<\/strong><\/p>\n\n\n\n<p>A&nbsp;demoli\u00e7\u00e3o&nbsp;administrativa \u00e9 prevista no artigo 40, parcial ou total, de obra ou edifica\u00e7\u00e3o, quando a constru\u00e7\u00e3o apresentar incompatibilidade com a legisla\u00e7\u00e3o vigente que n\u00e3o admita regulariza\u00e7\u00e3o; risco para a seguran\u00e7a p\u00fablica que, no caso de sua imin\u00eancia, implicar\u00e1 o seu cumprimento imediato; obra ou edifica\u00e7\u00e3o executada em \u00e1rea ou logradouro p\u00fablico.<\/p>\n\n\n\n<figure class=\"wp-block-image size-large\"><img loading=\"lazy\" decoding=\"async\" width=\"1024\" height=\"768\" src=\"https:\/\/www.manaus.am.gov.br\/semcom\/wp-content\/uploads\/sites\/5\/2026\/02\/Demolicao-5-1024x768.jpeg\" alt=\"\" class=\"wp-image-253392\" srcset=\"https:\/\/www.manaus.am.gov.br\/semcom\/wp-content\/uploads\/sites\/5\/2026\/02\/Demolicao-5-1024x768.jpeg 1024w, https:\/\/www.manaus.am.gov.br\/semcom\/wp-content\/uploads\/sites\/5\/2026\/02\/Demolicao-5-300x225.jpeg 300w, https:\/\/www.manaus.am.gov.br\/semcom\/wp-content\/uploads\/sites\/5\/2026\/02\/Demolicao-5-768x576.jpeg 768w, https:\/\/www.manaus.am.gov.br\/semcom\/wp-content\/uploads\/sites\/5\/2026\/02\/Demolicao-5-1536x1152.jpeg 1536w, https:\/\/www.manaus.am.gov.br\/semcom\/wp-content\/uploads\/sites\/5\/2026\/02\/Demolicao-5.jpeg 1600w\" sizes=\"(max-width: 1024px) 100vw, 1024px\" \/><figcaption class=\"wp-element-caption\">#paratodosverem &#8211; Estrutura irregular demolida<\/figcaption><\/figure>\n\n\n\n<p><strong>&#8212; &#8212; &#8212;<\/strong><\/p>\n\n\n\n<p><strong>Texto&nbsp;<\/strong>\u2013&nbsp;Claudia do Valle\/Implurb<\/p>\n\n\n\n<p><strong>Fotos \u2013 <\/strong>Divulga\u00e7\u00e3o\/Implurb<\/p>\n","protected":false},"excerpt":{"rendered":"","protected":false},"author":39,"featured_media":253391,"comment_status":"closed","ping_status":"closed","sticky":false,"template":"","format":"standard","meta":{"footnotes":""},"categories":[5701],"tags":[128,3863,65,19494,77,19495],"acf":[],"yoast_head":"<!-- This site is optimized with the Yoast SEO plugin v23.0 - https:\/\/yoast.com\/wordpress\/plugins\/seo\/ -->\n<title>Segunda demoli\u00e7\u00e3o em constru\u00e7\u00e3o irregular no S\u00e3o Jos\u00e9<\/title>\n<meta name=\"description\" content=\"Em menos de um m\u00eas, Prefeitura de Manaus realiza segunda demoli\u00e7\u00e3o em constru\u00e7\u00e3o irregular no S\u00e3o Jos\u00e9 Oper\u00e1rio.\" \/>\n<meta name=\"robots\" content=\"index, follow, max-snippet:-1, max-image-preview:large, max-video-preview:-1\" \/>\n<link rel=\"canonical\" href=\"https:\/\/www.manaus.am.gov.br\/semcom\/demolicao-construcao-irregular-sao-jose\/\" \/>\n<meta property=\"og:locale\" content=\"pt_BR\" \/>\n<meta property=\"og:type\" content=\"article\" \/>\n<meta property=\"og:title\" content=\"Segunda demoli\u00e7\u00e3o em constru\u00e7\u00e3o irregular no S\u00e3o Jos\u00e9\" \/>\n<meta property=\"og:description\" content=\"Em menos de um m\u00eas, Prefeitura de Manaus realiza segunda demoli\u00e7\u00e3o em constru\u00e7\u00e3o irregular no S\u00e3o Jos\u00e9 Oper\u00e1rio.\" \/>\n<meta property=\"og:url\" content=\"https:\/\/www.manaus.am.gov.br\/semcom\/demolicao-construcao-irregular-sao-jose\/\" \/>\n<meta property=\"og:site_name\" content=\"SEMCOM\" \/>\n<meta property=\"article:published_time\" content=\"2026-02-24T21:09:15+00:00\" \/>\n<meta property=\"article:modified_time\" content=\"2026-02-25T14:05:35+00:00\" \/>\n<meta property=\"og:image\" content=\"https:\/\/www.manaus.am.gov.br\/semcom\/wp-content\/uploads\/sites\/5\/2026\/02\/Demolicao-1.jpeg\" \/>\n\t<meta property=\"og:image:width\" content=\"1600\" \/>\n\t<meta property=\"og:image:height\" content=\"1200\" \/>\n\t<meta property=\"og:image:type\" content=\"image\/jpeg\" \/>\n<meta name=\"author\" content=\"Bruna Greco\" \/>\n<meta name=\"twitter:card\" content=\"summary_large_image\" \/>\n<meta name=\"twitter:label1\" content=\"Written by\" \/>\n\t<meta name=\"twitter:data1\" content=\"Bruna Greco\" \/>\n\t<meta name=\"twitter:label2\" content=\"Est. reading time\" \/>\n\t<meta name=\"twitter:data2\" content=\"3 minutos\" \/>\n<script type=\"application\/ld+json\" class=\"yoast-schema-graph\">{\"@context\":\"https:\/\/schema.org\",\"@graph\":[{\"@type\":\"WebPage\",\"@id\":\"https:\/\/www.manaus.am.gov.br\/semcom\/demolicao-construcao-irregular-sao-jose\/\",\"url\":\"https:\/\/www.manaus.am.gov.br\/semcom\/demolicao-construcao-irregular-sao-jose\/\",\"name\":\"Segunda demoli\u00e7\u00e3o em constru\u00e7\u00e3o irregular no S\u00e3o Jos\u00e9\",\"isPartOf\":{\"@id\":\"https:\/\/www.manaus.am.gov.br\/semcom\/#website\"},\"primaryImageOfPage\":{\"@id\":\"https:\/\/www.manaus.am.gov.br\/semcom\/demolicao-construcao-irregular-sao-jose\/#primaryimage\"},\"image\":{\"@id\":\"https:\/\/www.manaus.am.gov.br\/semcom\/demolicao-construcao-irregular-sao-jose\/#primaryimage\"},\"thumbnailUrl\":\"https:\/\/www.manaus.am.gov.br\/semcom\/wp-content\/uploads\/sites\/5\/2026\/02\/Demolicao-1.jpeg\",\"datePublished\":\"2026-02-24T21:09:15+00:00\",\"dateModified\":\"2026-02-25T14:05:35+00:00\",\"author\":{\"@id\":\"https:\/\/www.manaus.am.gov.br\/semcom\/#\/schema\/person\/05d223aea2bf115f9883a6ff3683d81b\"},\"description\":\"Em menos de um m\u00eas, Prefeitura de Manaus realiza segunda demoli\u00e7\u00e3o em constru\u00e7\u00e3o irregular no S\u00e3o Jos\u00e9 Oper\u00e1rio.\",\"inLanguage\":\"pt-BR\",\"potentialAction\":[{\"@type\":\"ReadAction\",\"target\":[\"https:\/\/www.manaus.am.gov.br\/semcom\/demolicao-construcao-irregular-sao-jose\/\"]}]},{\"@type\":\"ImageObject\",\"inLanguage\":\"pt-BR\",\"@id\":\"https:\/\/www.manaus.am.gov.br\/semcom\/demolicao-construcao-irregular-sao-jose\/#primaryimage\",\"url\":\"https:\/\/www.manaus.am.gov.br\/semcom\/wp-content\/uploads\/sites\/5\/2026\/02\/Demolicao-1.jpeg\",\"contentUrl\":\"https:\/\/www.manaus.am.gov.br\/semcom\/wp-content\/uploads\/sites\/5\/2026\/02\/Demolicao-1.jpeg\",\"width\":1600,\"height\":1200,\"caption\":\"#paratodosverem - Constru\u00e7\u00e3o irregular na rua Rio Curiau, no bairro S\u00e3o Jos\u00e9 Oper\u00e1rio, sendo demolida pela prefeitura\"},{\"@type\":\"WebSite\",\"@id\":\"https:\/\/www.manaus.am.gov.br\/semcom\/#website\",\"url\":\"https:\/\/www.manaus.am.gov.br\/semcom\/\",\"name\":\"SEMCOM\",\"description\":\"Secretaria Municipal de Comunica\u00e7\u00e3o\",\"potentialAction\":[{\"@type\":\"SearchAction\",\"target\":{\"@type\":\"EntryPoint\",\"urlTemplate\":\"https:\/\/www.manaus.am.gov.br\/semcom\/?s={search_term_string}\"},\"query-input\":\"required name=search_term_string\"}],\"inLanguage\":\"pt-BR\"},{\"@type\":\"Person\",\"@id\":\"https:\/\/www.manaus.am.gov.br\/semcom\/#\/schema\/person\/05d223aea2bf115f9883a6ff3683d81b\",\"name\":\"Bruna Greco\",\"image\":{\"@type\":\"ImageObject\",\"inLanguage\":\"pt-BR\",\"@id\":\"https:\/\/www.manaus.am.gov.br\/semcom\/#\/schema\/person\/image\/\",\"url\":\"https:\/\/secure.gravatar.com\/avatar\/9c877d1a6adc2a055330e5c09a8653ce?s=96&d=mm&r=g\",\"contentUrl\":\"https:\/\/secure.gravatar.com\/avatar\/9c877d1a6adc2a055330e5c09a8653ce?s=96&d=mm&r=g\",\"caption\":\"Bruna Greco\"}}]}<\/script>\n<!-- \/ Yoast SEO plugin. -->","yoast_head_json":{"title":"Segunda demoli\u00e7\u00e3o em constru\u00e7\u00e3o irregular no S\u00e3o Jos\u00e9","description":"Em menos de um m\u00eas, Prefeitura de Manaus realiza segunda demoli\u00e7\u00e3o em constru\u00e7\u00e3o irregular no S\u00e3o Jos\u00e9 Oper\u00e1rio.","robots":{"index":"index","follow":"follow","max-snippet":"max-snippet:-1","max-image-preview":"max-image-preview:large","max-video-preview":"max-video-preview:-1"},"canonical":"https:\/\/www.manaus.am.gov.br\/semcom\/demolicao-construcao-irregular-sao-jose\/","og_locale":"pt_BR","og_type":"article","og_title":"Segunda demoli\u00e7\u00e3o em constru\u00e7\u00e3o irregular no S\u00e3o Jos\u00e9","og_description":"Em menos de um m\u00eas, Prefeitura de Manaus realiza segunda demoli\u00e7\u00e3o em constru\u00e7\u00e3o irregular no S\u00e3o Jos\u00e9 Oper\u00e1rio.","og_url":"https:\/\/www.manaus.am.gov.br\/semcom\/demolicao-construcao-irregular-sao-jose\/","og_site_name":"SEMCOM","article_published_time":"2026-02-24T21:09:15+00:00","article_modified_time":"2026-02-25T14:05:35+00:00","og_image":[{"width":1600,"height":1200,"url":"https:\/\/www.manaus.am.gov.br\/semcom\/wp-content\/uploads\/sites\/5\/2026\/02\/Demolicao-1.jpeg","type":"image\/jpeg"}],"author":"Bruna Greco","twitter_card":"summary_large_image","twitter_misc":{"Written by":"Bruna Greco","Est. reading time":"3 minutos"},"schema":{"@context":"https:\/\/schema.org","@graph":[{"@type":"WebPage","@id":"https:\/\/www.manaus.am.gov.br\/semcom\/demolicao-construcao-irregular-sao-jose\/","url":"https:\/\/www.manaus.am.gov.br\/semcom\/demolicao-construcao-irregular-sao-jose\/","name":"Segunda demoli\u00e7\u00e3o em constru\u00e7\u00e3o irregular no S\u00e3o Jos\u00e9","isPartOf":{"@id":"https:\/\/www.manaus.am.gov.br\/semcom\/#website"},"primaryImageOfPage":{"@id":"https:\/\/www.manaus.am.gov.br\/semcom\/demolicao-construcao-irregular-sao-jose\/#primaryimage"},"image":{"@id":"https:\/\/www.manaus.am.gov.br\/semcom\/demolicao-construcao-irregular-sao-jose\/#primaryimage"},"thumbnailUrl":"https:\/\/www.manaus.am.gov.br\/semcom\/wp-content\/uploads\/sites\/5\/2026\/02\/Demolicao-1.jpeg","datePublished":"2026-02-24T21:09:15+00:00","dateModified":"2026-02-25T14:05:35+00:00","author":{"@id":"https:\/\/www.manaus.am.gov.br\/semcom\/#\/schema\/person\/05d223aea2bf115f9883a6ff3683d81b"},"description":"Em menos de um m\u00eas, Prefeitura de Manaus realiza segunda demoli\u00e7\u00e3o em constru\u00e7\u00e3o irregular no S\u00e3o Jos\u00e9 Oper\u00e1rio.","inLanguage":"pt-BR","potentialAction":[{"@type":"ReadAction","target":["https:\/\/www.manaus.am.gov.br\/semcom\/demolicao-construcao-irregular-sao-jose\/"]}]},{"@type":"ImageObject","inLanguage":"pt-BR","@id":"https:\/\/www.manaus.am.gov.br\/semcom\/demolicao-construcao-irregular-sao-jose\/#primaryimage","url":"https:\/\/www.manaus.am.gov.br\/semcom\/wp-content\/uploads\/sites\/5\/2026\/02\/Demolicao-1.jpeg","contentUrl":"https:\/\/www.manaus.am.gov.br\/semcom\/wp-content\/uploads\/sites\/5\/2026\/02\/Demolicao-1.jpeg","width":1600,"height":1200,"caption":"#paratodosverem - Constru\u00e7\u00e3o irregular na rua Rio Curiau, no bairro S\u00e3o Jos\u00e9 Oper\u00e1rio, sendo demolida pela prefeitura"},{"@type":"WebSite","@id":"https:\/\/www.manaus.am.gov.br\/semcom\/#website","url":"https:\/\/www.manaus.am.gov.br\/semcom\/","name":"SEMCOM","description":"Secretaria Municipal de Comunica\u00e7\u00e3o","potentialAction":[{"@type":"SearchAction","target":{"@type":"EntryPoint","urlTemplate":"https:\/\/www.manaus.am.gov.br\/semcom\/?s={search_term_string}"},"query-input":"required name=search_term_string"}],"inLanguage":"pt-BR"},{"@type":"Person","@id":"https:\/\/www.manaus.am.gov.br\/semcom\/#\/schema\/person\/05d223aea2bf115f9883a6ff3683d81b","name":"Bruna Greco","image":{"@type":"ImageObject","inLanguage":"pt-BR","@id":"https:\/\/www.manaus.am.gov.br\/semcom\/#\/schema\/person\/image\/","url":"https:\/\/secure.gravatar.com\/avatar\/9c877d1a6adc2a055330e5c09a8653ce?s=96&d=mm&r=g","contentUrl":"https:\/\/secure.gravatar.com\/avatar\/9c877d1a6adc2a055330e5c09a8653ce?s=96&d=mm&r=g","caption":"Bruna Greco"}}]}},"_links":{"self":[{"href":"https:\/\/www.manaus.am.gov.br\/semcom\/wp-json\/wp\/v2\/posts\/253390"}],"collection":[{"href":"https:\/\/www.manaus.am.gov.br\/semcom\/wp-json\/wp\/v2\/posts"}],"about":[{"href":"https:\/\/www.manaus.am.gov.br\/semcom\/wp-json\/wp\/v2\/types\/post"}],"author":[{"embeddable":true,"href":"https:\/\/www.manaus.am.gov.br\/semcom\/wp-json\/wp\/v2\/users\/39"}],"replies":[{"embeddable":true,"href":"https:\/\/www.manaus.am.gov.br\/semcom\/wp-json\/wp\/v2\/comments?post=253390"}],"version-history":[{"count":5,"href":"https:\/\/www.manaus.am.gov.br\/semcom\/wp-json\/wp\/v2\/posts\/253390\/revisions"}],"predecessor-version":[{"id":253420,"href":"https:\/\/www.manaus.am.gov.br\/semcom\/wp-json\/wp\/v2\/posts\/253390\/revisions\/253420"}],"wp:featuredmedia":[{"embeddable":true,"href":"https:\/\/www.manaus.am.gov.br\/semcom\/wp-json\/wp\/v2\/media\/253391"}],"wp:attachment":[{"href":"https:\/\/www.manaus.am.gov.br\/semcom\/wp-json\/wp\/v2\/media?parent=253390"}],"wp:term":[{"taxonomy":"category","embeddable":true,"href":"https:\/\/www.manaus.am.gov.br\/semcom\/wp-json\/wp\/v2\/categories?post=253390"},{"taxonomy":"post_tag","embeddable":true,"href":"https:\/\/www.manaus.am.gov.br\/semcom\/wp-json\/wp\/v2\/tags?post=253390"}],"curies":[{"name":"wp","href":"https:\/\/api.w.org\/{rel}","templated":true}]}}