{"id":253378,"date":"2026-02-24T17:37:44","date_gmt":"2026-02-24T20:37:44","guid":{"rendered":"https:\/\/www.manaus.am.gov.br\/semcom\/notificacao-fiscalizacao\/"},"modified":"2026-02-25T11:02:16","modified_gmt":"2026-02-25T14:02:16","slug":"notificacao-fiscalizacao","status":"publish","type":"post","link":"https:\/\/www.manaus.am.gov.br\/semcom\/notificacao-fiscalizacao\/","title":{"rendered":"Ageman notifica \u00c1guas de Manaus por desabastecimento no conjunto Cidad\u00e3o 9"},"content":{"rendered":"\n<p>A Ag\u00eancia Reguladora dos Servi\u00e7os P\u00fablicos Delegados do Munic\u00edpio de Manaus<a href=\"https:\/\/www.manaus.am.gov.br\/\"> <\/a><a href=\"https:\/\/www.instagram.com\/prefeiturademanaus\/\">(Ageman) <\/a>notificou a concession\u00e1ria \u00c1guas de Manaus ap\u00f3s receber den\u00fancias de moradores do conjunto Cidad\u00e3o 9, conhecido como conjunto Lula, sobre desabastecimento na localidade.<\/p>\n\n\n\n<p>De acordo com comunicado oficial da pr\u00f3pria concession\u00e1ria, foi realizada manuten\u00e7\u00e3o mec\u00e2nica no setor hidr\u00e1ulico com in\u00edcio \u00e0s 8h do dia 20 de fevereiro, com previs\u00e3o de restabelecimento do abastecimento \u00e0s 11h do mesmo dia. No entanto, mesmo ap\u00f3s o hor\u00e1rio informado para a normaliza\u00e7\u00e3o do servi\u00e7o, os moradores permaneceram sem o fornecimento regular de \u00e1gua, situa\u00e7\u00e3o reiteradamente relatada \u00e0 Ag\u00eancia.<\/p>\n\n\n\n<p>Diante da persist\u00eancia da interrup\u00e7\u00e3o do servi\u00e7o p\u00fablico essencial, a Ageman notificou a concession\u00e1ria para que adote provid\u00eancias corretivas imediatas e medidas mitigadoras no prazo de 24 horas, at\u00e9 a solu\u00e7\u00e3o definitiva do problema.<\/p>\n\n\n\n<p>No documento, a Ag\u00eancia determina ainda que a empresa apresente informa\u00e7\u00f5es detalhadas, incluindo: o hist\u00f3rico da ocorr\u00eancia com data de detec\u00e7\u00e3o do problema; diagn\u00f3stico t\u00e9cnico das causas do desabastecimento; delimita\u00e7\u00e3o geogr\u00e1fica exata da \u00e1rea afetada; plano de conting\u00eancia operacional com descri\u00e7\u00e3o das a\u00e7\u00f5es emergenciais implementadas; e medidas mitigadoras adotadas, inclusive eventual abastecimento alternativo \u00e0 popula\u00e7\u00e3o.<\/p>\n\n\n\n<p>O diretor-presidente da Ageman, Elson Andrade, destacou que a Ag\u00eancia acompanha o caso de forma rigorosa. \u201cO abastecimento de \u00e1gua \u00e9 um servi\u00e7o p\u00fablico essencial e n\u00e3o pode sofrer interrup\u00e7\u00f5es al\u00e9m do prazo informado \u00e0 popula\u00e7\u00e3o. Estamos cobrando respostas t\u00e9cnicas detalhadas e a ado\u00e7\u00e3o imediata de medidas para minimizar os impactos aos moradores\u201d, afirmou.<\/p>\n\n\n\n<p>Na manh\u00e3 desta ter\u00e7a-feira, 24\/2, t\u00e9cnicos da Diretoria Executiva de Regula\u00e7\u00e3o e Fiscaliza\u00e7\u00e3o dos Servi\u00e7os de Abastecimento de \u00c1gua e Esgotamento Sanit\u00e1rio da Ageman estiveram na localidade para acompanhar as provid\u00eancias adotadas pela empresa. A Ageman seguir\u00e1 monitorando a situa\u00e7\u00e3o at\u00e9 o completo restabelecimento do servi\u00e7o, podendo adotar novas medidas regulat\u00f3rias caso sejam constatadas irregularidades ou reincid\u00eancia.<\/p>\n\n\n\n<p><strong>Atendimento aos usu\u00e1rios<\/strong><\/p>\n\n\n\n<p>A <a href=\"https:\/\/www.instagram.com\/prefeiturademanaus\">Ageman<\/a> orienta que sua Ouvidoria est\u00e1 \u00e0 disposi\u00e7\u00e3o para atender as demandas referentes aos problemas envolvendo o abastecimento de \u00e1gua, esgotamento sanit\u00e1rio, ilumina\u00e7\u00e3o p\u00fablica e o servi\u00e7o de estacionamento rotativo pago Zona Azul.<\/p>\n\n\n\n<p>Cabe \u00e0 Ouvidoria receber as solicita\u00e7\u00f5es (reclama\u00e7\u00f5es, den\u00fancias, sugest\u00f5es, elogios e cr\u00edticas) e tamb\u00e9m realizar um trabalho de preven\u00e7\u00e3o, apura\u00e7\u00e3o e a media\u00e7\u00e3o de diverg\u00eancias entre as concession\u00e1rias \u00c1guas de Manaus, ManausLuz, Zona Azul e seus usu\u00e1rios.<\/p>\n\n\n\n<p>O atendimento das demandas da Ouvidoria acontece de forma presencial no shopping Phelippe Daou, no bairro Cidade de Deus e tamb\u00e9m por meio dos e-mails ouvidoria.ageman@pmm.am.gov.br,&nbsp; <a href=\"mailto:ouvidoria.ageman2@gmail.com\">ouvidoria.ageman2@gmail.com<\/a>, site <a href=\"http:\/\/www.ageman.manaus.am.gov.br\/ouvidoria\">www.ageman.manaus.am.gov.br\/ouvidoria<\/a> e ainda pelos dois n\u00fameros do Whatsapp 98842-2919 e 98410-3247.<\/p>\n\n\n\n<p><br>\u2014&#8211; \u2014&#8211; \u2014-<br><strong>Texto &#8211;<\/strong> Tereza Te\u00f3filo \/ Ageman<br><strong>Fotos &#8211;<\/strong> Divulga\u00e7\u00e3o \/ Ageman<\/p>\n","protected":false},"excerpt":{"rendered":"","protected":false},"author":68,"featured_media":253379,"comment_status":"closed","ping_status":"closed","sticky":false,"template":"","format":"standard","meta":{"footnotes":""},"categories":[2807],"tags":[215,19489,19490,77,14175],"acf":[],"yoast_head":"<!-- This site is optimized with the Yoast SEO plugin v23.0 - https:\/\/yoast.com\/wordpress\/plugins\/seo\/ -->\n<title>Ageman notifica \u00c1guas de Manaus por desabastecimento no conjunto Cidad\u00e3o 9<\/title>\n<meta name=\"description\" content=\"A Ag\u00eancia Reguladora dos Servi\u00e7os P\u00fablicos Delegados do Munic\u00edpio de Manaus (Ageman) notificou a concession\u00e1ria \u00c1guas de Manaus.\" \/>\n<meta name=\"robots\" content=\"index, follow, max-snippet:-1, max-image-preview:large, max-video-preview:-1\" \/>\n<link rel=\"canonical\" href=\"https:\/\/www.manaus.am.gov.br\/semcom\/notificacao-fiscalizacao\/\" \/>\n<meta property=\"og:locale\" content=\"pt_BR\" \/>\n<meta property=\"og:type\" content=\"article\" \/>\n<meta property=\"og:title\" content=\"Ageman notifica \u00c1guas de Manaus por desabastecimento no conjunto Cidad\u00e3o 9\" \/>\n<meta property=\"og:description\" content=\"A Ag\u00eancia Reguladora dos Servi\u00e7os P\u00fablicos Delegados do Munic\u00edpio de Manaus (Ageman) notificou a concession\u00e1ria \u00c1guas de Manaus.\" \/>\n<meta property=\"og:url\" content=\"https:\/\/www.manaus.am.gov.br\/semcom\/notificacao-fiscalizacao\/\" \/>\n<meta property=\"og:site_name\" content=\"SEMCOM\" \/>\n<meta property=\"article:published_time\" content=\"2026-02-24T20:37:44+00:00\" \/>\n<meta property=\"article:modified_time\" content=\"2026-02-25T14:02:16+00:00\" \/>\n<meta property=\"og:image\" content=\"https:\/\/www.manaus.am.gov.br\/semcom\/wp-content\/uploads\/sites\/5\/2026\/02\/WhatsApp-Image-2026-02-24-at-14.44.36.jpeg\" \/>\n\t<meta property=\"og:image:width\" content=\"1600\" \/>\n\t<meta property=\"og:image:height\" content=\"1200\" \/>\n\t<meta property=\"og:image:type\" content=\"image\/jpeg\" \/>\n<meta name=\"author\" content=\"bvalente\" \/>\n<meta name=\"twitter:card\" content=\"summary_large_image\" \/>\n<meta name=\"twitter:label1\" content=\"Written by\" \/>\n\t<meta name=\"twitter:data1\" content=\"bvalente\" \/>\n\t<meta name=\"twitter:label2\" content=\"Est. reading time\" \/>\n\t<meta name=\"twitter:data2\" content=\"3 minutos\" \/>\n<script type=\"application\/ld+json\" class=\"yoast-schema-graph\">{\"@context\":\"https:\/\/schema.org\",\"@graph\":[{\"@type\":\"WebPage\",\"@id\":\"https:\/\/www.manaus.am.gov.br\/semcom\/notificacao-fiscalizacao\/\",\"url\":\"https:\/\/www.manaus.am.gov.br\/semcom\/notificacao-fiscalizacao\/\",\"name\":\"Ageman notifica \u00c1guas de Manaus por desabastecimento no conjunto Cidad\u00e3o 9\",\"isPartOf\":{\"@id\":\"https:\/\/www.manaus.am.gov.br\/semcom\/#website\"},\"primaryImageOfPage\":{\"@id\":\"https:\/\/www.manaus.am.gov.br\/semcom\/notificacao-fiscalizacao\/#primaryimage\"},\"image\":{\"@id\":\"https:\/\/www.manaus.am.gov.br\/semcom\/notificacao-fiscalizacao\/#primaryimage\"},\"thumbnailUrl\":\"https:\/\/www.manaus.am.gov.br\/semcom\/wp-content\/uploads\/sites\/5\/2026\/02\/WhatsApp-Image-2026-02-24-at-14.44.36.jpeg\",\"datePublished\":\"2026-02-24T20:37:44+00:00\",\"dateModified\":\"2026-02-25T14:02:16+00:00\",\"author\":{\"@id\":\"https:\/\/www.manaus.am.gov.br\/semcom\/#\/schema\/person\/466a0e03ae4b6062809046bd560ac955\"},\"description\":\"A Ag\u00eancia Reguladora dos Servi\u00e7os P\u00fablicos Delegados do Munic\u00edpio de Manaus (Ageman) notificou a concession\u00e1ria \u00c1guas de Manaus.\",\"inLanguage\":\"pt-BR\",\"potentialAction\":[{\"@type\":\"ReadAction\",\"target\":[\"https:\/\/www.manaus.am.gov.br\/semcom\/notificacao-fiscalizacao\/\"]}]},{\"@type\":\"ImageObject\",\"inLanguage\":\"pt-BR\",\"@id\":\"https:\/\/www.manaus.am.gov.br\/semcom\/notificacao-fiscalizacao\/#primaryimage\",\"url\":\"https:\/\/www.manaus.am.gov.br\/semcom\/wp-content\/uploads\/sites\/5\/2026\/02\/WhatsApp-Image-2026-02-24-at-14.44.36.jpeg\",\"contentUrl\":\"https:\/\/www.manaus.am.gov.br\/semcom\/wp-content\/uploads\/sites\/5\/2026\/02\/WhatsApp-Image-2026-02-24-at-14.44.36.jpeg\",\"width\":1600,\"height\":1200,\"caption\":\"#paratodosverem - Fiscal da Ageman durante vistoria de servi\u00e7os\"},{\"@type\":\"WebSite\",\"@id\":\"https:\/\/www.manaus.am.gov.br\/semcom\/#website\",\"url\":\"https:\/\/www.manaus.am.gov.br\/semcom\/\",\"name\":\"SEMCOM\",\"description\":\"Secretaria Municipal de Comunica\u00e7\u00e3o\",\"potentialAction\":[{\"@type\":\"SearchAction\",\"target\":{\"@type\":\"EntryPoint\",\"urlTemplate\":\"https:\/\/www.manaus.am.gov.br\/semcom\/?s={search_term_string}\"},\"query-input\":\"required name=search_term_string\"}],\"inLanguage\":\"pt-BR\"},{\"@type\":\"Person\",\"@id\":\"https:\/\/www.manaus.am.gov.br\/semcom\/#\/schema\/person\/466a0e03ae4b6062809046bd560ac955\",\"name\":\"bvalente\",\"image\":{\"@type\":\"ImageObject\",\"inLanguage\":\"pt-BR\",\"@id\":\"https:\/\/www.manaus.am.gov.br\/semcom\/#\/schema\/person\/image\/\",\"url\":\"https:\/\/secure.gravatar.com\/avatar\/3e69bc2b014bdad41adfec3a39de07d2?s=96&d=mm&r=g\",\"contentUrl\":\"https:\/\/secure.gravatar.com\/avatar\/3e69bc2b014bdad41adfec3a39de07d2?s=96&d=mm&r=g\",\"caption\":\"bvalente\"}}]}<\/script>\n<!-- \/ Yoast SEO plugin. -->","yoast_head_json":{"title":"Ageman notifica \u00c1guas de Manaus por desabastecimento no conjunto Cidad\u00e3o 9","description":"A Ag\u00eancia Reguladora dos Servi\u00e7os P\u00fablicos Delegados do Munic\u00edpio de Manaus (Ageman) notificou a concession\u00e1ria \u00c1guas de Manaus.","robots":{"index":"index","follow":"follow","max-snippet":"max-snippet:-1","max-image-preview":"max-image-preview:large","max-video-preview":"max-video-preview:-1"},"canonical":"https:\/\/www.manaus.am.gov.br\/semcom\/notificacao-fiscalizacao\/","og_locale":"pt_BR","og_type":"article","og_title":"Ageman notifica \u00c1guas de Manaus por desabastecimento no conjunto Cidad\u00e3o 9","og_description":"A Ag\u00eancia Reguladora dos Servi\u00e7os P\u00fablicos Delegados do Munic\u00edpio de Manaus (Ageman) notificou a concession\u00e1ria \u00c1guas de Manaus.","og_url":"https:\/\/www.manaus.am.gov.br\/semcom\/notificacao-fiscalizacao\/","og_site_name":"SEMCOM","article_published_time":"2026-02-24T20:37:44+00:00","article_modified_time":"2026-02-25T14:02:16+00:00","og_image":[{"width":1600,"height":1200,"url":"https:\/\/www.manaus.am.gov.br\/semcom\/wp-content\/uploads\/sites\/5\/2026\/02\/WhatsApp-Image-2026-02-24-at-14.44.36.jpeg","type":"image\/jpeg"}],"author":"bvalente","twitter_card":"summary_large_image","twitter_misc":{"Written by":"bvalente","Est. reading time":"3 minutos"},"schema":{"@context":"https:\/\/schema.org","@graph":[{"@type":"WebPage","@id":"https:\/\/www.manaus.am.gov.br\/semcom\/notificacao-fiscalizacao\/","url":"https:\/\/www.manaus.am.gov.br\/semcom\/notificacao-fiscalizacao\/","name":"Ageman notifica \u00c1guas de Manaus por desabastecimento no conjunto Cidad\u00e3o 9","isPartOf":{"@id":"https:\/\/www.manaus.am.gov.br\/semcom\/#website"},"primaryImageOfPage":{"@id":"https:\/\/www.manaus.am.gov.br\/semcom\/notificacao-fiscalizacao\/#primaryimage"},"image":{"@id":"https:\/\/www.manaus.am.gov.br\/semcom\/notificacao-fiscalizacao\/#primaryimage"},"thumbnailUrl":"https:\/\/www.manaus.am.gov.br\/semcom\/wp-content\/uploads\/sites\/5\/2026\/02\/WhatsApp-Image-2026-02-24-at-14.44.36.jpeg","datePublished":"2026-02-24T20:37:44+00:00","dateModified":"2026-02-25T14:02:16+00:00","author":{"@id":"https:\/\/www.manaus.am.gov.br\/semcom\/#\/schema\/person\/466a0e03ae4b6062809046bd560ac955"},"description":"A Ag\u00eancia Reguladora dos Servi\u00e7os P\u00fablicos Delegados do Munic\u00edpio de Manaus (Ageman) notificou a concession\u00e1ria \u00c1guas de Manaus.","inLanguage":"pt-BR","potentialAction":[{"@type":"ReadAction","target":["https:\/\/www.manaus.am.gov.br\/semcom\/notificacao-fiscalizacao\/"]}]},{"@type":"ImageObject","inLanguage":"pt-BR","@id":"https:\/\/www.manaus.am.gov.br\/semcom\/notificacao-fiscalizacao\/#primaryimage","url":"https:\/\/www.manaus.am.gov.br\/semcom\/wp-content\/uploads\/sites\/5\/2026\/02\/WhatsApp-Image-2026-02-24-at-14.44.36.jpeg","contentUrl":"https:\/\/www.manaus.am.gov.br\/semcom\/wp-content\/uploads\/sites\/5\/2026\/02\/WhatsApp-Image-2026-02-24-at-14.44.36.jpeg","width":1600,"height":1200,"caption":"#paratodosverem - Fiscal da Ageman durante vistoria de servi\u00e7os"},{"@type":"WebSite","@id":"https:\/\/www.manaus.am.gov.br\/semcom\/#website","url":"https:\/\/www.manaus.am.gov.br\/semcom\/","name":"SEMCOM","description":"Secretaria Municipal de Comunica\u00e7\u00e3o","potentialAction":[{"@type":"SearchAction","target":{"@type":"EntryPoint","urlTemplate":"https:\/\/www.manaus.am.gov.br\/semcom\/?s={search_term_string}"},"query-input":"required name=search_term_string"}],"inLanguage":"pt-BR"},{"@type":"Person","@id":"https:\/\/www.manaus.am.gov.br\/semcom\/#\/schema\/person\/466a0e03ae4b6062809046bd560ac955","name":"bvalente","image":{"@type":"ImageObject","inLanguage":"pt-BR","@id":"https:\/\/www.manaus.am.gov.br\/semcom\/#\/schema\/person\/image\/","url":"https:\/\/secure.gravatar.com\/avatar\/3e69bc2b014bdad41adfec3a39de07d2?s=96&d=mm&r=g","contentUrl":"https:\/\/secure.gravatar.com\/avatar\/3e69bc2b014bdad41adfec3a39de07d2?s=96&d=mm&r=g","caption":"bvalente"}}]}},"_links":{"self":[{"href":"https:\/\/www.manaus.am.gov.br\/semcom\/wp-json\/wp\/v2\/posts\/253378"}],"collection":[{"href":"https:\/\/www.manaus.am.gov.br\/semcom\/wp-json\/wp\/v2\/posts"}],"about":[{"href":"https:\/\/www.manaus.am.gov.br\/semcom\/wp-json\/wp\/v2\/types\/post"}],"author":[{"embeddable":true,"href":"https:\/\/www.manaus.am.gov.br\/semcom\/wp-json\/wp\/v2\/users\/68"}],"replies":[{"embeddable":true,"href":"https:\/\/www.manaus.am.gov.br\/semcom\/wp-json\/wp\/v2\/comments?post=253378"}],"version-history":[{"count":1,"href":"https:\/\/www.manaus.am.gov.br\/semcom\/wp-json\/wp\/v2\/posts\/253378\/revisions"}],"predecessor-version":[{"id":253414,"href":"https:\/\/www.manaus.am.gov.br\/semcom\/wp-json\/wp\/v2\/posts\/253378\/revisions\/253414"}],"wp:featuredmedia":[{"embeddable":true,"href":"https:\/\/www.manaus.am.gov.br\/semcom\/wp-json\/wp\/v2\/media\/253379"}],"wp:attachment":[{"href":"https:\/\/www.manaus.am.gov.br\/semcom\/wp-json\/wp\/v2\/media?parent=253378"}],"wp:term":[{"taxonomy":"category","embeddable":true,"href":"https:\/\/www.manaus.am.gov.br\/semcom\/wp-json\/wp\/v2\/categories?post=253378"},{"taxonomy":"post_tag","embeddable":true,"href":"https:\/\/www.manaus.am.gov.br\/semcom\/wp-json\/wp\/v2\/tags?post=253378"}],"curies":[{"name":"wp","href":"https:\/\/api.w.org\/{rel}","templated":true}]}}