{"id":253354,"date":"2026-02-24T16:21:19","date_gmt":"2026-02-24T19:21:19","guid":{"rendered":"https:\/\/www.manaus.am.gov.br\/semcom\/prefeitura-previdencia-feirinha\/"},"modified":"2026-02-24T16:38:09","modified_gmt":"2026-02-24T19:38:09","slug":"prefeitura-feirinha-da-economia-solidaria-e-criativa-no-bairro-chapada","status":"publish","type":"post","link":"https:\/\/www.manaus.am.gov.br\/semcom\/prefeitura-feirinha-da-economia-solidaria-e-criativa-no-bairro-chapada\/","title":{"rendered":"Manausprev realiza feirinha com produtos regionais e incentivo ao pequeno empreendedor"},"content":{"rendered":"\n<p>A <a href=\"https:\/\/www.manaus.am.gov.br\/\">Prefeitura de Manaus<\/a>, por meio da <a href=\"https:\/\/www.instagram.com\/manausprevidencia\/\">Manaus Previd\u00eancia<\/a>, realiza, na sexta-feira, 27\/2, das 8h \u00e0s 13h, a primeira edi\u00e7\u00e3o de 2026 da \u201cFeirinha da Economia Solid\u00e1ria e Criativa\u201d. A a\u00e7\u00e3o acontece na sede da autarquia, na avenida Constantino Nery, bairro Chapada, zona Centro-Sul, e reunir\u00e1 empreendedores cadastrados na Secretaria Municipal do Trabalho, Empreendedorismo e Inova\u00e7\u00e3o (Semtepi).<\/p>\n\n\n\n<p>A programa\u00e7\u00e3o oferta uma variedade de produtos, como hortifruti regional, artesanato, papelaria, itens de decora\u00e7\u00e3o, biojoias e comidinhas, entre p\u00e3es, bolos, biscoitos e doces. A a\u00e7\u00e3o contribui para o fortalecimento do empreendedorismo local e aproxima a comunidade da economia criativa, bem como da Manaus Previd\u00eancia.<\/p>\n\n\n\n<p>A feirinha integra o programa Vitalidade, coordenado pelo setor Psicossocial da Manausprev, que promove o bem-estar f\u00edsico e mental, o protagonismo e a autonomia de aposentados e pensionistas. A iniciativa se soma \u00e0s demais atividades como dan\u00e7a, artesanato e musicoterapia.<\/p>\n\n\n\n<p>\u201cAno passado realizamos cinco edi\u00e7\u00f5es da feirinha, incluindo uma exclusiva com aposentados empreendedores, e em todas tivemos excelente participa\u00e7\u00e3o do p\u00fablico, que prestigiou e valorizou os trabalhadores da economia solid\u00e1ria. Em 2026, iniciamos o calend\u00e1rio com a expectativa de ampliar ainda mais esse sucesso\u201d, destacou a diretora-presidente da Manausprev, Daniela Benayon.<\/p>\n\n\n\n<p>Al\u00e9m de atender aposentados e pensionistas, a a\u00e7\u00e3o tamb\u00e9m atende a servidores e ao p\u00fablico em geral, refor\u00e7ando o incentivo aos pequenos empreendedores e o fortalecimento da economia local.<\/p>\n\n\n\n<p>&#8212; &#8212; &#8212;<\/p>\n\n\n\n<p><strong>Texto <\/strong>\u2013 Renata Felix\/ Manaus Previd\u00eancia<\/p>\n\n\n\n<p><strong>Fotos <\/strong>&#8211; Divulga\u00e7\u00e3o \/ Manaus Previd\u00eancia<\/p>\n","protected":false},"excerpt":{"rendered":"","protected":false},"author":23,"featured_media":253355,"comment_status":"closed","ping_status":"closed","sticky":false,"template":"","format":"standard","meta":{"footnotes":""},"categories":[585],"tags":[19483,6486,228,77],"acf":[],"yoast_head":"<!-- This site is optimized with the Yoast SEO plugin v23.0 - https:\/\/yoast.com\/wordpress\/plugins\/seo\/ -->\n<title>Feirinha da Economia Solid\u00e1ria e Criativa no Bairro Chapada<\/title>\n<meta name=\"description\" content=\"Manausprev realiza nesta sexta-feira, 27\/2, das 8h \u00e0s 13h Feirinha da Economia Solid\u00e1ria e Criativa no Bairro Chapada.\" \/>\n<meta name=\"robots\" content=\"index, follow, max-snippet:-1, max-image-preview:large, max-video-preview:-1\" \/>\n<link rel=\"canonical\" href=\"https:\/\/www.manaus.am.gov.br\/semcom\/prefeitura-feirinha-da-economia-solidaria-e-criativa-no-bairro-chapada\/\" \/>\n<meta property=\"og:locale\" content=\"pt_BR\" \/>\n<meta property=\"og:type\" content=\"article\" \/>\n<meta property=\"og:title\" content=\"Feirinha da Economia Solid\u00e1ria e Criativa no Bairro Chapada\" \/>\n<meta property=\"og:description\" content=\"Manausprev realiza nesta sexta-feira, 27\/2, das 8h \u00e0s 13h Feirinha da Economia Solid\u00e1ria e Criativa no Bairro Chapada.\" \/>\n<meta property=\"og:url\" content=\"https:\/\/www.manaus.am.gov.br\/semcom\/prefeitura-feirinha-da-economia-solidaria-e-criativa-no-bairro-chapada\/\" \/>\n<meta property=\"og:site_name\" content=\"SEMCOM\" \/>\n<meta property=\"article:published_time\" content=\"2026-02-24T19:21:19+00:00\" \/>\n<meta property=\"article:modified_time\" content=\"2026-02-24T19:38:09+00:00\" \/>\n<meta property=\"og:image\" content=\"https:\/\/www.manaus.am.gov.br\/semcom\/wp-content\/uploads\/sites\/5\/2026\/02\/hortifruti.jpeg\" \/>\n\t<meta property=\"og:image:width\" content=\"1600\" \/>\n\t<meta property=\"og:image:height\" content=\"1200\" \/>\n\t<meta property=\"og:image:type\" content=\"image\/jpeg\" \/>\n<meta name=\"author\" content=\"Adriana Costa\" \/>\n<meta name=\"twitter:card\" content=\"summary_large_image\" \/>\n<meta name=\"twitter:label1\" content=\"Written by\" \/>\n\t<meta name=\"twitter:data1\" content=\"Adriana Costa\" \/>\n\t<meta name=\"twitter:label2\" content=\"Est. reading time\" \/>\n\t<meta name=\"twitter:data2\" content=\"2 minutos\" \/>\n<script type=\"application\/ld+json\" class=\"yoast-schema-graph\">{\"@context\":\"https:\/\/schema.org\",\"@graph\":[{\"@type\":\"WebPage\",\"@id\":\"https:\/\/www.manaus.am.gov.br\/semcom\/prefeitura-feirinha-da-economia-solidaria-e-criativa-no-bairro-chapada\/\",\"url\":\"https:\/\/www.manaus.am.gov.br\/semcom\/prefeitura-feirinha-da-economia-solidaria-e-criativa-no-bairro-chapada\/\",\"name\":\"Feirinha da Economia Solid\u00e1ria e Criativa no Bairro Chapada\",\"isPartOf\":{\"@id\":\"https:\/\/www.manaus.am.gov.br\/semcom\/#website\"},\"primaryImageOfPage\":{\"@id\":\"https:\/\/www.manaus.am.gov.br\/semcom\/prefeitura-feirinha-da-economia-solidaria-e-criativa-no-bairro-chapada\/#primaryimage\"},\"image\":{\"@id\":\"https:\/\/www.manaus.am.gov.br\/semcom\/prefeitura-feirinha-da-economia-solidaria-e-criativa-no-bairro-chapada\/#primaryimage\"},\"thumbnailUrl\":\"https:\/\/www.manaus.am.gov.br\/semcom\/wp-content\/uploads\/sites\/5\/2026\/02\/hortifruti.jpeg\",\"datePublished\":\"2026-02-24T19:21:19+00:00\",\"dateModified\":\"2026-02-24T19:38:09+00:00\",\"author\":{\"@id\":\"https:\/\/www.manaus.am.gov.br\/semcom\/#\/schema\/person\/4e49f4e267757a06ca072ec61b2b9968\"},\"description\":\"Manausprev realiza nesta sexta-feira, 27\/2, das 8h \u00e0s 13h Feirinha da Economia Solid\u00e1ria e Criativa no Bairro Chapada.\",\"inLanguage\":\"pt-BR\",\"potentialAction\":[{\"@type\":\"ReadAction\",\"target\":[\"https:\/\/www.manaus.am.gov.br\/semcom\/prefeitura-feirinha-da-economia-solidaria-e-criativa-no-bairro-chapada\/\"]}]},{\"@type\":\"ImageObject\",\"inLanguage\":\"pt-BR\",\"@id\":\"https:\/\/www.manaus.am.gov.br\/semcom\/prefeitura-feirinha-da-economia-solidaria-e-criativa-no-bairro-chapada\/#primaryimage\",\"url\":\"https:\/\/www.manaus.am.gov.br\/semcom\/wp-content\/uploads\/sites\/5\/2026\/02\/hortifruti.jpeg\",\"contentUrl\":\"https:\/\/www.manaus.am.gov.br\/semcom\/wp-content\/uploads\/sites\/5\/2026\/02\/hortifruti.jpeg\",\"width\":1600,\"height\":1200,\"caption\":\"#paratodosverem - Empreendedora vende farinha \u00e0 cliente; ao fundo, hortifruti\"},{\"@type\":\"WebSite\",\"@id\":\"https:\/\/www.manaus.am.gov.br\/semcom\/#website\",\"url\":\"https:\/\/www.manaus.am.gov.br\/semcom\/\",\"name\":\"SEMCOM\",\"description\":\"Secretaria Municipal de Comunica\u00e7\u00e3o\",\"potentialAction\":[{\"@type\":\"SearchAction\",\"target\":{\"@type\":\"EntryPoint\",\"urlTemplate\":\"https:\/\/www.manaus.am.gov.br\/semcom\/?s={search_term_string}\"},\"query-input\":\"required name=search_term_string\"}],\"inLanguage\":\"pt-BR\"},{\"@type\":\"Person\",\"@id\":\"https:\/\/www.manaus.am.gov.br\/semcom\/#\/schema\/person\/4e49f4e267757a06ca072ec61b2b9968\",\"name\":\"Adriana Costa\",\"image\":{\"@type\":\"ImageObject\",\"inLanguage\":\"pt-BR\",\"@id\":\"https:\/\/www.manaus.am.gov.br\/semcom\/#\/schema\/person\/image\/\",\"url\":\"https:\/\/secure.gravatar.com\/avatar\/576258617ef7194f718179e766d57bd4?s=96&d=mm&r=g\",\"contentUrl\":\"https:\/\/secure.gravatar.com\/avatar\/576258617ef7194f718179e766d57bd4?s=96&d=mm&r=g\",\"caption\":\"Adriana Costa\"}}]}<\/script>\n<!-- \/ Yoast SEO plugin. -->","yoast_head_json":{"title":"Feirinha da Economia Solid\u00e1ria e Criativa no Bairro Chapada","description":"Manausprev realiza nesta sexta-feira, 27\/2, das 8h \u00e0s 13h Feirinha da Economia Solid\u00e1ria e Criativa no Bairro Chapada.","robots":{"index":"index","follow":"follow","max-snippet":"max-snippet:-1","max-image-preview":"max-image-preview:large","max-video-preview":"max-video-preview:-1"},"canonical":"https:\/\/www.manaus.am.gov.br\/semcom\/prefeitura-feirinha-da-economia-solidaria-e-criativa-no-bairro-chapada\/","og_locale":"pt_BR","og_type":"article","og_title":"Feirinha da Economia Solid\u00e1ria e Criativa no Bairro Chapada","og_description":"Manausprev realiza nesta sexta-feira, 27\/2, das 8h \u00e0s 13h Feirinha da Economia Solid\u00e1ria e Criativa no Bairro Chapada.","og_url":"https:\/\/www.manaus.am.gov.br\/semcom\/prefeitura-feirinha-da-economia-solidaria-e-criativa-no-bairro-chapada\/","og_site_name":"SEMCOM","article_published_time":"2026-02-24T19:21:19+00:00","article_modified_time":"2026-02-24T19:38:09+00:00","og_image":[{"width":1600,"height":1200,"url":"https:\/\/www.manaus.am.gov.br\/semcom\/wp-content\/uploads\/sites\/5\/2026\/02\/hortifruti.jpeg","type":"image\/jpeg"}],"author":"Adriana Costa","twitter_card":"summary_large_image","twitter_misc":{"Written by":"Adriana Costa","Est. reading time":"2 minutos"},"schema":{"@context":"https:\/\/schema.org","@graph":[{"@type":"WebPage","@id":"https:\/\/www.manaus.am.gov.br\/semcom\/prefeitura-feirinha-da-economia-solidaria-e-criativa-no-bairro-chapada\/","url":"https:\/\/www.manaus.am.gov.br\/semcom\/prefeitura-feirinha-da-economia-solidaria-e-criativa-no-bairro-chapada\/","name":"Feirinha da Economia Solid\u00e1ria e Criativa no Bairro Chapada","isPartOf":{"@id":"https:\/\/www.manaus.am.gov.br\/semcom\/#website"},"primaryImageOfPage":{"@id":"https:\/\/www.manaus.am.gov.br\/semcom\/prefeitura-feirinha-da-economia-solidaria-e-criativa-no-bairro-chapada\/#primaryimage"},"image":{"@id":"https:\/\/www.manaus.am.gov.br\/semcom\/prefeitura-feirinha-da-economia-solidaria-e-criativa-no-bairro-chapada\/#primaryimage"},"thumbnailUrl":"https:\/\/www.manaus.am.gov.br\/semcom\/wp-content\/uploads\/sites\/5\/2026\/02\/hortifruti.jpeg","datePublished":"2026-02-24T19:21:19+00:00","dateModified":"2026-02-24T19:38:09+00:00","author":{"@id":"https:\/\/www.manaus.am.gov.br\/semcom\/#\/schema\/person\/4e49f4e267757a06ca072ec61b2b9968"},"description":"Manausprev realiza nesta sexta-feira, 27\/2, das 8h \u00e0s 13h Feirinha da Economia Solid\u00e1ria e Criativa no Bairro Chapada.","inLanguage":"pt-BR","potentialAction":[{"@type":"ReadAction","target":["https:\/\/www.manaus.am.gov.br\/semcom\/prefeitura-feirinha-da-economia-solidaria-e-criativa-no-bairro-chapada\/"]}]},{"@type":"ImageObject","inLanguage":"pt-BR","@id":"https:\/\/www.manaus.am.gov.br\/semcom\/prefeitura-feirinha-da-economia-solidaria-e-criativa-no-bairro-chapada\/#primaryimage","url":"https:\/\/www.manaus.am.gov.br\/semcom\/wp-content\/uploads\/sites\/5\/2026\/02\/hortifruti.jpeg","contentUrl":"https:\/\/www.manaus.am.gov.br\/semcom\/wp-content\/uploads\/sites\/5\/2026\/02\/hortifruti.jpeg","width":1600,"height":1200,"caption":"#paratodosverem - Empreendedora vende farinha \u00e0 cliente; ao fundo, hortifruti"},{"@type":"WebSite","@id":"https:\/\/www.manaus.am.gov.br\/semcom\/#website","url":"https:\/\/www.manaus.am.gov.br\/semcom\/","name":"SEMCOM","description":"Secretaria Municipal de Comunica\u00e7\u00e3o","potentialAction":[{"@type":"SearchAction","target":{"@type":"EntryPoint","urlTemplate":"https:\/\/www.manaus.am.gov.br\/semcom\/?s={search_term_string}"},"query-input":"required name=search_term_string"}],"inLanguage":"pt-BR"},{"@type":"Person","@id":"https:\/\/www.manaus.am.gov.br\/semcom\/#\/schema\/person\/4e49f4e267757a06ca072ec61b2b9968","name":"Adriana Costa","image":{"@type":"ImageObject","inLanguage":"pt-BR","@id":"https:\/\/www.manaus.am.gov.br\/semcom\/#\/schema\/person\/image\/","url":"https:\/\/secure.gravatar.com\/avatar\/576258617ef7194f718179e766d57bd4?s=96&d=mm&r=g","contentUrl":"https:\/\/secure.gravatar.com\/avatar\/576258617ef7194f718179e766d57bd4?s=96&d=mm&r=g","caption":"Adriana Costa"}}]}},"_links":{"self":[{"href":"https:\/\/www.manaus.am.gov.br\/semcom\/wp-json\/wp\/v2\/posts\/253354"}],"collection":[{"href":"https:\/\/www.manaus.am.gov.br\/semcom\/wp-json\/wp\/v2\/posts"}],"about":[{"href":"https:\/\/www.manaus.am.gov.br\/semcom\/wp-json\/wp\/v2\/types\/post"}],"author":[{"embeddable":true,"href":"https:\/\/www.manaus.am.gov.br\/semcom\/wp-json\/wp\/v2\/users\/23"}],"replies":[{"embeddable":true,"href":"https:\/\/www.manaus.am.gov.br\/semcom\/wp-json\/wp\/v2\/comments?post=253354"}],"version-history":[{"count":1,"href":"https:\/\/www.manaus.am.gov.br\/semcom\/wp-json\/wp\/v2\/posts\/253354\/revisions"}],"predecessor-version":[{"id":253366,"href":"https:\/\/www.manaus.am.gov.br\/semcom\/wp-json\/wp\/v2\/posts\/253354\/revisions\/253366"}],"wp:featuredmedia":[{"embeddable":true,"href":"https:\/\/www.manaus.am.gov.br\/semcom\/wp-json\/wp\/v2\/media\/253355"}],"wp:attachment":[{"href":"https:\/\/www.manaus.am.gov.br\/semcom\/wp-json\/wp\/v2\/media?parent=253354"}],"wp:term":[{"taxonomy":"category","embeddable":true,"href":"https:\/\/www.manaus.am.gov.br\/semcom\/wp-json\/wp\/v2\/categories?post=253354"},{"taxonomy":"post_tag","embeddable":true,"href":"https:\/\/www.manaus.am.gov.br\/semcom\/wp-json\/wp\/v2\/tags?post=253354"}],"curies":[{"name":"wp","href":"https:\/\/api.w.org\/{rel}","templated":true}]}}