{"id":253332,"date":"2026-02-24T15:17:16","date_gmt":"2026-02-24T18:17:16","guid":{"rendered":"https:\/\/www.manaus.am.gov.br\/semcom\/comdema-edital-vagas-bienio-2026-2028\/"},"modified":"2026-02-24T16:24:49","modified_gmt":"2026-02-24T19:24:49","slug":"comdema-edital-vagas-bienio-2026-2028","status":"publish","type":"post","link":"https:\/\/www.manaus.am.gov.br\/semcom\/comdema-edital-vagas-bienio-2026-2028\/","title":{"rendered":"Comdema lan\u00e7a edital para o preenchimento de vagas para bi\u00eanio 2026-2028"},"content":{"rendered":"\n<p>O Conselho Municipal de Desenvolvimento e Meio Ambiente (Comdema), vinculado \u00e0 <a href=\"https:\/\/www.instagram.com\/semmas.manaus\/\">Secretaria Municipal de Meio Ambiente e Sustentabilidade<\/a> (Semmas), lan\u00e7ou o edital de convoca\u00e7\u00e3o para que representantes de Organiza\u00e7\u00f5es da Sociedade Civil (OSCs), associa\u00e7\u00f5es comunit\u00e1rias e comunidade t\u00e9cnico-cient\u00edfica se habilitem a ocupar assentos no colegiado para o bi\u00eanio 2026-2028.<\/p>\n\n\n\n<p>O Comdema \u00e9 um \u00f3rg\u00e3o colegiado, consultivo, normativo e deliberativo da administra\u00e7\u00e3o p\u00fablica municipal, presidido pelo titular da Semmas, Fransu\u00e1 Matos. O conselho promove a participa\u00e7\u00e3o direta da sociedade civil na formula\u00e7\u00e3o, fiscaliza\u00e7\u00e3o e acompanhamento das pol\u00edticas ambientais de Manaus.<\/p>\n\n\n\n<p>&#8220;Este \u00e9 um momento importante para que representantes da sociedade civil atuem na gest\u00e3o ambiental de Manaus, sendo conselheiros do Comdema&#8221;, destacou a secret\u00e1ria executiva do conselho, Griffth Duarte.<\/p>\n\n\n\n<p>O edital foi publicado na edi\u00e7\u00e3o n\u00b0 6.256, de 23 de fevereiro de 2026, do Di\u00e1rio Oficial do Munic\u00edpio (DOM). Nele, \u00e9 poss\u00edvel encontrar o formul\u00e1rio de inscri\u00e7\u00e3o e habilita\u00e7\u00e3o, o qual dever\u00e1 ser preenchido e entregue (em envelope endere\u00e7ado ao Comdema), junto ao protocolo da sede da Semmas, localizada na rua Rub\u00eddio, n\u00ba 288, bairro Vila da Prata, zona Oeste. O hor\u00e1rio de atendimento ao p\u00fablico \u00e9 das 8h \u00e0s 14h. O prazo para inscri\u00e7\u00e3o com o formul\u00e1rio \u00e9 at\u00e9 23\/3. O per\u00edodo de entrega de documentos ser\u00e1 de 23 a 27\/3.<\/p>\n\n\n\n<p>O preenchimento de vagas pela sociedade civil obedece ao crit\u00e9rio de ocupa\u00e7\u00e3o e participa\u00e7\u00e3o, que garante a todos os segmentos da sociedade o direito \u00e0 representa\u00e7\u00e3o no conselho, o qual contribui com a implementa\u00e7\u00e3o da pol\u00edtica ambiental do munic\u00edpio de Manaus.<\/p>\n\n\n\n<p>O Comdema possui 21 membros em sua forma\u00e7\u00e3o. Dentre suas atribui\u00e7\u00f5es est\u00e3o: cooperar com a formula\u00e7\u00e3o de pol\u00edticas ambientais e de desenvolvimento cient\u00edfico; analisar e julgar processos referentes a infra\u00e7\u00f5es ambientais, como \u00faltima inst\u00e2ncia administrativa; analisar propostas de projeto de lei de relev\u00e2ncia ambiental do Executivo municipal, dentre outras.<\/p>\n\n\n\n<p>&#8220;A participa\u00e7\u00e3o da popula\u00e7\u00e3o nas decis\u00f5es sobre processos ambientais junto aos t\u00e9cnicos \u00e9 fundamental para garantir que os interesses da sociedade sejam priorizados no colegiado&#8221;, concluiu Fransu\u00e1 Matos.<\/p>\n\n\n\n<p><strong><a href=\"https:\/\/www.manaus.am.gov.br\/semmas\/comdema\/editais\/\">Confira o edital e formul\u00e1rios<\/a><\/strong><\/p>\n\n\n\n<p>&#8212; &#8212; &#8212;<\/p>\n\n\n\n<p><strong>Texto \u2013 <\/strong>Taianna Castro\/Semmas<\/p>\n\n\n\n<p><strong>Foto \u2013 <\/strong>Divulga\u00e7\u00e3o\/Semmas<\/p>\n\n\n\n<p> <\/p>\n","protected":false},"excerpt":{"rendered":"","protected":false},"author":39,"featured_media":253333,"comment_status":"closed","ping_status":"closed","sticky":false,"template":"","format":"standard","meta":{"footnotes":""},"categories":[5728],"tags":[19478,19479,945,19480,77,19],"acf":[],"yoast_head":"<!-- This site is optimized with the Yoast SEO plugin v23.0 - https:\/\/yoast.com\/wordpress\/plugins\/seo\/ -->\n<title>Comdema lan\u00e7a edital para vagas para bi\u00eanio 2026-2028<\/title>\n<meta name=\"description\" content=\"Conselho Municipal de Desenvolvimento e Meio Ambiente (Comdema) lan\u00e7a edital para o preenchimento de vagas para bi\u00eanio 2026-2028.\" \/>\n<meta name=\"robots\" content=\"index, follow, max-snippet:-1, max-image-preview:large, max-video-preview:-1\" \/>\n<link rel=\"canonical\" href=\"https:\/\/www.manaus.am.gov.br\/semcom\/comdema-edital-vagas-bienio-2026-2028\/\" \/>\n<meta property=\"og:locale\" content=\"pt_BR\" \/>\n<meta property=\"og:type\" content=\"article\" \/>\n<meta property=\"og:title\" content=\"Comdema lan\u00e7a edital para vagas para bi\u00eanio 2026-2028\" \/>\n<meta property=\"og:description\" content=\"Conselho Municipal de Desenvolvimento e Meio Ambiente (Comdema) lan\u00e7a edital para o preenchimento de vagas para bi\u00eanio 2026-2028.\" \/>\n<meta property=\"og:url\" content=\"https:\/\/www.manaus.am.gov.br\/semcom\/comdema-edital-vagas-bienio-2026-2028\/\" \/>\n<meta property=\"og:site_name\" content=\"SEMCOM\" \/>\n<meta property=\"article:published_time\" content=\"2026-02-24T18:17:16+00:00\" \/>\n<meta property=\"article:modified_time\" content=\"2026-02-24T19:24:49+00:00\" \/>\n<meta property=\"og:image\" content=\"https:\/\/www.manaus.am.gov.br\/semcom\/wp-content\/uploads\/sites\/5\/2026\/02\/WhatsApp-Image-2026-02-24-at-14.05.02.jpeg\" \/>\n\t<meta property=\"og:image:width\" content=\"800\" \/>\n\t<meta property=\"og:image:height\" content=\"600\" \/>\n\t<meta property=\"og:image:type\" content=\"image\/jpeg\" \/>\n<meta name=\"author\" content=\"Bruna Greco\" \/>\n<meta name=\"twitter:card\" content=\"summary_large_image\" \/>\n<meta name=\"twitter:label1\" content=\"Written by\" \/>\n\t<meta name=\"twitter:data1\" content=\"Bruna Greco\" \/>\n\t<meta name=\"twitter:label2\" content=\"Est. reading time\" \/>\n\t<meta name=\"twitter:data2\" content=\"3 minutos\" \/>\n<script type=\"application\/ld+json\" class=\"yoast-schema-graph\">{\"@context\":\"https:\/\/schema.org\",\"@graph\":[{\"@type\":\"WebPage\",\"@id\":\"https:\/\/www.manaus.am.gov.br\/semcom\/comdema-edital-vagas-bienio-2026-2028\/\",\"url\":\"https:\/\/www.manaus.am.gov.br\/semcom\/comdema-edital-vagas-bienio-2026-2028\/\",\"name\":\"Comdema lan\u00e7a edital para vagas para bi\u00eanio 2026-2028\",\"isPartOf\":{\"@id\":\"https:\/\/www.manaus.am.gov.br\/semcom\/#website\"},\"primaryImageOfPage\":{\"@id\":\"https:\/\/www.manaus.am.gov.br\/semcom\/comdema-edital-vagas-bienio-2026-2028\/#primaryimage\"},\"image\":{\"@id\":\"https:\/\/www.manaus.am.gov.br\/semcom\/comdema-edital-vagas-bienio-2026-2028\/#primaryimage\"},\"thumbnailUrl\":\"https:\/\/www.manaus.am.gov.br\/semcom\/wp-content\/uploads\/sites\/5\/2026\/02\/WhatsApp-Image-2026-02-24-at-14.05.02.jpeg\",\"datePublished\":\"2026-02-24T18:17:16+00:00\",\"dateModified\":\"2026-02-24T19:24:49+00:00\",\"author\":{\"@id\":\"https:\/\/www.manaus.am.gov.br\/semcom\/#\/schema\/person\/05d223aea2bf115f9883a6ff3683d81b\"},\"description\":\"Conselho Municipal de Desenvolvimento e Meio Ambiente (Comdema) lan\u00e7a edital para o preenchimento de vagas para bi\u00eanio 2026-2028.\",\"inLanguage\":\"pt-BR\",\"potentialAction\":[{\"@type\":\"ReadAction\",\"target\":[\"https:\/\/www.manaus.am.gov.br\/semcom\/comdema-edital-vagas-bienio-2026-2028\/\"]}]},{\"@type\":\"ImageObject\",\"inLanguage\":\"pt-BR\",\"@id\":\"https:\/\/www.manaus.am.gov.br\/semcom\/comdema-edital-vagas-bienio-2026-2028\/#primaryimage\",\"url\":\"https:\/\/www.manaus.am.gov.br\/semcom\/wp-content\/uploads\/sites\/5\/2026\/02\/WhatsApp-Image-2026-02-24-at-14.05.02.jpeg\",\"contentUrl\":\"https:\/\/www.manaus.am.gov.br\/semcom\/wp-content\/uploads\/sites\/5\/2026\/02\/WhatsApp-Image-2026-02-24-at-14.05.02.jpeg\",\"width\":800,\"height\":600,\"caption\":\"#paratodosverem - Titular da Semmas, Fransu\u00e1 Matos, discursando durante reuni\u00e3o do Comdema\"},{\"@type\":\"WebSite\",\"@id\":\"https:\/\/www.manaus.am.gov.br\/semcom\/#website\",\"url\":\"https:\/\/www.manaus.am.gov.br\/semcom\/\",\"name\":\"SEMCOM\",\"description\":\"Secretaria Municipal de Comunica\u00e7\u00e3o\",\"potentialAction\":[{\"@type\":\"SearchAction\",\"target\":{\"@type\":\"EntryPoint\",\"urlTemplate\":\"https:\/\/www.manaus.am.gov.br\/semcom\/?s={search_term_string}\"},\"query-input\":\"required name=search_term_string\"}],\"inLanguage\":\"pt-BR\"},{\"@type\":\"Person\",\"@id\":\"https:\/\/www.manaus.am.gov.br\/semcom\/#\/schema\/person\/05d223aea2bf115f9883a6ff3683d81b\",\"name\":\"Bruna Greco\",\"image\":{\"@type\":\"ImageObject\",\"inLanguage\":\"pt-BR\",\"@id\":\"https:\/\/www.manaus.am.gov.br\/semcom\/#\/schema\/person\/image\/\",\"url\":\"https:\/\/secure.gravatar.com\/avatar\/9c877d1a6adc2a055330e5c09a8653ce?s=96&d=mm&r=g\",\"contentUrl\":\"https:\/\/secure.gravatar.com\/avatar\/9c877d1a6adc2a055330e5c09a8653ce?s=96&d=mm&r=g\",\"caption\":\"Bruna Greco\"}}]}<\/script>\n<!-- \/ Yoast SEO plugin. -->","yoast_head_json":{"title":"Comdema lan\u00e7a edital para vagas para bi\u00eanio 2026-2028","description":"Conselho Municipal de Desenvolvimento e Meio Ambiente (Comdema) lan\u00e7a edital para o preenchimento de vagas para bi\u00eanio 2026-2028.","robots":{"index":"index","follow":"follow","max-snippet":"max-snippet:-1","max-image-preview":"max-image-preview:large","max-video-preview":"max-video-preview:-1"},"canonical":"https:\/\/www.manaus.am.gov.br\/semcom\/comdema-edital-vagas-bienio-2026-2028\/","og_locale":"pt_BR","og_type":"article","og_title":"Comdema lan\u00e7a edital para vagas para bi\u00eanio 2026-2028","og_description":"Conselho Municipal de Desenvolvimento e Meio Ambiente (Comdema) lan\u00e7a edital para o preenchimento de vagas para bi\u00eanio 2026-2028.","og_url":"https:\/\/www.manaus.am.gov.br\/semcom\/comdema-edital-vagas-bienio-2026-2028\/","og_site_name":"SEMCOM","article_published_time":"2026-02-24T18:17:16+00:00","article_modified_time":"2026-02-24T19:24:49+00:00","og_image":[{"width":800,"height":600,"url":"https:\/\/www.manaus.am.gov.br\/semcom\/wp-content\/uploads\/sites\/5\/2026\/02\/WhatsApp-Image-2026-02-24-at-14.05.02.jpeg","type":"image\/jpeg"}],"author":"Bruna Greco","twitter_card":"summary_large_image","twitter_misc":{"Written by":"Bruna Greco","Est. reading time":"3 minutos"},"schema":{"@context":"https:\/\/schema.org","@graph":[{"@type":"WebPage","@id":"https:\/\/www.manaus.am.gov.br\/semcom\/comdema-edital-vagas-bienio-2026-2028\/","url":"https:\/\/www.manaus.am.gov.br\/semcom\/comdema-edital-vagas-bienio-2026-2028\/","name":"Comdema lan\u00e7a edital para vagas para bi\u00eanio 2026-2028","isPartOf":{"@id":"https:\/\/www.manaus.am.gov.br\/semcom\/#website"},"primaryImageOfPage":{"@id":"https:\/\/www.manaus.am.gov.br\/semcom\/comdema-edital-vagas-bienio-2026-2028\/#primaryimage"},"image":{"@id":"https:\/\/www.manaus.am.gov.br\/semcom\/comdema-edital-vagas-bienio-2026-2028\/#primaryimage"},"thumbnailUrl":"https:\/\/www.manaus.am.gov.br\/semcom\/wp-content\/uploads\/sites\/5\/2026\/02\/WhatsApp-Image-2026-02-24-at-14.05.02.jpeg","datePublished":"2026-02-24T18:17:16+00:00","dateModified":"2026-02-24T19:24:49+00:00","author":{"@id":"https:\/\/www.manaus.am.gov.br\/semcom\/#\/schema\/person\/05d223aea2bf115f9883a6ff3683d81b"},"description":"Conselho Municipal de Desenvolvimento e Meio Ambiente (Comdema) lan\u00e7a edital para o preenchimento de vagas para bi\u00eanio 2026-2028.","inLanguage":"pt-BR","potentialAction":[{"@type":"ReadAction","target":["https:\/\/www.manaus.am.gov.br\/semcom\/comdema-edital-vagas-bienio-2026-2028\/"]}]},{"@type":"ImageObject","inLanguage":"pt-BR","@id":"https:\/\/www.manaus.am.gov.br\/semcom\/comdema-edital-vagas-bienio-2026-2028\/#primaryimage","url":"https:\/\/www.manaus.am.gov.br\/semcom\/wp-content\/uploads\/sites\/5\/2026\/02\/WhatsApp-Image-2026-02-24-at-14.05.02.jpeg","contentUrl":"https:\/\/www.manaus.am.gov.br\/semcom\/wp-content\/uploads\/sites\/5\/2026\/02\/WhatsApp-Image-2026-02-24-at-14.05.02.jpeg","width":800,"height":600,"caption":"#paratodosverem - Titular da Semmas, Fransu\u00e1 Matos, discursando durante reuni\u00e3o do Comdema"},{"@type":"WebSite","@id":"https:\/\/www.manaus.am.gov.br\/semcom\/#website","url":"https:\/\/www.manaus.am.gov.br\/semcom\/","name":"SEMCOM","description":"Secretaria Municipal de Comunica\u00e7\u00e3o","potentialAction":[{"@type":"SearchAction","target":{"@type":"EntryPoint","urlTemplate":"https:\/\/www.manaus.am.gov.br\/semcom\/?s={search_term_string}"},"query-input":"required name=search_term_string"}],"inLanguage":"pt-BR"},{"@type":"Person","@id":"https:\/\/www.manaus.am.gov.br\/semcom\/#\/schema\/person\/05d223aea2bf115f9883a6ff3683d81b","name":"Bruna Greco","image":{"@type":"ImageObject","inLanguage":"pt-BR","@id":"https:\/\/www.manaus.am.gov.br\/semcom\/#\/schema\/person\/image\/","url":"https:\/\/secure.gravatar.com\/avatar\/9c877d1a6adc2a055330e5c09a8653ce?s=96&d=mm&r=g","contentUrl":"https:\/\/secure.gravatar.com\/avatar\/9c877d1a6adc2a055330e5c09a8653ce?s=96&d=mm&r=g","caption":"Bruna Greco"}}]}},"_links":{"self":[{"href":"https:\/\/www.manaus.am.gov.br\/semcom\/wp-json\/wp\/v2\/posts\/253332"}],"collection":[{"href":"https:\/\/www.manaus.am.gov.br\/semcom\/wp-json\/wp\/v2\/posts"}],"about":[{"href":"https:\/\/www.manaus.am.gov.br\/semcom\/wp-json\/wp\/v2\/types\/post"}],"author":[{"embeddable":true,"href":"https:\/\/www.manaus.am.gov.br\/semcom\/wp-json\/wp\/v2\/users\/39"}],"replies":[{"embeddable":true,"href":"https:\/\/www.manaus.am.gov.br\/semcom\/wp-json\/wp\/v2\/comments?post=253332"}],"version-history":[{"count":3,"href":"https:\/\/www.manaus.am.gov.br\/semcom\/wp-json\/wp\/v2\/posts\/253332\/revisions"}],"predecessor-version":[{"id":253360,"href":"https:\/\/www.manaus.am.gov.br\/semcom\/wp-json\/wp\/v2\/posts\/253332\/revisions\/253360"}],"wp:featuredmedia":[{"embeddable":true,"href":"https:\/\/www.manaus.am.gov.br\/semcom\/wp-json\/wp\/v2\/media\/253333"}],"wp:attachment":[{"href":"https:\/\/www.manaus.am.gov.br\/semcom\/wp-json\/wp\/v2\/media?parent=253332"}],"wp:term":[{"taxonomy":"category","embeddable":true,"href":"https:\/\/www.manaus.am.gov.br\/semcom\/wp-json\/wp\/v2\/categories?post=253332"},{"taxonomy":"post_tag","embeddable":true,"href":"https:\/\/www.manaus.am.gov.br\/semcom\/wp-json\/wp\/v2\/tags?post=253332"}],"curies":[{"name":"wp","href":"https:\/\/api.w.org\/{rel}","templated":true}]}}