{"id":253221,"date":"2026-02-20T17:38:52","date_gmt":"2026-02-20T21:38:52","guid":{"rendered":"https:\/\/www.manaus.am.gov.br\/semcom\/14a-ecobarreira-manaus\/"},"modified":"2026-02-23T11:08:47","modified_gmt":"2026-02-23T14:08:47","slug":"14a-ecobarreira-manaus","status":"publish","type":"post","link":"https:\/\/www.manaus.am.gov.br\/semcom\/14a-ecobarreira-manaus\/","title":{"rendered":"Nova ecobarreira da Prefeitura de Manaus impede 40 toneladas de lixo no rio Negro uma semana depois de instalada"},"content":{"rendered":"\n<p>A 14\u00aa ecobarreira de Manaus j\u00e1 mostra, na pr\u00e1tica, sua import\u00e2ncia estrat\u00e9gica para a prote\u00e7\u00e3o do rio Negro uma semana depois de instalada. A primeira limpeza da estrutura foi realizada nesta sexta-feira, 20\/2, pela <a href=\"https:\/\/www.instagram.com\/prefeiturademanaus\/\">Prefeitura de Manaus,<\/a> por meio da Secretaria Municipal de Limpeza Urbana <a href=\"https:\/\/www.manaus.am.gov.br\/\">(Semulsp)<\/a>, com a retirada de cerca de 40 toneladas de res\u00edduos s\u00f3lidos que deixaram de seguir para o principal rio da capital.<br><br>A ecobarreira foi implantada na \u00faltima sexta-feira, 13 de fevereiro, em um ponto considerado cr\u00edtico no bairro Educandos, zona Sul da cidade. O trecho recebe as \u00e1guas do igarap\u00e9 do 40, do igarap\u00e9 do S\u00e3o Francisco e do igarap\u00e9 do Mestre Chico, concentrando grande volume de lixo transportado pelas chuvas.<br><br>A estrutura funciona como uma barreira flutuante de conten\u00e7\u00e3o. Ela n\u00e3o reduz o lixo gerado nos igarap\u00e9s, mas intercepta os res\u00edduos carregados pela correnteza, impedindo que avancem at\u00e9 o rio Negro.<br><br>Ap\u00f3s a reten\u00e7\u00e3o, o material \u00e9 recolhido pelas equipes operacionais e encaminhado para destina\u00e7\u00e3o ambientalmente adequada no aterro sanit\u00e1rio municipal.<\/p>\n\n\n\n<figure class=\"wp-block-image size-full\"><img loading=\"lazy\" decoding=\"async\" width=\"960\" height=\"963\" src=\"https:\/\/www.manaus.am.gov.br\/semcom\/wp-content\/uploads\/sites\/5\/2026\/02\/WhatsApp-Image-2026-02-20-at-13.10.17-2.jpeg\" alt=\"\" class=\"wp-image-253222\" srcset=\"https:\/\/www.manaus.am.gov.br\/semcom\/wp-content\/uploads\/sites\/5\/2026\/02\/WhatsApp-Image-2026-02-20-at-13.10.17-2.jpeg 960w, https:\/\/www.manaus.am.gov.br\/semcom\/wp-content\/uploads\/sites\/5\/2026\/02\/WhatsApp-Image-2026-02-20-at-13.10.17-2-300x300.jpeg 300w, https:\/\/www.manaus.am.gov.br\/semcom\/wp-content\/uploads\/sites\/5\/2026\/02\/WhatsApp-Image-2026-02-20-at-13.10.17-2-150x150.jpeg 150w, https:\/\/www.manaus.am.gov.br\/semcom\/wp-content\/uploads\/sites\/5\/2026\/02\/WhatsApp-Image-2026-02-20-at-13.10.17-2-768x770.jpeg 768w\" sizes=\"(max-width: 960px) 100vw, 960px\" \/><figcaption class=\"wp-element-caption\">#paratodosverem &#8211; Equipes da Semulsp realizando limpeza da ecobarreira<\/figcaption><\/figure>\n\n\n\n<p>O secret\u00e1rio municipal de Limpeza Urbana, Sab\u00e1 Reis, destacou que o resultado da primeira semana refor\u00e7a a efic\u00e1cia da pol\u00edtica ambiental adotada pela prefeitura.<br><br>\u201cEm apenas sete dias, 40 toneladas deixaram de chegar ao rio Negro. Isso mostra que a ecobarreira cumpre um papel fundamental como prote\u00e7\u00e3o ambiental. Estamos criando uma linha final de defesa para o nosso rio, especialmente no per\u00edodo de chuvas, quando o volume de res\u00edduos aumenta significativamente\u201d, afirmou.<br><br><strong>Rede reteve 378 toneladas em janeiro<br><br><\/strong>Com a nova instala\u00e7\u00e3o, Manaus passa a contar com 14 ecobarreiras distribu\u00eddas em pontos estrat\u00e9gicos da cidade. O sistema integra a pol\u00edtica permanente de enfrentamento ao descarte irregular e de prote\u00e7\u00e3o dos cursos d\u2019\u00e1gua urbanos.<br><br>Somente em janeiro, as ecobarreiras da capital retiveram 378 toneladas de res\u00edduos s\u00f3lidos levados pelas \u00e1guas at\u00e9 os igarap\u00e9s. Sem essas estruturas, todo esse volume teria avan\u00e7ado para o rio Negro.<br><br><strong>Res\u00edduos incluem animais descartados irregularmente<br><br><\/strong>Durante a primeira limpeza realizada nesta sexta-feira, as equipes tamb\u00e9m identificaram e removeram tr\u00eas cad\u00e1veres de animais dom\u00e9sticos, dois gatos e um cachorro, que ficaram retidos na ecobarreira.<br><br>Os animais foram encaminhados ao cremat\u00f3rio municipal, onde receberam destina\u00e7\u00e3o adequada, conforme os protocolos sanit\u00e1rios vigentes.<br><br>A Prefeitura de Manaus disponibiliza gratuitamente o servi\u00e7o de crema\u00e7\u00e3o de pets. O atendimento pode ser solicitado pelo n\u00famero (92) 9 9164-3555, de segunda a sexta-feira, das 7h \u00e0s 16h. A gest\u00e3o refor\u00e7a que o descarte correto evita impactos ambientais, riscos sanit\u00e1rios e situa\u00e7\u00f5es de desrespeito aos cursos d\u2019\u00e1gua da cidade.<br><br><strong>Prote\u00e7\u00e3o ambiental e responsabilidade coletiva<br><br><\/strong>Al\u00e9m de proteger o rio Negro, um dos pilares ambientais mais importantes da Amaz\u00f4nia, as ecobarreiras contribuem para reduzir a polui\u00e7\u00e3o h\u00eddrica, preservar a biodiversidade e minimizar impactos \u00e0 navega\u00e7\u00e3o.<br><br>Para Sab\u00e1 Reis, a estrutura \u00e9 uma medida de conten\u00e7\u00e3o necess\u00e1ria, mas n\u00e3o substitui a conscientiza\u00e7\u00e3o.<br><br>\u201cA ecobarreira protege o rio Negro, mas o ideal \u00e9 que o lixo n\u00e3o chegue aos igarap\u00e9s. Precisamos continuar investindo em educa\u00e7\u00e3o ambiental e no descarte correto. A estrutura segura o que j\u00e1 foi descartado, mas a mudan\u00e7a de comportamento \u00e9 o passo mais importante\u201d, refor\u00e7ou.<br><br>J\u00e1 na primeira limpeza, a 14\u00aa ecobarreira confirma seu papel estrat\u00e9gico como instrumento de prote\u00e7\u00e3o ambiental, uma barreira f\u00edsica que impede que toneladas de res\u00edduos urbanos avancem pelas \u00e1guas at\u00e9 o rio Negro.<\/p>\n\n\n\n<p>\u2014- \u2014- \u2014-<br><strong>Texto &#8211; <\/strong>Dora Tupinamb\u00e1 \/Semulsp<br><strong>Fotos &#8211; <\/strong>Guilherme Pinto \/Semulsp<\/p>\n","protected":false},"excerpt":{"rendered":"","protected":false},"author":68,"featured_media":253223,"comment_status":"closed","ping_status":"closed","sticky":false,"template":"","format":"standard","meta":{"footnotes":""},"categories":[134],"tags":[19451,77,19452,301],"acf":[],"yoast_head":"<!-- This site is optimized with the Yoast SEO plugin v23.0 - https:\/\/yoast.com\/wordpress\/plugins\/seo\/ -->\n<title>14\u00aa ecobarreira da PMM impede 40 toneladas de lixo no rio Negro<\/title>\n<meta name=\"description\" content=\"A 14\u00aa ecobarreira de Manaus j\u00e1 mostra, na pr\u00e1tica, sua import\u00e2ncia estrat\u00e9gica para a prote\u00e7\u00e3o do rio Negro uma semana depois de instalada.\" \/>\n<meta name=\"robots\" content=\"index, follow, max-snippet:-1, max-image-preview:large, max-video-preview:-1\" \/>\n<link rel=\"canonical\" href=\"https:\/\/www.manaus.am.gov.br\/semcom\/14a-ecobarreira-manaus\/\" \/>\n<meta property=\"og:locale\" content=\"pt_BR\" \/>\n<meta property=\"og:type\" content=\"article\" \/>\n<meta property=\"og:title\" content=\"14\u00aa ecobarreira da PMM impede 40 toneladas de lixo no rio Negro\" \/>\n<meta property=\"og:description\" content=\"A 14\u00aa ecobarreira de Manaus j\u00e1 mostra, na pr\u00e1tica, sua import\u00e2ncia estrat\u00e9gica para a prote\u00e7\u00e3o do rio Negro uma semana depois de instalada.\" \/>\n<meta property=\"og:url\" content=\"https:\/\/www.manaus.am.gov.br\/semcom\/14a-ecobarreira-manaus\/\" \/>\n<meta property=\"og:site_name\" content=\"SEMCOM\" \/>\n<meta property=\"article:published_time\" content=\"2026-02-20T21:38:52+00:00\" \/>\n<meta property=\"article:modified_time\" content=\"2026-02-23T14:08:47+00:00\" \/>\n<meta property=\"og:image\" content=\"https:\/\/www.manaus.am.gov.br\/semcom\/wp-content\/uploads\/sites\/5\/2026\/02\/WhatsApp-Image-2026-02-20-at-13.10.17.jpeg\" \/>\n\t<meta property=\"og:image:width\" content=\"1280\" \/>\n\t<meta property=\"og:image:height\" content=\"960\" \/>\n\t<meta property=\"og:image:type\" content=\"image\/jpeg\" \/>\n<meta name=\"author\" content=\"bvalente\" \/>\n<meta name=\"twitter:card\" content=\"summary_large_image\" \/>\n<meta name=\"twitter:label1\" content=\"Written by\" \/>\n\t<meta name=\"twitter:data1\" content=\"bvalente\" \/>\n\t<meta name=\"twitter:label2\" content=\"Est. reading time\" \/>\n\t<meta name=\"twitter:data2\" content=\"4 minutos\" \/>\n<script type=\"application\/ld+json\" class=\"yoast-schema-graph\">{\"@context\":\"https:\/\/schema.org\",\"@graph\":[{\"@type\":\"WebPage\",\"@id\":\"https:\/\/www.manaus.am.gov.br\/semcom\/14a-ecobarreira-manaus\/\",\"url\":\"https:\/\/www.manaus.am.gov.br\/semcom\/14a-ecobarreira-manaus\/\",\"name\":\"14\u00aa ecobarreira da PMM impede 40 toneladas de lixo no rio Negro\",\"isPartOf\":{\"@id\":\"https:\/\/www.manaus.am.gov.br\/semcom\/#website\"},\"primaryImageOfPage\":{\"@id\":\"https:\/\/www.manaus.am.gov.br\/semcom\/14a-ecobarreira-manaus\/#primaryimage\"},\"image\":{\"@id\":\"https:\/\/www.manaus.am.gov.br\/semcom\/14a-ecobarreira-manaus\/#primaryimage\"},\"thumbnailUrl\":\"https:\/\/www.manaus.am.gov.br\/semcom\/wp-content\/uploads\/sites\/5\/2026\/02\/WhatsApp-Image-2026-02-20-at-13.10.17.jpeg\",\"datePublished\":\"2026-02-20T21:38:52+00:00\",\"dateModified\":\"2026-02-23T14:08:47+00:00\",\"author\":{\"@id\":\"https:\/\/www.manaus.am.gov.br\/semcom\/#\/schema\/person\/466a0e03ae4b6062809046bd560ac955\"},\"description\":\"A 14\u00aa ecobarreira de Manaus j\u00e1 mostra, na pr\u00e1tica, sua import\u00e2ncia estrat\u00e9gica para a prote\u00e7\u00e3o do rio Negro uma semana depois de instalada.\",\"inLanguage\":\"pt-BR\",\"potentialAction\":[{\"@type\":\"ReadAction\",\"target\":[\"https:\/\/www.manaus.am.gov.br\/semcom\/14a-ecobarreira-manaus\/\"]}]},{\"@type\":\"ImageObject\",\"inLanguage\":\"pt-BR\",\"@id\":\"https:\/\/www.manaus.am.gov.br\/semcom\/14a-ecobarreira-manaus\/#primaryimage\",\"url\":\"https:\/\/www.manaus.am.gov.br\/semcom\/wp-content\/uploads\/sites\/5\/2026\/02\/WhatsApp-Image-2026-02-20-at-13.10.17.jpeg\",\"contentUrl\":\"https:\/\/www.manaus.am.gov.br\/semcom\/wp-content\/uploads\/sites\/5\/2026\/02\/WhatsApp-Image-2026-02-20-at-13.10.17.jpeg\",\"width\":1280,\"height\":960,\"caption\":\"#paratodosverem - Equipes da Semulsp realizando limpeza da ecobarreira\"},{\"@type\":\"WebSite\",\"@id\":\"https:\/\/www.manaus.am.gov.br\/semcom\/#website\",\"url\":\"https:\/\/www.manaus.am.gov.br\/semcom\/\",\"name\":\"SEMCOM\",\"description\":\"Secretaria Municipal de Comunica\u00e7\u00e3o\",\"potentialAction\":[{\"@type\":\"SearchAction\",\"target\":{\"@type\":\"EntryPoint\",\"urlTemplate\":\"https:\/\/www.manaus.am.gov.br\/semcom\/?s={search_term_string}\"},\"query-input\":\"required name=search_term_string\"}],\"inLanguage\":\"pt-BR\"},{\"@type\":\"Person\",\"@id\":\"https:\/\/www.manaus.am.gov.br\/semcom\/#\/schema\/person\/466a0e03ae4b6062809046bd560ac955\",\"name\":\"bvalente\",\"image\":{\"@type\":\"ImageObject\",\"inLanguage\":\"pt-BR\",\"@id\":\"https:\/\/www.manaus.am.gov.br\/semcom\/#\/schema\/person\/image\/\",\"url\":\"https:\/\/secure.gravatar.com\/avatar\/3e69bc2b014bdad41adfec3a39de07d2?s=96&d=mm&r=g\",\"contentUrl\":\"https:\/\/secure.gravatar.com\/avatar\/3e69bc2b014bdad41adfec3a39de07d2?s=96&d=mm&r=g\",\"caption\":\"bvalente\"}}]}<\/script>\n<!-- \/ Yoast SEO plugin. -->","yoast_head_json":{"title":"14\u00aa ecobarreira da PMM impede 40 toneladas de lixo no rio Negro","description":"A 14\u00aa ecobarreira de Manaus j\u00e1 mostra, na pr\u00e1tica, sua import\u00e2ncia estrat\u00e9gica para a prote\u00e7\u00e3o do rio Negro uma semana depois de instalada.","robots":{"index":"index","follow":"follow","max-snippet":"max-snippet:-1","max-image-preview":"max-image-preview:large","max-video-preview":"max-video-preview:-1"},"canonical":"https:\/\/www.manaus.am.gov.br\/semcom\/14a-ecobarreira-manaus\/","og_locale":"pt_BR","og_type":"article","og_title":"14\u00aa ecobarreira da PMM impede 40 toneladas de lixo no rio Negro","og_description":"A 14\u00aa ecobarreira de Manaus j\u00e1 mostra, na pr\u00e1tica, sua import\u00e2ncia estrat\u00e9gica para a prote\u00e7\u00e3o do rio Negro uma semana depois de instalada.","og_url":"https:\/\/www.manaus.am.gov.br\/semcom\/14a-ecobarreira-manaus\/","og_site_name":"SEMCOM","article_published_time":"2026-02-20T21:38:52+00:00","article_modified_time":"2026-02-23T14:08:47+00:00","og_image":[{"width":1280,"height":960,"url":"https:\/\/www.manaus.am.gov.br\/semcom\/wp-content\/uploads\/sites\/5\/2026\/02\/WhatsApp-Image-2026-02-20-at-13.10.17.jpeg","type":"image\/jpeg"}],"author":"bvalente","twitter_card":"summary_large_image","twitter_misc":{"Written by":"bvalente","Est. reading time":"4 minutos"},"schema":{"@context":"https:\/\/schema.org","@graph":[{"@type":"WebPage","@id":"https:\/\/www.manaus.am.gov.br\/semcom\/14a-ecobarreira-manaus\/","url":"https:\/\/www.manaus.am.gov.br\/semcom\/14a-ecobarreira-manaus\/","name":"14\u00aa ecobarreira da PMM impede 40 toneladas de lixo no rio Negro","isPartOf":{"@id":"https:\/\/www.manaus.am.gov.br\/semcom\/#website"},"primaryImageOfPage":{"@id":"https:\/\/www.manaus.am.gov.br\/semcom\/14a-ecobarreira-manaus\/#primaryimage"},"image":{"@id":"https:\/\/www.manaus.am.gov.br\/semcom\/14a-ecobarreira-manaus\/#primaryimage"},"thumbnailUrl":"https:\/\/www.manaus.am.gov.br\/semcom\/wp-content\/uploads\/sites\/5\/2026\/02\/WhatsApp-Image-2026-02-20-at-13.10.17.jpeg","datePublished":"2026-02-20T21:38:52+00:00","dateModified":"2026-02-23T14:08:47+00:00","author":{"@id":"https:\/\/www.manaus.am.gov.br\/semcom\/#\/schema\/person\/466a0e03ae4b6062809046bd560ac955"},"description":"A 14\u00aa ecobarreira de Manaus j\u00e1 mostra, na pr\u00e1tica, sua import\u00e2ncia estrat\u00e9gica para a prote\u00e7\u00e3o do rio Negro uma semana depois de instalada.","inLanguage":"pt-BR","potentialAction":[{"@type":"ReadAction","target":["https:\/\/www.manaus.am.gov.br\/semcom\/14a-ecobarreira-manaus\/"]}]},{"@type":"ImageObject","inLanguage":"pt-BR","@id":"https:\/\/www.manaus.am.gov.br\/semcom\/14a-ecobarreira-manaus\/#primaryimage","url":"https:\/\/www.manaus.am.gov.br\/semcom\/wp-content\/uploads\/sites\/5\/2026\/02\/WhatsApp-Image-2026-02-20-at-13.10.17.jpeg","contentUrl":"https:\/\/www.manaus.am.gov.br\/semcom\/wp-content\/uploads\/sites\/5\/2026\/02\/WhatsApp-Image-2026-02-20-at-13.10.17.jpeg","width":1280,"height":960,"caption":"#paratodosverem - Equipes da Semulsp realizando limpeza da ecobarreira"},{"@type":"WebSite","@id":"https:\/\/www.manaus.am.gov.br\/semcom\/#website","url":"https:\/\/www.manaus.am.gov.br\/semcom\/","name":"SEMCOM","description":"Secretaria Municipal de Comunica\u00e7\u00e3o","potentialAction":[{"@type":"SearchAction","target":{"@type":"EntryPoint","urlTemplate":"https:\/\/www.manaus.am.gov.br\/semcom\/?s={search_term_string}"},"query-input":"required name=search_term_string"}],"inLanguage":"pt-BR"},{"@type":"Person","@id":"https:\/\/www.manaus.am.gov.br\/semcom\/#\/schema\/person\/466a0e03ae4b6062809046bd560ac955","name":"bvalente","image":{"@type":"ImageObject","inLanguage":"pt-BR","@id":"https:\/\/www.manaus.am.gov.br\/semcom\/#\/schema\/person\/image\/","url":"https:\/\/secure.gravatar.com\/avatar\/3e69bc2b014bdad41adfec3a39de07d2?s=96&d=mm&r=g","contentUrl":"https:\/\/secure.gravatar.com\/avatar\/3e69bc2b014bdad41adfec3a39de07d2?s=96&d=mm&r=g","caption":"bvalente"}}]}},"_links":{"self":[{"href":"https:\/\/www.manaus.am.gov.br\/semcom\/wp-json\/wp\/v2\/posts\/253221"}],"collection":[{"href":"https:\/\/www.manaus.am.gov.br\/semcom\/wp-json\/wp\/v2\/posts"}],"about":[{"href":"https:\/\/www.manaus.am.gov.br\/semcom\/wp-json\/wp\/v2\/types\/post"}],"author":[{"embeddable":true,"href":"https:\/\/www.manaus.am.gov.br\/semcom\/wp-json\/wp\/v2\/users\/68"}],"replies":[{"embeddable":true,"href":"https:\/\/www.manaus.am.gov.br\/semcom\/wp-json\/wp\/v2\/comments?post=253221"}],"version-history":[{"count":3,"href":"https:\/\/www.manaus.am.gov.br\/semcom\/wp-json\/wp\/v2\/posts\/253221\/revisions"}],"predecessor-version":[{"id":253272,"href":"https:\/\/www.manaus.am.gov.br\/semcom\/wp-json\/wp\/v2\/posts\/253221\/revisions\/253272"}],"wp:featuredmedia":[{"embeddable":true,"href":"https:\/\/www.manaus.am.gov.br\/semcom\/wp-json\/wp\/v2\/media\/253223"}],"wp:attachment":[{"href":"https:\/\/www.manaus.am.gov.br\/semcom\/wp-json\/wp\/v2\/media?parent=253221"}],"wp:term":[{"taxonomy":"category","embeddable":true,"href":"https:\/\/www.manaus.am.gov.br\/semcom\/wp-json\/wp\/v2\/categories?post=253221"},{"taxonomy":"post_tag","embeddable":true,"href":"https:\/\/www.manaus.am.gov.br\/semcom\/wp-json\/wp\/v2\/tags?post=253221"}],"curies":[{"name":"wp","href":"https:\/\/api.w.org\/{rel}","templated":true}]}}