{"id":253210,"date":"2026-02-20T17:04:09","date_gmt":"2026-02-20T20:04:09","guid":{"rendered":"https:\/\/www.manaus.am.gov.br\/semcom\/execucao-e-recomposicao-de-vias\/"},"modified":"2026-02-23T11:13:00","modified_gmt":"2026-02-23T14:13:00","slug":"execucao-e-recomposicao-de-vias","status":"publish","type":"post","link":"https:\/\/www.manaus.am.gov.br\/semcom\/execucao-e-recomposicao-de-vias\/","title":{"rendered":"Ageman refor\u00e7a que qualidade deve preceder expans\u00e3o das obras de esgoto"},"content":{"rendered":"\n<p>A Ag\u00eancia Reguladora dos Servi\u00e7os P\u00fablicos Delegados do Munic\u00edpio de Manaus <a href=\"https:\/\/www.manaus.am.gov.br\/\">(Ageman)<\/a> refor\u00e7ou, na quinta-feira, 19\/2, que a qualidade na execu\u00e7\u00e3o e na recomposi\u00e7\u00e3o das vias deve preceder qualquer avan\u00e7o nas obras de expans\u00e3o da rede de esgotamento sanit\u00e1rio na capital. Durante reuni\u00e3o com a concession\u00e1ria \u00c1guas de Manaus, a Ag\u00eancia cobrou a corre\u00e7\u00e3o imediata das n\u00e3o conformidades j\u00e1 identificadas, especialmente diante da intensifica\u00e7\u00e3o do per\u00edodo chuvoso, que tem ampliado os transtornos \u00e0 popula\u00e7\u00e3o.<\/p>\n\n\n\n<p>O encontro reuniu t\u00e9cnicos da Ageman e representantes da concession\u00e1ria para alinhar o cronograma de conclus\u00e3o dos servi\u00e7os relacionados \u00e0 implanta\u00e7\u00e3o das novas redes do programa &#8220;Trata Bem Manaus&#8221;. Com o aumento das chuvas, trechos que ainda apresentam falhas na recomposi\u00e7\u00e3o asf\u00e1ltica t\u00eam gerado impactos significativos para motoristas e pedestres.<\/p>\n\n\n\n<p>Durante a reuni\u00e3o, o diretor-presidente da Ageman, Elson Andrade, enfatizou que a concession\u00e1ria deve priorizar a qualidade dos servi\u00e7os executados, sobretudo na recomposi\u00e7\u00e3o do asfalto nos locais onde houve interven\u00e7\u00e3o para implanta\u00e7\u00e3o das redes de esgoto. Ele tamb\u00e9m solicitou aten\u00e7\u00e3o especial \u00e0 corre\u00e7\u00e3o de vazamentos na rede de abastecimento de \u00e1gua, principalmente em vias que j\u00e1 passaram por recapeamento realizado pela Prefeitura de Manaus.<\/p>\n\n\n\n<p>\u201cN\u00f3s estamos todos os dias nas ruas fiscalizando e h\u00e1 v\u00e1rios casos que j\u00e1 foram alvo de vistoria da Ageman e ainda precisam ser corrigidos. N\u00e3o h\u00e1 como a empresa querer avan\u00e7ar para outras \u00e1reas da cidade se ainda existe um passivo a ser sanado. Com o aumento do volume de chuvas, a situa\u00e7\u00e3o tende a se agravar. O que hoje \u00e9 uma pequena fissura, amanh\u00e3 pode se transformar em um transtorno maior\u201d, afirmou.<\/p>\n\n\n\n<p>O diretor-presidente citou como exemplo os bairros L\u00edrio do Vale e Nossa Senhora das Gra\u00e7as, que j\u00e1 foram alvo de notifica\u00e7\u00f5es e aplica\u00e7\u00e3o de multas por parte da ag\u00eancia reguladora.<\/p>\n\n\n\n<p>O coordenador de Rela\u00e7\u00f5es Institucionais da \u00c1guas de Manaus, Leonardo Ferreira, reafirmou o compromisso da concession\u00e1ria em sanar as pend\u00eancias apontadas pela fiscaliza\u00e7\u00e3o e informou que haver\u00e1 amplia\u00e7\u00e3o do n\u00famero de equipes de obra para garantir maior celeridade nas corre\u00e7\u00f5es.<\/p>\n\n\n\n<p>Em rela\u00e7\u00e3o ao bairro L\u00edrio do Vale, a empresa informou que a mudan\u00e7a no procedimento de aplica\u00e7\u00e3o do asfalto j\u00e1 tem apresentado resultados positivos. A nova metodologia tamb\u00e9m est\u00e1 sendo adotada no bairro Nossa Senhora das Gra\u00e7as, com refor\u00e7o previsto nos pr\u00f3ximos dias para solucionar pend\u00eancias na \u00e1rea do Vieiralves.<\/p>\n\n\n\n<p>Outros bairros, como Nova Cidade, Novo Aleixo e o conjunto Augusto Montenegro, tamb\u00e9m est\u00e3o recebendo os servi\u00e7os de requalifica\u00e7\u00e3o vi\u00e1ria ap\u00f3s a implanta\u00e7\u00e3o das novas redes de esgotamento sanit\u00e1rio.<\/p>\n\n\n\n<p><strong>Metodologia<\/strong><\/p>\n\n\n\n<p>A metodologia Faixa F consiste na aplica\u00e7\u00e3o do asfalto em duas fases e exige melhor qualidade das equipes no trabalho de varri\u00e7\u00e3o, compacta\u00e7\u00e3o e acabamento final. A mudan\u00e7a foi uma exig\u00eancia da <a href=\"https:\/\/www.instagram.com\/prefeiturademanaus\/\">Prefeitura de Manaus.<\/a><\/p>\n\n\n\n<p>&#8212; &#8212; &#8212;<br><strong>Texto &#8211; <\/strong>Tereza Te\u00f3filo\/Ageman<br><strong>Fotos \u2013<\/strong> Divulga\u00e7\u00e3o\/Ageman<\/p>\n","protected":false},"excerpt":{"rendered":"","protected":false},"author":68,"featured_media":253211,"comment_status":"closed","ping_status":"closed","sticky":false,"template":"","format":"standard","meta":{"footnotes":""},"categories":[2807],"tags":[215,19446,77,19447],"acf":[],"yoast_head":"<!-- This site is optimized with the Yoast SEO plugin v23.0 - https:\/\/yoast.com\/wordpress\/plugins\/seo\/ -->\n<title>Ageman refor\u00e7a que qualidade deve preceder expans\u00e3o das obras de esgoto<\/title>\n<meta name=\"description\" content=\"A Ag\u00eancia Reguladora dos Servi\u00e7os P\u00fablicos Delegados do Munic\u00edpio de Manaus (Ageman) refor\u00e7ou, na quinta-feira, 19\/2, que a qualidade na execu\u00e7\u00e3o e na recomposi\u00e7\u00e3o das vias deve preceder qualquer avan\u00e7o nas obras de expans\u00e3o da rede de esgotamento sanit\u00e1rio na capital.\" \/>\n<meta name=\"robots\" content=\"index, follow, max-snippet:-1, max-image-preview:large, max-video-preview:-1\" \/>\n<link rel=\"canonical\" href=\"https:\/\/www.manaus.am.gov.br\/semcom\/execucao-e-recomposicao-de-vias\/\" \/>\n<meta property=\"og:locale\" content=\"pt_BR\" \/>\n<meta property=\"og:type\" content=\"article\" \/>\n<meta property=\"og:title\" content=\"Ageman refor\u00e7a que qualidade deve preceder expans\u00e3o das obras de esgoto\" \/>\n<meta property=\"og:description\" content=\"A Ag\u00eancia Reguladora dos Servi\u00e7os P\u00fablicos Delegados do Munic\u00edpio de Manaus (Ageman) refor\u00e7ou, na quinta-feira, 19\/2, que a qualidade na execu\u00e7\u00e3o e na recomposi\u00e7\u00e3o das vias deve preceder qualquer avan\u00e7o nas obras de expans\u00e3o da rede de esgotamento sanit\u00e1rio na capital.\" \/>\n<meta property=\"og:url\" content=\"https:\/\/www.manaus.am.gov.br\/semcom\/execucao-e-recomposicao-de-vias\/\" \/>\n<meta property=\"og:site_name\" content=\"SEMCOM\" \/>\n<meta property=\"article:published_time\" content=\"2026-02-20T20:04:09+00:00\" \/>\n<meta property=\"article:modified_time\" content=\"2026-02-23T14:13:00+00:00\" \/>\n<meta property=\"og:image\" content=\"https:\/\/www.manaus.am.gov.br\/semcom\/wp-content\/uploads\/sites\/5\/2026\/02\/Ageman-reforca-que-qualidade-deve-preceder-expansao-das-obras-de-esgoto-2.jpg\" \/>\n\t<meta property=\"og:image:width\" content=\"1024\" \/>\n\t<meta property=\"og:image:height\" content=\"768\" \/>\n\t<meta property=\"og:image:type\" content=\"image\/jpeg\" \/>\n<meta name=\"author\" content=\"bvalente\" \/>\n<meta name=\"twitter:card\" content=\"summary_large_image\" \/>\n<meta name=\"twitter:label1\" content=\"Written by\" \/>\n\t<meta name=\"twitter:data1\" content=\"bvalente\" \/>\n\t<meta name=\"twitter:label2\" content=\"Est. reading time\" \/>\n\t<meta name=\"twitter:data2\" content=\"3 minutos\" \/>\n<script type=\"application\/ld+json\" class=\"yoast-schema-graph\">{\"@context\":\"https:\/\/schema.org\",\"@graph\":[{\"@type\":\"WebPage\",\"@id\":\"https:\/\/www.manaus.am.gov.br\/semcom\/execucao-e-recomposicao-de-vias\/\",\"url\":\"https:\/\/www.manaus.am.gov.br\/semcom\/execucao-e-recomposicao-de-vias\/\",\"name\":\"Ageman refor\u00e7a que qualidade deve preceder expans\u00e3o das obras de esgoto\",\"isPartOf\":{\"@id\":\"https:\/\/www.manaus.am.gov.br\/semcom\/#website\"},\"primaryImageOfPage\":{\"@id\":\"https:\/\/www.manaus.am.gov.br\/semcom\/execucao-e-recomposicao-de-vias\/#primaryimage\"},\"image\":{\"@id\":\"https:\/\/www.manaus.am.gov.br\/semcom\/execucao-e-recomposicao-de-vias\/#primaryimage\"},\"thumbnailUrl\":\"https:\/\/www.manaus.am.gov.br\/semcom\/wp-content\/uploads\/sites\/5\/2026\/02\/Ageman-reforca-que-qualidade-deve-preceder-expansao-das-obras-de-esgoto-2.jpg\",\"datePublished\":\"2026-02-20T20:04:09+00:00\",\"dateModified\":\"2026-02-23T14:13:00+00:00\",\"author\":{\"@id\":\"https:\/\/www.manaus.am.gov.br\/semcom\/#\/schema\/person\/466a0e03ae4b6062809046bd560ac955\"},\"description\":\"A Ag\u00eancia Reguladora dos Servi\u00e7os P\u00fablicos Delegados do Munic\u00edpio de Manaus (Ageman) refor\u00e7ou, na quinta-feira, 19\/2, que a qualidade na execu\u00e7\u00e3o e na recomposi\u00e7\u00e3o das vias deve preceder qualquer avan\u00e7o nas obras de expans\u00e3o da rede de esgotamento sanit\u00e1rio na capital.\",\"inLanguage\":\"pt-BR\",\"potentialAction\":[{\"@type\":\"ReadAction\",\"target\":[\"https:\/\/www.manaus.am.gov.br\/semcom\/execucao-e-recomposicao-de-vias\/\"]}]},{\"@type\":\"ImageObject\",\"inLanguage\":\"pt-BR\",\"@id\":\"https:\/\/www.manaus.am.gov.br\/semcom\/execucao-e-recomposicao-de-vias\/#primaryimage\",\"url\":\"https:\/\/www.manaus.am.gov.br\/semcom\/wp-content\/uploads\/sites\/5\/2026\/02\/Ageman-reforca-que-qualidade-deve-preceder-expansao-das-obras-de-esgoto-2.jpg\",\"contentUrl\":\"https:\/\/www.manaus.am.gov.br\/semcom\/wp-content\/uploads\/sites\/5\/2026\/02\/Ageman-reforca-que-qualidade-deve-preceder-expansao-das-obras-de-esgoto-2.jpg\",\"width\":1024,\"height\":768,\"caption\":\"#paratodosverem - Equipes da Ageman fiscalizando obras\"},{\"@type\":\"WebSite\",\"@id\":\"https:\/\/www.manaus.am.gov.br\/semcom\/#website\",\"url\":\"https:\/\/www.manaus.am.gov.br\/semcom\/\",\"name\":\"SEMCOM\",\"description\":\"Secretaria Municipal de Comunica\u00e7\u00e3o\",\"potentialAction\":[{\"@type\":\"SearchAction\",\"target\":{\"@type\":\"EntryPoint\",\"urlTemplate\":\"https:\/\/www.manaus.am.gov.br\/semcom\/?s={search_term_string}\"},\"query-input\":\"required name=search_term_string\"}],\"inLanguage\":\"pt-BR\"},{\"@type\":\"Person\",\"@id\":\"https:\/\/www.manaus.am.gov.br\/semcom\/#\/schema\/person\/466a0e03ae4b6062809046bd560ac955\",\"name\":\"bvalente\",\"image\":{\"@type\":\"ImageObject\",\"inLanguage\":\"pt-BR\",\"@id\":\"https:\/\/www.manaus.am.gov.br\/semcom\/#\/schema\/person\/image\/\",\"url\":\"https:\/\/secure.gravatar.com\/avatar\/3e69bc2b014bdad41adfec3a39de07d2?s=96&d=mm&r=g\",\"contentUrl\":\"https:\/\/secure.gravatar.com\/avatar\/3e69bc2b014bdad41adfec3a39de07d2?s=96&d=mm&r=g\",\"caption\":\"bvalente\"}}]}<\/script>\n<!-- \/ Yoast SEO plugin. -->","yoast_head_json":{"title":"Ageman refor\u00e7a que qualidade deve preceder expans\u00e3o das obras de esgoto","description":"A Ag\u00eancia Reguladora dos Servi\u00e7os P\u00fablicos Delegados do Munic\u00edpio de Manaus (Ageman) refor\u00e7ou, na quinta-feira, 19\/2, que a qualidade na execu\u00e7\u00e3o e na recomposi\u00e7\u00e3o das vias deve preceder qualquer avan\u00e7o nas obras de expans\u00e3o da rede de esgotamento sanit\u00e1rio na capital.","robots":{"index":"index","follow":"follow","max-snippet":"max-snippet:-1","max-image-preview":"max-image-preview:large","max-video-preview":"max-video-preview:-1"},"canonical":"https:\/\/www.manaus.am.gov.br\/semcom\/execucao-e-recomposicao-de-vias\/","og_locale":"pt_BR","og_type":"article","og_title":"Ageman refor\u00e7a que qualidade deve preceder expans\u00e3o das obras de esgoto","og_description":"A Ag\u00eancia Reguladora dos Servi\u00e7os P\u00fablicos Delegados do Munic\u00edpio de Manaus (Ageman) refor\u00e7ou, na quinta-feira, 19\/2, que a qualidade na execu\u00e7\u00e3o e na recomposi\u00e7\u00e3o das vias deve preceder qualquer avan\u00e7o nas obras de expans\u00e3o da rede de esgotamento sanit\u00e1rio na capital.","og_url":"https:\/\/www.manaus.am.gov.br\/semcom\/execucao-e-recomposicao-de-vias\/","og_site_name":"SEMCOM","article_published_time":"2026-02-20T20:04:09+00:00","article_modified_time":"2026-02-23T14:13:00+00:00","og_image":[{"width":1024,"height":768,"url":"https:\/\/www.manaus.am.gov.br\/semcom\/wp-content\/uploads\/sites\/5\/2026\/02\/Ageman-reforca-que-qualidade-deve-preceder-expansao-das-obras-de-esgoto-2.jpg","type":"image\/jpeg"}],"author":"bvalente","twitter_card":"summary_large_image","twitter_misc":{"Written by":"bvalente","Est. reading time":"3 minutos"},"schema":{"@context":"https:\/\/schema.org","@graph":[{"@type":"WebPage","@id":"https:\/\/www.manaus.am.gov.br\/semcom\/execucao-e-recomposicao-de-vias\/","url":"https:\/\/www.manaus.am.gov.br\/semcom\/execucao-e-recomposicao-de-vias\/","name":"Ageman refor\u00e7a que qualidade deve preceder expans\u00e3o das obras de esgoto","isPartOf":{"@id":"https:\/\/www.manaus.am.gov.br\/semcom\/#website"},"primaryImageOfPage":{"@id":"https:\/\/www.manaus.am.gov.br\/semcom\/execucao-e-recomposicao-de-vias\/#primaryimage"},"image":{"@id":"https:\/\/www.manaus.am.gov.br\/semcom\/execucao-e-recomposicao-de-vias\/#primaryimage"},"thumbnailUrl":"https:\/\/www.manaus.am.gov.br\/semcom\/wp-content\/uploads\/sites\/5\/2026\/02\/Ageman-reforca-que-qualidade-deve-preceder-expansao-das-obras-de-esgoto-2.jpg","datePublished":"2026-02-20T20:04:09+00:00","dateModified":"2026-02-23T14:13:00+00:00","author":{"@id":"https:\/\/www.manaus.am.gov.br\/semcom\/#\/schema\/person\/466a0e03ae4b6062809046bd560ac955"},"description":"A Ag\u00eancia Reguladora dos Servi\u00e7os P\u00fablicos Delegados do Munic\u00edpio de Manaus (Ageman) refor\u00e7ou, na quinta-feira, 19\/2, que a qualidade na execu\u00e7\u00e3o e na recomposi\u00e7\u00e3o das vias deve preceder qualquer avan\u00e7o nas obras de expans\u00e3o da rede de esgotamento sanit\u00e1rio na capital.","inLanguage":"pt-BR","potentialAction":[{"@type":"ReadAction","target":["https:\/\/www.manaus.am.gov.br\/semcom\/execucao-e-recomposicao-de-vias\/"]}]},{"@type":"ImageObject","inLanguage":"pt-BR","@id":"https:\/\/www.manaus.am.gov.br\/semcom\/execucao-e-recomposicao-de-vias\/#primaryimage","url":"https:\/\/www.manaus.am.gov.br\/semcom\/wp-content\/uploads\/sites\/5\/2026\/02\/Ageman-reforca-que-qualidade-deve-preceder-expansao-das-obras-de-esgoto-2.jpg","contentUrl":"https:\/\/www.manaus.am.gov.br\/semcom\/wp-content\/uploads\/sites\/5\/2026\/02\/Ageman-reforca-que-qualidade-deve-preceder-expansao-das-obras-de-esgoto-2.jpg","width":1024,"height":768,"caption":"#paratodosverem - Equipes da Ageman fiscalizando obras"},{"@type":"WebSite","@id":"https:\/\/www.manaus.am.gov.br\/semcom\/#website","url":"https:\/\/www.manaus.am.gov.br\/semcom\/","name":"SEMCOM","description":"Secretaria Municipal de Comunica\u00e7\u00e3o","potentialAction":[{"@type":"SearchAction","target":{"@type":"EntryPoint","urlTemplate":"https:\/\/www.manaus.am.gov.br\/semcom\/?s={search_term_string}"},"query-input":"required name=search_term_string"}],"inLanguage":"pt-BR"},{"@type":"Person","@id":"https:\/\/www.manaus.am.gov.br\/semcom\/#\/schema\/person\/466a0e03ae4b6062809046bd560ac955","name":"bvalente","image":{"@type":"ImageObject","inLanguage":"pt-BR","@id":"https:\/\/www.manaus.am.gov.br\/semcom\/#\/schema\/person\/image\/","url":"https:\/\/secure.gravatar.com\/avatar\/3e69bc2b014bdad41adfec3a39de07d2?s=96&d=mm&r=g","contentUrl":"https:\/\/secure.gravatar.com\/avatar\/3e69bc2b014bdad41adfec3a39de07d2?s=96&d=mm&r=g","caption":"bvalente"}}]}},"_links":{"self":[{"href":"https:\/\/www.manaus.am.gov.br\/semcom\/wp-json\/wp\/v2\/posts\/253210"}],"collection":[{"href":"https:\/\/www.manaus.am.gov.br\/semcom\/wp-json\/wp\/v2\/posts"}],"about":[{"href":"https:\/\/www.manaus.am.gov.br\/semcom\/wp-json\/wp\/v2\/types\/post"}],"author":[{"embeddable":true,"href":"https:\/\/www.manaus.am.gov.br\/semcom\/wp-json\/wp\/v2\/users\/68"}],"replies":[{"embeddable":true,"href":"https:\/\/www.manaus.am.gov.br\/semcom\/wp-json\/wp\/v2\/comments?post=253210"}],"version-history":[{"count":1,"href":"https:\/\/www.manaus.am.gov.br\/semcom\/wp-json\/wp\/v2\/posts\/253210\/revisions"}],"predecessor-version":[{"id":253277,"href":"https:\/\/www.manaus.am.gov.br\/semcom\/wp-json\/wp\/v2\/posts\/253210\/revisions\/253277"}],"wp:featuredmedia":[{"embeddable":true,"href":"https:\/\/www.manaus.am.gov.br\/semcom\/wp-json\/wp\/v2\/media\/253211"}],"wp:attachment":[{"href":"https:\/\/www.manaus.am.gov.br\/semcom\/wp-json\/wp\/v2\/media?parent=253210"}],"wp:term":[{"taxonomy":"category","embeddable":true,"href":"https:\/\/www.manaus.am.gov.br\/semcom\/wp-json\/wp\/v2\/categories?post=253210"},{"taxonomy":"post_tag","embeddable":true,"href":"https:\/\/www.manaus.am.gov.br\/semcom\/wp-json\/wp\/v2\/tags?post=253210"}],"curies":[{"name":"wp","href":"https:\/\/api.w.org\/{rel}","templated":true}]}}