{"id":253206,"date":"2026-02-20T16:32:53","date_gmt":"2026-02-20T19:32:53","guid":{"rendered":"https:\/\/www.manaus.am.gov.br\/semcom\/acao-operacao-carnaval\/"},"modified":"2026-02-23T11:11:57","modified_gmt":"2026-02-23T14:11:57","slug":"acao-operacao-carnaval","status":"publish","type":"post","link":"https:\/\/www.manaus.am.gov.br\/semcom\/acao-operacao-carnaval\/","title":{"rendered":"Procon Manaus apreende mais de 1,4 mil produtos irregulares durante opera\u00e7\u00e3o de Carnaval"},"content":{"rendered":"\n<p>A <a href=\"https:\/\/www.instagram.com\/prefeiturademanaus\/\">Prefeitura<\/a><a href=\"https:\/\/www.manaus.am.gov.br\/\"> de Manaus, por meio do Servi\u00e7o de Atendimento e Prote\u00e7\u00e3o ao Consumidor (Procon <\/a>Manaus), divulga, nesta sexta-feira, 20\/2, o resultado da opera\u00e7\u00e3o de Carnaval, realizada em estabelecimentos que comercializam artigos festivos, fantasias e adere\u00e7os na capital. A a\u00e7\u00e3o teve como objetivo coibir a venda de produtos irregulares e garantir mais seguran\u00e7a aos consumidores durante o per\u00edodo carnavalesco.<\/p>\n\n\n\n<p>Ao todo, dois fornecedores foram fiscalizados e foram lavrados dois autos de constata\u00e7\u00e3o, acompanhados de auto de apreens\u00e3o. A opera\u00e7\u00e3o resultou na apreens\u00e3o de 1.461 produtos considerados irregulares. Entre as principais irregularidades identificadas est\u00e3o produtos com prazo de validade vencido ou ileg\u00edvel, embalagens avariadas ou violadas, aus\u00eancia de informa\u00e7\u00f5es obrigat\u00f3rias nos r\u00f3tulos, itens sem o selo do Instituto Nacional de Metrologia, Qualidade e Tecnologia (Inmetro) e produtos com rotulagem exclusivamente em l\u00edngua estrangeira, sem as devidas informa\u00e7\u00f5es em portugu\u00eas.<\/p>\n\n\n\n<p>Foram apreendidos, entre outros itens, bal\u00f5es com validade vencida, fantasias e kits infantis sem identifica\u00e7\u00e3o adequada, m\u00e1scaras de Carnaval sem informa\u00e7\u00f5es obrigat\u00f3rias, adere\u00e7os diversos, adesivos faciais, lan\u00e7a-fuma\u00e7a fora do prazo de validade e produtos aliment\u00edcios impr\u00f3prios para o consumo.<\/p>\n\n\n\n<p>A presidente do Procon Manaus, Onilda Abreu, ressaltou que a opera\u00e7\u00e3o integra o planejamento estrat\u00e9gico do \u00f3rg\u00e3o para per\u00edodos de maior demanda no com\u00e9rcio. \u201cIntensificamos as fiscaliza\u00e7\u00f5es em datas sazonais justamente para prevenir riscos \u00e0 sa\u00fade e \u00e0 seguran\u00e7a do consumidor. A retirada imediata de produtos em desacordo com a legisla\u00e7\u00e3o demonstra o compromisso do munic\u00edpio com o cumprimento das normas t\u00e9cnicas, especialmente no que se refere \u00e0 rotulagem adequada, \u00e0 certifica\u00e7\u00e3o compuls\u00f3ria e \u00e0 transpar\u00eancia nas rela\u00e7\u00f5es de consumo\u201d, afirmou.<\/p>\n\n\n\n<p>O Procon Manaus refor\u00e7a que a fiscaliza\u00e7\u00e3o garante os direitos do consumidor, promove uma rela\u00e7\u00e3o de consumo mais equilibrada e retira do com\u00e9rcio produtos que podem representar riscos \u00e0 sa\u00fade e \u00e0 seguran\u00e7a da popula\u00e7\u00e3o. Den\u00fancias podem ser registradas pelo n\u00famero 151.<br><br>\u2014 \u2014 \u2014<br><strong>Texto \u2013 <\/strong>Lara Bernardes\/Procon Manaus<br><strong>Fotos \u2013 <\/strong>Divulga\u00e7\u00e3o\/Procon Manaus<\/p>\n","protected":false},"excerpt":{"rendered":"","protected":false},"author":68,"featured_media":253207,"comment_status":"closed","ping_status":"closed","sticky":false,"template":"","format":"standard","meta":{"footnotes":""},"categories":[9823],"tags":[19441,19442,19443,10983,77],"acf":[],"yoast_head":"<!-- This site is optimized with the Yoast SEO plugin v23.0 - https:\/\/yoast.com\/wordpress\/plugins\/seo\/ -->\n<title>Procon apreende mais de 1,4 mil produtos irregulares<\/title>\n<meta name=\"description\" content=\"A Prefeitura de Manaus, por meio do Servi\u00e7o de Atendimento e Prote\u00e7\u00e3o ao Consumidor (Procon Manaus), divulga, nesta sexta-feira, 20\/2, o resultado da opera\u00e7\u00e3o de Carnaval.\" \/>\n<meta name=\"robots\" content=\"index, follow, max-snippet:-1, max-image-preview:large, max-video-preview:-1\" \/>\n<link rel=\"canonical\" href=\"https:\/\/www.manaus.am.gov.br\/semcom\/acao-operacao-carnaval\/\" \/>\n<meta property=\"og:locale\" content=\"pt_BR\" \/>\n<meta property=\"og:type\" content=\"article\" \/>\n<meta property=\"og:title\" content=\"Procon apreende mais de 1,4 mil produtos irregulares\" \/>\n<meta property=\"og:description\" content=\"A Prefeitura de Manaus, por meio do Servi\u00e7o de Atendimento e Prote\u00e7\u00e3o ao Consumidor (Procon Manaus), divulga, nesta sexta-feira, 20\/2, o resultado da opera\u00e7\u00e3o de Carnaval.\" \/>\n<meta property=\"og:url\" content=\"https:\/\/www.manaus.am.gov.br\/semcom\/acao-operacao-carnaval\/\" \/>\n<meta property=\"og:site_name\" content=\"SEMCOM\" \/>\n<meta property=\"article:published_time\" content=\"2026-02-20T19:32:53+00:00\" \/>\n<meta property=\"article:modified_time\" content=\"2026-02-23T14:11:57+00:00\" \/>\n<meta property=\"og:image\" content=\"https:\/\/www.manaus.am.gov.br\/semcom\/wp-content\/uploads\/sites\/5\/2026\/02\/Procon-Manaus-apreende-mais-de-14-mil-produtos-irregulares-durante-operacao-de-Carnaval.jpeg\" \/>\n\t<meta property=\"og:image:width\" content=\"1280\" \/>\n\t<meta property=\"og:image:height\" content=\"960\" \/>\n\t<meta property=\"og:image:type\" content=\"image\/jpeg\" \/>\n<meta name=\"author\" content=\"bvalente\" \/>\n<meta name=\"twitter:card\" content=\"summary_large_image\" \/>\n<meta name=\"twitter:label1\" content=\"Written by\" \/>\n\t<meta name=\"twitter:data1\" content=\"bvalente\" \/>\n\t<meta name=\"twitter:label2\" content=\"Est. reading time\" \/>\n\t<meta name=\"twitter:data2\" content=\"2 minutos\" \/>\n<script type=\"application\/ld+json\" class=\"yoast-schema-graph\">{\"@context\":\"https:\/\/schema.org\",\"@graph\":[{\"@type\":\"WebPage\",\"@id\":\"https:\/\/www.manaus.am.gov.br\/semcom\/acao-operacao-carnaval\/\",\"url\":\"https:\/\/www.manaus.am.gov.br\/semcom\/acao-operacao-carnaval\/\",\"name\":\"Procon apreende mais de 1,4 mil produtos irregulares\",\"isPartOf\":{\"@id\":\"https:\/\/www.manaus.am.gov.br\/semcom\/#website\"},\"primaryImageOfPage\":{\"@id\":\"https:\/\/www.manaus.am.gov.br\/semcom\/acao-operacao-carnaval\/#primaryimage\"},\"image\":{\"@id\":\"https:\/\/www.manaus.am.gov.br\/semcom\/acao-operacao-carnaval\/#primaryimage\"},\"thumbnailUrl\":\"https:\/\/www.manaus.am.gov.br\/semcom\/wp-content\/uploads\/sites\/5\/2026\/02\/Procon-Manaus-apreende-mais-de-14-mil-produtos-irregulares-durante-operacao-de-Carnaval.jpeg\",\"datePublished\":\"2026-02-20T19:32:53+00:00\",\"dateModified\":\"2026-02-23T14:11:57+00:00\",\"author\":{\"@id\":\"https:\/\/www.manaus.am.gov.br\/semcom\/#\/schema\/person\/466a0e03ae4b6062809046bd560ac955\"},\"description\":\"A Prefeitura de Manaus, por meio do Servi\u00e7o de Atendimento e Prote\u00e7\u00e3o ao Consumidor (Procon Manaus), divulga, nesta sexta-feira, 20\/2, o resultado da opera\u00e7\u00e3o de Carnaval.\",\"inLanguage\":\"pt-BR\",\"potentialAction\":[{\"@type\":\"ReadAction\",\"target\":[\"https:\/\/www.manaus.am.gov.br\/semcom\/acao-operacao-carnaval\/\"]}]},{\"@type\":\"ImageObject\",\"inLanguage\":\"pt-BR\",\"@id\":\"https:\/\/www.manaus.am.gov.br\/semcom\/acao-operacao-carnaval\/#primaryimage\",\"url\":\"https:\/\/www.manaus.am.gov.br\/semcom\/wp-content\/uploads\/sites\/5\/2026\/02\/Procon-Manaus-apreende-mais-de-14-mil-produtos-irregulares-durante-operacao-de-Carnaval.jpeg\",\"contentUrl\":\"https:\/\/www.manaus.am.gov.br\/semcom\/wp-content\/uploads\/sites\/5\/2026\/02\/Procon-Manaus-apreende-mais-de-14-mil-produtos-irregulares-durante-operacao-de-Carnaval.jpeg\",\"width\":1280,\"height\":960,\"caption\":\"#paratodosverem - Fiscais Procon Manaus durante opera\u00e7\u00e3o\"},{\"@type\":\"WebSite\",\"@id\":\"https:\/\/www.manaus.am.gov.br\/semcom\/#website\",\"url\":\"https:\/\/www.manaus.am.gov.br\/semcom\/\",\"name\":\"SEMCOM\",\"description\":\"Secretaria Municipal de Comunica\u00e7\u00e3o\",\"potentialAction\":[{\"@type\":\"SearchAction\",\"target\":{\"@type\":\"EntryPoint\",\"urlTemplate\":\"https:\/\/www.manaus.am.gov.br\/semcom\/?s={search_term_string}\"},\"query-input\":\"required name=search_term_string\"}],\"inLanguage\":\"pt-BR\"},{\"@type\":\"Person\",\"@id\":\"https:\/\/www.manaus.am.gov.br\/semcom\/#\/schema\/person\/466a0e03ae4b6062809046bd560ac955\",\"name\":\"bvalente\",\"image\":{\"@type\":\"ImageObject\",\"inLanguage\":\"pt-BR\",\"@id\":\"https:\/\/www.manaus.am.gov.br\/semcom\/#\/schema\/person\/image\/\",\"url\":\"https:\/\/secure.gravatar.com\/avatar\/3e69bc2b014bdad41adfec3a39de07d2?s=96&d=mm&r=g\",\"contentUrl\":\"https:\/\/secure.gravatar.com\/avatar\/3e69bc2b014bdad41adfec3a39de07d2?s=96&d=mm&r=g\",\"caption\":\"bvalente\"}}]}<\/script>\n<!-- \/ Yoast SEO plugin. -->","yoast_head_json":{"title":"Procon apreende mais de 1,4 mil produtos irregulares","description":"A Prefeitura de Manaus, por meio do Servi\u00e7o de Atendimento e Prote\u00e7\u00e3o ao Consumidor (Procon Manaus), divulga, nesta sexta-feira, 20\/2, o resultado da opera\u00e7\u00e3o de Carnaval.","robots":{"index":"index","follow":"follow","max-snippet":"max-snippet:-1","max-image-preview":"max-image-preview:large","max-video-preview":"max-video-preview:-1"},"canonical":"https:\/\/www.manaus.am.gov.br\/semcom\/acao-operacao-carnaval\/","og_locale":"pt_BR","og_type":"article","og_title":"Procon apreende mais de 1,4 mil produtos irregulares","og_description":"A Prefeitura de Manaus, por meio do Servi\u00e7o de Atendimento e Prote\u00e7\u00e3o ao Consumidor (Procon Manaus), divulga, nesta sexta-feira, 20\/2, o resultado da opera\u00e7\u00e3o de Carnaval.","og_url":"https:\/\/www.manaus.am.gov.br\/semcom\/acao-operacao-carnaval\/","og_site_name":"SEMCOM","article_published_time":"2026-02-20T19:32:53+00:00","article_modified_time":"2026-02-23T14:11:57+00:00","og_image":[{"width":1280,"height":960,"url":"https:\/\/www.manaus.am.gov.br\/semcom\/wp-content\/uploads\/sites\/5\/2026\/02\/Procon-Manaus-apreende-mais-de-14-mil-produtos-irregulares-durante-operacao-de-Carnaval.jpeg","type":"image\/jpeg"}],"author":"bvalente","twitter_card":"summary_large_image","twitter_misc":{"Written by":"bvalente","Est. reading time":"2 minutos"},"schema":{"@context":"https:\/\/schema.org","@graph":[{"@type":"WebPage","@id":"https:\/\/www.manaus.am.gov.br\/semcom\/acao-operacao-carnaval\/","url":"https:\/\/www.manaus.am.gov.br\/semcom\/acao-operacao-carnaval\/","name":"Procon apreende mais de 1,4 mil produtos irregulares","isPartOf":{"@id":"https:\/\/www.manaus.am.gov.br\/semcom\/#website"},"primaryImageOfPage":{"@id":"https:\/\/www.manaus.am.gov.br\/semcom\/acao-operacao-carnaval\/#primaryimage"},"image":{"@id":"https:\/\/www.manaus.am.gov.br\/semcom\/acao-operacao-carnaval\/#primaryimage"},"thumbnailUrl":"https:\/\/www.manaus.am.gov.br\/semcom\/wp-content\/uploads\/sites\/5\/2026\/02\/Procon-Manaus-apreende-mais-de-14-mil-produtos-irregulares-durante-operacao-de-Carnaval.jpeg","datePublished":"2026-02-20T19:32:53+00:00","dateModified":"2026-02-23T14:11:57+00:00","author":{"@id":"https:\/\/www.manaus.am.gov.br\/semcom\/#\/schema\/person\/466a0e03ae4b6062809046bd560ac955"},"description":"A Prefeitura de Manaus, por meio do Servi\u00e7o de Atendimento e Prote\u00e7\u00e3o ao Consumidor (Procon Manaus), divulga, nesta sexta-feira, 20\/2, o resultado da opera\u00e7\u00e3o de Carnaval.","inLanguage":"pt-BR","potentialAction":[{"@type":"ReadAction","target":["https:\/\/www.manaus.am.gov.br\/semcom\/acao-operacao-carnaval\/"]}]},{"@type":"ImageObject","inLanguage":"pt-BR","@id":"https:\/\/www.manaus.am.gov.br\/semcom\/acao-operacao-carnaval\/#primaryimage","url":"https:\/\/www.manaus.am.gov.br\/semcom\/wp-content\/uploads\/sites\/5\/2026\/02\/Procon-Manaus-apreende-mais-de-14-mil-produtos-irregulares-durante-operacao-de-Carnaval.jpeg","contentUrl":"https:\/\/www.manaus.am.gov.br\/semcom\/wp-content\/uploads\/sites\/5\/2026\/02\/Procon-Manaus-apreende-mais-de-14-mil-produtos-irregulares-durante-operacao-de-Carnaval.jpeg","width":1280,"height":960,"caption":"#paratodosverem - Fiscais Procon Manaus durante opera\u00e7\u00e3o"},{"@type":"WebSite","@id":"https:\/\/www.manaus.am.gov.br\/semcom\/#website","url":"https:\/\/www.manaus.am.gov.br\/semcom\/","name":"SEMCOM","description":"Secretaria Municipal de Comunica\u00e7\u00e3o","potentialAction":[{"@type":"SearchAction","target":{"@type":"EntryPoint","urlTemplate":"https:\/\/www.manaus.am.gov.br\/semcom\/?s={search_term_string}"},"query-input":"required name=search_term_string"}],"inLanguage":"pt-BR"},{"@type":"Person","@id":"https:\/\/www.manaus.am.gov.br\/semcom\/#\/schema\/person\/466a0e03ae4b6062809046bd560ac955","name":"bvalente","image":{"@type":"ImageObject","inLanguage":"pt-BR","@id":"https:\/\/www.manaus.am.gov.br\/semcom\/#\/schema\/person\/image\/","url":"https:\/\/secure.gravatar.com\/avatar\/3e69bc2b014bdad41adfec3a39de07d2?s=96&d=mm&r=g","contentUrl":"https:\/\/secure.gravatar.com\/avatar\/3e69bc2b014bdad41adfec3a39de07d2?s=96&d=mm&r=g","caption":"bvalente"}}]}},"_links":{"self":[{"href":"https:\/\/www.manaus.am.gov.br\/semcom\/wp-json\/wp\/v2\/posts\/253206"}],"collection":[{"href":"https:\/\/www.manaus.am.gov.br\/semcom\/wp-json\/wp\/v2\/posts"}],"about":[{"href":"https:\/\/www.manaus.am.gov.br\/semcom\/wp-json\/wp\/v2\/types\/post"}],"author":[{"embeddable":true,"href":"https:\/\/www.manaus.am.gov.br\/semcom\/wp-json\/wp\/v2\/users\/68"}],"replies":[{"embeddable":true,"href":"https:\/\/www.manaus.am.gov.br\/semcom\/wp-json\/wp\/v2\/comments?post=253206"}],"version-history":[{"count":1,"href":"https:\/\/www.manaus.am.gov.br\/semcom\/wp-json\/wp\/v2\/posts\/253206\/revisions"}],"predecessor-version":[{"id":253276,"href":"https:\/\/www.manaus.am.gov.br\/semcom\/wp-json\/wp\/v2\/posts\/253206\/revisions\/253276"}],"wp:featuredmedia":[{"embeddable":true,"href":"https:\/\/www.manaus.am.gov.br\/semcom\/wp-json\/wp\/v2\/media\/253207"}],"wp:attachment":[{"href":"https:\/\/www.manaus.am.gov.br\/semcom\/wp-json\/wp\/v2\/media?parent=253206"}],"wp:term":[{"taxonomy":"category","embeddable":true,"href":"https:\/\/www.manaus.am.gov.br\/semcom\/wp-json\/wp\/v2\/categories?post=253206"},{"taxonomy":"post_tag","embeddable":true,"href":"https:\/\/www.manaus.am.gov.br\/semcom\/wp-json\/wp\/v2\/tags?post=253206"}],"curies":[{"name":"wp","href":"https:\/\/api.w.org\/{rel}","templated":true}]}}