{"id":253044,"date":"2026-02-13T19:46:05","date_gmt":"2026-02-13T22:46:05","guid":{"rendered":"https:\/\/www.manaus.am.gov.br\/semcom\/convocacoes-de-candidatos-aprovados\/"},"modified":"2026-02-19T11:59:57","modified_gmt":"2026-02-19T14:59:57","slug":"convocacoes-de-candidatos-aprovados","status":"publish","type":"post","link":"https:\/\/www.manaus.am.gov.br\/semcom\/convocacoes-de-candidatos-aprovados\/","title":{"rendered":"Manausprev anuncia sete novas convoca\u00e7\u00f5es de candidatos aprovados em concurso para quadro efetivo"},"content":{"rendered":"\n<p>A<a href=\"https:\/\/www.instagram.com\/prefeiturademanaus\/\"> Prefeitura de Manaus,<\/a> por meio da Manaus Previd\u00eancia<a href=\"https:\/\/www.manaus.am.gov.br\/\"> (Manausprev)<\/a>, iniciou 2026 com mais um importante avan\u00e7o no fortalecimento do seu quadro permanente de servidores: a convoca\u00e7\u00e3o de mais sete candidatos aprovados no concurso p\u00fablico da autarquia realizado em 2021.<\/p>\n\n\n\n<p>Os sete candidatos convocados v\u00e3o atuar como analistas previdenci\u00e1rios e devem comparecer at\u00e9 8\/3 na sede da Manausprev, na avenida Constantino Nery, n\u00ba 2.480, bairro Chapada, zona Centro-Sul, das 8h \u00e0s 12h, para orienta\u00e7\u00e3o quanto aos procedimentos pr\u00e9-admissionais e demais tr\u00e2mites necess\u00e1rios \u00e0 posse.<\/p>\n\n\n\n<p>A medida refor\u00e7a a pol\u00edtica de valoriza\u00e7\u00e3o do servi\u00e7o p\u00fablico, implementada pelo prefeito David Almeida, e a amplia\u00e7\u00e3o da capacidade t\u00e9cnica da autarquia, haja vista que os cargos de provimento efetivo a serem preenchidos foram criados recentemente (Lei 3.601\/2025).<\/p>\n\n\n\n<p>Somente em 2025, 40 candidatos foram convocados, sendo 13 j\u00e1 empossados e atualmente integrando a equipe da Manausprev. Para a diretora-presidente do \u00f3rg\u00e3o, Daniela Benayon, o momento simboliza continuidade e compromisso com a excel\u00eancia, marca do Regime Pr\u00f3prio de Previd\u00eancia Social (RPPS) manauara.<\/p>\n\n\n\n<p>\u201cEstamos iniciando o ano com avan\u00e7o atr\u00e1s de avan\u00e7o. A convoca\u00e7\u00e3o de novos servidores demonstra nosso compromisso com o fortalecimento institucional e com a melhoria cont\u00ednua dos servi\u00e7os prestados aos aposentados, pensionistas e servidores ativos do munic\u00edpio. Cada nova posse representa mais efici\u00eancia, responsabilidade e cuidado com a previd\u00eancia municipal\u201d, destacou.<\/p>\n\n\n\n<p><strong>Convocados<\/strong><\/p>\n\n\n\n<p>Os candidatos convocados para o cargo de analista previdenci\u00e1rio com especialidade administrativa s\u00e3o: Ana Maria Barbosa, Ivanessa Queiroz, Loiane Bastos, Francidaisy Le\u00e3o, Marcelo Kise. Para a especialidade de auditoria, os nomes s\u00e3o Waleska Machado e Carbajal Amorim, e para psicologia, o convocado \u00e9 Pitaguaras Saraiva.<\/p>\n\n\n\n<p>&#8212; &#8212; &#8212;<\/p>\n\n\n\n<p><strong>Texto<\/strong> \u2013 Renata Felix \/ Manaus Previd\u00eancia<br><strong>Fotos<\/strong> \u2013 Divulga\u00e7\u00e3o \/ Manaus Previd\u00eancia<\/p>\n","protected":false},"excerpt":{"rendered":"","protected":false},"author":68,"featured_media":253045,"comment_status":"closed","ping_status":"closed","sticky":false,"template":"","format":"standard","meta":{"footnotes":""},"categories":[2289],"tags":[19415,19416,19417,9617,77],"acf":[],"yoast_head":"<!-- This site is optimized with the Yoast SEO plugin v23.0 - https:\/\/yoast.com\/wordpress\/plugins\/seo\/ -->\n<title>Manausprev anuncia sete novas convoca\u00e7\u00f5es de candidatos aprovados em concurso para quadro efetivo<\/title>\n<meta name=\"robots\" content=\"index, follow, max-snippet:-1, max-image-preview:large, max-video-preview:-1\" \/>\n<link rel=\"canonical\" href=\"https:\/\/www.manaus.am.gov.br\/semcom\/convocacoes-de-candidatos-aprovados\/\" \/>\n<meta property=\"og:locale\" content=\"pt_BR\" \/>\n<meta property=\"og:type\" content=\"article\" \/>\n<meta property=\"og:title\" content=\"Manausprev anuncia sete novas convoca\u00e7\u00f5es de candidatos aprovados em concurso para quadro efetivo\" \/>\n<meta property=\"og:url\" content=\"https:\/\/www.manaus.am.gov.br\/semcom\/convocacoes-de-candidatos-aprovados\/\" \/>\n<meta property=\"og:site_name\" content=\"SEMCOM\" \/>\n<meta property=\"article:published_time\" content=\"2026-02-13T22:46:05+00:00\" \/>\n<meta property=\"article:modified_time\" content=\"2026-02-19T14:59:57+00:00\" \/>\n<meta property=\"og:image\" content=\"https:\/\/www.manaus.am.gov.br\/semcom\/wp-content\/uploads\/sites\/5\/2026\/02\/Fachada-1.jpg\" \/>\n\t<meta property=\"og:image:width\" content=\"799\" \/>\n\t<meta property=\"og:image:height\" content=\"533\" \/>\n\t<meta property=\"og:image:type\" content=\"image\/jpeg\" \/>\n<meta name=\"author\" content=\"bvalente\" \/>\n<meta name=\"twitter:card\" content=\"summary_large_image\" \/>\n<meta name=\"twitter:label1\" content=\"Written by\" \/>\n\t<meta name=\"twitter:data1\" content=\"bvalente\" \/>\n\t<meta name=\"twitter:label2\" content=\"Est. reading time\" \/>\n\t<meta name=\"twitter:data2\" content=\"2 minutos\" \/>\n<script type=\"application\/ld+json\" class=\"yoast-schema-graph\">{\"@context\":\"https:\/\/schema.org\",\"@graph\":[{\"@type\":\"WebPage\",\"@id\":\"https:\/\/www.manaus.am.gov.br\/semcom\/convocacoes-de-candidatos-aprovados\/\",\"url\":\"https:\/\/www.manaus.am.gov.br\/semcom\/convocacoes-de-candidatos-aprovados\/\",\"name\":\"Manausprev anuncia sete novas convoca\u00e7\u00f5es de candidatos aprovados em concurso para quadro efetivo\",\"isPartOf\":{\"@id\":\"https:\/\/www.manaus.am.gov.br\/semcom\/#website\"},\"primaryImageOfPage\":{\"@id\":\"https:\/\/www.manaus.am.gov.br\/semcom\/convocacoes-de-candidatos-aprovados\/#primaryimage\"},\"image\":{\"@id\":\"https:\/\/www.manaus.am.gov.br\/semcom\/convocacoes-de-candidatos-aprovados\/#primaryimage\"},\"thumbnailUrl\":\"https:\/\/www.manaus.am.gov.br\/semcom\/wp-content\/uploads\/sites\/5\/2026\/02\/Fachada-1.jpg\",\"datePublished\":\"2026-02-13T22:46:05+00:00\",\"dateModified\":\"2026-02-19T14:59:57+00:00\",\"author\":{\"@id\":\"https:\/\/www.manaus.am.gov.br\/semcom\/#\/schema\/person\/466a0e03ae4b6062809046bd560ac955\"},\"inLanguage\":\"pt-BR\",\"potentialAction\":[{\"@type\":\"ReadAction\",\"target\":[\"https:\/\/www.manaus.am.gov.br\/semcom\/convocacoes-de-candidatos-aprovados\/\"]}]},{\"@type\":\"ImageObject\",\"inLanguage\":\"pt-BR\",\"@id\":\"https:\/\/www.manaus.am.gov.br\/semcom\/convocacoes-de-candidatos-aprovados\/#primaryimage\",\"url\":\"https:\/\/www.manaus.am.gov.br\/semcom\/wp-content\/uploads\/sites\/5\/2026\/02\/Fachada-1.jpg\",\"contentUrl\":\"https:\/\/www.manaus.am.gov.br\/semcom\/wp-content\/uploads\/sites\/5\/2026\/02\/Fachada-1.jpg\",\"width\":799,\"height\":533,\"caption\":\"#paratodosverem - Imagem da fachada da sede da Manausprev\"},{\"@type\":\"WebSite\",\"@id\":\"https:\/\/www.manaus.am.gov.br\/semcom\/#website\",\"url\":\"https:\/\/www.manaus.am.gov.br\/semcom\/\",\"name\":\"SEMCOM\",\"description\":\"Secretaria Municipal de Comunica\u00e7\u00e3o\",\"potentialAction\":[{\"@type\":\"SearchAction\",\"target\":{\"@type\":\"EntryPoint\",\"urlTemplate\":\"https:\/\/www.manaus.am.gov.br\/semcom\/?s={search_term_string}\"},\"query-input\":\"required name=search_term_string\"}],\"inLanguage\":\"pt-BR\"},{\"@type\":\"Person\",\"@id\":\"https:\/\/www.manaus.am.gov.br\/semcom\/#\/schema\/person\/466a0e03ae4b6062809046bd560ac955\",\"name\":\"bvalente\",\"image\":{\"@type\":\"ImageObject\",\"inLanguage\":\"pt-BR\",\"@id\":\"https:\/\/www.manaus.am.gov.br\/semcom\/#\/schema\/person\/image\/\",\"url\":\"https:\/\/secure.gravatar.com\/avatar\/3e69bc2b014bdad41adfec3a39de07d2?s=96&d=mm&r=g\",\"contentUrl\":\"https:\/\/secure.gravatar.com\/avatar\/3e69bc2b014bdad41adfec3a39de07d2?s=96&d=mm&r=g\",\"caption\":\"bvalente\"}}]}<\/script>\n<!-- \/ Yoast SEO plugin. -->","yoast_head_json":{"title":"Manausprev anuncia sete novas convoca\u00e7\u00f5es de candidatos aprovados em concurso para quadro efetivo","robots":{"index":"index","follow":"follow","max-snippet":"max-snippet:-1","max-image-preview":"max-image-preview:large","max-video-preview":"max-video-preview:-1"},"canonical":"https:\/\/www.manaus.am.gov.br\/semcom\/convocacoes-de-candidatos-aprovados\/","og_locale":"pt_BR","og_type":"article","og_title":"Manausprev anuncia sete novas convoca\u00e7\u00f5es de candidatos aprovados em concurso para quadro efetivo","og_url":"https:\/\/www.manaus.am.gov.br\/semcom\/convocacoes-de-candidatos-aprovados\/","og_site_name":"SEMCOM","article_published_time":"2026-02-13T22:46:05+00:00","article_modified_time":"2026-02-19T14:59:57+00:00","og_image":[{"width":799,"height":533,"url":"https:\/\/www.manaus.am.gov.br\/semcom\/wp-content\/uploads\/sites\/5\/2026\/02\/Fachada-1.jpg","type":"image\/jpeg"}],"author":"bvalente","twitter_card":"summary_large_image","twitter_misc":{"Written by":"bvalente","Est. reading time":"2 minutos"},"schema":{"@context":"https:\/\/schema.org","@graph":[{"@type":"WebPage","@id":"https:\/\/www.manaus.am.gov.br\/semcom\/convocacoes-de-candidatos-aprovados\/","url":"https:\/\/www.manaus.am.gov.br\/semcom\/convocacoes-de-candidatos-aprovados\/","name":"Manausprev anuncia sete novas convoca\u00e7\u00f5es de candidatos aprovados em concurso para quadro efetivo","isPartOf":{"@id":"https:\/\/www.manaus.am.gov.br\/semcom\/#website"},"primaryImageOfPage":{"@id":"https:\/\/www.manaus.am.gov.br\/semcom\/convocacoes-de-candidatos-aprovados\/#primaryimage"},"image":{"@id":"https:\/\/www.manaus.am.gov.br\/semcom\/convocacoes-de-candidatos-aprovados\/#primaryimage"},"thumbnailUrl":"https:\/\/www.manaus.am.gov.br\/semcom\/wp-content\/uploads\/sites\/5\/2026\/02\/Fachada-1.jpg","datePublished":"2026-02-13T22:46:05+00:00","dateModified":"2026-02-19T14:59:57+00:00","author":{"@id":"https:\/\/www.manaus.am.gov.br\/semcom\/#\/schema\/person\/466a0e03ae4b6062809046bd560ac955"},"inLanguage":"pt-BR","potentialAction":[{"@type":"ReadAction","target":["https:\/\/www.manaus.am.gov.br\/semcom\/convocacoes-de-candidatos-aprovados\/"]}]},{"@type":"ImageObject","inLanguage":"pt-BR","@id":"https:\/\/www.manaus.am.gov.br\/semcom\/convocacoes-de-candidatos-aprovados\/#primaryimage","url":"https:\/\/www.manaus.am.gov.br\/semcom\/wp-content\/uploads\/sites\/5\/2026\/02\/Fachada-1.jpg","contentUrl":"https:\/\/www.manaus.am.gov.br\/semcom\/wp-content\/uploads\/sites\/5\/2026\/02\/Fachada-1.jpg","width":799,"height":533,"caption":"#paratodosverem - Imagem da fachada da sede da Manausprev"},{"@type":"WebSite","@id":"https:\/\/www.manaus.am.gov.br\/semcom\/#website","url":"https:\/\/www.manaus.am.gov.br\/semcom\/","name":"SEMCOM","description":"Secretaria Municipal de Comunica\u00e7\u00e3o","potentialAction":[{"@type":"SearchAction","target":{"@type":"EntryPoint","urlTemplate":"https:\/\/www.manaus.am.gov.br\/semcom\/?s={search_term_string}"},"query-input":"required name=search_term_string"}],"inLanguage":"pt-BR"},{"@type":"Person","@id":"https:\/\/www.manaus.am.gov.br\/semcom\/#\/schema\/person\/466a0e03ae4b6062809046bd560ac955","name":"bvalente","image":{"@type":"ImageObject","inLanguage":"pt-BR","@id":"https:\/\/www.manaus.am.gov.br\/semcom\/#\/schema\/person\/image\/","url":"https:\/\/secure.gravatar.com\/avatar\/3e69bc2b014bdad41adfec3a39de07d2?s=96&d=mm&r=g","contentUrl":"https:\/\/secure.gravatar.com\/avatar\/3e69bc2b014bdad41adfec3a39de07d2?s=96&d=mm&r=g","caption":"bvalente"}}]}},"_links":{"self":[{"href":"https:\/\/www.manaus.am.gov.br\/semcom\/wp-json\/wp\/v2\/posts\/253044"}],"collection":[{"href":"https:\/\/www.manaus.am.gov.br\/semcom\/wp-json\/wp\/v2\/posts"}],"about":[{"href":"https:\/\/www.manaus.am.gov.br\/semcom\/wp-json\/wp\/v2\/types\/post"}],"author":[{"embeddable":true,"href":"https:\/\/www.manaus.am.gov.br\/semcom\/wp-json\/wp\/v2\/users\/68"}],"replies":[{"embeddable":true,"href":"https:\/\/www.manaus.am.gov.br\/semcom\/wp-json\/wp\/v2\/comments?post=253044"}],"version-history":[{"count":2,"href":"https:\/\/www.manaus.am.gov.br\/semcom\/wp-json\/wp\/v2\/posts\/253044\/revisions"}],"predecessor-version":[{"id":253093,"href":"https:\/\/www.manaus.am.gov.br\/semcom\/wp-json\/wp\/v2\/posts\/253044\/revisions\/253093"}],"wp:featuredmedia":[{"embeddable":true,"href":"https:\/\/www.manaus.am.gov.br\/semcom\/wp-json\/wp\/v2\/media\/253045"}],"wp:attachment":[{"href":"https:\/\/www.manaus.am.gov.br\/semcom\/wp-json\/wp\/v2\/media?parent=253044"}],"wp:term":[{"taxonomy":"category","embeddable":true,"href":"https:\/\/www.manaus.am.gov.br\/semcom\/wp-json\/wp\/v2\/categories?post=253044"},{"taxonomy":"post_tag","embeddable":true,"href":"https:\/\/www.manaus.am.gov.br\/semcom\/wp-json\/wp\/v2\/tags?post=253044"}],"curies":[{"name":"wp","href":"https:\/\/api.w.org\/{rel}","templated":true}]}}