{"id":253038,"date":"2026-02-13T18:15:26","date_gmt":"2026-02-13T22:15:26","guid":{"rendered":"https:\/\/www.manaus.am.gov.br\/semcom\/procon-manaus-itinerante-2026\/"},"modified":"2026-02-19T11:33:05","modified_gmt":"2026-02-19T14:33:05","slug":"procon-manaus-itinerante-2026","status":"publish","type":"post","link":"https:\/\/www.manaus.am.gov.br\/semcom\/procon-manaus-itinerante-2026\/","title":{"rendered":"Prefeitura de Manaus realiza primeira edi\u00e7\u00e3o do `Procon Manaus Itinerante\u2019 de 2026 no Parque das Tribos"},"content":{"rendered":"\n<p>A <a href=\"https:\/\/www.instagram.com\/prefeiturademanaus\/\">Prefeitura de Manaus,<\/a> por meio do<a href=\"https:\/\/www.manaus.am.gov.br\/\"> Servi\u00e7o de Atendimento e Prote\u00e7\u00e3o ao Consumidor (Procon<\/a> <a href=\"https:\/\/www.manaus.am.gov.br\/\">Manaus)<\/a>, encerrou, nesta sexta-feira, 13\/2, a primeira edi\u00e7\u00e3o do \u201cProcon Manaus Itinerante\u201d de 2026, realizada no Parque das Tribos, zona Oeste. A a\u00e7\u00e3o, que iniciou na segunda-feira, 9\/2, aconteceu no Centro Social Comunit\u00e1rio Ind\u00edgena Arcanjo S\u00e3o Gabriel, e contou com a oferta de servi\u00e7os gratuitos aos moradores da regi\u00e3o, com objetivo de facilitar o acesso da popula\u00e7\u00e3o aos seus direitos.<\/p>\n\n\n\n<p>A presidente do Procon Manaus, Onilda Abreu, destacou a import\u00e2ncia da iniciativa. \u201cA a\u00e7\u00e3o tem um papel fundamental na garantia dos direitos do consumidor, pois leva atendimento direto a quem mais precisa. Iniciar as atividades de 2026 no Parque das Tribos reafirma o nosso compromisso com a inclus\u00e3o, o acesso \u00e0 informa\u00e7\u00e3o e a cidadania\u201d, declarou.<\/p>\n\n\n\n<figure class=\"wp-block-image size-full\"><img loading=\"lazy\" decoding=\"async\" width=\"799\" height=\"533\" src=\"https:\/\/www.manaus.am.gov.br\/semcom\/wp-content\/uploads\/sites\/5\/2026\/02\/55087104620_5765b6a84c_c.jpg\" alt=\"\" class=\"wp-image-253039\" srcset=\"https:\/\/www.manaus.am.gov.br\/semcom\/wp-content\/uploads\/sites\/5\/2026\/02\/55087104620_5765b6a84c_c.jpg 799w, https:\/\/www.manaus.am.gov.br\/semcom\/wp-content\/uploads\/sites\/5\/2026\/02\/55087104620_5765b6a84c_c-300x200.jpg 300w, https:\/\/www.manaus.am.gov.br\/semcom\/wp-content\/uploads\/sites\/5\/2026\/02\/55087104620_5765b6a84c_c-768x512.jpg 768w\" sizes=\"(max-width: 799px) 100vw, 799px\" \/><figcaption class=\"wp-element-caption\">#paratodosverem &#8211; Agente do Procon Manaus realizando atendimento <\/figcaption><\/figure>\n\n\n\n<p>Durante os dias de atendimento, o Procon Manaus ofereceu orienta\u00e7\u00e3o ao consumidor, registro de reclama\u00e7\u00f5es e recebimento de den\u00fancias, al\u00e9m de atendimentos das concession\u00e1rias Amazonas Energia, \u00c1guas de Manaus, Cart\u00f3rio de Protesto e Cras, com consulta gratuita de protestos, servi\u00e7os como negocia\u00e7\u00e3o de d\u00e9bitos com descontos de at\u00e9 80%, solicita\u00e7\u00e3o de novas liga\u00e7\u00f5es, transfer\u00eancia de titularidade, verifica\u00e7\u00e3o de consumo e cadastro na tarifa social, conforme an\u00e1lise individual de cada caso.<\/p>\n\n\n\n<p>Entre os consumidores atendidos, a dona de casa Nonata Silva, de 38 anos, foi beneficiada pela a\u00e7\u00e3o. Ela buscou o \u201cProcon Manaus Itinerante&#8221; para contestar uma multa de \u00e1gua, que foi retirada e relatou a satisfa\u00e7\u00e3o com o atendimento prestado durante a a\u00e7\u00e3o. \u201cEu vim resolver uma multa da minha conta de \u00e1gua que chegou, e ela foi retirada. A multa era de R$ 571 e agora foi retirada. Podem vir, porque aqui eles est\u00e3o para resolver o nosso problema\u201d, afirmou a dona de casa.<\/p>\n\n\n\n<p>A a\u00e7\u00e3o marcou a abertura do calend\u00e1rio anual do projeto e refor\u00e7a o compromisso da Prefeitura de Manaus com a descentraliza\u00e7\u00e3o dos servi\u00e7os de defesa do consumidor, promovendo um atendimento humanizado e ampliando o acesso da popula\u00e7\u00e3o aos seus direitos, especialmente nas comunidades tradicionais.<\/p>\n\n\n\n<p>&#8212; &#8212; &#8212;<br><strong>Texto &#8211; <\/strong>Fernanda Bernardes\/Procon Manaus<\/p>\n\n\n\n<p><strong>Fotos &#8211; <\/strong>Valdo Le\u00e3o \/ Semcom<br><strong>Dispon\u00edveis em &#8211;<\/strong> <a href=\"https:\/\/flic.kr\/s\/aHBqjCK3Lz\">https:\/\/flic.kr\/s\/aHBqjCK3Lz<\/a>&nbsp;<\/p>\n","protected":false},"excerpt":{"rendered":"","protected":false},"author":68,"featured_media":253040,"comment_status":"closed","ping_status":"closed","sticky":false,"template":"","format":"standard","meta":{"footnotes":""},"categories":[213],"tags":[19409,388,77,10178,897],"acf":[],"yoast_head":"<!-- This site is optimized with the Yoast SEO plugin v23.0 - https:\/\/yoast.com\/wordpress\/plugins\/seo\/ -->\n<title>PMM realiza primeira edi\u00e7\u00e3o do `Procon Manaus Itinerante\u2019 2026<\/title>\n<meta name=\"description\" content=\"A Prefeitura de Manaus encerrou, nesta sexta-feira, 13\/2, a primeira edi\u00e7\u00e3o do \u201cProcon Manaus Itinerante\u201d de 2026.\" \/>\n<meta name=\"robots\" content=\"index, follow, max-snippet:-1, max-image-preview:large, max-video-preview:-1\" \/>\n<link rel=\"canonical\" href=\"https:\/\/www.manaus.am.gov.br\/semcom\/procon-manaus-itinerante-2026\/\" \/>\n<meta property=\"og:locale\" content=\"pt_BR\" \/>\n<meta property=\"og:type\" content=\"article\" \/>\n<meta property=\"og:title\" content=\"PMM realiza primeira edi\u00e7\u00e3o do `Procon Manaus Itinerante\u2019 2026\" \/>\n<meta property=\"og:description\" content=\"A Prefeitura de Manaus encerrou, nesta sexta-feira, 13\/2, a primeira edi\u00e7\u00e3o do \u201cProcon Manaus Itinerante\u201d de 2026.\" \/>\n<meta property=\"og:url\" content=\"https:\/\/www.manaus.am.gov.br\/semcom\/procon-manaus-itinerante-2026\/\" \/>\n<meta property=\"og:site_name\" content=\"SEMCOM\" \/>\n<meta property=\"article:published_time\" content=\"2026-02-13T22:15:26+00:00\" \/>\n<meta property=\"article:modified_time\" content=\"2026-02-19T14:33:05+00:00\" \/>\n<meta property=\"og:image\" content=\"https:\/\/www.manaus.am.gov.br\/semcom\/wp-content\/uploads\/sites\/5\/2026\/02\/55086943448_d58c9092aa_c.jpg\" \/>\n\t<meta property=\"og:image:width\" content=\"799\" \/>\n\t<meta property=\"og:image:height\" content=\"533\" \/>\n\t<meta property=\"og:image:type\" content=\"image\/jpeg\" \/>\n<meta name=\"author\" content=\"bvalente\" \/>\n<meta name=\"twitter:card\" content=\"summary_large_image\" \/>\n<meta name=\"twitter:label1\" content=\"Written by\" \/>\n\t<meta name=\"twitter:data1\" content=\"bvalente\" \/>\n\t<meta name=\"twitter:label2\" content=\"Est. reading time\" \/>\n\t<meta name=\"twitter:data2\" content=\"3 minutos\" \/>\n<script type=\"application\/ld+json\" class=\"yoast-schema-graph\">{\"@context\":\"https:\/\/schema.org\",\"@graph\":[{\"@type\":\"WebPage\",\"@id\":\"https:\/\/www.manaus.am.gov.br\/semcom\/procon-manaus-itinerante-2026\/\",\"url\":\"https:\/\/www.manaus.am.gov.br\/semcom\/procon-manaus-itinerante-2026\/\",\"name\":\"PMM realiza primeira edi\u00e7\u00e3o do `Procon Manaus Itinerante\u2019 2026\",\"isPartOf\":{\"@id\":\"https:\/\/www.manaus.am.gov.br\/semcom\/#website\"},\"primaryImageOfPage\":{\"@id\":\"https:\/\/www.manaus.am.gov.br\/semcom\/procon-manaus-itinerante-2026\/#primaryimage\"},\"image\":{\"@id\":\"https:\/\/www.manaus.am.gov.br\/semcom\/procon-manaus-itinerante-2026\/#primaryimage\"},\"thumbnailUrl\":\"https:\/\/www.manaus.am.gov.br\/semcom\/wp-content\/uploads\/sites\/5\/2026\/02\/55086943448_d58c9092aa_c.jpg\",\"datePublished\":\"2026-02-13T22:15:26+00:00\",\"dateModified\":\"2026-02-19T14:33:05+00:00\",\"author\":{\"@id\":\"https:\/\/www.manaus.am.gov.br\/semcom\/#\/schema\/person\/466a0e03ae4b6062809046bd560ac955\"},\"description\":\"A Prefeitura de Manaus encerrou, nesta sexta-feira, 13\/2, a primeira edi\u00e7\u00e3o do \u201cProcon Manaus Itinerante\u201d de 2026.\",\"inLanguage\":\"pt-BR\",\"potentialAction\":[{\"@type\":\"ReadAction\",\"target\":[\"https:\/\/www.manaus.am.gov.br\/semcom\/procon-manaus-itinerante-2026\/\"]}]},{\"@type\":\"ImageObject\",\"inLanguage\":\"pt-BR\",\"@id\":\"https:\/\/www.manaus.am.gov.br\/semcom\/procon-manaus-itinerante-2026\/#primaryimage\",\"url\":\"https:\/\/www.manaus.am.gov.br\/semcom\/wp-content\/uploads\/sites\/5\/2026\/02\/55086943448_d58c9092aa_c.jpg\",\"contentUrl\":\"https:\/\/www.manaus.am.gov.br\/semcom\/wp-content\/uploads\/sites\/5\/2026\/02\/55086943448_d58c9092aa_c.jpg\",\"width\":799,\"height\":533,\"caption\":\"#paratodosverem - Equipes do Procon Manaus e concession\u00e1rias realizando atendimento\"},{\"@type\":\"WebSite\",\"@id\":\"https:\/\/www.manaus.am.gov.br\/semcom\/#website\",\"url\":\"https:\/\/www.manaus.am.gov.br\/semcom\/\",\"name\":\"SEMCOM\",\"description\":\"Secretaria Municipal de Comunica\u00e7\u00e3o\",\"potentialAction\":[{\"@type\":\"SearchAction\",\"target\":{\"@type\":\"EntryPoint\",\"urlTemplate\":\"https:\/\/www.manaus.am.gov.br\/semcom\/?s={search_term_string}\"},\"query-input\":\"required name=search_term_string\"}],\"inLanguage\":\"pt-BR\"},{\"@type\":\"Person\",\"@id\":\"https:\/\/www.manaus.am.gov.br\/semcom\/#\/schema\/person\/466a0e03ae4b6062809046bd560ac955\",\"name\":\"bvalente\",\"image\":{\"@type\":\"ImageObject\",\"inLanguage\":\"pt-BR\",\"@id\":\"https:\/\/www.manaus.am.gov.br\/semcom\/#\/schema\/person\/image\/\",\"url\":\"https:\/\/secure.gravatar.com\/avatar\/3e69bc2b014bdad41adfec3a39de07d2?s=96&d=mm&r=g\",\"contentUrl\":\"https:\/\/secure.gravatar.com\/avatar\/3e69bc2b014bdad41adfec3a39de07d2?s=96&d=mm&r=g\",\"caption\":\"bvalente\"}}]}<\/script>\n<!-- \/ Yoast SEO plugin. -->","yoast_head_json":{"title":"PMM realiza primeira edi\u00e7\u00e3o do `Procon Manaus Itinerante\u2019 2026","description":"A Prefeitura de Manaus encerrou, nesta sexta-feira, 13\/2, a primeira edi\u00e7\u00e3o do \u201cProcon Manaus Itinerante\u201d de 2026.","robots":{"index":"index","follow":"follow","max-snippet":"max-snippet:-1","max-image-preview":"max-image-preview:large","max-video-preview":"max-video-preview:-1"},"canonical":"https:\/\/www.manaus.am.gov.br\/semcom\/procon-manaus-itinerante-2026\/","og_locale":"pt_BR","og_type":"article","og_title":"PMM realiza primeira edi\u00e7\u00e3o do `Procon Manaus Itinerante\u2019 2026","og_description":"A Prefeitura de Manaus encerrou, nesta sexta-feira, 13\/2, a primeira edi\u00e7\u00e3o do \u201cProcon Manaus Itinerante\u201d de 2026.","og_url":"https:\/\/www.manaus.am.gov.br\/semcom\/procon-manaus-itinerante-2026\/","og_site_name":"SEMCOM","article_published_time":"2026-02-13T22:15:26+00:00","article_modified_time":"2026-02-19T14:33:05+00:00","og_image":[{"width":799,"height":533,"url":"https:\/\/www.manaus.am.gov.br\/semcom\/wp-content\/uploads\/sites\/5\/2026\/02\/55086943448_d58c9092aa_c.jpg","type":"image\/jpeg"}],"author":"bvalente","twitter_card":"summary_large_image","twitter_misc":{"Written by":"bvalente","Est. reading time":"3 minutos"},"schema":{"@context":"https:\/\/schema.org","@graph":[{"@type":"WebPage","@id":"https:\/\/www.manaus.am.gov.br\/semcom\/procon-manaus-itinerante-2026\/","url":"https:\/\/www.manaus.am.gov.br\/semcom\/procon-manaus-itinerante-2026\/","name":"PMM realiza primeira edi\u00e7\u00e3o do `Procon Manaus Itinerante\u2019 2026","isPartOf":{"@id":"https:\/\/www.manaus.am.gov.br\/semcom\/#website"},"primaryImageOfPage":{"@id":"https:\/\/www.manaus.am.gov.br\/semcom\/procon-manaus-itinerante-2026\/#primaryimage"},"image":{"@id":"https:\/\/www.manaus.am.gov.br\/semcom\/procon-manaus-itinerante-2026\/#primaryimage"},"thumbnailUrl":"https:\/\/www.manaus.am.gov.br\/semcom\/wp-content\/uploads\/sites\/5\/2026\/02\/55086943448_d58c9092aa_c.jpg","datePublished":"2026-02-13T22:15:26+00:00","dateModified":"2026-02-19T14:33:05+00:00","author":{"@id":"https:\/\/www.manaus.am.gov.br\/semcom\/#\/schema\/person\/466a0e03ae4b6062809046bd560ac955"},"description":"A Prefeitura de Manaus encerrou, nesta sexta-feira, 13\/2, a primeira edi\u00e7\u00e3o do \u201cProcon Manaus Itinerante\u201d de 2026.","inLanguage":"pt-BR","potentialAction":[{"@type":"ReadAction","target":["https:\/\/www.manaus.am.gov.br\/semcom\/procon-manaus-itinerante-2026\/"]}]},{"@type":"ImageObject","inLanguage":"pt-BR","@id":"https:\/\/www.manaus.am.gov.br\/semcom\/procon-manaus-itinerante-2026\/#primaryimage","url":"https:\/\/www.manaus.am.gov.br\/semcom\/wp-content\/uploads\/sites\/5\/2026\/02\/55086943448_d58c9092aa_c.jpg","contentUrl":"https:\/\/www.manaus.am.gov.br\/semcom\/wp-content\/uploads\/sites\/5\/2026\/02\/55086943448_d58c9092aa_c.jpg","width":799,"height":533,"caption":"#paratodosverem - Equipes do Procon Manaus e concession\u00e1rias realizando atendimento"},{"@type":"WebSite","@id":"https:\/\/www.manaus.am.gov.br\/semcom\/#website","url":"https:\/\/www.manaus.am.gov.br\/semcom\/","name":"SEMCOM","description":"Secretaria Municipal de Comunica\u00e7\u00e3o","potentialAction":[{"@type":"SearchAction","target":{"@type":"EntryPoint","urlTemplate":"https:\/\/www.manaus.am.gov.br\/semcom\/?s={search_term_string}"},"query-input":"required name=search_term_string"}],"inLanguage":"pt-BR"},{"@type":"Person","@id":"https:\/\/www.manaus.am.gov.br\/semcom\/#\/schema\/person\/466a0e03ae4b6062809046bd560ac955","name":"bvalente","image":{"@type":"ImageObject","inLanguage":"pt-BR","@id":"https:\/\/www.manaus.am.gov.br\/semcom\/#\/schema\/person\/image\/","url":"https:\/\/secure.gravatar.com\/avatar\/3e69bc2b014bdad41adfec3a39de07d2?s=96&d=mm&r=g","contentUrl":"https:\/\/secure.gravatar.com\/avatar\/3e69bc2b014bdad41adfec3a39de07d2?s=96&d=mm&r=g","caption":"bvalente"}}]}},"_links":{"self":[{"href":"https:\/\/www.manaus.am.gov.br\/semcom\/wp-json\/wp\/v2\/posts\/253038"}],"collection":[{"href":"https:\/\/www.manaus.am.gov.br\/semcom\/wp-json\/wp\/v2\/posts"}],"about":[{"href":"https:\/\/www.manaus.am.gov.br\/semcom\/wp-json\/wp\/v2\/types\/post"}],"author":[{"embeddable":true,"href":"https:\/\/www.manaus.am.gov.br\/semcom\/wp-json\/wp\/v2\/users\/68"}],"replies":[{"embeddable":true,"href":"https:\/\/www.manaus.am.gov.br\/semcom\/wp-json\/wp\/v2\/comments?post=253038"}],"version-history":[{"count":3,"href":"https:\/\/www.manaus.am.gov.br\/semcom\/wp-json\/wp\/v2\/posts\/253038\/revisions"}],"predecessor-version":[{"id":253090,"href":"https:\/\/www.manaus.am.gov.br\/semcom\/wp-json\/wp\/v2\/posts\/253038\/revisions\/253090"}],"wp:featuredmedia":[{"embeddable":true,"href":"https:\/\/www.manaus.am.gov.br\/semcom\/wp-json\/wp\/v2\/media\/253040"}],"wp:attachment":[{"href":"https:\/\/www.manaus.am.gov.br\/semcom\/wp-json\/wp\/v2\/media?parent=253038"}],"wp:term":[{"taxonomy":"category","embeddable":true,"href":"https:\/\/www.manaus.am.gov.br\/semcom\/wp-json\/wp\/v2\/categories?post=253038"},{"taxonomy":"post_tag","embeddable":true,"href":"https:\/\/www.manaus.am.gov.br\/semcom\/wp-json\/wp\/v2\/tags?post=253038"}],"curies":[{"name":"wp","href":"https:\/\/api.w.org\/{rel}","templated":true}]}}