{"id":253000,"date":"2026-02-13T15:52:42","date_gmt":"2026-02-13T18:52:42","guid":{"rendered":"https:\/\/www.manaus.am.gov.br\/semcom\/desfiles-das-escolas-de-samba\/"},"modified":"2026-02-13T16:37:13","modified_gmt":"2026-02-13T19:37:13","slug":"desfiles-das-escolas-de-samba","status":"publish","type":"post","link":"https:\/\/www.manaus.am.gov.br\/semcom\/desfiles-das-escolas-de-samba\/","title":{"rendered":"Prefeitura de Manaus acompanha primeira noite de desfiles das escolas de samba e refor\u00e7a apoio ao Carnaval"},"content":{"rendered":"\n<p>A <a href=\"https:\/\/www.instagram.com\/prefeiturademanaus\/\">Prefeitura de Manaus<\/a>, por meio da&nbsp;<a href=\"https:\/\/www.manaus.am.gov.br\/manauscult\/\">Funda\u00e7\u00e3o Municipal de Cultura, Turismo e Eventos (Manauscult)<\/a>,&nbsp;esteve presente na primeira noite de desfiles das escolas de samba que ocorreu na noite de quinta-feira 12\/2, no Samb\u00f3dromo de Manaus, localizado no Dom Pedro, zona Centro-Oeste. Ao todo, nove agremia\u00e7\u00f5es passaram pela avenida, levando brilho, emo\u00e7\u00e3o e o ritmo que marca uma das maiores manifesta\u00e7\u00f5es culturais da capital amazonense.<\/p>\n\n\n\n<p>A equipe de fiscaliza\u00e7\u00e3o e monitoramento da Manauscult tamb\u00e9m acompanhou a programa\u00e7\u00e3o, refor\u00e7ando o compromisso com a correta aplica\u00e7\u00e3o dos recursos destinados garantindo transpar\u00eancia em todas as etapas do evento.<\/p>\n\n\n\n<p>O apoio da prefeitura foi assegurado por meio de fomento via edital, contemplando as escolas dos tr\u00eas grupos. Cada escola do Grupo Especial recebeu R$ 181.500,00; as do Grupo A, R$ 108.900,00; e as do Grupo B, R$ 69.575,00. O investimento reafirma o compromisso da gest\u00e3o municipal com o fortalecimento da cultura popular e com a valoriza\u00e7\u00e3o das agremia\u00e7\u00f5es que mant\u00eam viva a tradi\u00e7\u00e3o do samba em Manaus.<\/p>\n\n\n\n<p>O diretor-presidente da Manauscult, Jender Lobato, destacou a import\u00e2ncia do incentivo p\u00fablico para a realiza\u00e7\u00e3o da festa. \u201cO Carnaval \u00e9 uma express\u00e3o forte da nossa identidade cultural e tamb\u00e9m um motor econ\u00f4mico importante. O fomento assegura que as escolas tenham condi\u00e7\u00f5es de apresentar um grande espet\u00e1culo, al\u00e9m de gerar emprego e renda para centenas de fam\u00edlias\u201d, afirmou.<\/p>\n\n\n\n<p>Presente na primeira noite de desfiles, o diretor de Cultura da funda\u00e7\u00e3o, Wallace Almeida, acompanhou de perto as apresenta\u00e7\u00f5es e ressaltou o impacto social do evento. \u201cCada escola traz para a avenida o resultado de meses de trabalho e dedica\u00e7\u00e3o. A Prefeitura cumpre seu papel ao garantir apoio institucional e estrutural, fortalecendo toda a cadeia cultural envolvida\u201d, pontuou.<\/p>\n\n\n\n<p>Al\u00e9m do espet\u00e1culo na avenida, o reflexo positivo foi sentido no com\u00e9rcio do entorno. Ambulantes e vendedoras comemoraram o aumento nas vendas durante a programa\u00e7\u00e3o. Para muitos trabalhadores informais, o Carnaval representa uma oportunidade significativa de renda extra. Barracas de alimenta\u00e7\u00e3o, bebidas e adere\u00e7os registraram grande movimento ao longo da noite.<\/p>\n\n\n\n<p>A aut\u00f4noma Maria do Socorro, que trabalha com venda de lanches, celebrou o resultado. \u201cQuando tem desfile, a gente sabe que vai vender bem. \u00c9 uma ajuda grande para a nossa fam\u00edlia. O movimento foi \u00f3timo\u201d, contou.<\/p>\n\n\n\n<p>Entre os foli\u00f5es, o clima era de entusiasmo. Morador da \u00e1rea, Carlos&nbsp;Henrique, que acompanhava os desfiles com amigos, elogiou a organiza\u00e7\u00e3o. \u201cEst\u00e1 tudo muito bonito e organizado. A gente percebe o cuidado para que a festa aconte\u00e7a da melhor forma\u201d, disse.<\/p>\n\n\n\n<p>Com p\u00fablico animado e escolas mostrando toda sua pot\u00eancia e criatividade, a primeira noite confirmou a for\u00e7a do Carnaval de Manaus como uma celebra\u00e7\u00e3o que une cultura, tradi\u00e7\u00e3o e desenvolvimento econ\u00f4mico.<\/p>\n\n\n\n<p><strong>&#8212; &#8212; &#8212;<\/strong><\/p>\n\n\n\n<p><strong>Texto &#8211;<\/strong> J\u00e9ssica Trajano&nbsp;\/ Manauscult<\/p>\n\n\n\n<p><strong>Fotos &#8211;<\/strong> Thelson Souza \/ Manauscult e Cl\u00f3vis Miranda \/ Semcom<br><br><strong>Dispon\u00edveis em <\/strong>&#8211; https:\/\/flic.kr\/s\/aHBqjCKhM3<\/p>\n\n\n\n<p><\/p>\n","protected":false},"excerpt":{"rendered":"","protected":false},"author":57,"featured_media":253001,"comment_status":"closed","ping_status":"closed","sticky":false,"template":"","format":"standard","meta":{"footnotes":""},"categories":[195],"tags":[110,10375,197,307,77],"acf":[],"yoast_head":"<!-- This site is optimized with the Yoast SEO plugin v23.0 - https:\/\/yoast.com\/wordpress\/plugins\/seo\/ -->\n<title>PMM acompanha primeira noite de desfiles das escolas de samba<\/title>\n<meta name=\"description\" content=\"A PMM esteve presente na primeira noite de desfiles das escolas de samba que ocorreu na noite de quinta-feira 12\/2, no Samb\u00f3dromo.\" \/>\n<meta name=\"robots\" content=\"index, follow, max-snippet:-1, max-image-preview:large, max-video-preview:-1\" \/>\n<link rel=\"canonical\" href=\"https:\/\/www.manaus.am.gov.br\/semcom\/desfiles-das-escolas-de-samba\/\" \/>\n<meta property=\"og:locale\" content=\"pt_BR\" \/>\n<meta property=\"og:type\" content=\"article\" \/>\n<meta property=\"og:title\" content=\"PMM acompanha primeira noite de desfiles das escolas de samba\" \/>\n<meta property=\"og:description\" content=\"A PMM esteve presente na primeira noite de desfiles das escolas de samba que ocorreu na noite de quinta-feira 12\/2, no Samb\u00f3dromo.\" \/>\n<meta property=\"og:url\" content=\"https:\/\/www.manaus.am.gov.br\/semcom\/desfiles-das-escolas-de-samba\/\" \/>\n<meta property=\"og:site_name\" content=\"SEMCOM\" \/>\n<meta property=\"article:published_time\" content=\"2026-02-13T18:52:42+00:00\" \/>\n<meta property=\"article:modified_time\" content=\"2026-02-13T19:37:13+00:00\" \/>\n<meta property=\"og:image\" content=\"https:\/\/www.manaus.am.gov.br\/semcom\/wp-content\/uploads\/sites\/5\/2026\/02\/desfiles-das-escolas-de-samba-4.jpeg\" \/>\n\t<meta property=\"og:image:width\" content=\"1280\" \/>\n\t<meta property=\"og:image:height\" content=\"854\" \/>\n\t<meta property=\"og:image:type\" content=\"image\/jpeg\" \/>\n<meta name=\"author\" content=\"Thiago Fernando\" \/>\n<meta name=\"twitter:card\" content=\"summary_large_image\" \/>\n<meta name=\"twitter:label1\" content=\"Written by\" \/>\n\t<meta name=\"twitter:data1\" content=\"Thiago Fernando\" \/>\n\t<meta name=\"twitter:label2\" content=\"Est. reading time\" \/>\n\t<meta name=\"twitter:data2\" content=\"3 minutos\" \/>\n<script type=\"application\/ld+json\" class=\"yoast-schema-graph\">{\"@context\":\"https:\/\/schema.org\",\"@graph\":[{\"@type\":\"WebPage\",\"@id\":\"https:\/\/www.manaus.am.gov.br\/semcom\/desfiles-das-escolas-de-samba\/\",\"url\":\"https:\/\/www.manaus.am.gov.br\/semcom\/desfiles-das-escolas-de-samba\/\",\"name\":\"PMM acompanha primeira noite de desfiles das escolas de samba\",\"isPartOf\":{\"@id\":\"https:\/\/www.manaus.am.gov.br\/semcom\/#website\"},\"primaryImageOfPage\":{\"@id\":\"https:\/\/www.manaus.am.gov.br\/semcom\/desfiles-das-escolas-de-samba\/#primaryimage\"},\"image\":{\"@id\":\"https:\/\/www.manaus.am.gov.br\/semcom\/desfiles-das-escolas-de-samba\/#primaryimage\"},\"thumbnailUrl\":\"https:\/\/www.manaus.am.gov.br\/semcom\/wp-content\/uploads\/sites\/5\/2026\/02\/desfiles-das-escolas-de-samba-4.jpeg\",\"datePublished\":\"2026-02-13T18:52:42+00:00\",\"dateModified\":\"2026-02-13T19:37:13+00:00\",\"author\":{\"@id\":\"https:\/\/www.manaus.am.gov.br\/semcom\/#\/schema\/person\/a5ee5376db6e21af026374b369f30882\"},\"description\":\"A PMM esteve presente na primeira noite de desfiles das escolas de samba que ocorreu na noite de quinta-feira 12\/2, no Samb\u00f3dromo.\",\"inLanguage\":\"pt-BR\",\"potentialAction\":[{\"@type\":\"ReadAction\",\"target\":[\"https:\/\/www.manaus.am.gov.br\/semcom\/desfiles-das-escolas-de-samba\/\"]}]},{\"@type\":\"ImageObject\",\"inLanguage\":\"pt-BR\",\"@id\":\"https:\/\/www.manaus.am.gov.br\/semcom\/desfiles-das-escolas-de-samba\/#primaryimage\",\"url\":\"https:\/\/www.manaus.am.gov.br\/semcom\/wp-content\/uploads\/sites\/5\/2026\/02\/desfiles-das-escolas-de-samba-4.jpeg\",\"contentUrl\":\"https:\/\/www.manaus.am.gov.br\/semcom\/wp-content\/uploads\/sites\/5\/2026\/02\/desfiles-das-escolas-de-samba-4.jpeg\",\"width\":1280,\"height\":854,\"caption\":\"#paratodosverem - Desfile das Escolas de Samba\"},{\"@type\":\"WebSite\",\"@id\":\"https:\/\/www.manaus.am.gov.br\/semcom\/#website\",\"url\":\"https:\/\/www.manaus.am.gov.br\/semcom\/\",\"name\":\"SEMCOM\",\"description\":\"Secretaria Municipal de Comunica\u00e7\u00e3o\",\"potentialAction\":[{\"@type\":\"SearchAction\",\"target\":{\"@type\":\"EntryPoint\",\"urlTemplate\":\"https:\/\/www.manaus.am.gov.br\/semcom\/?s={search_term_string}\"},\"query-input\":\"required name=search_term_string\"}],\"inLanguage\":\"pt-BR\"},{\"@type\":\"Person\",\"@id\":\"https:\/\/www.manaus.am.gov.br\/semcom\/#\/schema\/person\/a5ee5376db6e21af026374b369f30882\",\"name\":\"Thiago Fernando\",\"image\":{\"@type\":\"ImageObject\",\"inLanguage\":\"pt-BR\",\"@id\":\"https:\/\/www.manaus.am.gov.br\/semcom\/#\/schema\/person\/image\/\",\"url\":\"https:\/\/secure.gravatar.com\/avatar\/f5aab8722444041451501c077052ac07?s=96&d=mm&r=g\",\"contentUrl\":\"https:\/\/secure.gravatar.com\/avatar\/f5aab8722444041451501c077052ac07?s=96&d=mm&r=g\",\"caption\":\"Thiago Fernando\"}}]}<\/script>\n<!-- \/ Yoast SEO plugin. -->","yoast_head_json":{"title":"PMM acompanha primeira noite de desfiles das escolas de samba","description":"A PMM esteve presente na primeira noite de desfiles das escolas de samba que ocorreu na noite de quinta-feira 12\/2, no Samb\u00f3dromo.","robots":{"index":"index","follow":"follow","max-snippet":"max-snippet:-1","max-image-preview":"max-image-preview:large","max-video-preview":"max-video-preview:-1"},"canonical":"https:\/\/www.manaus.am.gov.br\/semcom\/desfiles-das-escolas-de-samba\/","og_locale":"pt_BR","og_type":"article","og_title":"PMM acompanha primeira noite de desfiles das escolas de samba","og_description":"A PMM esteve presente na primeira noite de desfiles das escolas de samba que ocorreu na noite de quinta-feira 12\/2, no Samb\u00f3dromo.","og_url":"https:\/\/www.manaus.am.gov.br\/semcom\/desfiles-das-escolas-de-samba\/","og_site_name":"SEMCOM","article_published_time":"2026-02-13T18:52:42+00:00","article_modified_time":"2026-02-13T19:37:13+00:00","og_image":[{"width":1280,"height":854,"url":"https:\/\/www.manaus.am.gov.br\/semcom\/wp-content\/uploads\/sites\/5\/2026\/02\/desfiles-das-escolas-de-samba-4.jpeg","type":"image\/jpeg"}],"author":"Thiago Fernando","twitter_card":"summary_large_image","twitter_misc":{"Written by":"Thiago Fernando","Est. reading time":"3 minutos"},"schema":{"@context":"https:\/\/schema.org","@graph":[{"@type":"WebPage","@id":"https:\/\/www.manaus.am.gov.br\/semcom\/desfiles-das-escolas-de-samba\/","url":"https:\/\/www.manaus.am.gov.br\/semcom\/desfiles-das-escolas-de-samba\/","name":"PMM acompanha primeira noite de desfiles das escolas de samba","isPartOf":{"@id":"https:\/\/www.manaus.am.gov.br\/semcom\/#website"},"primaryImageOfPage":{"@id":"https:\/\/www.manaus.am.gov.br\/semcom\/desfiles-das-escolas-de-samba\/#primaryimage"},"image":{"@id":"https:\/\/www.manaus.am.gov.br\/semcom\/desfiles-das-escolas-de-samba\/#primaryimage"},"thumbnailUrl":"https:\/\/www.manaus.am.gov.br\/semcom\/wp-content\/uploads\/sites\/5\/2026\/02\/desfiles-das-escolas-de-samba-4.jpeg","datePublished":"2026-02-13T18:52:42+00:00","dateModified":"2026-02-13T19:37:13+00:00","author":{"@id":"https:\/\/www.manaus.am.gov.br\/semcom\/#\/schema\/person\/a5ee5376db6e21af026374b369f30882"},"description":"A PMM esteve presente na primeira noite de desfiles das escolas de samba que ocorreu na noite de quinta-feira 12\/2, no Samb\u00f3dromo.","inLanguage":"pt-BR","potentialAction":[{"@type":"ReadAction","target":["https:\/\/www.manaus.am.gov.br\/semcom\/desfiles-das-escolas-de-samba\/"]}]},{"@type":"ImageObject","inLanguage":"pt-BR","@id":"https:\/\/www.manaus.am.gov.br\/semcom\/desfiles-das-escolas-de-samba\/#primaryimage","url":"https:\/\/www.manaus.am.gov.br\/semcom\/wp-content\/uploads\/sites\/5\/2026\/02\/desfiles-das-escolas-de-samba-4.jpeg","contentUrl":"https:\/\/www.manaus.am.gov.br\/semcom\/wp-content\/uploads\/sites\/5\/2026\/02\/desfiles-das-escolas-de-samba-4.jpeg","width":1280,"height":854,"caption":"#paratodosverem - Desfile das Escolas de Samba"},{"@type":"WebSite","@id":"https:\/\/www.manaus.am.gov.br\/semcom\/#website","url":"https:\/\/www.manaus.am.gov.br\/semcom\/","name":"SEMCOM","description":"Secretaria Municipal de Comunica\u00e7\u00e3o","potentialAction":[{"@type":"SearchAction","target":{"@type":"EntryPoint","urlTemplate":"https:\/\/www.manaus.am.gov.br\/semcom\/?s={search_term_string}"},"query-input":"required name=search_term_string"}],"inLanguage":"pt-BR"},{"@type":"Person","@id":"https:\/\/www.manaus.am.gov.br\/semcom\/#\/schema\/person\/a5ee5376db6e21af026374b369f30882","name":"Thiago Fernando","image":{"@type":"ImageObject","inLanguage":"pt-BR","@id":"https:\/\/www.manaus.am.gov.br\/semcom\/#\/schema\/person\/image\/","url":"https:\/\/secure.gravatar.com\/avatar\/f5aab8722444041451501c077052ac07?s=96&d=mm&r=g","contentUrl":"https:\/\/secure.gravatar.com\/avatar\/f5aab8722444041451501c077052ac07?s=96&d=mm&r=g","caption":"Thiago Fernando"}}]}},"_links":{"self":[{"href":"https:\/\/www.manaus.am.gov.br\/semcom\/wp-json\/wp\/v2\/posts\/253000"}],"collection":[{"href":"https:\/\/www.manaus.am.gov.br\/semcom\/wp-json\/wp\/v2\/posts"}],"about":[{"href":"https:\/\/www.manaus.am.gov.br\/semcom\/wp-json\/wp\/v2\/types\/post"}],"author":[{"embeddable":true,"href":"https:\/\/www.manaus.am.gov.br\/semcom\/wp-json\/wp\/v2\/users\/57"}],"replies":[{"embeddable":true,"href":"https:\/\/www.manaus.am.gov.br\/semcom\/wp-json\/wp\/v2\/comments?post=253000"}],"version-history":[{"count":1,"href":"https:\/\/www.manaus.am.gov.br\/semcom\/wp-json\/wp\/v2\/posts\/253000\/revisions"}],"predecessor-version":[{"id":253011,"href":"https:\/\/www.manaus.am.gov.br\/semcom\/wp-json\/wp\/v2\/posts\/253000\/revisions\/253011"}],"wp:featuredmedia":[{"embeddable":true,"href":"https:\/\/www.manaus.am.gov.br\/semcom\/wp-json\/wp\/v2\/media\/253001"}],"wp:attachment":[{"href":"https:\/\/www.manaus.am.gov.br\/semcom\/wp-json\/wp\/v2\/media?parent=253000"}],"wp:term":[{"taxonomy":"category","embeddable":true,"href":"https:\/\/www.manaus.am.gov.br\/semcom\/wp-json\/wp\/v2\/categories?post=253000"},{"taxonomy":"post_tag","embeddable":true,"href":"https:\/\/www.manaus.am.gov.br\/semcom\/wp-json\/wp\/v2\/tags?post=253000"}],"curies":[{"name":"wp","href":"https:\/\/api.w.org\/{rel}","templated":true}]}}