{"id":252679,"date":"2026-02-10T10:03:59","date_gmt":"2026-02-10T13:03:59","guid":{"rendered":"https:\/\/www.manaus.am.gov.br\/semcom\/prefeitura-registroimobiliario-sede\/"},"modified":"2026-02-10T15:01:10","modified_gmt":"2026-02-10T18:01:10","slug":"prefeitura-registroimobiliario-sede","status":"publish","type":"post","link":"https:\/\/www.manaus.am.gov.br\/semcom\/prefeitura-registroimobiliario-sede\/","title":{"rendered":"Sede da prefeitura tem registro imobili\u00e1rio regularizado ap\u00f3s demanda hist\u00f3rica de 30 anos"},"content":{"rendered":"\n<p>Ap\u00f3s mais de tr\u00eas d\u00e9cadas, a administra\u00e7\u00e3o p\u00fablica municipal tem uma conquista hist\u00f3rica: a regulariza\u00e7\u00e3o do registro imobili\u00e1rio do terreno onde funciona todo o complexo da <a href=\"https:\/\/www.manaus.am.gov.br\/\">Prefeitura de Manaus<\/a>, no bairro Compensa, zona Oeste da capital. A seguran\u00e7a jur\u00eddica ao patrim\u00f4nio p\u00fablico \u00e9 fruto da atua\u00e7\u00e3o t\u00e9cnica e estrat\u00e9gica da <a href=\"https:\/\/www.instagram.com\/pgmmanaus\/\">Procuradoria-Geral do Munic\u00edpio<\/a> (PGM).<\/p>\n\n\n\n<p>\u201cA regulariza\u00e7\u00e3o do im\u00f3vel representa um marco para o munic\u00edpio, pois consolida juridicamente uma \u00e1rea essencial para o funcionamento da administra\u00e7\u00e3o p\u00fablica, permitindo maior seguran\u00e7a patrimonial, planejamento de longo prazo e viabiliza\u00e7\u00e3o de investimentos em melhorias estruturais\u201d, destacou o procurador-geral do munic\u00edpio, Rafael Bertazzo.<\/p>\n\n\n\n<p>Com o registro definitivamente regularizado, o munic\u00edpio passa a contar com mais transpar\u00eancia, legalidade e efici\u00eancia na gest\u00e3o de seus bens.<\/p>\n\n\n\n<p><strong>Feira<\/strong><\/p>\n\n\n\n<p>Na mesma linha de atua\u00e7\u00e3o, a PGM tamb\u00e9m protagonizou outra iniciativa de relev\u00e2ncia social e institucional: a regulariza\u00e7\u00e3o da feira da Bet\u00e2nia, na zona Sul. Pela primeira vez, o munic\u00edpio realizou a regulariza\u00e7\u00e3o de uma feira municipal, por meio de usucapi\u00e3o extrajudicial, em um processo proposto pelo pr\u00f3prio poder p\u00fablico.<\/p>\n\n\n\n<p>A medida garante seguran\u00e7a jur\u00eddica aos permission\u00e1rios, fortalece a organiza\u00e7\u00e3o do espa\u00e7o p\u00fablico e cria condi\u00e7\u00f5es concretas para novos investimentos e melhorias estruturais, beneficiando diretamente comerciantes, consumidores e a economia local.<\/p>\n\n\n\n<p>&#8220;Essas a\u00e7\u00f5es reafirmam o papel da PGM como \u00f3rg\u00e3o essencial n\u00e3o apenas na defesa judicial do munic\u00edpio, mas tamb\u00e9m na constru\u00e7\u00e3o de solu\u00e7\u00f5es jur\u00eddicas inovadoras, capazes de enfrentar passivos hist\u00f3ricos e promover o desenvolvimento urbano de forma planejada, respons\u00e1vel e sustent\u00e1vel. A regulariza\u00e7\u00e3o fundi\u00e1ria, nesse contexto, consolida-se como uma ferramenta estrat\u00e9gica para fortalecer a gest\u00e3o p\u00fablica, proteger o patrim\u00f4nio municipal e assegurar mais qualidade de vida \u00e0 popula\u00e7\u00e3o\u201d, ressaltou Bertazzo.<\/p>\n\n\n\n<p>&#8212; &#8212; &#8212;<\/p>\n\n\n\n<p><strong>Texto <\/strong>\u2013 Divulga\u00e7\u00e3o\/PGM<\/p>\n\n\n\n<p><strong>Fotos<\/strong> \u2013 Arquivo\/Semcom<\/p>\n","protected":false},"excerpt":{"rendered":"","protected":false},"author":23,"featured_media":252685,"comment_status":"closed","ping_status":"closed","sticky":false,"template":"","format":"standard","meta":{"footnotes":""},"categories":[3411],"tags":[16755,518,77,19316,404,6674],"acf":[],"yoast_head":"<!-- This site is optimized with the Yoast SEO plugin v23.0 - https:\/\/yoast.com\/wordpress\/plugins\/seo\/ -->\n<title>Sede da prefeitura tem registro imobili\u00e1rio regularizado ap\u00f3s demanda hist\u00f3rica de 30 anos<\/title>\n<meta name=\"description\" content=\"Ap\u00f3s mais de tr\u00eas d\u00e9cadas, a administra\u00e7\u00e3o p\u00fablica municipal tem uma conquista hist\u00f3rica: a regulariza\u00e7\u00e3o do registro imobili\u00e1rio do terreno onde funciona todo o complexo da Prefeitura de Manaus\" \/>\n<meta name=\"robots\" content=\"index, follow, max-snippet:-1, max-image-preview:large, max-video-preview:-1\" \/>\n<link rel=\"canonical\" href=\"https:\/\/www.manaus.am.gov.br\/semcom\/prefeitura-registroimobiliario-sede\/\" \/>\n<meta property=\"og:locale\" content=\"pt_BR\" \/>\n<meta property=\"og:type\" content=\"article\" \/>\n<meta property=\"og:title\" content=\"Sede da prefeitura tem registro imobili\u00e1rio regularizado ap\u00f3s demanda hist\u00f3rica de 30 anos\" \/>\n<meta property=\"og:description\" content=\"Ap\u00f3s mais de tr\u00eas d\u00e9cadas, a administra\u00e7\u00e3o p\u00fablica municipal tem uma conquista hist\u00f3rica: a regulariza\u00e7\u00e3o do registro imobili\u00e1rio do terreno onde funciona todo o complexo da Prefeitura de Manaus\" \/>\n<meta property=\"og:url\" content=\"https:\/\/www.manaus.am.gov.br\/semcom\/prefeitura-registroimobiliario-sede\/\" \/>\n<meta property=\"og:site_name\" content=\"SEMCOM\" \/>\n<meta property=\"article:published_time\" content=\"2026-02-10T13:03:59+00:00\" \/>\n<meta property=\"article:modified_time\" content=\"2026-02-10T18:01:10+00:00\" \/>\n<meta property=\"og:image\" content=\"https:\/\/www.manaus.am.gov.br\/semcom\/wp-content\/uploads\/sites\/5\/2026\/02\/WhatsApp-Image-2026-02-10-at-08.57.27-1.jpeg\" \/>\n\t<meta property=\"og:image:width\" content=\"1600\" \/>\n\t<meta property=\"og:image:height\" content=\"1066\" \/>\n\t<meta property=\"og:image:type\" content=\"image\/jpeg\" \/>\n<meta name=\"author\" content=\"Adriana Costa\" \/>\n<meta name=\"twitter:card\" content=\"summary_large_image\" \/>\n<meta name=\"twitter:label1\" content=\"Written by\" \/>\n\t<meta name=\"twitter:data1\" content=\"Adriana Costa\" \/>\n\t<meta name=\"twitter:label2\" content=\"Est. reading time\" \/>\n\t<meta name=\"twitter:data2\" content=\"2 minutos\" \/>\n<script type=\"application\/ld+json\" class=\"yoast-schema-graph\">{\"@context\":\"https:\/\/schema.org\",\"@graph\":[{\"@type\":\"WebPage\",\"@id\":\"https:\/\/www.manaus.am.gov.br\/semcom\/prefeitura-registroimobiliario-sede\/\",\"url\":\"https:\/\/www.manaus.am.gov.br\/semcom\/prefeitura-registroimobiliario-sede\/\",\"name\":\"Sede da prefeitura tem registro imobili\u00e1rio regularizado ap\u00f3s demanda hist\u00f3rica de 30 anos\",\"isPartOf\":{\"@id\":\"https:\/\/www.manaus.am.gov.br\/semcom\/#website\"},\"primaryImageOfPage\":{\"@id\":\"https:\/\/www.manaus.am.gov.br\/semcom\/prefeitura-registroimobiliario-sede\/#primaryimage\"},\"image\":{\"@id\":\"https:\/\/www.manaus.am.gov.br\/semcom\/prefeitura-registroimobiliario-sede\/#primaryimage\"},\"thumbnailUrl\":\"https:\/\/www.manaus.am.gov.br\/semcom\/wp-content\/uploads\/sites\/5\/2026\/02\/WhatsApp-Image-2026-02-10-at-08.57.27-1.jpeg\",\"datePublished\":\"2026-02-10T13:03:59+00:00\",\"dateModified\":\"2026-02-10T18:01:10+00:00\",\"author\":{\"@id\":\"https:\/\/www.manaus.am.gov.br\/semcom\/#\/schema\/person\/4e49f4e267757a06ca072ec61b2b9968\"},\"description\":\"Ap\u00f3s mais de tr\u00eas d\u00e9cadas, a administra\u00e7\u00e3o p\u00fablica municipal tem uma conquista hist\u00f3rica: a regulariza\u00e7\u00e3o do registro imobili\u00e1rio do terreno onde funciona todo o complexo da Prefeitura de Manaus\",\"inLanguage\":\"pt-BR\",\"potentialAction\":[{\"@type\":\"ReadAction\",\"target\":[\"https:\/\/www.manaus.am.gov.br\/semcom\/prefeitura-registroimobiliario-sede\/\"]}]},{\"@type\":\"ImageObject\",\"inLanguage\":\"pt-BR\",\"@id\":\"https:\/\/www.manaus.am.gov.br\/semcom\/prefeitura-registroimobiliario-sede\/#primaryimage\",\"url\":\"https:\/\/www.manaus.am.gov.br\/semcom\/wp-content\/uploads\/sites\/5\/2026\/02\/WhatsApp-Image-2026-02-10-at-08.57.27-1.jpeg\",\"contentUrl\":\"https:\/\/www.manaus.am.gov.br\/semcom\/wp-content\/uploads\/sites\/5\/2026\/02\/WhatsApp-Image-2026-02-10-at-08.57.27-1.jpeg\",\"width\":1600,\"height\":1066,\"caption\":\"#paratodosverem - Fachada da Prefeitura de Manaus, bairro Compensa\"},{\"@type\":\"WebSite\",\"@id\":\"https:\/\/www.manaus.am.gov.br\/semcom\/#website\",\"url\":\"https:\/\/www.manaus.am.gov.br\/semcom\/\",\"name\":\"SEMCOM\",\"description\":\"Secretaria Municipal de Comunica\u00e7\u00e3o\",\"potentialAction\":[{\"@type\":\"SearchAction\",\"target\":{\"@type\":\"EntryPoint\",\"urlTemplate\":\"https:\/\/www.manaus.am.gov.br\/semcom\/?s={search_term_string}\"},\"query-input\":\"required name=search_term_string\"}],\"inLanguage\":\"pt-BR\"},{\"@type\":\"Person\",\"@id\":\"https:\/\/www.manaus.am.gov.br\/semcom\/#\/schema\/person\/4e49f4e267757a06ca072ec61b2b9968\",\"name\":\"Adriana Costa\",\"image\":{\"@type\":\"ImageObject\",\"inLanguage\":\"pt-BR\",\"@id\":\"https:\/\/www.manaus.am.gov.br\/semcom\/#\/schema\/person\/image\/\",\"url\":\"https:\/\/secure.gravatar.com\/avatar\/576258617ef7194f718179e766d57bd4?s=96&d=mm&r=g\",\"contentUrl\":\"https:\/\/secure.gravatar.com\/avatar\/576258617ef7194f718179e766d57bd4?s=96&d=mm&r=g\",\"caption\":\"Adriana Costa\"}}]}<\/script>\n<!-- \/ Yoast SEO plugin. -->","yoast_head_json":{"title":"Sede da prefeitura tem registro imobili\u00e1rio regularizado ap\u00f3s demanda hist\u00f3rica de 30 anos","description":"Ap\u00f3s mais de tr\u00eas d\u00e9cadas, a administra\u00e7\u00e3o p\u00fablica municipal tem uma conquista hist\u00f3rica: a regulariza\u00e7\u00e3o do registro imobili\u00e1rio do terreno onde funciona todo o complexo da Prefeitura de Manaus","robots":{"index":"index","follow":"follow","max-snippet":"max-snippet:-1","max-image-preview":"max-image-preview:large","max-video-preview":"max-video-preview:-1"},"canonical":"https:\/\/www.manaus.am.gov.br\/semcom\/prefeitura-registroimobiliario-sede\/","og_locale":"pt_BR","og_type":"article","og_title":"Sede da prefeitura tem registro imobili\u00e1rio regularizado ap\u00f3s demanda hist\u00f3rica de 30 anos","og_description":"Ap\u00f3s mais de tr\u00eas d\u00e9cadas, a administra\u00e7\u00e3o p\u00fablica municipal tem uma conquista hist\u00f3rica: a regulariza\u00e7\u00e3o do registro imobili\u00e1rio do terreno onde funciona todo o complexo da Prefeitura de Manaus","og_url":"https:\/\/www.manaus.am.gov.br\/semcom\/prefeitura-registroimobiliario-sede\/","og_site_name":"SEMCOM","article_published_time":"2026-02-10T13:03:59+00:00","article_modified_time":"2026-02-10T18:01:10+00:00","og_image":[{"width":1600,"height":1066,"url":"https:\/\/www.manaus.am.gov.br\/semcom\/wp-content\/uploads\/sites\/5\/2026\/02\/WhatsApp-Image-2026-02-10-at-08.57.27-1.jpeg","type":"image\/jpeg"}],"author":"Adriana Costa","twitter_card":"summary_large_image","twitter_misc":{"Written by":"Adriana Costa","Est. reading time":"2 minutos"},"schema":{"@context":"https:\/\/schema.org","@graph":[{"@type":"WebPage","@id":"https:\/\/www.manaus.am.gov.br\/semcom\/prefeitura-registroimobiliario-sede\/","url":"https:\/\/www.manaus.am.gov.br\/semcom\/prefeitura-registroimobiliario-sede\/","name":"Sede da prefeitura tem registro imobili\u00e1rio regularizado ap\u00f3s demanda hist\u00f3rica de 30 anos","isPartOf":{"@id":"https:\/\/www.manaus.am.gov.br\/semcom\/#website"},"primaryImageOfPage":{"@id":"https:\/\/www.manaus.am.gov.br\/semcom\/prefeitura-registroimobiliario-sede\/#primaryimage"},"image":{"@id":"https:\/\/www.manaus.am.gov.br\/semcom\/prefeitura-registroimobiliario-sede\/#primaryimage"},"thumbnailUrl":"https:\/\/www.manaus.am.gov.br\/semcom\/wp-content\/uploads\/sites\/5\/2026\/02\/WhatsApp-Image-2026-02-10-at-08.57.27-1.jpeg","datePublished":"2026-02-10T13:03:59+00:00","dateModified":"2026-02-10T18:01:10+00:00","author":{"@id":"https:\/\/www.manaus.am.gov.br\/semcom\/#\/schema\/person\/4e49f4e267757a06ca072ec61b2b9968"},"description":"Ap\u00f3s mais de tr\u00eas d\u00e9cadas, a administra\u00e7\u00e3o p\u00fablica municipal tem uma conquista hist\u00f3rica: a regulariza\u00e7\u00e3o do registro imobili\u00e1rio do terreno onde funciona todo o complexo da Prefeitura de Manaus","inLanguage":"pt-BR","potentialAction":[{"@type":"ReadAction","target":["https:\/\/www.manaus.am.gov.br\/semcom\/prefeitura-registroimobiliario-sede\/"]}]},{"@type":"ImageObject","inLanguage":"pt-BR","@id":"https:\/\/www.manaus.am.gov.br\/semcom\/prefeitura-registroimobiliario-sede\/#primaryimage","url":"https:\/\/www.manaus.am.gov.br\/semcom\/wp-content\/uploads\/sites\/5\/2026\/02\/WhatsApp-Image-2026-02-10-at-08.57.27-1.jpeg","contentUrl":"https:\/\/www.manaus.am.gov.br\/semcom\/wp-content\/uploads\/sites\/5\/2026\/02\/WhatsApp-Image-2026-02-10-at-08.57.27-1.jpeg","width":1600,"height":1066,"caption":"#paratodosverem - Fachada da Prefeitura de Manaus, bairro Compensa"},{"@type":"WebSite","@id":"https:\/\/www.manaus.am.gov.br\/semcom\/#website","url":"https:\/\/www.manaus.am.gov.br\/semcom\/","name":"SEMCOM","description":"Secretaria Municipal de Comunica\u00e7\u00e3o","potentialAction":[{"@type":"SearchAction","target":{"@type":"EntryPoint","urlTemplate":"https:\/\/www.manaus.am.gov.br\/semcom\/?s={search_term_string}"},"query-input":"required name=search_term_string"}],"inLanguage":"pt-BR"},{"@type":"Person","@id":"https:\/\/www.manaus.am.gov.br\/semcom\/#\/schema\/person\/4e49f4e267757a06ca072ec61b2b9968","name":"Adriana Costa","image":{"@type":"ImageObject","inLanguage":"pt-BR","@id":"https:\/\/www.manaus.am.gov.br\/semcom\/#\/schema\/person\/image\/","url":"https:\/\/secure.gravatar.com\/avatar\/576258617ef7194f718179e766d57bd4?s=96&d=mm&r=g","contentUrl":"https:\/\/secure.gravatar.com\/avatar\/576258617ef7194f718179e766d57bd4?s=96&d=mm&r=g","caption":"Adriana Costa"}}]}},"_links":{"self":[{"href":"https:\/\/www.manaus.am.gov.br\/semcom\/wp-json\/wp\/v2\/posts\/252679"}],"collection":[{"href":"https:\/\/www.manaus.am.gov.br\/semcom\/wp-json\/wp\/v2\/posts"}],"about":[{"href":"https:\/\/www.manaus.am.gov.br\/semcom\/wp-json\/wp\/v2\/types\/post"}],"author":[{"embeddable":true,"href":"https:\/\/www.manaus.am.gov.br\/semcom\/wp-json\/wp\/v2\/users\/23"}],"replies":[{"embeddable":true,"href":"https:\/\/www.manaus.am.gov.br\/semcom\/wp-json\/wp\/v2\/comments?post=252679"}],"version-history":[{"count":2,"href":"https:\/\/www.manaus.am.gov.br\/semcom\/wp-json\/wp\/v2\/posts\/252679\/revisions"}],"predecessor-version":[{"id":252712,"href":"https:\/\/www.manaus.am.gov.br\/semcom\/wp-json\/wp\/v2\/posts\/252679\/revisions\/252712"}],"wp:featuredmedia":[{"embeddable":true,"href":"https:\/\/www.manaus.am.gov.br\/semcom\/wp-json\/wp\/v2\/media\/252685"}],"wp:attachment":[{"href":"https:\/\/www.manaus.am.gov.br\/semcom\/wp-json\/wp\/v2\/media?parent=252679"}],"wp:term":[{"taxonomy":"category","embeddable":true,"href":"https:\/\/www.manaus.am.gov.br\/semcom\/wp-json\/wp\/v2\/categories?post=252679"},{"taxonomy":"post_tag","embeddable":true,"href":"https:\/\/www.manaus.am.gov.br\/semcom\/wp-json\/wp\/v2\/tags?post=252679"}],"curies":[{"name":"wp","href":"https:\/\/api.w.org\/{rel}","templated":true}]}}