{"id":252611,"date":"2026-02-09T16:28:10","date_gmt":"2026-02-09T20:28:10","guid":{"rendered":"https:\/\/www.manaus.am.gov.br\/semcom\/carnaidoso-2026-12-e-13-2\/"},"modified":"2026-02-10T10:04:02","modified_gmt":"2026-02-10T13:04:02","slug":"carnaidoso-2026-12-e-13-2","status":"publish","type":"post","link":"https:\/\/www.manaus.am.gov.br\/semcom\/carnaidoso-2026-12-e-13-2\/","title":{"rendered":"Prefeitura de Manaus promove o \u2018CarnaIdoso 2026\u2019 nos dias 12 e 13 de fevereiro"},"content":{"rendered":"\n<p>A<a href=\"https:\/\/www.instagram.com\/prefeiturademanaus\/\"> Prefeitura de Manaus<\/a>, por meio da<a href=\"https:\/\/www.manaus.am.gov.br\/\"> Funda\u00e7\u00e3o de Apoio ao Idoso Dr. Thomas (FDT<\/a>), realiza, nos dias 12 e 13\/2, o tradicional \u201cCarnaIdoso 2026\u201d. O evento carnavalesco tem como objetivo promover momentos de alegria, socializa\u00e7\u00e3o e conscientiza\u00e7\u00e3o sobre os direitos da pessoa idosa.<br><br>No dia 12\/2, das 15h \u00e0s 17h, a programa\u00e7\u00e3o ser\u00e1 realizada na sede da Funda\u00e7\u00e3o Dr. Thomas,\u00a0na\u00a0rua Doutor Thomas, n\u00ba 798, \u00a0no bairro Nossa Senhora das Gra\u00e7as, zona Centro-Sul, voltada exclusivamente aos idosos residentes da Institui\u00e7\u00e3o de Longa Perman\u00eancia para Idosos (ILPI). A atividade contar\u00e1 com apresenta\u00e7\u00e3o da banda Rosivaldo e os Metais de Olinda, al\u00e9m de uma oficina de customiza\u00e7\u00e3o de m\u00e1scaras e adere\u00e7os carnavalescos.<\/p>\n\n\n\n<p><br>J\u00e1 no dia 13\/2, a partir das 14h, o \u201cCarnaIdoso\u201d acontecer\u00e1 no Parque Municipal do Idoso (PMI), localizado na&nbsp;rua Rio Mar, n\u00ba 1.324, bairro Nossa Senhora das Gra\u00e7as. Com entrada gratuita e aberta ao p\u00fablico, a programa\u00e7\u00e3o contar\u00e1 com apresenta\u00e7\u00f5es musicais embaladas por marchinhas e sambas cl\u00e1ssicos. Entre as atra\u00e7\u00f5es confirmadas est\u00e3o o DJ Ery Castro, Blocos Tem\u00e1ticos, boneca Kam\u00e9lia, Rosivaldo e os Metais de Olinda e a banda da Pol\u00edcia Militar, al\u00e9m de uma pra\u00e7a de alimenta\u00e7\u00e3o com diversas op\u00e7\u00f5es gastron\u00f4micas para os foli\u00f5es.<\/p>\n\n\n\n<p><br>O diretor-presidente da FDT, Eduardo Lucas, ressaltou que o evento integra as a\u00e7\u00f5es da gest\u00e3o municipal voltadas \u00e0 valoriza\u00e7\u00e3o da pessoa idosa.<br><br>\u201cO \u2018CarnaIdoso\u2019 reafirma o compromisso da gest\u00e3o do prefeito David Almeida com pol\u00edticas p\u00fablicas que valorizam a pessoa idosa, promovendo bem-estar, conviv\u00eancia e respeito. A festa foi pensada para oferecer um ambiente acolhedor, seguro e cheio de alegria, fortalecendo os la\u00e7os sociais e garantindo que os idosos tenham acesso ao lazer e \u00e0 cultura\u201d, destacou.<\/p>\n\n\n\n<p><br><strong>Tradi\u00e7\u00e3o<\/strong><br><br>H\u00e1 23 anos, a Prefeitura de Manaus promove a\u00e7\u00f5es voltadas ao lazer e \u00e0 conviv\u00eancia da pessoa idosa por meio do programa Conviver, desenvolvido no Parque Municipal do Idoso. Entre os eventos mais aguardados do calend\u00e1rio anual, se destaca o \u201cCarnaIdoso\u201d, que se consolidou como uma tradi\u00e7\u00e3o na cidade. Com bandas carnavalescas, marchinhas tradicionais e muita dan\u00e7a, o evento proporciona momentos marcantes de divers\u00e3o e confraterniza\u00e7\u00e3o para os idosos atendidos pela FDT.<\/p>\n\n\n\n<figure class=\"wp-block-image size-large\"><img loading=\"lazy\" decoding=\"async\" width=\"1024\" height=\"829\" src=\"https:\/\/www.manaus.am.gov.br\/semcom\/wp-content\/uploads\/sites\/5\/2026\/02\/IMG_6682-1024x829.jpeg\" alt=\"\" class=\"wp-image-252613\" srcset=\"https:\/\/www.manaus.am.gov.br\/semcom\/wp-content\/uploads\/sites\/5\/2026\/02\/IMG_6682-1024x829.jpeg 1024w, https:\/\/www.manaus.am.gov.br\/semcom\/wp-content\/uploads\/sites\/5\/2026\/02\/IMG_6682-300x243.jpeg 300w, https:\/\/www.manaus.am.gov.br\/semcom\/wp-content\/uploads\/sites\/5\/2026\/02\/IMG_6682-768x622.jpeg 768w, https:\/\/www.manaus.am.gov.br\/semcom\/wp-content\/uploads\/sites\/5\/2026\/02\/IMG_6682-1536x1244.jpeg 1536w, https:\/\/www.manaus.am.gov.br\/semcom\/wp-content\/uploads\/sites\/5\/2026\/02\/IMG_6682.jpeg 1600w\" sizes=\"(max-width: 1024px) 100vw, 1024px\" \/><figcaption class=\"wp-element-caption\">#paratodosverem &#8211; CarnaIdoso<\/figcaption><\/figure>\n\n\n\n<p>&#8212; &#8212; &#8212;<\/p>\n\n\n\n<p><strong>Texto e fotos&nbsp;<\/strong>\u2013 F\u00e1bio Sim\u00f5es\/Arquivo FDT<\/p>\n","protected":false},"excerpt":{"rendered":"","protected":false},"author":39,"featured_media":252612,"comment_status":"closed","ping_status":"closed","sticky":false,"template":"","format":"standard","meta":{"footnotes":""},"categories":[7843],"tags":[19290,19291,935,77,6368,1813],"acf":[],"yoast_head":"<!-- This site is optimized with the Yoast SEO plugin v23.0 - https:\/\/yoast.com\/wordpress\/plugins\/seo\/ -->\n<title>Prefeitura promove o \u2018CarnaIdoso 2026\u2019 nos dias 12 e 13\/2<\/title>\n<meta name=\"description\" content=\"Prefeitura de Manaus, por meio da FDT, promove o tradicional \u2018CarnaIdoso 2026\u2019 nos dias 12 e 13 de fevereiro.\" \/>\n<meta name=\"robots\" content=\"index, follow, max-snippet:-1, max-image-preview:large, max-video-preview:-1\" \/>\n<link rel=\"canonical\" href=\"https:\/\/www.manaus.am.gov.br\/semcom\/carnaidoso-2026-12-e-13-2\/\" \/>\n<meta property=\"og:locale\" content=\"pt_BR\" \/>\n<meta property=\"og:type\" content=\"article\" \/>\n<meta property=\"og:title\" content=\"Prefeitura promove o \u2018CarnaIdoso 2026\u2019 nos dias 12 e 13\/2\" \/>\n<meta property=\"og:description\" content=\"Prefeitura de Manaus, por meio da FDT, promove o tradicional \u2018CarnaIdoso 2026\u2019 nos dias 12 e 13 de fevereiro.\" \/>\n<meta property=\"og:url\" content=\"https:\/\/www.manaus.am.gov.br\/semcom\/carnaidoso-2026-12-e-13-2\/\" \/>\n<meta property=\"og:site_name\" content=\"SEMCOM\" \/>\n<meta property=\"article:published_time\" content=\"2026-02-09T20:28:10+00:00\" \/>\n<meta property=\"article:modified_time\" content=\"2026-02-10T13:04:02+00:00\" \/>\n<meta property=\"og:image\" content=\"https:\/\/www.manaus.am.gov.br\/semcom\/wp-content\/uploads\/sites\/5\/2026\/02\/IMG_6683.jpeg\" \/>\n\t<meta property=\"og:image:width\" content=\"1600\" \/>\n\t<meta property=\"og:image:height\" content=\"1066\" \/>\n\t<meta property=\"og:image:type\" content=\"image\/jpeg\" \/>\n<meta name=\"author\" content=\"Bruna Greco\" \/>\n<meta name=\"twitter:card\" content=\"summary_large_image\" \/>\n<meta name=\"twitter:label1\" content=\"Written by\" \/>\n\t<meta name=\"twitter:data1\" content=\"Bruna Greco\" \/>\n\t<meta name=\"twitter:label2\" content=\"Est. reading time\" \/>\n\t<meta name=\"twitter:data2\" content=\"3 minutos\" \/>\n<script type=\"application\/ld+json\" class=\"yoast-schema-graph\">{\"@context\":\"https:\/\/schema.org\",\"@graph\":[{\"@type\":\"WebPage\",\"@id\":\"https:\/\/www.manaus.am.gov.br\/semcom\/carnaidoso-2026-12-e-13-2\/\",\"url\":\"https:\/\/www.manaus.am.gov.br\/semcom\/carnaidoso-2026-12-e-13-2\/\",\"name\":\"Prefeitura promove o \u2018CarnaIdoso 2026\u2019 nos dias 12 e 13\/2\",\"isPartOf\":{\"@id\":\"https:\/\/www.manaus.am.gov.br\/semcom\/#website\"},\"primaryImageOfPage\":{\"@id\":\"https:\/\/www.manaus.am.gov.br\/semcom\/carnaidoso-2026-12-e-13-2\/#primaryimage\"},\"image\":{\"@id\":\"https:\/\/www.manaus.am.gov.br\/semcom\/carnaidoso-2026-12-e-13-2\/#primaryimage\"},\"thumbnailUrl\":\"https:\/\/www.manaus.am.gov.br\/semcom\/wp-content\/uploads\/sites\/5\/2026\/02\/IMG_6683.jpeg\",\"datePublished\":\"2026-02-09T20:28:10+00:00\",\"dateModified\":\"2026-02-10T13:04:02+00:00\",\"author\":{\"@id\":\"https:\/\/www.manaus.am.gov.br\/semcom\/#\/schema\/person\/05d223aea2bf115f9883a6ff3683d81b\"},\"description\":\"Prefeitura de Manaus, por meio da FDT, promove o tradicional \u2018CarnaIdoso 2026\u2019 nos dias 12 e 13 de fevereiro.\",\"inLanguage\":\"pt-BR\",\"potentialAction\":[{\"@type\":\"ReadAction\",\"target\":[\"https:\/\/www.manaus.am.gov.br\/semcom\/carnaidoso-2026-12-e-13-2\/\"]}]},{\"@type\":\"ImageObject\",\"inLanguage\":\"pt-BR\",\"@id\":\"https:\/\/www.manaus.am.gov.br\/semcom\/carnaidoso-2026-12-e-13-2\/#primaryimage\",\"url\":\"https:\/\/www.manaus.am.gov.br\/semcom\/wp-content\/uploads\/sites\/5\/2026\/02\/IMG_6683.jpeg\",\"contentUrl\":\"https:\/\/www.manaus.am.gov.br\/semcom\/wp-content\/uploads\/sites\/5\/2026\/02\/IMG_6683.jpeg\",\"width\":1600,\"height\":1066,\"caption\":\"#paratodosverem - Idosa participando da programa\u00e7\u00e3o do tradicional \\\"CarnaIdoso\\\"\"},{\"@type\":\"WebSite\",\"@id\":\"https:\/\/www.manaus.am.gov.br\/semcom\/#website\",\"url\":\"https:\/\/www.manaus.am.gov.br\/semcom\/\",\"name\":\"SEMCOM\",\"description\":\"Secretaria Municipal de Comunica\u00e7\u00e3o\",\"potentialAction\":[{\"@type\":\"SearchAction\",\"target\":{\"@type\":\"EntryPoint\",\"urlTemplate\":\"https:\/\/www.manaus.am.gov.br\/semcom\/?s={search_term_string}\"},\"query-input\":\"required name=search_term_string\"}],\"inLanguage\":\"pt-BR\"},{\"@type\":\"Person\",\"@id\":\"https:\/\/www.manaus.am.gov.br\/semcom\/#\/schema\/person\/05d223aea2bf115f9883a6ff3683d81b\",\"name\":\"Bruna Greco\",\"image\":{\"@type\":\"ImageObject\",\"inLanguage\":\"pt-BR\",\"@id\":\"https:\/\/www.manaus.am.gov.br\/semcom\/#\/schema\/person\/image\/\",\"url\":\"https:\/\/secure.gravatar.com\/avatar\/9c877d1a6adc2a055330e5c09a8653ce?s=96&d=mm&r=g\",\"contentUrl\":\"https:\/\/secure.gravatar.com\/avatar\/9c877d1a6adc2a055330e5c09a8653ce?s=96&d=mm&r=g\",\"caption\":\"Bruna Greco\"}}]}<\/script>\n<!-- \/ Yoast SEO plugin. -->","yoast_head_json":{"title":"Prefeitura promove o \u2018CarnaIdoso 2026\u2019 nos dias 12 e 13\/2","description":"Prefeitura de Manaus, por meio da FDT, promove o tradicional \u2018CarnaIdoso 2026\u2019 nos dias 12 e 13 de fevereiro.","robots":{"index":"index","follow":"follow","max-snippet":"max-snippet:-1","max-image-preview":"max-image-preview:large","max-video-preview":"max-video-preview:-1"},"canonical":"https:\/\/www.manaus.am.gov.br\/semcom\/carnaidoso-2026-12-e-13-2\/","og_locale":"pt_BR","og_type":"article","og_title":"Prefeitura promove o \u2018CarnaIdoso 2026\u2019 nos dias 12 e 13\/2","og_description":"Prefeitura de Manaus, por meio da FDT, promove o tradicional \u2018CarnaIdoso 2026\u2019 nos dias 12 e 13 de fevereiro.","og_url":"https:\/\/www.manaus.am.gov.br\/semcom\/carnaidoso-2026-12-e-13-2\/","og_site_name":"SEMCOM","article_published_time":"2026-02-09T20:28:10+00:00","article_modified_time":"2026-02-10T13:04:02+00:00","og_image":[{"width":1600,"height":1066,"url":"https:\/\/www.manaus.am.gov.br\/semcom\/wp-content\/uploads\/sites\/5\/2026\/02\/IMG_6683.jpeg","type":"image\/jpeg"}],"author":"Bruna Greco","twitter_card":"summary_large_image","twitter_misc":{"Written by":"Bruna Greco","Est. reading time":"3 minutos"},"schema":{"@context":"https:\/\/schema.org","@graph":[{"@type":"WebPage","@id":"https:\/\/www.manaus.am.gov.br\/semcom\/carnaidoso-2026-12-e-13-2\/","url":"https:\/\/www.manaus.am.gov.br\/semcom\/carnaidoso-2026-12-e-13-2\/","name":"Prefeitura promove o \u2018CarnaIdoso 2026\u2019 nos dias 12 e 13\/2","isPartOf":{"@id":"https:\/\/www.manaus.am.gov.br\/semcom\/#website"},"primaryImageOfPage":{"@id":"https:\/\/www.manaus.am.gov.br\/semcom\/carnaidoso-2026-12-e-13-2\/#primaryimage"},"image":{"@id":"https:\/\/www.manaus.am.gov.br\/semcom\/carnaidoso-2026-12-e-13-2\/#primaryimage"},"thumbnailUrl":"https:\/\/www.manaus.am.gov.br\/semcom\/wp-content\/uploads\/sites\/5\/2026\/02\/IMG_6683.jpeg","datePublished":"2026-02-09T20:28:10+00:00","dateModified":"2026-02-10T13:04:02+00:00","author":{"@id":"https:\/\/www.manaus.am.gov.br\/semcom\/#\/schema\/person\/05d223aea2bf115f9883a6ff3683d81b"},"description":"Prefeitura de Manaus, por meio da FDT, promove o tradicional \u2018CarnaIdoso 2026\u2019 nos dias 12 e 13 de fevereiro.","inLanguage":"pt-BR","potentialAction":[{"@type":"ReadAction","target":["https:\/\/www.manaus.am.gov.br\/semcom\/carnaidoso-2026-12-e-13-2\/"]}]},{"@type":"ImageObject","inLanguage":"pt-BR","@id":"https:\/\/www.manaus.am.gov.br\/semcom\/carnaidoso-2026-12-e-13-2\/#primaryimage","url":"https:\/\/www.manaus.am.gov.br\/semcom\/wp-content\/uploads\/sites\/5\/2026\/02\/IMG_6683.jpeg","contentUrl":"https:\/\/www.manaus.am.gov.br\/semcom\/wp-content\/uploads\/sites\/5\/2026\/02\/IMG_6683.jpeg","width":1600,"height":1066,"caption":"#paratodosverem - Idosa participando da programa\u00e7\u00e3o do tradicional \"CarnaIdoso\""},{"@type":"WebSite","@id":"https:\/\/www.manaus.am.gov.br\/semcom\/#website","url":"https:\/\/www.manaus.am.gov.br\/semcom\/","name":"SEMCOM","description":"Secretaria Municipal de Comunica\u00e7\u00e3o","potentialAction":[{"@type":"SearchAction","target":{"@type":"EntryPoint","urlTemplate":"https:\/\/www.manaus.am.gov.br\/semcom\/?s={search_term_string}"},"query-input":"required name=search_term_string"}],"inLanguage":"pt-BR"},{"@type":"Person","@id":"https:\/\/www.manaus.am.gov.br\/semcom\/#\/schema\/person\/05d223aea2bf115f9883a6ff3683d81b","name":"Bruna Greco","image":{"@type":"ImageObject","inLanguage":"pt-BR","@id":"https:\/\/www.manaus.am.gov.br\/semcom\/#\/schema\/person\/image\/","url":"https:\/\/secure.gravatar.com\/avatar\/9c877d1a6adc2a055330e5c09a8653ce?s=96&d=mm&r=g","contentUrl":"https:\/\/secure.gravatar.com\/avatar\/9c877d1a6adc2a055330e5c09a8653ce?s=96&d=mm&r=g","caption":"Bruna Greco"}}]}},"_links":{"self":[{"href":"https:\/\/www.manaus.am.gov.br\/semcom\/wp-json\/wp\/v2\/posts\/252611"}],"collection":[{"href":"https:\/\/www.manaus.am.gov.br\/semcom\/wp-json\/wp\/v2\/posts"}],"about":[{"href":"https:\/\/www.manaus.am.gov.br\/semcom\/wp-json\/wp\/v2\/types\/post"}],"author":[{"embeddable":true,"href":"https:\/\/www.manaus.am.gov.br\/semcom\/wp-json\/wp\/v2\/users\/39"}],"replies":[{"embeddable":true,"href":"https:\/\/www.manaus.am.gov.br\/semcom\/wp-json\/wp\/v2\/comments?post=252611"}],"version-history":[{"count":3,"href":"https:\/\/www.manaus.am.gov.br\/semcom\/wp-json\/wp\/v2\/posts\/252611\/revisions"}],"predecessor-version":[{"id":252681,"href":"https:\/\/www.manaus.am.gov.br\/semcom\/wp-json\/wp\/v2\/posts\/252611\/revisions\/252681"}],"wp:featuredmedia":[{"embeddable":true,"href":"https:\/\/www.manaus.am.gov.br\/semcom\/wp-json\/wp\/v2\/media\/252612"}],"wp:attachment":[{"href":"https:\/\/www.manaus.am.gov.br\/semcom\/wp-json\/wp\/v2\/media?parent=252611"}],"wp:term":[{"taxonomy":"category","embeddable":true,"href":"https:\/\/www.manaus.am.gov.br\/semcom\/wp-json\/wp\/v2\/categories?post=252611"},{"taxonomy":"post_tag","embeddable":true,"href":"https:\/\/www.manaus.am.gov.br\/semcom\/wp-json\/wp\/v2\/tags?post=252611"}],"curies":[{"name":"wp","href":"https:\/\/api.w.org\/{rel}","templated":true}]}}