{"id":252551,"date":"2026-02-08T10:53:08","date_gmt":"2026-02-08T14:53:08","guid":{"rendered":"https:\/\/www.manaus.am.gov.br\/semcom\/carnaval-de-rua-apoio\/"},"modified":"2026-02-09T13:43:21","modified_gmt":"2026-02-09T16:43:21","slug":"carnaval-de-rua-apoio","status":"publish","type":"post","link":"https:\/\/www.manaus.am.gov.br\/semcom\/carnaval-de-rua-apoio\/","title":{"rendered":"Prefeitura de Manaus fortalece o Carnaval de Rua com apoio e servi\u00e7os em 300 bandas e movimenta mais de R$ 150 milh\u00f5es na economia da cidade"},"content":{"rendered":"\n<p>A <a href=\"https:\/\/www.manaus.am.gov.br\/\">Prefeitura de Manaus<\/a>, por meio da <a href=\"https:\/\/www.instagram.com\/manauscult_\/\">Funda\u00e7\u00e3o Municipal de Cultura, Turismo e Eventos<\/a> (ManausCult), refor\u00e7a o compromisso com a valoriza\u00e7\u00e3o da cultura popular e o fortalecimento da economia criativa ao fomentar o Carnaval de Rua 2026, garantindo apoio estrutural \u00e0s bandas e blocos carnavalescos em diversas zonas da capital amazonense. As a\u00e7\u00f5es de apoio iniciaram neste fim de semana durante o Carnaval das Bandas e Blocos em bairros como o Centro, Coroado e S\u00e3o Jos\u00e9, entre outras localidades.<br><br>Por meio do Edital de Chamada P\u00fablica n\u00ba 007\/2025, lan\u00e7ado em novembro do ano passado, a ManausCult selecionou 110 projetos de bandas e blocos carnavalescos. Al\u00e9m das iniciativas contempladas via edital, mais de 150 bandas realizam suas programa\u00e7\u00f5es de forma independente, totalizando, em m\u00e9dia, cerca de 300 bandas carnavalescas espalhadas por Manaus, movimentando o tradicional Carnaval de Rua na cidade.<br><br>No s\u00e1bado, 7\/2, o Carnaval das Bandas e Blocos tomou as ruas do Centro, levando alegria, tradi\u00e7\u00e3o e m\u00fasica com as tradicionais Banda da Difusora e Banda da Bica, que reuniram centenas de foli\u00f5es e emocionaram moradores antigos da regi\u00e3o, refor\u00e7ando a import\u00e2ncia hist\u00f3rica e cultural da festa.<br><br>O diretor-presidente da ManausCult, Jender Lobato, ressaltou a import\u00e2ncia do Carnaval de Rua como uma das maiores manifesta\u00e7\u00f5es culturais da capital e como um forte impulsionador da economia local.<br><br>\u201cO Carnaval de Rua vai muito al\u00e9m da festa. Ele gera renda, movimenta o com\u00e9rcio e cria oportunidades. Temos comerciantes, ambulantes, pessoas vendendo bebidas, comidas e lanches, al\u00e9m da contrata\u00e7\u00e3o de t\u00e9cnicos para montagem de palco, som e ilumina\u00e7\u00e3o. Todo esse apoio estrutural da prefeitura gera emprego, renda e uma grande movimenta\u00e7\u00e3o econ\u00f4mica na cidade\u201d, destacou.<br><br>O apoio oferecido pela funda\u00e7\u00e3o inclui servi\u00e7os de sonoriza\u00e7\u00e3o, ilumina\u00e7\u00e3o, estrutura de palco, banheiros qu\u00edmicos e demais itens de infraestrutura, assegurando melhores condi\u00e7\u00f5es de realiza\u00e7\u00e3o dos eventos nas comunidades, al\u00e9m de mais conforto e seguran\u00e7a para os foli\u00f5es.<br><br>Moradora do centro hist\u00f3rico h\u00e1 d\u00e9cadas, a aposentada Maria do Carmo Carvalho Santos, de 69 anos, participou da folia e destacou a relev\u00e2ncia do Carnaval de Rua para a cidade.<br><br>\u201cEu moro no Centro desde crian\u00e7a e ver esse Carnaval acontecendo com organiza\u00e7\u00e3o e estrutura me enche de alegria. A banda da Difusora faz parte da nossa hist\u00f3ria, \u00e9 cultura viva, \u00e9 mem\u00f3ria afetiva\u201d, afirmou.<br><br>Representando a nova gera\u00e7\u00e3o de foli\u00f5es, Roger Andrade, que participa todos os anos da tradicional banda da Bica, destacou a import\u00e2ncia do Carnaval de Rua e do apoio do poder p\u00fablico para a continuidade das manifesta\u00e7\u00f5es culturais.<br><br>\u201cEu venho para a banda da Bica todos os anos, faz parte da nossa tradi\u00e7\u00e3o. O carnaval \u00e9 alegria, \u00e9 encontro, \u00e9 cultura popular. Ter o apoio da prefeitura, pela ManausCult, faz toda a diferen\u00e7a, porque garante estrutura, organiza\u00e7\u00e3o e permite que a festa continue viva para todo mundo\u201d, ressaltou.<br><br>De acordo com a C\u00e2mara de Dirigentes Lojistas de Manaus (CDL Manaus), o Carnaval de Rua deve gerar um retorno econ\u00f4mico superior a R$ 150 milh\u00f5es, impulsionando diversos setores, como com\u00e9rcio, servi\u00e7os e economia informal.<br><br><strong>Organiza\u00e7\u00e3o \u00a0 <br><\/strong><br>Nos bairros, o clima foi de festa e pertencimento. No bairro S\u00e3o Jos\u00e9, moradores celebraram a realiza\u00e7\u00e3o das bandas carnavalescas, que transformaram as ruas em espa\u00e7os de conviv\u00eancia, lazer e valoriza\u00e7\u00e3o cultural, fortalecendo o sentimento de identidade comunit\u00e1ria.<br><br>Al\u00e9m do fomento cultural, a ManausCult mant\u00e9m uma atua\u00e7\u00e3o permanente de acompanhamento e fiscaliza\u00e7\u00e3o. Durante todo o s\u00e1bado, a equipe de fiscaliza\u00e7\u00e3o da Diretoria de Eventos da funda\u00e7\u00e3o esteve presente nos locais apoiados, acompanhando os processos de montagem, realiza\u00e7\u00e3o e desmontagem das estruturas, garantindo seguran\u00e7a, organiza\u00e7\u00e3o e o cumprimento das normas durante os eventos.<br><br>O Carnaval de Rua de Manaus se reafirma como uma das maiores manifesta\u00e7\u00f5es culturais da cidade, promovendo inclus\u00e3o, alegria, tradi\u00e7\u00e3o e desenvolvimento econ\u00f4mico, com o apoio direto da Prefeitura de Manaus, por meio da ManausCult, que segue investindo na cultura como instrumento de transforma\u00e7\u00e3o social e fortalecimento das comunidades.<br><br><strong>Servi\u00e7os\u00a0<\/strong><\/p>\n\n\n\n<p>Durante os festejos, as equipes do Instituto Municipal de Mobilidade Urbana (IMMU), atuaram na organiza\u00e7\u00e3o do tr\u00e2nsito, com interdi\u00e7\u00f5es pontuais, desvios e orienta\u00e7\u00e3o aos motoristas, garantindo a fluidez vi\u00e1ria e a seguran\u00e7a de pedestres durante os eventos.<\/p>\n\n\n\n<p>Foram mobilizados mais de 250 agentes de tr\u00e2nsito e fiscais de transporte, dos setores de Opera\u00e7\u00e3o de Tr\u00e2nsito e Opera\u00e7\u00f5es de Transporte, que atuar\u00e3o de forma preventiva e operacional antes, durante e ap\u00f3s os eventos, orientando motoristas, pedestres e usu\u00e1rios do transporte coletivo.<\/p>\n\n\n\n<figure class=\"wp-block-image size-large\"><img loading=\"lazy\" decoding=\"async\" width=\"1024\" height=\"683\" src=\"https:\/\/www.manaus.am.gov.br\/semcom\/wp-content\/uploads\/sites\/5\/2026\/02\/WhatsApp-Image-2026-02-07-at-19.48.32-1024x683.jpeg\" alt=\"\" class=\"wp-image-252553\" srcset=\"https:\/\/www.manaus.am.gov.br\/semcom\/wp-content\/uploads\/sites\/5\/2026\/02\/WhatsApp-Image-2026-02-07-at-19.48.32-1024x683.jpeg 1024w, https:\/\/www.manaus.am.gov.br\/semcom\/wp-content\/uploads\/sites\/5\/2026\/02\/WhatsApp-Image-2026-02-07-at-19.48.32-300x200.jpeg 300w, https:\/\/www.manaus.am.gov.br\/semcom\/wp-content\/uploads\/sites\/5\/2026\/02\/WhatsApp-Image-2026-02-07-at-19.48.32-768x512.jpeg 768w, https:\/\/www.manaus.am.gov.br\/semcom\/wp-content\/uploads\/sites\/5\/2026\/02\/WhatsApp-Image-2026-02-07-at-19.48.32.jpeg 1280w\" sizes=\"(max-width: 1024px) 100vw, 1024px\" \/><figcaption class=\"wp-element-caption\">#paratodosverem &#8211; Equipes do IMMU realizando o monitoramento da via <\/figcaption><\/figure>\n\n\n\n<p><strong>Limpeza<br><br><\/strong>As equipes da Secretaria Municipal de Limpeza Urbana (Semulsp), realizam a limpeza no Centro, na \u00e1rea onde foram realizadas as bandas da Bica e da Difusora, com recolhimento de lixos e a lavagem das vias. Os servi\u00e7os iniciaram no fim da noite de s\u00e1bado, 7, e seguem pela manh\u00e3 deste domingo, 8\/2.<br><\/p>\n\n\n\n<figure class=\"wp-block-image size-large\"><img loading=\"lazy\" decoding=\"async\" width=\"1024\" height=\"461\" src=\"https:\/\/www.manaus.am.gov.br\/semcom\/wp-content\/uploads\/sites\/5\/2026\/02\/WhatsApp-Image-2026-02-08-at-08.36.20-1024x461.jpeg\" alt=\"\" class=\"wp-image-252554\" srcset=\"https:\/\/www.manaus.am.gov.br\/semcom\/wp-content\/uploads\/sites\/5\/2026\/02\/WhatsApp-Image-2026-02-08-at-08.36.20-1024x461.jpeg 1024w, https:\/\/www.manaus.am.gov.br\/semcom\/wp-content\/uploads\/sites\/5\/2026\/02\/WhatsApp-Image-2026-02-08-at-08.36.20-300x135.jpeg 300w, https:\/\/www.manaus.am.gov.br\/semcom\/wp-content\/uploads\/sites\/5\/2026\/02\/WhatsApp-Image-2026-02-08-at-08.36.20-768x346.jpeg 768w, https:\/\/www.manaus.am.gov.br\/semcom\/wp-content\/uploads\/sites\/5\/2026\/02\/WhatsApp-Image-2026-02-08-at-08.36.20-1536x691.jpeg 1536w, https:\/\/www.manaus.am.gov.br\/semcom\/wp-content\/uploads\/sites\/5\/2026\/02\/WhatsApp-Image-2026-02-08-at-08.36.20.jpeg 1600w\" sizes=\"(max-width: 1024px) 100vw, 1024px\" \/><figcaption class=\"wp-element-caption\">#paratodosverem &#8211; Equipes da Semulsp removendo lixo das vias<\/figcaption><\/figure>\n\n\n\n<p>De acordo com Semulsp, as equipes atuar\u00e3o em uma grande opera\u00e7\u00e3o durante o m\u00eas de fevereiro, acompanhando as bandas antes e ap\u00f3s as festas para a limpeza completa dos locais.<\/p>\n\n\n\n<p><br>\u2014&#8211; \u2014&#8211; \u2014-<br><strong>Texto <\/strong>&#8211; J\u00e9ssica Trajano \/ ManausCult, Divulga\u00e7\u00e3o \/ IMMU e Divulga\u00e7\u00e3o \/ Semulsp<br><strong>Fotos <\/strong>&#8211; Jo\u00e3o Viana \/ Semcom<\/p>\n","protected":false},"excerpt":{"rendered":"","protected":false},"author":68,"featured_media":252552,"comment_status":"closed","ping_status":"closed","sticky":false,"template":"","format":"standard","meta":{"footnotes":""},"categories":[1884],"tags":[19281,19282,6846,77,19283],"acf":[],"yoast_head":"<!-- This site is optimized with the Yoast SEO plugin v23.0 - https:\/\/yoast.com\/wordpress\/plugins\/seo\/ -->\n<title>Prefeitura de Manaus fortalece o Carnaval de Rua<\/title>\n<meta name=\"description\" content=\"A Prefeitura refor\u00e7a o compromisso com a valoriza\u00e7\u00e3o da cultura popular e o fortalecimento da economia ao fomentar o Carnaval de Rua 2026.\" \/>\n<meta name=\"robots\" content=\"index, follow, max-snippet:-1, max-image-preview:large, max-video-preview:-1\" \/>\n<link rel=\"canonical\" href=\"https:\/\/www.manaus.am.gov.br\/semcom\/carnaval-de-rua-apoio\/\" \/>\n<meta property=\"og:locale\" content=\"pt_BR\" \/>\n<meta property=\"og:type\" content=\"article\" \/>\n<meta property=\"og:title\" content=\"Prefeitura de Manaus fortalece o Carnaval de Rua\" \/>\n<meta property=\"og:description\" content=\"A Prefeitura refor\u00e7a o compromisso com a valoriza\u00e7\u00e3o da cultura popular e o fortalecimento da economia ao fomentar o Carnaval de Rua 2026.\" \/>\n<meta property=\"og:url\" content=\"https:\/\/www.manaus.am.gov.br\/semcom\/carnaval-de-rua-apoio\/\" \/>\n<meta property=\"og:site_name\" content=\"SEMCOM\" \/>\n<meta property=\"article:published_time\" content=\"2026-02-08T14:53:08+00:00\" \/>\n<meta property=\"article:modified_time\" content=\"2026-02-09T16:43:21+00:00\" \/>\n<meta property=\"og:image\" content=\"https:\/\/www.manaus.am.gov.br\/semcom\/wp-content\/uploads\/sites\/5\/2026\/02\/WhatsApp-Image-2026-02-07-at-19.48.34.jpeg\" \/>\n\t<meta property=\"og:image:width\" content=\"1280\" \/>\n\t<meta property=\"og:image:height\" content=\"854\" \/>\n\t<meta property=\"og:image:type\" content=\"image\/jpeg\" \/>\n<meta name=\"author\" content=\"bvalente\" \/>\n<meta name=\"twitter:card\" content=\"summary_large_image\" \/>\n<meta name=\"twitter:label1\" content=\"Written by\" \/>\n\t<meta name=\"twitter:data1\" content=\"bvalente\" \/>\n\t<meta name=\"twitter:label2\" content=\"Est. reading time\" \/>\n\t<meta name=\"twitter:data2\" content=\"6 minutos\" \/>\n<script type=\"application\/ld+json\" class=\"yoast-schema-graph\">{\"@context\":\"https:\/\/schema.org\",\"@graph\":[{\"@type\":\"WebPage\",\"@id\":\"https:\/\/www.manaus.am.gov.br\/semcom\/carnaval-de-rua-apoio\/\",\"url\":\"https:\/\/www.manaus.am.gov.br\/semcom\/carnaval-de-rua-apoio\/\",\"name\":\"Prefeitura de Manaus fortalece o Carnaval de Rua\",\"isPartOf\":{\"@id\":\"https:\/\/www.manaus.am.gov.br\/semcom\/#website\"},\"primaryImageOfPage\":{\"@id\":\"https:\/\/www.manaus.am.gov.br\/semcom\/carnaval-de-rua-apoio\/#primaryimage\"},\"image\":{\"@id\":\"https:\/\/www.manaus.am.gov.br\/semcom\/carnaval-de-rua-apoio\/#primaryimage\"},\"thumbnailUrl\":\"https:\/\/www.manaus.am.gov.br\/semcom\/wp-content\/uploads\/sites\/5\/2026\/02\/WhatsApp-Image-2026-02-07-at-19.48.34.jpeg\",\"datePublished\":\"2026-02-08T14:53:08+00:00\",\"dateModified\":\"2026-02-09T16:43:21+00:00\",\"author\":{\"@id\":\"https:\/\/www.manaus.am.gov.br\/semcom\/#\/schema\/person\/466a0e03ae4b6062809046bd560ac955\"},\"description\":\"A Prefeitura refor\u00e7a o compromisso com a valoriza\u00e7\u00e3o da cultura popular e o fortalecimento da economia ao fomentar o Carnaval de Rua 2026.\",\"inLanguage\":\"pt-BR\",\"potentialAction\":[{\"@type\":\"ReadAction\",\"target\":[\"https:\/\/www.manaus.am.gov.br\/semcom\/carnaval-de-rua-apoio\/\"]}]},{\"@type\":\"ImageObject\",\"inLanguage\":\"pt-BR\",\"@id\":\"https:\/\/www.manaus.am.gov.br\/semcom\/carnaval-de-rua-apoio\/#primaryimage\",\"url\":\"https:\/\/www.manaus.am.gov.br\/semcom\/wp-content\/uploads\/sites\/5\/2026\/02\/WhatsApp-Image-2026-02-07-at-19.48.34.jpeg\",\"contentUrl\":\"https:\/\/www.manaus.am.gov.br\/semcom\/wp-content\/uploads\/sites\/5\/2026\/02\/WhatsApp-Image-2026-02-07-at-19.48.34.jpeg\",\"width\":1280,\"height\":854,\"caption\":\"#paratodosverem - Popula\u00e7\u00e3o celebrando durante Banda da Bica e Banda da Difosa, no Centro\"},{\"@type\":\"WebSite\",\"@id\":\"https:\/\/www.manaus.am.gov.br\/semcom\/#website\",\"url\":\"https:\/\/www.manaus.am.gov.br\/semcom\/\",\"name\":\"SEMCOM\",\"description\":\"Secretaria Municipal de Comunica\u00e7\u00e3o\",\"potentialAction\":[{\"@type\":\"SearchAction\",\"target\":{\"@type\":\"EntryPoint\",\"urlTemplate\":\"https:\/\/www.manaus.am.gov.br\/semcom\/?s={search_term_string}\"},\"query-input\":\"required name=search_term_string\"}],\"inLanguage\":\"pt-BR\"},{\"@type\":\"Person\",\"@id\":\"https:\/\/www.manaus.am.gov.br\/semcom\/#\/schema\/person\/466a0e03ae4b6062809046bd560ac955\",\"name\":\"bvalente\",\"image\":{\"@type\":\"ImageObject\",\"inLanguage\":\"pt-BR\",\"@id\":\"https:\/\/www.manaus.am.gov.br\/semcom\/#\/schema\/person\/image\/\",\"url\":\"https:\/\/secure.gravatar.com\/avatar\/3e69bc2b014bdad41adfec3a39de07d2?s=96&d=mm&r=g\",\"contentUrl\":\"https:\/\/secure.gravatar.com\/avatar\/3e69bc2b014bdad41adfec3a39de07d2?s=96&d=mm&r=g\",\"caption\":\"bvalente\"}}]}<\/script>\n<!-- \/ Yoast SEO plugin. -->","yoast_head_json":{"title":"Prefeitura de Manaus fortalece o Carnaval de Rua","description":"A Prefeitura refor\u00e7a o compromisso com a valoriza\u00e7\u00e3o da cultura popular e o fortalecimento da economia ao fomentar o Carnaval de Rua 2026.","robots":{"index":"index","follow":"follow","max-snippet":"max-snippet:-1","max-image-preview":"max-image-preview:large","max-video-preview":"max-video-preview:-1"},"canonical":"https:\/\/www.manaus.am.gov.br\/semcom\/carnaval-de-rua-apoio\/","og_locale":"pt_BR","og_type":"article","og_title":"Prefeitura de Manaus fortalece o Carnaval de Rua","og_description":"A Prefeitura refor\u00e7a o compromisso com a valoriza\u00e7\u00e3o da cultura popular e o fortalecimento da economia ao fomentar o Carnaval de Rua 2026.","og_url":"https:\/\/www.manaus.am.gov.br\/semcom\/carnaval-de-rua-apoio\/","og_site_name":"SEMCOM","article_published_time":"2026-02-08T14:53:08+00:00","article_modified_time":"2026-02-09T16:43:21+00:00","og_image":[{"width":1280,"height":854,"url":"https:\/\/www.manaus.am.gov.br\/semcom\/wp-content\/uploads\/sites\/5\/2026\/02\/WhatsApp-Image-2026-02-07-at-19.48.34.jpeg","type":"image\/jpeg"}],"author":"bvalente","twitter_card":"summary_large_image","twitter_misc":{"Written by":"bvalente","Est. reading time":"6 minutos"},"schema":{"@context":"https:\/\/schema.org","@graph":[{"@type":"WebPage","@id":"https:\/\/www.manaus.am.gov.br\/semcom\/carnaval-de-rua-apoio\/","url":"https:\/\/www.manaus.am.gov.br\/semcom\/carnaval-de-rua-apoio\/","name":"Prefeitura de Manaus fortalece o Carnaval de Rua","isPartOf":{"@id":"https:\/\/www.manaus.am.gov.br\/semcom\/#website"},"primaryImageOfPage":{"@id":"https:\/\/www.manaus.am.gov.br\/semcom\/carnaval-de-rua-apoio\/#primaryimage"},"image":{"@id":"https:\/\/www.manaus.am.gov.br\/semcom\/carnaval-de-rua-apoio\/#primaryimage"},"thumbnailUrl":"https:\/\/www.manaus.am.gov.br\/semcom\/wp-content\/uploads\/sites\/5\/2026\/02\/WhatsApp-Image-2026-02-07-at-19.48.34.jpeg","datePublished":"2026-02-08T14:53:08+00:00","dateModified":"2026-02-09T16:43:21+00:00","author":{"@id":"https:\/\/www.manaus.am.gov.br\/semcom\/#\/schema\/person\/466a0e03ae4b6062809046bd560ac955"},"description":"A Prefeitura refor\u00e7a o compromisso com a valoriza\u00e7\u00e3o da cultura popular e o fortalecimento da economia ao fomentar o Carnaval de Rua 2026.","inLanguage":"pt-BR","potentialAction":[{"@type":"ReadAction","target":["https:\/\/www.manaus.am.gov.br\/semcom\/carnaval-de-rua-apoio\/"]}]},{"@type":"ImageObject","inLanguage":"pt-BR","@id":"https:\/\/www.manaus.am.gov.br\/semcom\/carnaval-de-rua-apoio\/#primaryimage","url":"https:\/\/www.manaus.am.gov.br\/semcom\/wp-content\/uploads\/sites\/5\/2026\/02\/WhatsApp-Image-2026-02-07-at-19.48.34.jpeg","contentUrl":"https:\/\/www.manaus.am.gov.br\/semcom\/wp-content\/uploads\/sites\/5\/2026\/02\/WhatsApp-Image-2026-02-07-at-19.48.34.jpeg","width":1280,"height":854,"caption":"#paratodosverem - Popula\u00e7\u00e3o celebrando durante Banda da Bica e Banda da Difosa, no Centro"},{"@type":"WebSite","@id":"https:\/\/www.manaus.am.gov.br\/semcom\/#website","url":"https:\/\/www.manaus.am.gov.br\/semcom\/","name":"SEMCOM","description":"Secretaria Municipal de Comunica\u00e7\u00e3o","potentialAction":[{"@type":"SearchAction","target":{"@type":"EntryPoint","urlTemplate":"https:\/\/www.manaus.am.gov.br\/semcom\/?s={search_term_string}"},"query-input":"required name=search_term_string"}],"inLanguage":"pt-BR"},{"@type":"Person","@id":"https:\/\/www.manaus.am.gov.br\/semcom\/#\/schema\/person\/466a0e03ae4b6062809046bd560ac955","name":"bvalente","image":{"@type":"ImageObject","inLanguage":"pt-BR","@id":"https:\/\/www.manaus.am.gov.br\/semcom\/#\/schema\/person\/image\/","url":"https:\/\/secure.gravatar.com\/avatar\/3e69bc2b014bdad41adfec3a39de07d2?s=96&d=mm&r=g","contentUrl":"https:\/\/secure.gravatar.com\/avatar\/3e69bc2b014bdad41adfec3a39de07d2?s=96&d=mm&r=g","caption":"bvalente"}}]}},"_links":{"self":[{"href":"https:\/\/www.manaus.am.gov.br\/semcom\/wp-json\/wp\/v2\/posts\/252551"}],"collection":[{"href":"https:\/\/www.manaus.am.gov.br\/semcom\/wp-json\/wp\/v2\/posts"}],"about":[{"href":"https:\/\/www.manaus.am.gov.br\/semcom\/wp-json\/wp\/v2\/types\/post"}],"author":[{"embeddable":true,"href":"https:\/\/www.manaus.am.gov.br\/semcom\/wp-json\/wp\/v2\/users\/68"}],"replies":[{"embeddable":true,"href":"https:\/\/www.manaus.am.gov.br\/semcom\/wp-json\/wp\/v2\/comments?post=252551"}],"version-history":[{"count":3,"href":"https:\/\/www.manaus.am.gov.br\/semcom\/wp-json\/wp\/v2\/posts\/252551\/revisions"}],"predecessor-version":[{"id":252583,"href":"https:\/\/www.manaus.am.gov.br\/semcom\/wp-json\/wp\/v2\/posts\/252551\/revisions\/252583"}],"wp:featuredmedia":[{"embeddable":true,"href":"https:\/\/www.manaus.am.gov.br\/semcom\/wp-json\/wp\/v2\/media\/252552"}],"wp:attachment":[{"href":"https:\/\/www.manaus.am.gov.br\/semcom\/wp-json\/wp\/v2\/media?parent=252551"}],"wp:term":[{"taxonomy":"category","embeddable":true,"href":"https:\/\/www.manaus.am.gov.br\/semcom\/wp-json\/wp\/v2\/categories?post=252551"},{"taxonomy":"post_tag","embeddable":true,"href":"https:\/\/www.manaus.am.gov.br\/semcom\/wp-json\/wp\/v2\/tags?post=252551"}],"curies":[{"name":"wp","href":"https:\/\/api.w.org\/{rel}","templated":true}]}}