{"id":252512,"date":"2026-02-06T20:57:20","date_gmt":"2026-02-06T23:57:20","guid":{"rendered":"https:\/\/www.manaus.am.gov.br\/semcom\/demolicao-de-limitador\/"},"modified":"2026-02-09T12:54:45","modified_gmt":"2026-02-09T15:54:45","slug":"demolicao-de-limitador","status":"publish","type":"post","link":"https:\/\/www.manaus.am.gov.br\/semcom\/demolicao-de-limitador\/","title":{"rendered":"Prefeitura faz demoli\u00e7\u00e3o de limitador de altura que impedia passagem de \u00f4nibus no Tarum\u00e3-A\u00e7u"},"content":{"rendered":"\n<p>A <a href=\"https:\/\/www.instagram.com\/prefeiturademanaus\/\">Prefeitura de Manaus<\/a>, por meio do <a href=\"https:\/\/www.manaus.am.gov.br\/\">Instituto Municipal de Planejamento Urbano (Implur<\/a>b), realizou, nesta sexta-feira, 6\/2, a demoli\u00e7\u00e3o administrativa de uma estrutura de limitador de altura instalado sem qualquer autoriza\u00e7\u00e3o ou licenciamento por parte dos \u00f3rg\u00e3os de tr\u00e2nsito e transporte em um ramal no Tarum\u00e3-A\u00e7u, zona Oeste. A demanda foi feita pelo Instituto Municipal de Mobilidade Urbana (IMMU).\u00a0<\/p>\n\n\n\n<p>Com o limitador, \u00f4nibus do transporte p\u00fablico que transitam na regi\u00e3o, transportando uma m\u00e9dia de at\u00e9 1.000 passageiros por dia, estava impedido de fazer o trajeto.<\/p>\n\n\n\n<p>Os limitadores s\u00e3o usados em locais para restringir a passagem de carretas e ve\u00edculos de grande porte para garantir a seguran\u00e7a de condutores e pedestres, e de estruturas urbanas, como gasodutos. Mas, segundo o IMMU, n\u00e3o se trata deste caso, principalmente porque n\u00e3o h\u00e1 qualquer autoriza\u00e7\u00e3o para a via.<\/p>\n\n\n\n<p>O vice-presidente do Implurb, Antonio Peixoto, disse que o instituto recebeu a demanda e enviou a\u00e7\u00e3o fiscal para o endere\u00e7o, j\u00e1 atuando com a Secretaria Municipal de Infraestrutura (Seminf) para fazer a demoli\u00e7\u00e3o administrativa.<\/p>\n\n\n\n<p>\u201c\u00c9 fundamental que as \u00e1reas p\u00fablicas sejam tratadas como espa\u00e7os de uso coletivo, destinados a todos os cidad\u00e3os. A estrutura atuou como um obst\u00e1culo, impedindo a passagem de \u00f4nibus que transportam, em m\u00e9dia, 1.000 pessoas diariamente nesse trecho. Essa a\u00e7\u00e3o individual, ao obstruir a circula\u00e7\u00e3o do \u00f4nibus, tamb\u00e9m restringiu o acesso das pessoas, caracterizando um uso privado de um espa\u00e7o p\u00fablico\u201d, explicou Peixoto.<\/p>\n\n\n\n<p><strong>\u00c1rea p\u00fablica<\/strong><\/p>\n\n\n\n<p>Pr\u00e1ticas irregulares como esta s\u00e3o frequentes, n\u00e3o apenas em rela\u00e7\u00e3o a estruturas, mas tamb\u00e9m no uso inadequado de \u00e1reas p\u00fablicas para fins pessoais e individuais.&nbsp;<\/p>\n\n\n\n<p>\u201cEssa conduta \u00e9 inaceit\u00e1vel, pois as \u00e1reas p\u00fablicas s\u00e3o patrim\u00f4nio da coletividade, devendo garantir o acesso a todos. Qualquer uso do espa\u00e7o p\u00fablico deve ser previamente solicitado, avaliado e, se pertinente, autorizado. A forma como essa a\u00e7\u00e3o foi executada \u00e9 irregular e n\u00e3o pode ser tolerada. Nossa Divis\u00e3o de Controle (Dicon) atua diariamente na conten\u00e7\u00e3o dessas irregularidades, e solicitamos que a popula\u00e7\u00e3o continue a denunciar por meio dos canais dispon\u00edveis, para que possamos desempenhar nosso papel\u201d, completou.<\/p>\n\n\n\n<p>&#8212; &#8212; &#8212;<br><strong>Texto e Fotos \u2013 <\/strong>Divulga\u00e7\u00e3o\/Implurb&nbsp;<\/p>\n","protected":false},"excerpt":{"rendered":"","protected":false},"author":68,"featured_media":252513,"comment_status":"closed","ping_status":"closed","sticky":false,"template":"","format":"standard","meta":{"footnotes":""},"categories":[5701],"tags":[19271,65,77],"acf":[],"yoast_head":"<!-- This site is optimized with the Yoast SEO plugin v23.0 - https:\/\/yoast.com\/wordpress\/plugins\/seo\/ -->\n<title>Prefeitura faz demoli\u00e7\u00e3o de limitador de altura que impedia passagem de \u00f4nibus no Tarum\u00e3-A\u00e7u<\/title>\n<meta name=\"description\" content=\"A Prefeitura de Manaus, por meio do Instituto Municipal de Planejamento Urbano (Implurb), realizou, nesta sexta-feira, 6\/2, a demoli\u00e7\u00e3o administrativa de uma estrutura de limitador de altura instalado sem qualquer autoriza\u00e7\u00e3o ou licenciamento por parte dos \u00f3rg\u00e3os de tr\u00e2nsito e transporte em um ramal no Tarum\u00e3-A\u00e7u, zona Oeste. A demanda foi feita pelo Instituto Municipal de Mobilidade Urbana (IMMU).\" \/>\n<meta name=\"robots\" content=\"index, follow, max-snippet:-1, max-image-preview:large, max-video-preview:-1\" \/>\n<link rel=\"canonical\" href=\"https:\/\/www.manaus.am.gov.br\/semcom\/demolicao-de-limitador\/\" \/>\n<meta property=\"og:locale\" content=\"pt_BR\" \/>\n<meta property=\"og:type\" content=\"article\" \/>\n<meta property=\"og:title\" content=\"Prefeitura faz demoli\u00e7\u00e3o de limitador de altura que impedia passagem de \u00f4nibus no Tarum\u00e3-A\u00e7u\" \/>\n<meta property=\"og:description\" content=\"A Prefeitura de Manaus, por meio do Instituto Municipal de Planejamento Urbano (Implurb), realizou, nesta sexta-feira, 6\/2, a demoli\u00e7\u00e3o administrativa de uma estrutura de limitador de altura instalado sem qualquer autoriza\u00e7\u00e3o ou licenciamento por parte dos \u00f3rg\u00e3os de tr\u00e2nsito e transporte em um ramal no Tarum\u00e3-A\u00e7u, zona Oeste. A demanda foi feita pelo Instituto Municipal de Mobilidade Urbana (IMMU).\" \/>\n<meta property=\"og:url\" content=\"https:\/\/www.manaus.am.gov.br\/semcom\/demolicao-de-limitador\/\" \/>\n<meta property=\"og:site_name\" content=\"SEMCOM\" \/>\n<meta property=\"article:published_time\" content=\"2026-02-06T23:57:20+00:00\" \/>\n<meta property=\"article:modified_time\" content=\"2026-02-09T15:54:45+00:00\" \/>\n<meta property=\"og:image\" content=\"https:\/\/www.manaus.am.gov.br\/semcom\/wp-content\/uploads\/sites\/5\/2026\/02\/ramal.jpg\" \/>\n\t<meta property=\"og:image:width\" content=\"1235\" \/>\n\t<meta property=\"og:image:height\" content=\"696\" \/>\n\t<meta property=\"og:image:type\" content=\"image\/jpeg\" \/>\n<meta name=\"author\" content=\"bvalente\" \/>\n<meta name=\"twitter:card\" content=\"summary_large_image\" \/>\n<meta name=\"twitter:label1\" content=\"Written by\" \/>\n\t<meta name=\"twitter:data1\" content=\"bvalente\" \/>\n\t<meta name=\"twitter:label2\" content=\"Est. reading time\" \/>\n\t<meta name=\"twitter:data2\" content=\"3 minutos\" \/>\n<script type=\"application\/ld+json\" class=\"yoast-schema-graph\">{\"@context\":\"https:\/\/schema.org\",\"@graph\":[{\"@type\":\"WebPage\",\"@id\":\"https:\/\/www.manaus.am.gov.br\/semcom\/demolicao-de-limitador\/\",\"url\":\"https:\/\/www.manaus.am.gov.br\/semcom\/demolicao-de-limitador\/\",\"name\":\"Prefeitura faz demoli\u00e7\u00e3o de limitador de altura que impedia passagem de \u00f4nibus no Tarum\u00e3-A\u00e7u\",\"isPartOf\":{\"@id\":\"https:\/\/www.manaus.am.gov.br\/semcom\/#website\"},\"primaryImageOfPage\":{\"@id\":\"https:\/\/www.manaus.am.gov.br\/semcom\/demolicao-de-limitador\/#primaryimage\"},\"image\":{\"@id\":\"https:\/\/www.manaus.am.gov.br\/semcom\/demolicao-de-limitador\/#primaryimage\"},\"thumbnailUrl\":\"https:\/\/www.manaus.am.gov.br\/semcom\/wp-content\/uploads\/sites\/5\/2026\/02\/ramal.jpg\",\"datePublished\":\"2026-02-06T23:57:20+00:00\",\"dateModified\":\"2026-02-09T15:54:45+00:00\",\"author\":{\"@id\":\"https:\/\/www.manaus.am.gov.br\/semcom\/#\/schema\/person\/466a0e03ae4b6062809046bd560ac955\"},\"description\":\"A Prefeitura de Manaus, por meio do Instituto Municipal de Planejamento Urbano (Implurb), realizou, nesta sexta-feira, 6\/2, a demoli\u00e7\u00e3o administrativa de uma estrutura de limitador de altura instalado sem qualquer autoriza\u00e7\u00e3o ou licenciamento por parte dos \u00f3rg\u00e3os de tr\u00e2nsito e transporte em um ramal no Tarum\u00e3-A\u00e7u, zona Oeste. A demanda foi feita pelo Instituto Municipal de Mobilidade Urbana (IMMU).\",\"inLanguage\":\"pt-BR\",\"potentialAction\":[{\"@type\":\"ReadAction\",\"target\":[\"https:\/\/www.manaus.am.gov.br\/semcom\/demolicao-de-limitador\/\"]}]},{\"@type\":\"ImageObject\",\"inLanguage\":\"pt-BR\",\"@id\":\"https:\/\/www.manaus.am.gov.br\/semcom\/demolicao-de-limitador\/#primaryimage\",\"url\":\"https:\/\/www.manaus.am.gov.br\/semcom\/wp-content\/uploads\/sites\/5\/2026\/02\/ramal.jpg\",\"contentUrl\":\"https:\/\/www.manaus.am.gov.br\/semcom\/wp-content\/uploads\/sites\/5\/2026\/02\/ramal.jpg\",\"width\":1235,\"height\":696,\"caption\":\"#paratodosverem - Maquin\u00e1rio da Seminf realizando demoli\u00e7\u00e3o de limitador\"},{\"@type\":\"WebSite\",\"@id\":\"https:\/\/www.manaus.am.gov.br\/semcom\/#website\",\"url\":\"https:\/\/www.manaus.am.gov.br\/semcom\/\",\"name\":\"SEMCOM\",\"description\":\"Secretaria Municipal de Comunica\u00e7\u00e3o\",\"potentialAction\":[{\"@type\":\"SearchAction\",\"target\":{\"@type\":\"EntryPoint\",\"urlTemplate\":\"https:\/\/www.manaus.am.gov.br\/semcom\/?s={search_term_string}\"},\"query-input\":\"required name=search_term_string\"}],\"inLanguage\":\"pt-BR\"},{\"@type\":\"Person\",\"@id\":\"https:\/\/www.manaus.am.gov.br\/semcom\/#\/schema\/person\/466a0e03ae4b6062809046bd560ac955\",\"name\":\"bvalente\",\"image\":{\"@type\":\"ImageObject\",\"inLanguage\":\"pt-BR\",\"@id\":\"https:\/\/www.manaus.am.gov.br\/semcom\/#\/schema\/person\/image\/\",\"url\":\"https:\/\/secure.gravatar.com\/avatar\/3e69bc2b014bdad41adfec3a39de07d2?s=96&d=mm&r=g\",\"contentUrl\":\"https:\/\/secure.gravatar.com\/avatar\/3e69bc2b014bdad41adfec3a39de07d2?s=96&d=mm&r=g\",\"caption\":\"bvalente\"}}]}<\/script>\n<!-- \/ Yoast SEO plugin. -->","yoast_head_json":{"title":"Prefeitura faz demoli\u00e7\u00e3o de limitador de altura que impedia passagem de \u00f4nibus no Tarum\u00e3-A\u00e7u","description":"A Prefeitura de Manaus, por meio do Instituto Municipal de Planejamento Urbano (Implurb), realizou, nesta sexta-feira, 6\/2, a demoli\u00e7\u00e3o administrativa de uma estrutura de limitador de altura instalado sem qualquer autoriza\u00e7\u00e3o ou licenciamento por parte dos \u00f3rg\u00e3os de tr\u00e2nsito e transporte em um ramal no Tarum\u00e3-A\u00e7u, zona Oeste. A demanda foi feita pelo Instituto Municipal de Mobilidade Urbana (IMMU).","robots":{"index":"index","follow":"follow","max-snippet":"max-snippet:-1","max-image-preview":"max-image-preview:large","max-video-preview":"max-video-preview:-1"},"canonical":"https:\/\/www.manaus.am.gov.br\/semcom\/demolicao-de-limitador\/","og_locale":"pt_BR","og_type":"article","og_title":"Prefeitura faz demoli\u00e7\u00e3o de limitador de altura que impedia passagem de \u00f4nibus no Tarum\u00e3-A\u00e7u","og_description":"A Prefeitura de Manaus, por meio do Instituto Municipal de Planejamento Urbano (Implurb), realizou, nesta sexta-feira, 6\/2, a demoli\u00e7\u00e3o administrativa de uma estrutura de limitador de altura instalado sem qualquer autoriza\u00e7\u00e3o ou licenciamento por parte dos \u00f3rg\u00e3os de tr\u00e2nsito e transporte em um ramal no Tarum\u00e3-A\u00e7u, zona Oeste. A demanda foi feita pelo Instituto Municipal de Mobilidade Urbana (IMMU).","og_url":"https:\/\/www.manaus.am.gov.br\/semcom\/demolicao-de-limitador\/","og_site_name":"SEMCOM","article_published_time":"2026-02-06T23:57:20+00:00","article_modified_time":"2026-02-09T15:54:45+00:00","og_image":[{"width":1235,"height":696,"url":"https:\/\/www.manaus.am.gov.br\/semcom\/wp-content\/uploads\/sites\/5\/2026\/02\/ramal.jpg","type":"image\/jpeg"}],"author":"bvalente","twitter_card":"summary_large_image","twitter_misc":{"Written by":"bvalente","Est. reading time":"3 minutos"},"schema":{"@context":"https:\/\/schema.org","@graph":[{"@type":"WebPage","@id":"https:\/\/www.manaus.am.gov.br\/semcom\/demolicao-de-limitador\/","url":"https:\/\/www.manaus.am.gov.br\/semcom\/demolicao-de-limitador\/","name":"Prefeitura faz demoli\u00e7\u00e3o de limitador de altura que impedia passagem de \u00f4nibus no Tarum\u00e3-A\u00e7u","isPartOf":{"@id":"https:\/\/www.manaus.am.gov.br\/semcom\/#website"},"primaryImageOfPage":{"@id":"https:\/\/www.manaus.am.gov.br\/semcom\/demolicao-de-limitador\/#primaryimage"},"image":{"@id":"https:\/\/www.manaus.am.gov.br\/semcom\/demolicao-de-limitador\/#primaryimage"},"thumbnailUrl":"https:\/\/www.manaus.am.gov.br\/semcom\/wp-content\/uploads\/sites\/5\/2026\/02\/ramal.jpg","datePublished":"2026-02-06T23:57:20+00:00","dateModified":"2026-02-09T15:54:45+00:00","author":{"@id":"https:\/\/www.manaus.am.gov.br\/semcom\/#\/schema\/person\/466a0e03ae4b6062809046bd560ac955"},"description":"A Prefeitura de Manaus, por meio do Instituto Municipal de Planejamento Urbano (Implurb), realizou, nesta sexta-feira, 6\/2, a demoli\u00e7\u00e3o administrativa de uma estrutura de limitador de altura instalado sem qualquer autoriza\u00e7\u00e3o ou licenciamento por parte dos \u00f3rg\u00e3os de tr\u00e2nsito e transporte em um ramal no Tarum\u00e3-A\u00e7u, zona Oeste. A demanda foi feita pelo Instituto Municipal de Mobilidade Urbana (IMMU).","inLanguage":"pt-BR","potentialAction":[{"@type":"ReadAction","target":["https:\/\/www.manaus.am.gov.br\/semcom\/demolicao-de-limitador\/"]}]},{"@type":"ImageObject","inLanguage":"pt-BR","@id":"https:\/\/www.manaus.am.gov.br\/semcom\/demolicao-de-limitador\/#primaryimage","url":"https:\/\/www.manaus.am.gov.br\/semcom\/wp-content\/uploads\/sites\/5\/2026\/02\/ramal.jpg","contentUrl":"https:\/\/www.manaus.am.gov.br\/semcom\/wp-content\/uploads\/sites\/5\/2026\/02\/ramal.jpg","width":1235,"height":696,"caption":"#paratodosverem - Maquin\u00e1rio da Seminf realizando demoli\u00e7\u00e3o de limitador"},{"@type":"WebSite","@id":"https:\/\/www.manaus.am.gov.br\/semcom\/#website","url":"https:\/\/www.manaus.am.gov.br\/semcom\/","name":"SEMCOM","description":"Secretaria Municipal de Comunica\u00e7\u00e3o","potentialAction":[{"@type":"SearchAction","target":{"@type":"EntryPoint","urlTemplate":"https:\/\/www.manaus.am.gov.br\/semcom\/?s={search_term_string}"},"query-input":"required name=search_term_string"}],"inLanguage":"pt-BR"},{"@type":"Person","@id":"https:\/\/www.manaus.am.gov.br\/semcom\/#\/schema\/person\/466a0e03ae4b6062809046bd560ac955","name":"bvalente","image":{"@type":"ImageObject","inLanguage":"pt-BR","@id":"https:\/\/www.manaus.am.gov.br\/semcom\/#\/schema\/person\/image\/","url":"https:\/\/secure.gravatar.com\/avatar\/3e69bc2b014bdad41adfec3a39de07d2?s=96&d=mm&r=g","contentUrl":"https:\/\/secure.gravatar.com\/avatar\/3e69bc2b014bdad41adfec3a39de07d2?s=96&d=mm&r=g","caption":"bvalente"}}]}},"_links":{"self":[{"href":"https:\/\/www.manaus.am.gov.br\/semcom\/wp-json\/wp\/v2\/posts\/252512"}],"collection":[{"href":"https:\/\/www.manaus.am.gov.br\/semcom\/wp-json\/wp\/v2\/posts"}],"about":[{"href":"https:\/\/www.manaus.am.gov.br\/semcom\/wp-json\/wp\/v2\/types\/post"}],"author":[{"embeddable":true,"href":"https:\/\/www.manaus.am.gov.br\/semcom\/wp-json\/wp\/v2\/users\/68"}],"replies":[{"embeddable":true,"href":"https:\/\/www.manaus.am.gov.br\/semcom\/wp-json\/wp\/v2\/comments?post=252512"}],"version-history":[{"count":1,"href":"https:\/\/www.manaus.am.gov.br\/semcom\/wp-json\/wp\/v2\/posts\/252512\/revisions"}],"predecessor-version":[{"id":252573,"href":"https:\/\/www.manaus.am.gov.br\/semcom\/wp-json\/wp\/v2\/posts\/252512\/revisions\/252573"}],"wp:featuredmedia":[{"embeddable":true,"href":"https:\/\/www.manaus.am.gov.br\/semcom\/wp-json\/wp\/v2\/media\/252513"}],"wp:attachment":[{"href":"https:\/\/www.manaus.am.gov.br\/semcom\/wp-json\/wp\/v2\/media?parent=252512"}],"wp:term":[{"taxonomy":"category","embeddable":true,"href":"https:\/\/www.manaus.am.gov.br\/semcom\/wp-json\/wp\/v2\/categories?post=252512"},{"taxonomy":"post_tag","embeddable":true,"href":"https:\/\/www.manaus.am.gov.br\/semcom\/wp-json\/wp\/v2\/tags?post=252512"}],"curies":[{"name":"wp","href":"https:\/\/api.w.org\/{rel}","templated":true}]}}