{"id":252508,"date":"2026-02-06T18:53:06","date_gmt":"2026-02-06T22:53:06","guid":{"rendered":"https:\/\/www.manaus.am.gov.br\/semcom\/campanha-galerias-populares\/"},"modified":"2026-02-06T18:53:06","modified_gmt":"2026-02-06T22:53:06","slug":"campanha-galerias-populares","status":"publish","type":"post","link":"https:\/\/www.manaus.am.gov.br\/semcom\/campanha-galerias-populares\/","title":{"rendered":"Prefeitura de Manaus sorteia pr\u00eamios da campanha promocional das galerias populares"},"content":{"rendered":"\n<p>A Prefeitura de Manaus, por meio da Secretaria Municipal do Trabalho, Empreendedorismo e Inova\u00e7\u00e3o (Semtepi), realizou, nesta sexta-feira, 6\/2, o sorteio da campanha promocional das galerias populares da capital. A iniciativa teve como objetivo incentivar o com\u00e9rcio popular, valorizar os empreendedores e estimular o consumo nas galerias.<\/p>\n\n\n\n<p>Durante a campanha, consumidores que realizaram compras nas galerias participantes puderam trocar seus comprovantes por cupons a cada R$ 25 em compras, concorrendo a pr\u00eamios como motos, geladeiras, televisores e, no shopping Phelipe Daou, a um carro zero quil\u00f4metro.<\/p>\n\n\n\n<p>O secret\u00e1rio da Semtepi, Alonso Oliveira, destacou que a a\u00e7\u00e3o faz parte de um conjunto de estrat\u00e9gias para fortalecer o empreendedorismo local.&nbsp;<\/p>\n\n\n\n<p>\u201cO mercado do empreendedorismo passa por uma transforma\u00e7\u00e3o muito forte, e a Prefeitura de Manaus, por meio da Semtepi, tem como meta potencializar os nossos empreendedores, incentivando a formaliza\u00e7\u00e3o como MEI e a participa\u00e7\u00e3o em cursos de qualifica\u00e7\u00e3o\u201d, afirmou. Segundo ele, \u00e9 fundamental que os permission\u00e1rios estejam preparados para inovar e divulgar seus neg\u00f3cios. \u201c\u00c9 preciso virar a chave e compreender que essa responsabilidade n\u00e3o \u00e9 apenas da prefeitura. O sucesso das vendas tamb\u00e9m depende do comprometimento e da prepara\u00e7\u00e3o de cada empreendedor\u201d, completou.<\/p>\n\n\n\n<p>Para os permission\u00e1rios, a campanha j\u00e1 \u00e9 reconhecida pelo p\u00fablico e gera resultados positivos. Gleice da Silva, permission\u00e1ria do shopping Phelipe Daou, ressaltou que o sorteio contribui diretamente para o aumento das vendas.&nbsp;<\/p>\n\n\n\n<p>\u201cAs pessoas j\u00e1 sabem que o sorteio \u00e9 de verdade, que funciona e ajuda muito nas nossas vendas. \u00c9 uma forma de atrair mais pessoas para o shopping, para que venham conhecer o nosso espa\u00e7o e os nossos produtos\u201d, disse.<\/p>\n\n\n\n<p>Na mesma linha, a permission\u00e1ria Zeth Mendes destacou o impacto da iniciativa no fluxo de clientes. \u201cEssa a\u00e7\u00e3o incentiva muito o movimento do shopping, amplia a divulga\u00e7\u00e3o e faz com que mais pessoas passem a frequentar o espa\u00e7o\u201d, afirmou. Segundo ela, os pr\u00eamios chamam a aten\u00e7\u00e3o do p\u00fablico. \u201cCom apenas R$ 25, o cliente concorre a pr\u00eamios como carro, moto e TV. S\u00f3 o shopping Phelipe Daou oferece pr\u00eamios t\u00e3o bons com um valor t\u00e3o acess\u00edvel\u201d, destacou.<\/p>\n\n\n\n<figure class=\"wp-block-image size-full\"><img loading=\"lazy\" decoding=\"async\" width=\"799\" height=\"533\" src=\"https:\/\/www.manaus.am.gov.br\/semcom\/wp-content\/uploads\/sites\/5\/2026\/02\/55081641826_2af7e1ec6c_c.jpg\" alt=\"\" class=\"wp-image-252509\" srcset=\"https:\/\/www.manaus.am.gov.br\/semcom\/wp-content\/uploads\/sites\/5\/2026\/02\/55081641826_2af7e1ec6c_c.jpg 799w, https:\/\/www.manaus.am.gov.br\/semcom\/wp-content\/uploads\/sites\/5\/2026\/02\/55081641826_2af7e1ec6c_c-300x200.jpg 300w, https:\/\/www.manaus.am.gov.br\/semcom\/wp-content\/uploads\/sites\/5\/2026\/02\/55081641826_2af7e1ec6c_c-768x512.jpg 768w\" sizes=\"(max-width: 799px) 100vw, 799px\" \/><figcaption class=\"wp-element-caption\">#paratodosverem &#8211; Imagem de corredor das lojas do shopping Phelipe Daou<\/figcaption><\/figure>\n\n\n\n<p>Os contemplados no sorteio ser\u00e3o comunicados pela organiza\u00e7\u00e3o da campanha e dever\u00e3o comparecer \u00e0 sede da Semtepi, munidos da documenta\u00e7\u00e3o necess\u00e1ria, para a retirada dos pr\u00eamios.<\/p>\n\n\n\n<p>\u2014&#8211; \u2014&#8211; \u2014&#8211;<br><strong>Texto &#8211;<\/strong> Divulga\u00e7\u00e3o\/Semtepi<br><strong>Fotos &#8211; <\/strong>Jo\u00e3o Viana\/Semcom<br><strong>Dispon\u00edveis em &#8211; <\/strong><a href=\"https:\/\/flic.kr\/s\/aHBqjCJGJZ\">https:\/\/flic.kr\/s\/aHBqjCJGJZ<\/a>\u00a0<\/p>\n","protected":false},"excerpt":{"rendered":"","protected":false},"author":68,"featured_media":252510,"comment_status":"closed","ping_status":"closed","sticky":false,"template":"","format":"standard","meta":{"footnotes":""},"categories":[24],"tags":[19269,77,19270,22],"acf":[],"yoast_head":"<!-- This site is optimized with the Yoast SEO plugin v23.0 - https:\/\/yoast.com\/wordpress\/plugins\/seo\/ -->\n<title>Prefeitura sorteia pr\u00eamios da campanha das galerias populares<\/title>\n<meta name=\"description\" content=\"A Prefeitura realizou, nesta sexta-feira, 6\/2, o sorteio da campanha promocional das galerias populares da capital.\" \/>\n<meta name=\"robots\" content=\"index, follow, max-snippet:-1, max-image-preview:large, max-video-preview:-1\" \/>\n<link rel=\"canonical\" href=\"https:\/\/www.manaus.am.gov.br\/semcom\/campanha-galerias-populares\/\" \/>\n<meta property=\"og:locale\" content=\"pt_BR\" \/>\n<meta property=\"og:type\" content=\"article\" \/>\n<meta property=\"og:title\" content=\"Prefeitura sorteia pr\u00eamios da campanha das galerias populares\" \/>\n<meta property=\"og:description\" content=\"A Prefeitura realizou, nesta sexta-feira, 6\/2, o sorteio da campanha promocional das galerias populares da capital.\" \/>\n<meta property=\"og:url\" content=\"https:\/\/www.manaus.am.gov.br\/semcom\/campanha-galerias-populares\/\" \/>\n<meta property=\"og:site_name\" content=\"SEMCOM\" \/>\n<meta property=\"article:published_time\" content=\"2026-02-06T22:53:06+00:00\" \/>\n<meta property=\"og:image\" content=\"https:\/\/www.manaus.am.gov.br\/semcom\/wp-content\/uploads\/sites\/5\/2026\/02\/55080744312_e6e67814ff_c.jpg\" \/>\n\t<meta property=\"og:image:width\" content=\"799\" \/>\n\t<meta property=\"og:image:height\" content=\"533\" \/>\n\t<meta property=\"og:image:type\" content=\"image\/jpeg\" \/>\n<meta name=\"author\" content=\"bvalente\" \/>\n<meta name=\"twitter:card\" content=\"summary_large_image\" \/>\n<meta name=\"twitter:label1\" content=\"Written by\" \/>\n\t<meta name=\"twitter:data1\" content=\"bvalente\" \/>\n\t<meta name=\"twitter:label2\" content=\"Est. reading time\" \/>\n\t<meta name=\"twitter:data2\" content=\"3 minutos\" \/>\n<script type=\"application\/ld+json\" class=\"yoast-schema-graph\">{\"@context\":\"https:\/\/schema.org\",\"@graph\":[{\"@type\":\"WebPage\",\"@id\":\"https:\/\/www.manaus.am.gov.br\/semcom\/campanha-galerias-populares\/\",\"url\":\"https:\/\/www.manaus.am.gov.br\/semcom\/campanha-galerias-populares\/\",\"name\":\"Prefeitura sorteia pr\u00eamios da campanha das galerias populares\",\"isPartOf\":{\"@id\":\"https:\/\/www.manaus.am.gov.br\/semcom\/#website\"},\"primaryImageOfPage\":{\"@id\":\"https:\/\/www.manaus.am.gov.br\/semcom\/campanha-galerias-populares\/#primaryimage\"},\"image\":{\"@id\":\"https:\/\/www.manaus.am.gov.br\/semcom\/campanha-galerias-populares\/#primaryimage\"},\"thumbnailUrl\":\"https:\/\/www.manaus.am.gov.br\/semcom\/wp-content\/uploads\/sites\/5\/2026\/02\/55080744312_e6e67814ff_c.jpg\",\"datePublished\":\"2026-02-06T22:53:06+00:00\",\"dateModified\":\"2026-02-06T22:53:06+00:00\",\"author\":{\"@id\":\"https:\/\/www.manaus.am.gov.br\/semcom\/#\/schema\/person\/466a0e03ae4b6062809046bd560ac955\"},\"description\":\"A Prefeitura realizou, nesta sexta-feira, 6\/2, o sorteio da campanha promocional das galerias populares da capital.\",\"inLanguage\":\"pt-BR\",\"potentialAction\":[{\"@type\":\"ReadAction\",\"target\":[\"https:\/\/www.manaus.am.gov.br\/semcom\/campanha-galerias-populares\/\"]}]},{\"@type\":\"ImageObject\",\"inLanguage\":\"pt-BR\",\"@id\":\"https:\/\/www.manaus.am.gov.br\/semcom\/campanha-galerias-populares\/#primaryimage\",\"url\":\"https:\/\/www.manaus.am.gov.br\/semcom\/wp-content\/uploads\/sites\/5\/2026\/02\/55080744312_e6e67814ff_c.jpg\",\"contentUrl\":\"https:\/\/www.manaus.am.gov.br\/semcom\/wp-content\/uploads\/sites\/5\/2026\/02\/55080744312_e6e67814ff_c.jpg\",\"width\":799,\"height\":533,\"caption\":\"#paratodosverem - Secret\u00e1rio da Semtepi, Alonso Oliveira e equipe da pasta segurando cupom sorteado durante a\u00e7\u00e3o\"},{\"@type\":\"WebSite\",\"@id\":\"https:\/\/www.manaus.am.gov.br\/semcom\/#website\",\"url\":\"https:\/\/www.manaus.am.gov.br\/semcom\/\",\"name\":\"SEMCOM\",\"description\":\"Secretaria Municipal de Comunica\u00e7\u00e3o\",\"potentialAction\":[{\"@type\":\"SearchAction\",\"target\":{\"@type\":\"EntryPoint\",\"urlTemplate\":\"https:\/\/www.manaus.am.gov.br\/semcom\/?s={search_term_string}\"},\"query-input\":\"required name=search_term_string\"}],\"inLanguage\":\"pt-BR\"},{\"@type\":\"Person\",\"@id\":\"https:\/\/www.manaus.am.gov.br\/semcom\/#\/schema\/person\/466a0e03ae4b6062809046bd560ac955\",\"name\":\"bvalente\",\"image\":{\"@type\":\"ImageObject\",\"inLanguage\":\"pt-BR\",\"@id\":\"https:\/\/www.manaus.am.gov.br\/semcom\/#\/schema\/person\/image\/\",\"url\":\"https:\/\/secure.gravatar.com\/avatar\/3e69bc2b014bdad41adfec3a39de07d2?s=96&d=mm&r=g\",\"contentUrl\":\"https:\/\/secure.gravatar.com\/avatar\/3e69bc2b014bdad41adfec3a39de07d2?s=96&d=mm&r=g\",\"caption\":\"bvalente\"}}]}<\/script>\n<!-- \/ Yoast SEO plugin. -->","yoast_head_json":{"title":"Prefeitura sorteia pr\u00eamios da campanha das galerias populares","description":"A Prefeitura realizou, nesta sexta-feira, 6\/2, o sorteio da campanha promocional das galerias populares da capital.","robots":{"index":"index","follow":"follow","max-snippet":"max-snippet:-1","max-image-preview":"max-image-preview:large","max-video-preview":"max-video-preview:-1"},"canonical":"https:\/\/www.manaus.am.gov.br\/semcom\/campanha-galerias-populares\/","og_locale":"pt_BR","og_type":"article","og_title":"Prefeitura sorteia pr\u00eamios da campanha das galerias populares","og_description":"A Prefeitura realizou, nesta sexta-feira, 6\/2, o sorteio da campanha promocional das galerias populares da capital.","og_url":"https:\/\/www.manaus.am.gov.br\/semcom\/campanha-galerias-populares\/","og_site_name":"SEMCOM","article_published_time":"2026-02-06T22:53:06+00:00","og_image":[{"width":799,"height":533,"url":"https:\/\/www.manaus.am.gov.br\/semcom\/wp-content\/uploads\/sites\/5\/2026\/02\/55080744312_e6e67814ff_c.jpg","type":"image\/jpeg"}],"author":"bvalente","twitter_card":"summary_large_image","twitter_misc":{"Written by":"bvalente","Est. reading time":"3 minutos"},"schema":{"@context":"https:\/\/schema.org","@graph":[{"@type":"WebPage","@id":"https:\/\/www.manaus.am.gov.br\/semcom\/campanha-galerias-populares\/","url":"https:\/\/www.manaus.am.gov.br\/semcom\/campanha-galerias-populares\/","name":"Prefeitura sorteia pr\u00eamios da campanha das galerias populares","isPartOf":{"@id":"https:\/\/www.manaus.am.gov.br\/semcom\/#website"},"primaryImageOfPage":{"@id":"https:\/\/www.manaus.am.gov.br\/semcom\/campanha-galerias-populares\/#primaryimage"},"image":{"@id":"https:\/\/www.manaus.am.gov.br\/semcom\/campanha-galerias-populares\/#primaryimage"},"thumbnailUrl":"https:\/\/www.manaus.am.gov.br\/semcom\/wp-content\/uploads\/sites\/5\/2026\/02\/55080744312_e6e67814ff_c.jpg","datePublished":"2026-02-06T22:53:06+00:00","dateModified":"2026-02-06T22:53:06+00:00","author":{"@id":"https:\/\/www.manaus.am.gov.br\/semcom\/#\/schema\/person\/466a0e03ae4b6062809046bd560ac955"},"description":"A Prefeitura realizou, nesta sexta-feira, 6\/2, o sorteio da campanha promocional das galerias populares da capital.","inLanguage":"pt-BR","potentialAction":[{"@type":"ReadAction","target":["https:\/\/www.manaus.am.gov.br\/semcom\/campanha-galerias-populares\/"]}]},{"@type":"ImageObject","inLanguage":"pt-BR","@id":"https:\/\/www.manaus.am.gov.br\/semcom\/campanha-galerias-populares\/#primaryimage","url":"https:\/\/www.manaus.am.gov.br\/semcom\/wp-content\/uploads\/sites\/5\/2026\/02\/55080744312_e6e67814ff_c.jpg","contentUrl":"https:\/\/www.manaus.am.gov.br\/semcom\/wp-content\/uploads\/sites\/5\/2026\/02\/55080744312_e6e67814ff_c.jpg","width":799,"height":533,"caption":"#paratodosverem - Secret\u00e1rio da Semtepi, Alonso Oliveira e equipe da pasta segurando cupom sorteado durante a\u00e7\u00e3o"},{"@type":"WebSite","@id":"https:\/\/www.manaus.am.gov.br\/semcom\/#website","url":"https:\/\/www.manaus.am.gov.br\/semcom\/","name":"SEMCOM","description":"Secretaria Municipal de Comunica\u00e7\u00e3o","potentialAction":[{"@type":"SearchAction","target":{"@type":"EntryPoint","urlTemplate":"https:\/\/www.manaus.am.gov.br\/semcom\/?s={search_term_string}"},"query-input":"required name=search_term_string"}],"inLanguage":"pt-BR"},{"@type":"Person","@id":"https:\/\/www.manaus.am.gov.br\/semcom\/#\/schema\/person\/466a0e03ae4b6062809046bd560ac955","name":"bvalente","image":{"@type":"ImageObject","inLanguage":"pt-BR","@id":"https:\/\/www.manaus.am.gov.br\/semcom\/#\/schema\/person\/image\/","url":"https:\/\/secure.gravatar.com\/avatar\/3e69bc2b014bdad41adfec3a39de07d2?s=96&d=mm&r=g","contentUrl":"https:\/\/secure.gravatar.com\/avatar\/3e69bc2b014bdad41adfec3a39de07d2?s=96&d=mm&r=g","caption":"bvalente"}}]}},"_links":{"self":[{"href":"https:\/\/www.manaus.am.gov.br\/semcom\/wp-json\/wp\/v2\/posts\/252508"}],"collection":[{"href":"https:\/\/www.manaus.am.gov.br\/semcom\/wp-json\/wp\/v2\/posts"}],"about":[{"href":"https:\/\/www.manaus.am.gov.br\/semcom\/wp-json\/wp\/v2\/types\/post"}],"author":[{"embeddable":true,"href":"https:\/\/www.manaus.am.gov.br\/semcom\/wp-json\/wp\/v2\/users\/68"}],"replies":[{"embeddable":true,"href":"https:\/\/www.manaus.am.gov.br\/semcom\/wp-json\/wp\/v2\/comments?post=252508"}],"version-history":[{"count":1,"href":"https:\/\/www.manaus.am.gov.br\/semcom\/wp-json\/wp\/v2\/posts\/252508\/revisions"}],"predecessor-version":[{"id":252511,"href":"https:\/\/www.manaus.am.gov.br\/semcom\/wp-json\/wp\/v2\/posts\/252508\/revisions\/252511"}],"wp:featuredmedia":[{"embeddable":true,"href":"https:\/\/www.manaus.am.gov.br\/semcom\/wp-json\/wp\/v2\/media\/252510"}],"wp:attachment":[{"href":"https:\/\/www.manaus.am.gov.br\/semcom\/wp-json\/wp\/v2\/media?parent=252508"}],"wp:term":[{"taxonomy":"category","embeddable":true,"href":"https:\/\/www.manaus.am.gov.br\/semcom\/wp-json\/wp\/v2\/categories?post=252508"},{"taxonomy":"post_tag","embeddable":true,"href":"https:\/\/www.manaus.am.gov.br\/semcom\/wp-json\/wp\/v2\/tags?post=252508"}],"curies":[{"name":"wp","href":"https:\/\/api.w.org\/{rel}","templated":true}]}}