{"id":252467,"date":"2026-02-06T12:57:12","date_gmt":"2026-02-06T16:57:12","guid":{"rendered":"https:\/\/www.manaus.am.gov.br\/semcom\/audiencia-publica-do-pmsb-de-manaus\/"},"modified":"2026-02-06T13:59:12","modified_gmt":"2026-02-06T16:59:12","slug":"audiencia-publica-do-pmsb-de-manaus","status":"publish","type":"post","link":"https:\/\/www.manaus.am.gov.br\/semcom\/audiencia-publica-do-pmsb-de-manaus\/","title":{"rendered":"Prefeitura convida popula\u00e7\u00e3o para Audi\u00eancia P\u00fablica do Plano Municipal de Saneamento B\u00e1sico de Manaus"},"content":{"rendered":"\n<p>A Prefeitura de Manaus, por meio da Controladoria-Geral do Munic\u00edpio (CGM), convida a popula\u00e7\u00e3o para participar da Audi\u00eancia P\u00fablica de Elabora\u00e7\u00e3o do Plano Municipal de Saneamento B\u00e1sico de Manaus (PMSB), que acontecer\u00e1 nesta segunda-feira, 9\/2, \u00e0s 15h, no audit\u00f3rio&nbsp;Isabel Victoria de Mattos Pereira do Carmo Ribeiro,&nbsp;na sede&nbsp;da prefeitura, localizado na avenida Brasil, n\u00ba 2.971, bairro Compensa, zona Oeste.<\/p>\n\n\n\n<p>Os cidad\u00e3os que participarem da audi\u00eancia ir\u00e3o dispor de momento de fala para contribuir de forma aberta e democr\u00e1tica, com a media\u00e7\u00e3o da prefeitura, que tamb\u00e9m realizar\u00e1 o acolhimento e registro em ata, para os devidos encaminhamentos. Nas contribui\u00e7\u00f5es, poder\u00e3o conter questionamentos, propostas e recomenda\u00e7\u00f5es relacionadas aos eixos do PMSB, que podem ser consultados no site:&nbsp;<a href=\"http:\/\/www.planodesaneamento.manaus.am.gov.br\/\" target=\"_blank\" rel=\"noreferrer noopener\">www.planodesaneamento.manaus.am.gov.br<\/a>.<\/p>\n\n\n\n<p>O controlador-geral do munic\u00edpio, Alessandro Moreira, afirma que Manaus ter\u00e1 pela primeira vez um plano que integrar\u00e1 todas as \u00e1reas de saneamento, al\u00e9m de refor\u00e7ar que \u00e9 a partir do PMSB que se consolidar\u00e3o mais parcerias de recursos para beneficiar toda a popula\u00e7\u00e3o.&nbsp;Ele tamb\u00e9m destaca a import\u00e2ncia do plano e dos envolvidos no seu processo de elabora\u00e7\u00e3o.<\/p>\n\n\n\n<p>\u201cO Plano Municipal de Saneamento B\u00e1sico de Manaus representa um grande avan\u00e7o para nossa cidade e traz um conjunto de inova\u00e7\u00f5es em boas pr\u00e1ticas, composto com nossos conhecimentos tradicionais, ampla participa\u00e7\u00e3o e mobiliza\u00e7\u00e3o social, integrando o trabalho junto \u00e0 Funda\u00e7\u00e3o de Empreendimentos Cient\u00edficos e Tecnol\u00f3gicos (Finatec), especialistas da Universidade Federal do Amazonas (Ufam), de outros Estados como S\u00e3o Paulo, Bras\u00edlia, Rio de Janeiro e Pernambuco e da Lipor, da regi\u00e3o de Porto, em Portugal\u201d, enfatizou.<\/p>\n\n\n\n<p>Com a audi\u00eancia p\u00fablica, a prefeitura abre espa\u00e7o para ouvir a popula\u00e7\u00e3o, uma vez que o objetivo do evento \u00e9 dar a oportunidade \u00e0 sociedade para se manifestar e contribuir com a elabora\u00e7\u00e3o do plano. A expectativa \u00e9 que o p\u00fablico presente seja da sociedade em geral, grupos e lideran\u00e7as comunit\u00e1rias vindos de toda a cidade, das zonas rural e ribeirinha.&nbsp;<\/p>\n\n\n\n<p>O controlador-geral detalha o plano e refor\u00e7a os desafios que poder\u00e3o ser enfrentados pela consolida\u00e7\u00e3o de suas diretrizes.<\/p>\n\n\n\n<p>\u201cO plano comp\u00f5e um conjunto de projetos de estrutura\u00e7\u00e3o do saneamento b\u00e1sico em Manaus capitaneados pelo prefeito David e guarda informa\u00e7\u00f5es estrat\u00e9gicas, projetos, propostas de indicadores de desempenho, propostas de melhorias e inova\u00e7\u00f5es na \u00e1rea de saneamento. Manaus \u00e9 uma cidade complexa e n\u00f3s estamos tratando tamb\u00e9m da expans\u00e3o do servi\u00e7o de saneamento para as \u00e1reas rural e ribeirinha, alcan\u00e7ando toda sua \u00e1rea de 11.400 quil\u00f4metros quadrados, em torno de quase oito vezes do territ\u00f3rio da cidade de S\u00e3o Paulo\u201d, pontuou Moreira.<\/p>\n\n\n\n<p>O titular da CGM ainda avaliou que o plano visa chegar \u00e0s \u00e1reas mais afastadas do per\u00edmetro urbano e impactar positivamente a vida dos moradores das zonas rural e ribeirinha.&nbsp;\u201c\u00c9 determina\u00e7\u00e3o do prefeito David de alcan\u00e7armos os nossos irm\u00e3os ribeirinhos que residem nessas \u00e1reas, que cuidam da floresta, das \u00e1guas e dos nossos rios, pois o Plano Municipal de Saneamento B\u00e1sico traz todas essas diretrizes para promover melhorias e mudan\u00e7a de vida \u00e0s pessoas\u201d, concluiu.<\/p>\n\n\n\n<p>Por interm\u00e9dio da audi\u00eancia p\u00fablica, a Prefeitura de Manaus cumpre com a meta prevista de promover escuta ativa e participa\u00e7\u00e3o social no processo de elabora\u00e7\u00e3o do Plano Municipal de Saneamento B\u00e1sico de Manaus.<\/p>\n\n\n\n<figure class=\"wp-block-image size-large\"><img loading=\"lazy\" decoding=\"async\" width=\"1024\" height=\"683\" src=\"https:\/\/www.manaus.am.gov.br\/semcom\/wp-content\/uploads\/sites\/5\/2026\/02\/54977977863_f608f9cda8_o-1024x683.jpg\" alt=\"\" class=\"wp-image-252470\" srcset=\"https:\/\/www.manaus.am.gov.br\/semcom\/wp-content\/uploads\/sites\/5\/2026\/02\/54977977863_f608f9cda8_o-1024x683.jpg 1024w, https:\/\/www.manaus.am.gov.br\/semcom\/wp-content\/uploads\/sites\/5\/2026\/02\/54977977863_f608f9cda8_o-300x200.jpg 300w, https:\/\/www.manaus.am.gov.br\/semcom\/wp-content\/uploads\/sites\/5\/2026\/02\/54977977863_f608f9cda8_o-768x512.jpg 768w, https:\/\/www.manaus.am.gov.br\/semcom\/wp-content\/uploads\/sites\/5\/2026\/02\/54977977863_f608f9cda8_o-1536x1024.jpg 1536w, https:\/\/www.manaus.am.gov.br\/semcom\/wp-content\/uploads\/sites\/5\/2026\/02\/54977977863_f608f9cda8_o-2048x1365.jpg 2048w\" sizes=\"(max-width: 1024px) 100vw, 1024px\" \/><figcaption class=\"wp-element-caption\">#paratodosverem &#8211; Audi\u00eancia P\u00fablica<\/figcaption><\/figure>\n\n\n\n<p>&#8212; &#8212; &#8212;<\/p>\n\n\n\n<p><strong>Texto<\/strong>&nbsp;&#8211; Oliveira Junior\/CGM<\/p>\n\n\n\n<p><strong>Fotos \u2013<\/strong> Arquivo\/Semcom<\/p>\n\n\n\n<p> <\/p>\n","protected":false},"excerpt":{"rendered":"","protected":false},"author":39,"featured_media":252468,"comment_status":"closed","ping_status":"closed","sticky":false,"template":"","format":"standard","meta":{"footnotes":""},"categories":[578],"tags":[19262,2691,7367,7788,14620,77],"acf":[],"yoast_head":"<!-- This site is optimized with the Yoast SEO plugin v23.0 - https:\/\/yoast.com\/wordpress\/plugins\/seo\/ -->\n<title>Prefeitura convida popula\u00e7\u00e3o para Audi\u00eancia P\u00fablica do PMSB<\/title>\n<meta name=\"description\" content=\"Prefeitura convida popula\u00e7\u00e3o para Audi\u00eancia P\u00fablica do Plano Municipal de Saneamento B\u00e1sico de Manaus nesta segunda-feira, 9\/2.\" \/>\n<meta name=\"robots\" content=\"index, follow, max-snippet:-1, max-image-preview:large, max-video-preview:-1\" \/>\n<link rel=\"canonical\" href=\"https:\/\/www.manaus.am.gov.br\/semcom\/audiencia-publica-do-pmsb-de-manaus\/\" \/>\n<meta property=\"og:locale\" content=\"pt_BR\" \/>\n<meta property=\"og:type\" content=\"article\" \/>\n<meta property=\"og:title\" content=\"Prefeitura convida popula\u00e7\u00e3o para Audi\u00eancia P\u00fablica do PMSB\" \/>\n<meta property=\"og:description\" content=\"Prefeitura convida popula\u00e7\u00e3o para Audi\u00eancia P\u00fablica do Plano Municipal de Saneamento B\u00e1sico de Manaus nesta segunda-feira, 9\/2.\" \/>\n<meta property=\"og:url\" content=\"https:\/\/www.manaus.am.gov.br\/semcom\/audiencia-publica-do-pmsb-de-manaus\/\" \/>\n<meta property=\"og:site_name\" content=\"SEMCOM\" \/>\n<meta property=\"article:published_time\" content=\"2026-02-06T16:57:12+00:00\" \/>\n<meta property=\"article:modified_time\" content=\"2026-02-06T16:59:12+00:00\" \/>\n<meta property=\"og:image\" content=\"https:\/\/www.manaus.am.gov.br\/semcom\/wp-content\/uploads\/sites\/5\/2026\/02\/54978096885_448cfbaaae_o-1024x683.jpg\" \/>\n\t<meta property=\"og:image:width\" content=\"1024\" \/>\n\t<meta property=\"og:image:height\" content=\"683\" \/>\n\t<meta property=\"og:image:type\" content=\"image\/jpeg\" \/>\n<meta name=\"author\" content=\"Bruna Greco\" \/>\n<meta name=\"twitter:card\" content=\"summary_large_image\" \/>\n<meta name=\"twitter:label1\" content=\"Written by\" \/>\n\t<meta name=\"twitter:data1\" content=\"Bruna Greco\" \/>\n\t<meta name=\"twitter:label2\" content=\"Est. reading time\" \/>\n\t<meta name=\"twitter:data2\" content=\"4 minutos\" \/>\n<script type=\"application\/ld+json\" class=\"yoast-schema-graph\">{\"@context\":\"https:\/\/schema.org\",\"@graph\":[{\"@type\":\"WebPage\",\"@id\":\"https:\/\/www.manaus.am.gov.br\/semcom\/audiencia-publica-do-pmsb-de-manaus\/\",\"url\":\"https:\/\/www.manaus.am.gov.br\/semcom\/audiencia-publica-do-pmsb-de-manaus\/\",\"name\":\"Prefeitura convida popula\u00e7\u00e3o para Audi\u00eancia P\u00fablica do PMSB\",\"isPartOf\":{\"@id\":\"https:\/\/www.manaus.am.gov.br\/semcom\/#website\"},\"primaryImageOfPage\":{\"@id\":\"https:\/\/www.manaus.am.gov.br\/semcom\/audiencia-publica-do-pmsb-de-manaus\/#primaryimage\"},\"image\":{\"@id\":\"https:\/\/www.manaus.am.gov.br\/semcom\/audiencia-publica-do-pmsb-de-manaus\/#primaryimage\"},\"thumbnailUrl\":\"https:\/\/www.manaus.am.gov.br\/semcom\/wp-content\/uploads\/sites\/5\/2026\/02\/54978096885_448cfbaaae_o.jpg\",\"datePublished\":\"2026-02-06T16:57:12+00:00\",\"dateModified\":\"2026-02-06T16:59:12+00:00\",\"author\":{\"@id\":\"https:\/\/www.manaus.am.gov.br\/semcom\/#\/schema\/person\/05d223aea2bf115f9883a6ff3683d81b\"},\"description\":\"Prefeitura convida popula\u00e7\u00e3o para Audi\u00eancia P\u00fablica do Plano Municipal de Saneamento B\u00e1sico de Manaus nesta segunda-feira, 9\/2.\",\"inLanguage\":\"pt-BR\",\"potentialAction\":[{\"@type\":\"ReadAction\",\"target\":[\"https:\/\/www.manaus.am.gov.br\/semcom\/audiencia-publica-do-pmsb-de-manaus\/\"]}]},{\"@type\":\"ImageObject\",\"inLanguage\":\"pt-BR\",\"@id\":\"https:\/\/www.manaus.am.gov.br\/semcom\/audiencia-publica-do-pmsb-de-manaus\/#primaryimage\",\"url\":\"https:\/\/www.manaus.am.gov.br\/semcom\/wp-content\/uploads\/sites\/5\/2026\/02\/54978096885_448cfbaaae_o.jpg\",\"contentUrl\":\"https:\/\/www.manaus.am.gov.br\/semcom\/wp-content\/uploads\/sites\/5\/2026\/02\/54978096885_448cfbaaae_o.jpg\",\"width\":5500,\"height\":3667,\"caption\":\"#paratodosverem - Audi\u00eancia P\u00fablica do Plano Municipal de Saneamento B\u00e1sico de Manaus de 2025\"},{\"@type\":\"WebSite\",\"@id\":\"https:\/\/www.manaus.am.gov.br\/semcom\/#website\",\"url\":\"https:\/\/www.manaus.am.gov.br\/semcom\/\",\"name\":\"SEMCOM\",\"description\":\"Secretaria Municipal de Comunica\u00e7\u00e3o\",\"potentialAction\":[{\"@type\":\"SearchAction\",\"target\":{\"@type\":\"EntryPoint\",\"urlTemplate\":\"https:\/\/www.manaus.am.gov.br\/semcom\/?s={search_term_string}\"},\"query-input\":\"required name=search_term_string\"}],\"inLanguage\":\"pt-BR\"},{\"@type\":\"Person\",\"@id\":\"https:\/\/www.manaus.am.gov.br\/semcom\/#\/schema\/person\/05d223aea2bf115f9883a6ff3683d81b\",\"name\":\"Bruna Greco\",\"image\":{\"@type\":\"ImageObject\",\"inLanguage\":\"pt-BR\",\"@id\":\"https:\/\/www.manaus.am.gov.br\/semcom\/#\/schema\/person\/image\/\",\"url\":\"https:\/\/secure.gravatar.com\/avatar\/9c877d1a6adc2a055330e5c09a8653ce?s=96&d=mm&r=g\",\"contentUrl\":\"https:\/\/secure.gravatar.com\/avatar\/9c877d1a6adc2a055330e5c09a8653ce?s=96&d=mm&r=g\",\"caption\":\"Bruna Greco\"}}]}<\/script>\n<!-- \/ Yoast SEO plugin. -->","yoast_head_json":{"title":"Prefeitura convida popula\u00e7\u00e3o para Audi\u00eancia P\u00fablica do PMSB","description":"Prefeitura convida popula\u00e7\u00e3o para Audi\u00eancia P\u00fablica do Plano Municipal de Saneamento B\u00e1sico de Manaus nesta segunda-feira, 9\/2.","robots":{"index":"index","follow":"follow","max-snippet":"max-snippet:-1","max-image-preview":"max-image-preview:large","max-video-preview":"max-video-preview:-1"},"canonical":"https:\/\/www.manaus.am.gov.br\/semcom\/audiencia-publica-do-pmsb-de-manaus\/","og_locale":"pt_BR","og_type":"article","og_title":"Prefeitura convida popula\u00e7\u00e3o para Audi\u00eancia P\u00fablica do PMSB","og_description":"Prefeitura convida popula\u00e7\u00e3o para Audi\u00eancia P\u00fablica do Plano Municipal de Saneamento B\u00e1sico de Manaus nesta segunda-feira, 9\/2.","og_url":"https:\/\/www.manaus.am.gov.br\/semcom\/audiencia-publica-do-pmsb-de-manaus\/","og_site_name":"SEMCOM","article_published_time":"2026-02-06T16:57:12+00:00","article_modified_time":"2026-02-06T16:59:12+00:00","og_image":[{"width":1024,"height":683,"url":"https:\/\/www.manaus.am.gov.br\/semcom\/wp-content\/uploads\/sites\/5\/2026\/02\/54978096885_448cfbaaae_o-1024x683.jpg","type":"image\/jpeg"}],"author":"Bruna Greco","twitter_card":"summary_large_image","twitter_misc":{"Written by":"Bruna Greco","Est. reading time":"4 minutos"},"schema":{"@context":"https:\/\/schema.org","@graph":[{"@type":"WebPage","@id":"https:\/\/www.manaus.am.gov.br\/semcom\/audiencia-publica-do-pmsb-de-manaus\/","url":"https:\/\/www.manaus.am.gov.br\/semcom\/audiencia-publica-do-pmsb-de-manaus\/","name":"Prefeitura convida popula\u00e7\u00e3o para Audi\u00eancia P\u00fablica do PMSB","isPartOf":{"@id":"https:\/\/www.manaus.am.gov.br\/semcom\/#website"},"primaryImageOfPage":{"@id":"https:\/\/www.manaus.am.gov.br\/semcom\/audiencia-publica-do-pmsb-de-manaus\/#primaryimage"},"image":{"@id":"https:\/\/www.manaus.am.gov.br\/semcom\/audiencia-publica-do-pmsb-de-manaus\/#primaryimage"},"thumbnailUrl":"https:\/\/www.manaus.am.gov.br\/semcom\/wp-content\/uploads\/sites\/5\/2026\/02\/54978096885_448cfbaaae_o.jpg","datePublished":"2026-02-06T16:57:12+00:00","dateModified":"2026-02-06T16:59:12+00:00","author":{"@id":"https:\/\/www.manaus.am.gov.br\/semcom\/#\/schema\/person\/05d223aea2bf115f9883a6ff3683d81b"},"description":"Prefeitura convida popula\u00e7\u00e3o para Audi\u00eancia P\u00fablica do Plano Municipal de Saneamento B\u00e1sico de Manaus nesta segunda-feira, 9\/2.","inLanguage":"pt-BR","potentialAction":[{"@type":"ReadAction","target":["https:\/\/www.manaus.am.gov.br\/semcom\/audiencia-publica-do-pmsb-de-manaus\/"]}]},{"@type":"ImageObject","inLanguage":"pt-BR","@id":"https:\/\/www.manaus.am.gov.br\/semcom\/audiencia-publica-do-pmsb-de-manaus\/#primaryimage","url":"https:\/\/www.manaus.am.gov.br\/semcom\/wp-content\/uploads\/sites\/5\/2026\/02\/54978096885_448cfbaaae_o.jpg","contentUrl":"https:\/\/www.manaus.am.gov.br\/semcom\/wp-content\/uploads\/sites\/5\/2026\/02\/54978096885_448cfbaaae_o.jpg","width":5500,"height":3667,"caption":"#paratodosverem - Audi\u00eancia P\u00fablica do Plano Municipal de Saneamento B\u00e1sico de Manaus de 2025"},{"@type":"WebSite","@id":"https:\/\/www.manaus.am.gov.br\/semcom\/#website","url":"https:\/\/www.manaus.am.gov.br\/semcom\/","name":"SEMCOM","description":"Secretaria Municipal de Comunica\u00e7\u00e3o","potentialAction":[{"@type":"SearchAction","target":{"@type":"EntryPoint","urlTemplate":"https:\/\/www.manaus.am.gov.br\/semcom\/?s={search_term_string}"},"query-input":"required name=search_term_string"}],"inLanguage":"pt-BR"},{"@type":"Person","@id":"https:\/\/www.manaus.am.gov.br\/semcom\/#\/schema\/person\/05d223aea2bf115f9883a6ff3683d81b","name":"Bruna Greco","image":{"@type":"ImageObject","inLanguage":"pt-BR","@id":"https:\/\/www.manaus.am.gov.br\/semcom\/#\/schema\/person\/image\/","url":"https:\/\/secure.gravatar.com\/avatar\/9c877d1a6adc2a055330e5c09a8653ce?s=96&d=mm&r=g","contentUrl":"https:\/\/secure.gravatar.com\/avatar\/9c877d1a6adc2a055330e5c09a8653ce?s=96&d=mm&r=g","caption":"Bruna Greco"}}]}},"_links":{"self":[{"href":"https:\/\/www.manaus.am.gov.br\/semcom\/wp-json\/wp\/v2\/posts\/252467"}],"collection":[{"href":"https:\/\/www.manaus.am.gov.br\/semcom\/wp-json\/wp\/v2\/posts"}],"about":[{"href":"https:\/\/www.manaus.am.gov.br\/semcom\/wp-json\/wp\/v2\/types\/post"}],"author":[{"embeddable":true,"href":"https:\/\/www.manaus.am.gov.br\/semcom\/wp-json\/wp\/v2\/users\/39"}],"replies":[{"embeddable":true,"href":"https:\/\/www.manaus.am.gov.br\/semcom\/wp-json\/wp\/v2\/comments?post=252467"}],"version-history":[{"count":2,"href":"https:\/\/www.manaus.am.gov.br\/semcom\/wp-json\/wp\/v2\/posts\/252467\/revisions"}],"predecessor-version":[{"id":252471,"href":"https:\/\/www.manaus.am.gov.br\/semcom\/wp-json\/wp\/v2\/posts\/252467\/revisions\/252471"}],"wp:featuredmedia":[{"embeddable":true,"href":"https:\/\/www.manaus.am.gov.br\/semcom\/wp-json\/wp\/v2\/media\/252468"}],"wp:attachment":[{"href":"https:\/\/www.manaus.am.gov.br\/semcom\/wp-json\/wp\/v2\/media?parent=252467"}],"wp:term":[{"taxonomy":"category","embeddable":true,"href":"https:\/\/www.manaus.am.gov.br\/semcom\/wp-json\/wp\/v2\/categories?post=252467"},{"taxonomy":"post_tag","embeddable":true,"href":"https:\/\/www.manaus.am.gov.br\/semcom\/wp-json\/wp\/v2\/tags?post=252467"}],"curies":[{"name":"wp","href":"https:\/\/api.w.org\/{rel}","templated":true}]}}