{"id":252415,"date":"2026-02-05T16:59:40","date_gmt":"2026-02-05T20:59:40","guid":{"rendered":"https:\/\/www.manaus.am.gov.br\/semcom\/regularidade-ambiental\/"},"modified":"2026-02-06T09:50:44","modified_gmt":"2026-02-06T12:50:44","slug":"regularidade-ambiental","status":"publish","type":"post","link":"https:\/\/www.manaus.am.gov.br\/semcom\/regularidade-ambiental\/","title":{"rendered":"Obras do novo aterro municipal avan\u00e7am com regularidade ambiental confirmada"},"content":{"rendered":"\n<p>As obras do novo aterro municipal de Manaus seguem em ritmo acelerado e dentro da legalidade, refor\u00e7ando o compromisso da<a href=\"https:\/\/www.instagram.com\/prefeiturademanaus\/\"> Prefeitura de Manaus, <\/a>por meio da <a href=\"https:\/\/www.manaus.am.gov.br\/\">Secretaria Municipal de Limpeza<\/a> <a href=\"https:\/\/www.manaus.am.gov.br\/\">Urbana, <\/a>com a moderniza\u00e7\u00e3o da gest\u00e3o de res\u00edduos s\u00f3lidos e a prote\u00e7\u00e3o do meio ambiente. A informa\u00e7\u00e3o foi confirmada nesta quinta-feira, 5\/2, pelo secret\u00e1rio da Semulsp, Sab\u00e1 Reis.<\/p>\n\n\n\n<p>O secret\u00e1rio reafirma que a regularidade das obras foi oficialmente atestada pelo Instituto de Prote\u00e7\u00e3o Ambiental do Amazonas (Ipaam), ap\u00f3s an\u00e1lise t\u00e9cnica e jur\u00eddica complementar. \u201cO \u00f3rg\u00e3o constatou que as atividades do empreendimento est\u00e3o amparadas por instrumentos legais vigentes, homologados judicialmente em mar\u00e7o de 2024, e um Termo de Compromisso firmado com o \u00f3rg\u00e3o ambiental\u201d, destaca.<\/p>\n\n\n\n<p>Em nota oficial divulgada na quarta-feira, 4\/2, o Ipaam informou que, em raz\u00e3o do enquadramento jur\u00eddico do projeto, formalizou, em 23 de janeiro de 2026, o cancelamento dos autos de infra\u00e7\u00e3o e do termo de embargo, por n\u00e3o haver configura\u00e7\u00e3o de infra\u00e7\u00e3o ambiental. O instituto destacou ainda que os par\u00e2metros estabelecidos no Termo de Ajustamento de Conduta (TAC), e no Termo de Compromisso seguem sendo acompanhados pelos \u00f3rg\u00e3os competentes, com participa\u00e7\u00e3o da Procuradoria-Geral do Estado do Amazonas.<\/p>\n\n\n\n<figure class=\"wp-block-image size-large\"><img loading=\"lazy\" decoding=\"async\" width=\"1024\" height=\"576\" src=\"https:\/\/www.manaus.am.gov.br\/semcom\/wp-content\/uploads\/sites\/5\/2026\/02\/WhatsApp-Image-2026-02-05-at-16.03.41-2-1024x576.jpeg\" alt=\"\" class=\"wp-image-252416\" srcset=\"https:\/\/www.manaus.am.gov.br\/semcom\/wp-content\/uploads\/sites\/5\/2026\/02\/WhatsApp-Image-2026-02-05-at-16.03.41-2-1024x576.jpeg 1024w, https:\/\/www.manaus.am.gov.br\/semcom\/wp-content\/uploads\/sites\/5\/2026\/02\/WhatsApp-Image-2026-02-05-at-16.03.41-2-300x169.jpeg 300w, https:\/\/www.manaus.am.gov.br\/semcom\/wp-content\/uploads\/sites\/5\/2026\/02\/WhatsApp-Image-2026-02-05-at-16.03.41-2-768x432.jpeg 768w, https:\/\/www.manaus.am.gov.br\/semcom\/wp-content\/uploads\/sites\/5\/2026\/02\/WhatsApp-Image-2026-02-05-at-16.03.41-2.jpeg 1280w\" sizes=\"(max-width: 1024px) 100vw, 1024px\" \/><figcaption class=\"wp-element-caption\">#paratodosverem \u2013 Imagem da \u00e1rea onde s\u00e3o realizadas obras do novo aterro municipal<\/figcaption><\/figure>\n\n\n\n<p>Sab\u00e1 Reis ressaltou que o novo aterro municipal foi planejado com base em crit\u00e9rios t\u00e9cnicos rigorosos, ampliando a capacidade operacional da capital, reduzindo impactos ambientais e fortalecendo a infraestrutura da limpeza urbana.<\/p>\n\n\n\n<p>\u201cA constru\u00e7\u00e3o do novo aterro municipal \u00e9 uma a\u00e7\u00e3o estruturante da pol\u00edtica ambiental da cidade, garantindo prote\u00e7\u00e3o aos recursos naturais, seguran\u00e7a ambiental e melhoria da qualidade de vida da popula\u00e7\u00e3o\u201d, afirmou o secret\u00e1rio.<\/p>\n\n\n\n<p>&#8212; &#8212; &#8212;<br><strong>Texto &#8211;<\/strong> Dora Tupinamb\u00e1 \/Semulsp<br><strong>Fotos &#8211;<\/strong> Divulga\u00e7\u00e3o \/ Semulsp<\/p>\n","protected":false},"excerpt":{"rendered":"","protected":false},"author":68,"featured_media":252417,"comment_status":"closed","ping_status":"closed","sticky":false,"template":"","format":"standard","meta":{"footnotes":""},"categories":[16590],"tags":[19254,77,19255,301],"acf":[],"yoast_head":"<!-- This site is optimized with the Yoast SEO plugin v23.0 - https:\/\/yoast.com\/wordpress\/plugins\/seo\/ -->\n<title>Obras do aterro avan\u00e7am com regularidade ambiental confirmada<\/title>\n<meta name=\"description\" content=\"As obras do novo aterro municipal de Manaus seguem em ritmo acelerado e dentro da legalidade, refor\u00e7ando o compromisso da prefeitura.\" \/>\n<meta name=\"robots\" content=\"index, follow, max-snippet:-1, max-image-preview:large, max-video-preview:-1\" \/>\n<link rel=\"canonical\" href=\"https:\/\/www.manaus.am.gov.br\/semcom\/regularidade-ambiental\/\" \/>\n<meta property=\"og:locale\" content=\"pt_BR\" \/>\n<meta property=\"og:type\" content=\"article\" \/>\n<meta property=\"og:title\" content=\"Obras do aterro avan\u00e7am com regularidade ambiental confirmada\" \/>\n<meta property=\"og:description\" content=\"As obras do novo aterro municipal de Manaus seguem em ritmo acelerado e dentro da legalidade, refor\u00e7ando o compromisso da prefeitura.\" \/>\n<meta property=\"og:url\" content=\"https:\/\/www.manaus.am.gov.br\/semcom\/regularidade-ambiental\/\" \/>\n<meta property=\"og:site_name\" content=\"SEMCOM\" \/>\n<meta property=\"article:published_time\" content=\"2026-02-05T20:59:40+00:00\" \/>\n<meta property=\"article:modified_time\" content=\"2026-02-06T12:50:44+00:00\" \/>\n<meta property=\"og:image\" content=\"https:\/\/www.manaus.am.gov.br\/semcom\/wp-content\/uploads\/sites\/5\/2026\/02\/WhatsApp-Image-2026-02-05-at-16.03.41-1.jpeg\" \/>\n\t<meta property=\"og:image:width\" content=\"1280\" \/>\n\t<meta property=\"og:image:height\" content=\"720\" \/>\n\t<meta property=\"og:image:type\" content=\"image\/jpeg\" \/>\n<meta name=\"author\" content=\"bvalente\" \/>\n<meta name=\"twitter:card\" content=\"summary_large_image\" \/>\n<meta name=\"twitter:label1\" content=\"Written by\" \/>\n\t<meta name=\"twitter:data1\" content=\"bvalente\" \/>\n\t<meta name=\"twitter:label2\" content=\"Est. reading time\" \/>\n\t<meta name=\"twitter:data2\" content=\"2 minutos\" \/>\n<script type=\"application\/ld+json\" class=\"yoast-schema-graph\">{\"@context\":\"https:\/\/schema.org\",\"@graph\":[{\"@type\":\"WebPage\",\"@id\":\"https:\/\/www.manaus.am.gov.br\/semcom\/regularidade-ambiental\/\",\"url\":\"https:\/\/www.manaus.am.gov.br\/semcom\/regularidade-ambiental\/\",\"name\":\"Obras do aterro avan\u00e7am com regularidade ambiental confirmada\",\"isPartOf\":{\"@id\":\"https:\/\/www.manaus.am.gov.br\/semcom\/#website\"},\"primaryImageOfPage\":{\"@id\":\"https:\/\/www.manaus.am.gov.br\/semcom\/regularidade-ambiental\/#primaryimage\"},\"image\":{\"@id\":\"https:\/\/www.manaus.am.gov.br\/semcom\/regularidade-ambiental\/#primaryimage\"},\"thumbnailUrl\":\"https:\/\/www.manaus.am.gov.br\/semcom\/wp-content\/uploads\/sites\/5\/2026\/02\/WhatsApp-Image-2026-02-05-at-16.03.41-1.jpeg\",\"datePublished\":\"2026-02-05T20:59:40+00:00\",\"dateModified\":\"2026-02-06T12:50:44+00:00\",\"author\":{\"@id\":\"https:\/\/www.manaus.am.gov.br\/semcom\/#\/schema\/person\/466a0e03ae4b6062809046bd560ac955\"},\"description\":\"As obras do novo aterro municipal de Manaus seguem em ritmo acelerado e dentro da legalidade, refor\u00e7ando o compromisso da prefeitura.\",\"inLanguage\":\"pt-BR\",\"potentialAction\":[{\"@type\":\"ReadAction\",\"target\":[\"https:\/\/www.manaus.am.gov.br\/semcom\/regularidade-ambiental\/\"]}]},{\"@type\":\"ImageObject\",\"inLanguage\":\"pt-BR\",\"@id\":\"https:\/\/www.manaus.am.gov.br\/semcom\/regularidade-ambiental\/#primaryimage\",\"url\":\"https:\/\/www.manaus.am.gov.br\/semcom\/wp-content\/uploads\/sites\/5\/2026\/02\/WhatsApp-Image-2026-02-05-at-16.03.41-1.jpeg\",\"contentUrl\":\"https:\/\/www.manaus.am.gov.br\/semcom\/wp-content\/uploads\/sites\/5\/2026\/02\/WhatsApp-Image-2026-02-05-at-16.03.41-1.jpeg\",\"width\":1280,\"height\":720,\"caption\":\"#paratodosverem \u2013 Imagem da \u00e1rea onde de obras do novo aterro municipal\"},{\"@type\":\"WebSite\",\"@id\":\"https:\/\/www.manaus.am.gov.br\/semcom\/#website\",\"url\":\"https:\/\/www.manaus.am.gov.br\/semcom\/\",\"name\":\"SEMCOM\",\"description\":\"Secretaria Municipal de Comunica\u00e7\u00e3o\",\"potentialAction\":[{\"@type\":\"SearchAction\",\"target\":{\"@type\":\"EntryPoint\",\"urlTemplate\":\"https:\/\/www.manaus.am.gov.br\/semcom\/?s={search_term_string}\"},\"query-input\":\"required name=search_term_string\"}],\"inLanguage\":\"pt-BR\"},{\"@type\":\"Person\",\"@id\":\"https:\/\/www.manaus.am.gov.br\/semcom\/#\/schema\/person\/466a0e03ae4b6062809046bd560ac955\",\"name\":\"bvalente\",\"image\":{\"@type\":\"ImageObject\",\"inLanguage\":\"pt-BR\",\"@id\":\"https:\/\/www.manaus.am.gov.br\/semcom\/#\/schema\/person\/image\/\",\"url\":\"https:\/\/secure.gravatar.com\/avatar\/3e69bc2b014bdad41adfec3a39de07d2?s=96&d=mm&r=g\",\"contentUrl\":\"https:\/\/secure.gravatar.com\/avatar\/3e69bc2b014bdad41adfec3a39de07d2?s=96&d=mm&r=g\",\"caption\":\"bvalente\"}}]}<\/script>\n<!-- \/ Yoast SEO plugin. -->","yoast_head_json":{"title":"Obras do aterro avan\u00e7am com regularidade ambiental confirmada","description":"As obras do novo aterro municipal de Manaus seguem em ritmo acelerado e dentro da legalidade, refor\u00e7ando o compromisso da prefeitura.","robots":{"index":"index","follow":"follow","max-snippet":"max-snippet:-1","max-image-preview":"max-image-preview:large","max-video-preview":"max-video-preview:-1"},"canonical":"https:\/\/www.manaus.am.gov.br\/semcom\/regularidade-ambiental\/","og_locale":"pt_BR","og_type":"article","og_title":"Obras do aterro avan\u00e7am com regularidade ambiental confirmada","og_description":"As obras do novo aterro municipal de Manaus seguem em ritmo acelerado e dentro da legalidade, refor\u00e7ando o compromisso da prefeitura.","og_url":"https:\/\/www.manaus.am.gov.br\/semcom\/regularidade-ambiental\/","og_site_name":"SEMCOM","article_published_time":"2026-02-05T20:59:40+00:00","article_modified_time":"2026-02-06T12:50:44+00:00","og_image":[{"width":1280,"height":720,"url":"https:\/\/www.manaus.am.gov.br\/semcom\/wp-content\/uploads\/sites\/5\/2026\/02\/WhatsApp-Image-2026-02-05-at-16.03.41-1.jpeg","type":"image\/jpeg"}],"author":"bvalente","twitter_card":"summary_large_image","twitter_misc":{"Written by":"bvalente","Est. reading time":"2 minutos"},"schema":{"@context":"https:\/\/schema.org","@graph":[{"@type":"WebPage","@id":"https:\/\/www.manaus.am.gov.br\/semcom\/regularidade-ambiental\/","url":"https:\/\/www.manaus.am.gov.br\/semcom\/regularidade-ambiental\/","name":"Obras do aterro avan\u00e7am com regularidade ambiental confirmada","isPartOf":{"@id":"https:\/\/www.manaus.am.gov.br\/semcom\/#website"},"primaryImageOfPage":{"@id":"https:\/\/www.manaus.am.gov.br\/semcom\/regularidade-ambiental\/#primaryimage"},"image":{"@id":"https:\/\/www.manaus.am.gov.br\/semcom\/regularidade-ambiental\/#primaryimage"},"thumbnailUrl":"https:\/\/www.manaus.am.gov.br\/semcom\/wp-content\/uploads\/sites\/5\/2026\/02\/WhatsApp-Image-2026-02-05-at-16.03.41-1.jpeg","datePublished":"2026-02-05T20:59:40+00:00","dateModified":"2026-02-06T12:50:44+00:00","author":{"@id":"https:\/\/www.manaus.am.gov.br\/semcom\/#\/schema\/person\/466a0e03ae4b6062809046bd560ac955"},"description":"As obras do novo aterro municipal de Manaus seguem em ritmo acelerado e dentro da legalidade, refor\u00e7ando o compromisso da prefeitura.","inLanguage":"pt-BR","potentialAction":[{"@type":"ReadAction","target":["https:\/\/www.manaus.am.gov.br\/semcom\/regularidade-ambiental\/"]}]},{"@type":"ImageObject","inLanguage":"pt-BR","@id":"https:\/\/www.manaus.am.gov.br\/semcom\/regularidade-ambiental\/#primaryimage","url":"https:\/\/www.manaus.am.gov.br\/semcom\/wp-content\/uploads\/sites\/5\/2026\/02\/WhatsApp-Image-2026-02-05-at-16.03.41-1.jpeg","contentUrl":"https:\/\/www.manaus.am.gov.br\/semcom\/wp-content\/uploads\/sites\/5\/2026\/02\/WhatsApp-Image-2026-02-05-at-16.03.41-1.jpeg","width":1280,"height":720,"caption":"#paratodosverem \u2013 Imagem da \u00e1rea onde de obras do novo aterro municipal"},{"@type":"WebSite","@id":"https:\/\/www.manaus.am.gov.br\/semcom\/#website","url":"https:\/\/www.manaus.am.gov.br\/semcom\/","name":"SEMCOM","description":"Secretaria Municipal de Comunica\u00e7\u00e3o","potentialAction":[{"@type":"SearchAction","target":{"@type":"EntryPoint","urlTemplate":"https:\/\/www.manaus.am.gov.br\/semcom\/?s={search_term_string}"},"query-input":"required name=search_term_string"}],"inLanguage":"pt-BR"},{"@type":"Person","@id":"https:\/\/www.manaus.am.gov.br\/semcom\/#\/schema\/person\/466a0e03ae4b6062809046bd560ac955","name":"bvalente","image":{"@type":"ImageObject","inLanguage":"pt-BR","@id":"https:\/\/www.manaus.am.gov.br\/semcom\/#\/schema\/person\/image\/","url":"https:\/\/secure.gravatar.com\/avatar\/3e69bc2b014bdad41adfec3a39de07d2?s=96&d=mm&r=g","contentUrl":"https:\/\/secure.gravatar.com\/avatar\/3e69bc2b014bdad41adfec3a39de07d2?s=96&d=mm&r=g","caption":"bvalente"}}]}},"_links":{"self":[{"href":"https:\/\/www.manaus.am.gov.br\/semcom\/wp-json\/wp\/v2\/posts\/252415"}],"collection":[{"href":"https:\/\/www.manaus.am.gov.br\/semcom\/wp-json\/wp\/v2\/posts"}],"about":[{"href":"https:\/\/www.manaus.am.gov.br\/semcom\/wp-json\/wp\/v2\/types\/post"}],"author":[{"embeddable":true,"href":"https:\/\/www.manaus.am.gov.br\/semcom\/wp-json\/wp\/v2\/users\/68"}],"replies":[{"embeddable":true,"href":"https:\/\/www.manaus.am.gov.br\/semcom\/wp-json\/wp\/v2\/comments?post=252415"}],"version-history":[{"count":7,"href":"https:\/\/www.manaus.am.gov.br\/semcom\/wp-json\/wp\/v2\/posts\/252415\/revisions"}],"predecessor-version":[{"id":252439,"href":"https:\/\/www.manaus.am.gov.br\/semcom\/wp-json\/wp\/v2\/posts\/252415\/revisions\/252439"}],"wp:featuredmedia":[{"embeddable":true,"href":"https:\/\/www.manaus.am.gov.br\/semcom\/wp-json\/wp\/v2\/media\/252417"}],"wp:attachment":[{"href":"https:\/\/www.manaus.am.gov.br\/semcom\/wp-json\/wp\/v2\/media?parent=252415"}],"wp:term":[{"taxonomy":"category","embeddable":true,"href":"https:\/\/www.manaus.am.gov.br\/semcom\/wp-json\/wp\/v2\/categories?post=252415"},{"taxonomy":"post_tag","embeddable":true,"href":"https:\/\/www.manaus.am.gov.br\/semcom\/wp-json\/wp\/v2\/tags?post=252415"}],"curies":[{"name":"wp","href":"https:\/\/api.w.org\/{rel}","templated":true}]}}