{"id":252406,"date":"2026-02-05T16:00:15","date_gmt":"2026-02-05T19:00:15","guid":{"rendered":"https:\/\/www.manaus.am.gov.br\/semcom\/prefeitura-semed-ajuridossaberes\/"},"modified":"2026-02-05T16:14:57","modified_gmt":"2026-02-05T19:14:57","slug":"prefeitura-semed-ajuri-dos-saberes","status":"publish","type":"post","link":"https:\/\/www.manaus.am.gov.br\/semcom\/prefeitura-semed-ajuri-dos-saberes\/","title":{"rendered":"&#8216;Ajuri dos Saberes&#8217; fortalece educa\u00e7\u00e3o ind\u00edgena e valoriza cultura ancestral na rede municipal de Manaus"},"content":{"rendered":"\n<p>A Prefeitura de Manaus, por meio da Secretaria Municipal de Educa\u00e7\u00e3o (Semed), realizou, nesta quinta-feira, 5\/2, o &#8220;Ajuri dos Saberes&#8221;, evento que re\u00fane 23 professores que atuam em escolas ind\u00edgenas municipais e no Espa\u00e7o de Estudo da L\u00edngua Materna e Cultura Tradicional Ind\u00edgena (EELMCTI). O encontro, que segue at\u00e9 sexta-feira, 6\/2, acontece na Divis\u00e3o de Desenvolvimento Profissional do Magist\u00e9rio (DDPM), localizada na avenida Macei\u00f3, conjunto Vila Amazonas, zona Centro-Sul.<\/p>\n\n\n\n<p>Anualmente, os setores pedag\u00f3gicos da Semed se re\u00fanem, no in\u00edcio do ano letivo, para alinhar e padronizar as a\u00e7\u00f5es educacionais. A Ger\u00eancia de Educa\u00e7\u00e3o Escolar Ind\u00edgena (GEEI) reformulou o formato do encontro e criou o &#8220;Ajuri dos Saberes&#8221;, iniciativa que valoriza o trabalho coletivo e o fortalecimento das pr\u00e1ticas pedag\u00f3gicas alinhadas \u00e0s culturas origin\u00e1rias. A palavra \u201cajuri\u201d, de origem tupi, significa \u201ceu vim ajudar\u201d e remete ao mutir\u00e3o comunit\u00e1rio baseado na coopera\u00e7\u00e3o e solidariedade.<\/p>\n\n\n\n<p>O assessor da Ger\u00eancia de Educa\u00e7\u00e3o Ind\u00edgena, Eraldo Menezes, destacou que a escolha do nome respeita a vis\u00e3o dos povos tradicionais e aproxima ainda mais o processo formativo das comunidades ind\u00edgenas.<\/p>\n\n\n\n<p>\u201cO &#8216;Ajuri dos Saberes&#8217;, dentro do contexto da Semed, \u00e9 um evento que substitui a antiga jornada pedag\u00f3gica para os povos ind\u00edgenas. Nesse momento, \u00e9 respeitada a cosmovis\u00e3o dos povos ind\u00edgenas ao promover um evento pedag\u00f3gico alinhado ao pensamento ind\u00edgena e ao contexto cultural ao qual pertence\u201d, explicou.<\/p>\n\n\n\n<p>Para a professora dessana Joana Montanha Galv\u00e3o, do espa\u00e7o ind\u00edgena Buu-Miri, localizado no conjunto Tiradentes, a oportunidade oferecida pela gest\u00e3o municipal para que os povos ind\u00edgenas tenham suas vozes ouvidas \u00e9 \u00fanica. Segundo ela, o conhecimento tradicional \u00e9 transmitido de gera\u00e7\u00e3o em gera\u00e7\u00e3o e o apoio da gest\u00e3o municipal contribui para a preserva\u00e7\u00e3o dessa heran\u00e7a cultural.<\/p>\n\n\n\n<p>\u201cN\u00f3s, professores ind\u00edgenas, vimos da base, conhecendo nossa cultura e nossa hist\u00f3ria. O ensino da nossa l\u00edngua \u00e9 essencial para n\u00f3s que vivemos aqui no Amazonas, como m\u00e3e, professora, lideran\u00e7a e mulher. Ensinamos nossos filhos a partir da nossa hist\u00f3ria. A Semed est\u00e1 de parab\u00e9ns por nos acolher e respeitar os povos ind\u00edgenas. Para n\u00f3s, \u00e9 motivo de orgulho e grande import\u00e2ncia, porque transmitimos esse conhecimento aos nossos filhos, que tamb\u00e9m ir\u00e3o compartilh\u00e1-lo\u201d, finalizou a professora.<\/p>\n\n\n\n<p>&#8212; &#8212; &#8212;<\/p>\n\n\n\n<p><strong>Texto\u00a0<\/strong>&#8211; Alexandre Abreu\/Semed<\/p>\n\n\n\n<p><strong>Fotos\u00a0<\/strong>&#8211;\u00a0Divulga\u00e7\u00e3o\/Semed<\/p>\n","protected":false},"excerpt":{"rendered":"","protected":false},"author":23,"featured_media":252407,"comment_status":"closed","ping_status":"closed","sticky":false,"template":"","format":"standard","meta":{"footnotes":""},"categories":[4981],"tags":[19252,9495,77,62],"acf":[],"yoast_head":"<!-- This site is optimized with the Yoast SEO plugin v23.0 - https:\/\/yoast.com\/wordpress\/plugins\/seo\/ -->\n<title>&#039;Ajuri dos Saberes&#039; fortalece educa\u00e7\u00e3o ind\u00edgena e valoriza cultura ancestral na rede municipal de Manaus<\/title>\n<meta name=\"description\" content=\"A Prefeitura de Manaus, por meio da Secretaria Municipal de Educa\u00e7\u00e3o (Semed), realizou, nesta quinta-feira, 5\/2, o &quot;Ajuri dos Saberes&quot;\" \/>\n<meta name=\"robots\" content=\"index, follow, max-snippet:-1, max-image-preview:large, max-video-preview:-1\" \/>\n<link rel=\"canonical\" href=\"https:\/\/www.manaus.am.gov.br\/semcom\/prefeitura-semed-ajuridossaberes\/\" \/>\n<meta property=\"og:locale\" content=\"pt_BR\" \/>\n<meta property=\"og:type\" content=\"article\" \/>\n<meta property=\"og:title\" content=\"&#039;Ajuri dos Saberes&#039; fortalece educa\u00e7\u00e3o ind\u00edgena e valoriza cultura ancestral na rede municipal de Manaus\" \/>\n<meta property=\"og:description\" content=\"A Prefeitura de Manaus, por meio da Secretaria Municipal de Educa\u00e7\u00e3o (Semed), realizou, nesta quinta-feira, 5\/2, o &quot;Ajuri dos Saberes&quot;\" \/>\n<meta property=\"og:url\" content=\"https:\/\/www.manaus.am.gov.br\/semcom\/prefeitura-semed-ajuridossaberes\/\" \/>\n<meta property=\"og:site_name\" content=\"SEMCOM\" \/>\n<meta property=\"article:published_time\" content=\"2026-02-05T19:00:15+00:00\" \/>\n<meta property=\"article:modified_time\" content=\"2026-02-05T19:14:57+00:00\" \/>\n<meta property=\"og:image\" content=\"https:\/\/www.manaus.am.gov.br\/semcom\/wp-content\/uploads\/sites\/5\/2026\/02\/WhatsApp-Image-2026-02-05-at-14.41.48.jpeg\" \/>\n\t<meta property=\"og:image:width\" content=\"2560\" \/>\n\t<meta property=\"og:image:height\" content=\"1920\" \/>\n\t<meta property=\"og:image:type\" content=\"image\/jpeg\" \/>\n<meta name=\"author\" content=\"Adriana Costa\" \/>\n<meta name=\"twitter:card\" content=\"summary_large_image\" \/>\n<meta name=\"twitter:label1\" content=\"Written by\" \/>\n\t<meta name=\"twitter:data1\" content=\"Adriana Costa\" \/>\n\t<meta name=\"twitter:label2\" content=\"Est. reading time\" \/>\n\t<meta name=\"twitter:data2\" content=\"3 minutos\" \/>\n<script type=\"application\/ld+json\" class=\"yoast-schema-graph\">{\"@context\":\"https:\/\/schema.org\",\"@graph\":[{\"@type\":\"WebPage\",\"@id\":\"https:\/\/www.manaus.am.gov.br\/semcom\/prefeitura-semed-ajuridossaberes\/\",\"url\":\"https:\/\/www.manaus.am.gov.br\/semcom\/prefeitura-semed-ajuridossaberes\/\",\"name\":\"'Ajuri dos Saberes' fortalece educa\u00e7\u00e3o ind\u00edgena e valoriza cultura ancestral na rede municipal de Manaus\",\"isPartOf\":{\"@id\":\"https:\/\/www.manaus.am.gov.br\/semcom\/#website\"},\"primaryImageOfPage\":{\"@id\":\"https:\/\/www.manaus.am.gov.br\/semcom\/prefeitura-semed-ajuridossaberes\/#primaryimage\"},\"image\":{\"@id\":\"https:\/\/www.manaus.am.gov.br\/semcom\/prefeitura-semed-ajuridossaberes\/#primaryimage\"},\"thumbnailUrl\":\"https:\/\/www.manaus.am.gov.br\/semcom\/wp-content\/uploads\/sites\/5\/2026\/02\/WhatsApp-Image-2026-02-05-at-14.41.48.jpeg\",\"datePublished\":\"2026-02-05T19:00:15+00:00\",\"dateModified\":\"2026-02-05T19:14:57+00:00\",\"author\":{\"@id\":\"https:\/\/www.manaus.am.gov.br\/semcom\/#\/schema\/person\/4e49f4e267757a06ca072ec61b2b9968\"},\"description\":\"A Prefeitura de Manaus, por meio da Secretaria Municipal de Educa\u00e7\u00e3o (Semed), realizou, nesta quinta-feira, 5\/2, o \\\"Ajuri dos Saberes\\\"\",\"inLanguage\":\"pt-BR\",\"potentialAction\":[{\"@type\":\"ReadAction\",\"target\":[\"https:\/\/www.manaus.am.gov.br\/semcom\/prefeitura-semed-ajuridossaberes\/\"]}]},{\"@type\":\"ImageObject\",\"inLanguage\":\"pt-BR\",\"@id\":\"https:\/\/www.manaus.am.gov.br\/semcom\/prefeitura-semed-ajuridossaberes\/#primaryimage\",\"url\":\"https:\/\/www.manaus.am.gov.br\/semcom\/wp-content\/uploads\/sites\/5\/2026\/02\/WhatsApp-Image-2026-02-05-at-14.41.48.jpeg\",\"contentUrl\":\"https:\/\/www.manaus.am.gov.br\/semcom\/wp-content\/uploads\/sites\/5\/2026\/02\/WhatsApp-Image-2026-02-05-at-14.41.48.jpeg\",\"width\":2560,\"height\":1920,\"caption\":\"#paratodosverem - Evento \\\"Ajuri dos Saberes\\\" com reuni\u00e3o de professores que atuam em escolas ind\u00edgenas municipais e no EELMCTI\"},{\"@type\":\"WebSite\",\"@id\":\"https:\/\/www.manaus.am.gov.br\/semcom\/#website\",\"url\":\"https:\/\/www.manaus.am.gov.br\/semcom\/\",\"name\":\"SEMCOM\",\"description\":\"Secretaria Municipal de Comunica\u00e7\u00e3o\",\"potentialAction\":[{\"@type\":\"SearchAction\",\"target\":{\"@type\":\"EntryPoint\",\"urlTemplate\":\"https:\/\/www.manaus.am.gov.br\/semcom\/?s={search_term_string}\"},\"query-input\":\"required name=search_term_string\"}],\"inLanguage\":\"pt-BR\"},{\"@type\":\"Person\",\"@id\":\"https:\/\/www.manaus.am.gov.br\/semcom\/#\/schema\/person\/4e49f4e267757a06ca072ec61b2b9968\",\"name\":\"Adriana Costa\",\"image\":{\"@type\":\"ImageObject\",\"inLanguage\":\"pt-BR\",\"@id\":\"https:\/\/www.manaus.am.gov.br\/semcom\/#\/schema\/person\/image\/\",\"url\":\"https:\/\/secure.gravatar.com\/avatar\/576258617ef7194f718179e766d57bd4?s=96&d=mm&r=g\",\"contentUrl\":\"https:\/\/secure.gravatar.com\/avatar\/576258617ef7194f718179e766d57bd4?s=96&d=mm&r=g\",\"caption\":\"Adriana Costa\"}}]}<\/script>\n<!-- \/ Yoast SEO plugin. -->","yoast_head_json":{"title":"'Ajuri dos Saberes' fortalece educa\u00e7\u00e3o ind\u00edgena e valoriza cultura ancestral na rede municipal de Manaus","description":"A Prefeitura de Manaus, por meio da Secretaria Municipal de Educa\u00e7\u00e3o (Semed), realizou, nesta quinta-feira, 5\/2, o \"Ajuri dos Saberes\"","robots":{"index":"index","follow":"follow","max-snippet":"max-snippet:-1","max-image-preview":"max-image-preview:large","max-video-preview":"max-video-preview:-1"},"canonical":"https:\/\/www.manaus.am.gov.br\/semcom\/prefeitura-semed-ajuridossaberes\/","og_locale":"pt_BR","og_type":"article","og_title":"'Ajuri dos Saberes' fortalece educa\u00e7\u00e3o ind\u00edgena e valoriza cultura ancestral na rede municipal de Manaus","og_description":"A Prefeitura de Manaus, por meio da Secretaria Municipal de Educa\u00e7\u00e3o (Semed), realizou, nesta quinta-feira, 5\/2, o \"Ajuri dos Saberes\"","og_url":"https:\/\/www.manaus.am.gov.br\/semcom\/prefeitura-semed-ajuridossaberes\/","og_site_name":"SEMCOM","article_published_time":"2026-02-05T19:00:15+00:00","article_modified_time":"2026-02-05T19:14:57+00:00","og_image":[{"width":2560,"height":1920,"url":"https:\/\/www.manaus.am.gov.br\/semcom\/wp-content\/uploads\/sites\/5\/2026\/02\/WhatsApp-Image-2026-02-05-at-14.41.48.jpeg","type":"image\/jpeg"}],"author":"Adriana Costa","twitter_card":"summary_large_image","twitter_misc":{"Written by":"Adriana Costa","Est. reading time":"3 minutos"},"schema":{"@context":"https:\/\/schema.org","@graph":[{"@type":"WebPage","@id":"https:\/\/www.manaus.am.gov.br\/semcom\/prefeitura-semed-ajuridossaberes\/","url":"https:\/\/www.manaus.am.gov.br\/semcom\/prefeitura-semed-ajuridossaberes\/","name":"'Ajuri dos Saberes' fortalece educa\u00e7\u00e3o ind\u00edgena e valoriza cultura ancestral na rede municipal de Manaus","isPartOf":{"@id":"https:\/\/www.manaus.am.gov.br\/semcom\/#website"},"primaryImageOfPage":{"@id":"https:\/\/www.manaus.am.gov.br\/semcom\/prefeitura-semed-ajuridossaberes\/#primaryimage"},"image":{"@id":"https:\/\/www.manaus.am.gov.br\/semcom\/prefeitura-semed-ajuridossaberes\/#primaryimage"},"thumbnailUrl":"https:\/\/www.manaus.am.gov.br\/semcom\/wp-content\/uploads\/sites\/5\/2026\/02\/WhatsApp-Image-2026-02-05-at-14.41.48.jpeg","datePublished":"2026-02-05T19:00:15+00:00","dateModified":"2026-02-05T19:14:57+00:00","author":{"@id":"https:\/\/www.manaus.am.gov.br\/semcom\/#\/schema\/person\/4e49f4e267757a06ca072ec61b2b9968"},"description":"A Prefeitura de Manaus, por meio da Secretaria Municipal de Educa\u00e7\u00e3o (Semed), realizou, nesta quinta-feira, 5\/2, o \"Ajuri dos Saberes\"","inLanguage":"pt-BR","potentialAction":[{"@type":"ReadAction","target":["https:\/\/www.manaus.am.gov.br\/semcom\/prefeitura-semed-ajuridossaberes\/"]}]},{"@type":"ImageObject","inLanguage":"pt-BR","@id":"https:\/\/www.manaus.am.gov.br\/semcom\/prefeitura-semed-ajuridossaberes\/#primaryimage","url":"https:\/\/www.manaus.am.gov.br\/semcom\/wp-content\/uploads\/sites\/5\/2026\/02\/WhatsApp-Image-2026-02-05-at-14.41.48.jpeg","contentUrl":"https:\/\/www.manaus.am.gov.br\/semcom\/wp-content\/uploads\/sites\/5\/2026\/02\/WhatsApp-Image-2026-02-05-at-14.41.48.jpeg","width":2560,"height":1920,"caption":"#paratodosverem - Evento \"Ajuri dos Saberes\" com reuni\u00e3o de professores que atuam em escolas ind\u00edgenas municipais e no EELMCTI"},{"@type":"WebSite","@id":"https:\/\/www.manaus.am.gov.br\/semcom\/#website","url":"https:\/\/www.manaus.am.gov.br\/semcom\/","name":"SEMCOM","description":"Secretaria Municipal de Comunica\u00e7\u00e3o","potentialAction":[{"@type":"SearchAction","target":{"@type":"EntryPoint","urlTemplate":"https:\/\/www.manaus.am.gov.br\/semcom\/?s={search_term_string}"},"query-input":"required name=search_term_string"}],"inLanguage":"pt-BR"},{"@type":"Person","@id":"https:\/\/www.manaus.am.gov.br\/semcom\/#\/schema\/person\/4e49f4e267757a06ca072ec61b2b9968","name":"Adriana Costa","image":{"@type":"ImageObject","inLanguage":"pt-BR","@id":"https:\/\/www.manaus.am.gov.br\/semcom\/#\/schema\/person\/image\/","url":"https:\/\/secure.gravatar.com\/avatar\/576258617ef7194f718179e766d57bd4?s=96&d=mm&r=g","contentUrl":"https:\/\/secure.gravatar.com\/avatar\/576258617ef7194f718179e766d57bd4?s=96&d=mm&r=g","caption":"Adriana Costa"}}]}},"_links":{"self":[{"href":"https:\/\/www.manaus.am.gov.br\/semcom\/wp-json\/wp\/v2\/posts\/252406"}],"collection":[{"href":"https:\/\/www.manaus.am.gov.br\/semcom\/wp-json\/wp\/v2\/posts"}],"about":[{"href":"https:\/\/www.manaus.am.gov.br\/semcom\/wp-json\/wp\/v2\/types\/post"}],"author":[{"embeddable":true,"href":"https:\/\/www.manaus.am.gov.br\/semcom\/wp-json\/wp\/v2\/users\/23"}],"replies":[{"embeddable":true,"href":"https:\/\/www.manaus.am.gov.br\/semcom\/wp-json\/wp\/v2\/comments?post=252406"}],"version-history":[{"count":1,"href":"https:\/\/www.manaus.am.gov.br\/semcom\/wp-json\/wp\/v2\/posts\/252406\/revisions"}],"predecessor-version":[{"id":252408,"href":"https:\/\/www.manaus.am.gov.br\/semcom\/wp-json\/wp\/v2\/posts\/252406\/revisions\/252408"}],"wp:featuredmedia":[{"embeddable":true,"href":"https:\/\/www.manaus.am.gov.br\/semcom\/wp-json\/wp\/v2\/media\/252407"}],"wp:attachment":[{"href":"https:\/\/www.manaus.am.gov.br\/semcom\/wp-json\/wp\/v2\/media?parent=252406"}],"wp:term":[{"taxonomy":"category","embeddable":true,"href":"https:\/\/www.manaus.am.gov.br\/semcom\/wp-json\/wp\/v2\/categories?post=252406"},{"taxonomy":"post_tag","embeddable":true,"href":"https:\/\/www.manaus.am.gov.br\/semcom\/wp-json\/wp\/v2\/tags?post=252406"}],"curies":[{"name":"wp","href":"https:\/\/api.w.org\/{rel}","templated":true}]}}