{"id":252339,"date":"2026-02-04T17:40:52","date_gmt":"2026-02-04T21:40:52","guid":{"rendered":"https:\/\/www.manaus.am.gov.br\/semcom\/valor-da-cesta-basica\/"},"modified":"2026-02-05T11:30:05","modified_gmt":"2026-02-05T14:30:05","slug":"valor-da-cesta-basica","status":"publish","type":"post","link":"https:\/\/www.manaus.am.gov.br\/semcom\/valor-da-cesta-basica\/","title":{"rendered":"Pesquisa do Procon Manaus aponta aumento no valor m\u00e9dio da cesta b\u00e1sica em fevereiro"},"content":{"rendered":"\n<p>A<a href=\"https:\/\/www.instagram.com\/prefeiturademanaus\/\"> Prefeitura de Manaus,<\/a> por meio do <a href=\"https:\/\/www.manaus.am.gov.br\/\">Servi\u00e7o de Atendimento e Prote\u00e7\u00e3o ao Consumidor (Pro<\/a>con <a href=\"https:\/\/www.manaus.am.gov.br\/\">Manaus)<\/a>, divulga, nesta quarta-feira, 4\/2, a Pesquisa Mensal de Pre\u00e7os da Cesta B\u00e1sica em supermercados da capital. A a\u00e7\u00e3o faz parte do monitoramento permanente do mercado, com o objetivo de acompanhar a varia\u00e7\u00e3o de pre\u00e7os e promover transpar\u00eancia nas rela\u00e7\u00f5es de consumo.\u00a0<\/p>\n\n\n\n<p>A presidente do Procon Manaus, Onilda Abreu, destacou que a pesquisa permite ao consumidor ter uma vis\u00e3o mais clara do mercado. \u201cQuando o consumidor entende onde os pre\u00e7os variam mais, ele ganha poder de escolha e evita gastos desnecess\u00e1rios. Informa\u00e7\u00e3o \u00e9 um instrumento direto de economia no dia a dia das fam\u00edlias\u201d, afirmou.<\/p>\n\n\n\n<p>Conduzida pela Divis\u00e3o de Fiscaliza\u00e7\u00e3o do \u00f3rg\u00e3o, a pesquisa avaliou 20 produtos, totalizando 39 itens, em 10 estabelecimentos comerciais de Manaus. A metodologia adotada segue as diretrizes do Departamento Intersindical de Estat\u00edstica e Estudos Socioecon\u00f4micos (Dieese), em conformidade com o Decreto Federal n\u00ba 11.936\/2024 e a Portaria MDS n\u00ba 966\/2024, que definem a composi\u00e7\u00e3o da cesta b\u00e1sica nacional no \u00e2mbito da Pol\u00edtica de Seguran\u00e7a Alimentar e Nutricional.<\/p>\n\n\n\n<p>De acordo com o levantamento, em compara\u00e7\u00e3o com o m\u00eas de janeiro, a cesta b\u00e1sica registrou um aumento de 3,24% em fevereiro, alcan\u00e7ando o valor m\u00e9dio de R$ 300,91. O menor pre\u00e7o identificado foi de R$ 282,24, enquanto o maior chegou a R$ 324,36, resultando em uma diferen\u00e7a de R$ 42,12 entre os estabelecimentos pesquisados.&nbsp;&nbsp;&nbsp;&nbsp;&nbsp;&nbsp;&nbsp;<\/p>\n\n\n\n<p>Entre os itens que apresentaram maior varia\u00e7\u00e3o de pre\u00e7os, o tomate teve aumento de 42,92%, com valores entre R$ 6,99 e R$ 9,99 o quilo. O caf\u00e9 torrado\/mo\u00eddo tamb\u00e9m registrou alta expressiva, de 36,82%, sendo encontrado entre R$ 10,89 e R$ 14,90. Em contrapartida, a cartela de ovos apresentou redu\u00e7\u00e3o m\u00e9dia de 28,93%, com pre\u00e7os variando de R$ 24,89 em janeiro para R$ 17,69 em fevereiro, o que representa uma economia potencial para o consumidor.<\/p>\n\n\n\n<p>O Procon Manaus refor\u00e7a que os pre\u00e7os apresentados correspondem aos valores encontrados no dia 2 de fevereiro, data da coleta da pesquisa. Esses valores podem sofrer altera\u00e7\u00f5es em raz\u00e3o de promo\u00e7\u00f5es, ofertas, varia\u00e7\u00e3o de estoque e outros fatores do mercado. Por isso, a orienta\u00e7\u00e3o \u00e9 que o consumidor pesquise e compare pre\u00e7os antes de realizar suas compras, garantindo mais economia e seguran\u00e7a.<\/p>\n\n\n\n<div data-wp-interactive=\"\" class=\"wp-block-file\"><object data-wp-bind--hidden=\"!selectors.core.file.hasPdfPreview\" hidden class=\"wp-block-file__embed\" data=\"https:\/\/www.manaus.am.gov.br\/semcom\/wp-content\/uploads\/sites\/5\/2026\/02\/Planilhas-de-precos-CESTA-BASICA-1.pdf\" type=\"application\/pdf\" style=\"width:100%;height:600px\" aria-label=\"Incorporado de Planilhas-de-precos-CESTA-BASICA-1.\"><\/object><a id=\"wp-block-file--media-5a269248-ee9b-4097-a988-86ee9ef61774\" href=\"https:\/\/www.manaus.am.gov.br\/semcom\/wp-content\/uploads\/sites\/5\/2026\/02\/Planilhas-de-precos-CESTA-BASICA-1.pdf\">Planilhas-de-precos-CESTA-BASICA-1<\/a><a href=\"https:\/\/www.manaus.am.gov.br\/semcom\/wp-content\/uploads\/sites\/5\/2026\/02\/Planilhas-de-precos-CESTA-BASICA-1.pdf\" class=\"wp-block-file__button wp-element-button\" download aria-describedby=\"wp-block-file--media-5a269248-ee9b-4097-a988-86ee9ef61774\">Baixar<\/a><\/div>\n\n\n\n<p>\u2014 \u2014 \u2014<br><strong>Texto \u2013 <\/strong>Lara Bernardes \/ Procon<br><strong>Fotos \u2013<\/strong> Divulga\u00e7\u00e3o \/ Procon<\/p>\n\n\n\n<p><\/p>\n\n\n\n<p><\/p>\n\n\n\n<p><\/p>\n\n\n\n<p><\/p>\n\n\n\n<p>&nbsp;&nbsp;&nbsp;<\/p>\n","protected":false},"excerpt":{"rendered":"","protected":false},"author":68,"featured_media":252342,"comment_status":"closed","ping_status":"closed","sticky":false,"template":"","format":"standard","meta":{"footnotes":""},"categories":[9823],"tags":[19240,19241,77,9825],"acf":[],"yoast_head":"<!-- This site is optimized with the Yoast SEO plugin v23.0 - https:\/\/yoast.com\/wordpress\/plugins\/seo\/ -->\n<title>Procon aponta aumento no valor da cesta b\u00e1sica em fevereiro<\/title>\n<meta name=\"description\" content=\"A Prefeitura de Manaus, divulga, nesta quarta-feira, 4\/2, a Pesquisa Mensal de Pre\u00e7os da Cesta B\u00e1sica em supermercados da capital.\" \/>\n<meta name=\"robots\" content=\"index, follow, max-snippet:-1, max-image-preview:large, max-video-preview:-1\" \/>\n<link rel=\"canonical\" href=\"https:\/\/www.manaus.am.gov.br\/semcom\/valor-da-cesta-basica\/\" \/>\n<meta property=\"og:locale\" content=\"pt_BR\" \/>\n<meta property=\"og:type\" content=\"article\" \/>\n<meta property=\"og:title\" content=\"Procon aponta aumento no valor da cesta b\u00e1sica em fevereiro\" \/>\n<meta property=\"og:description\" content=\"A Prefeitura de Manaus, divulga, nesta quarta-feira, 4\/2, a Pesquisa Mensal de Pre\u00e7os da Cesta B\u00e1sica em supermercados da capital.\" \/>\n<meta property=\"og:url\" content=\"https:\/\/www.manaus.am.gov.br\/semcom\/valor-da-cesta-basica\/\" \/>\n<meta property=\"og:site_name\" content=\"SEMCOM\" \/>\n<meta property=\"article:published_time\" content=\"2026-02-04T21:40:52+00:00\" \/>\n<meta property=\"article:modified_time\" content=\"2026-02-05T14:30:05+00:00\" \/>\n<meta property=\"og:image\" content=\"https:\/\/www.manaus.am.gov.br\/semcom\/wp-content\/uploads\/sites\/5\/2026\/02\/WhatsApp-Image-2026-02-04-at-14.04.29-1.jpeg\" \/>\n\t<meta property=\"og:image:width\" content=\"960\" \/>\n\t<meta property=\"og:image:height\" content=\"960\" \/>\n\t<meta property=\"og:image:type\" content=\"image\/jpeg\" \/>\n<meta name=\"author\" content=\"bvalente\" \/>\n<meta name=\"twitter:card\" content=\"summary_large_image\" \/>\n<meta name=\"twitter:label1\" content=\"Written by\" \/>\n\t<meta name=\"twitter:data1\" content=\"bvalente\" \/>\n\t<meta name=\"twitter:label2\" content=\"Est. reading time\" \/>\n\t<meta name=\"twitter:data2\" content=\"3 minutos\" \/>\n<script type=\"application\/ld+json\" class=\"yoast-schema-graph\">{\"@context\":\"https:\/\/schema.org\",\"@graph\":[{\"@type\":\"WebPage\",\"@id\":\"https:\/\/www.manaus.am.gov.br\/semcom\/valor-da-cesta-basica\/\",\"url\":\"https:\/\/www.manaus.am.gov.br\/semcom\/valor-da-cesta-basica\/\",\"name\":\"Procon aponta aumento no valor da cesta b\u00e1sica em fevereiro\",\"isPartOf\":{\"@id\":\"https:\/\/www.manaus.am.gov.br\/semcom\/#website\"},\"primaryImageOfPage\":{\"@id\":\"https:\/\/www.manaus.am.gov.br\/semcom\/valor-da-cesta-basica\/#primaryimage\"},\"image\":{\"@id\":\"https:\/\/www.manaus.am.gov.br\/semcom\/valor-da-cesta-basica\/#primaryimage\"},\"thumbnailUrl\":\"https:\/\/www.manaus.am.gov.br\/semcom\/wp-content\/uploads\/sites\/5\/2026\/02\/WhatsApp-Image-2026-02-04-at-14.04.29-1.jpeg\",\"datePublished\":\"2026-02-04T21:40:52+00:00\",\"dateModified\":\"2026-02-05T14:30:05+00:00\",\"author\":{\"@id\":\"https:\/\/www.manaus.am.gov.br\/semcom\/#\/schema\/person\/466a0e03ae4b6062809046bd560ac955\"},\"description\":\"A Prefeitura de Manaus, divulga, nesta quarta-feira, 4\/2, a Pesquisa Mensal de Pre\u00e7os da Cesta B\u00e1sica em supermercados da capital.\",\"inLanguage\":\"pt-BR\",\"potentialAction\":[{\"@type\":\"ReadAction\",\"target\":[\"https:\/\/www.manaus.am.gov.br\/semcom\/valor-da-cesta-basica\/\"]}]},{\"@type\":\"ImageObject\",\"inLanguage\":\"pt-BR\",\"@id\":\"https:\/\/www.manaus.am.gov.br\/semcom\/valor-da-cesta-basica\/#primaryimage\",\"url\":\"https:\/\/www.manaus.am.gov.br\/semcom\/wp-content\/uploads\/sites\/5\/2026\/02\/WhatsApp-Image-2026-02-04-at-14.04.29-1.jpeg\",\"contentUrl\":\"https:\/\/www.manaus.am.gov.br\/semcom\/wp-content\/uploads\/sites\/5\/2026\/02\/WhatsApp-Image-2026-02-04-at-14.04.29-1.jpeg\",\"width\":960,\"height\":960,\"caption\":\"#paratodosverem \u2013 Fiscais do Procon realizando pesquisa de pre\u00e7os\"},{\"@type\":\"WebSite\",\"@id\":\"https:\/\/www.manaus.am.gov.br\/semcom\/#website\",\"url\":\"https:\/\/www.manaus.am.gov.br\/semcom\/\",\"name\":\"SEMCOM\",\"description\":\"Secretaria Municipal de Comunica\u00e7\u00e3o\",\"potentialAction\":[{\"@type\":\"SearchAction\",\"target\":{\"@type\":\"EntryPoint\",\"urlTemplate\":\"https:\/\/www.manaus.am.gov.br\/semcom\/?s={search_term_string}\"},\"query-input\":\"required name=search_term_string\"}],\"inLanguage\":\"pt-BR\"},{\"@type\":\"Person\",\"@id\":\"https:\/\/www.manaus.am.gov.br\/semcom\/#\/schema\/person\/466a0e03ae4b6062809046bd560ac955\",\"name\":\"bvalente\",\"image\":{\"@type\":\"ImageObject\",\"inLanguage\":\"pt-BR\",\"@id\":\"https:\/\/www.manaus.am.gov.br\/semcom\/#\/schema\/person\/image\/\",\"url\":\"https:\/\/secure.gravatar.com\/avatar\/3e69bc2b014bdad41adfec3a39de07d2?s=96&d=mm&r=g\",\"contentUrl\":\"https:\/\/secure.gravatar.com\/avatar\/3e69bc2b014bdad41adfec3a39de07d2?s=96&d=mm&r=g\",\"caption\":\"bvalente\"}}]}<\/script>\n<!-- \/ Yoast SEO plugin. -->","yoast_head_json":{"title":"Procon aponta aumento no valor da cesta b\u00e1sica em fevereiro","description":"A Prefeitura de Manaus, divulga, nesta quarta-feira, 4\/2, a Pesquisa Mensal de Pre\u00e7os da Cesta B\u00e1sica em supermercados da capital.","robots":{"index":"index","follow":"follow","max-snippet":"max-snippet:-1","max-image-preview":"max-image-preview:large","max-video-preview":"max-video-preview:-1"},"canonical":"https:\/\/www.manaus.am.gov.br\/semcom\/valor-da-cesta-basica\/","og_locale":"pt_BR","og_type":"article","og_title":"Procon aponta aumento no valor da cesta b\u00e1sica em fevereiro","og_description":"A Prefeitura de Manaus, divulga, nesta quarta-feira, 4\/2, a Pesquisa Mensal de Pre\u00e7os da Cesta B\u00e1sica em supermercados da capital.","og_url":"https:\/\/www.manaus.am.gov.br\/semcom\/valor-da-cesta-basica\/","og_site_name":"SEMCOM","article_published_time":"2026-02-04T21:40:52+00:00","article_modified_time":"2026-02-05T14:30:05+00:00","og_image":[{"width":960,"height":960,"url":"https:\/\/www.manaus.am.gov.br\/semcom\/wp-content\/uploads\/sites\/5\/2026\/02\/WhatsApp-Image-2026-02-04-at-14.04.29-1.jpeg","type":"image\/jpeg"}],"author":"bvalente","twitter_card":"summary_large_image","twitter_misc":{"Written by":"bvalente","Est. reading time":"3 minutos"},"schema":{"@context":"https:\/\/schema.org","@graph":[{"@type":"WebPage","@id":"https:\/\/www.manaus.am.gov.br\/semcom\/valor-da-cesta-basica\/","url":"https:\/\/www.manaus.am.gov.br\/semcom\/valor-da-cesta-basica\/","name":"Procon aponta aumento no valor da cesta b\u00e1sica em fevereiro","isPartOf":{"@id":"https:\/\/www.manaus.am.gov.br\/semcom\/#website"},"primaryImageOfPage":{"@id":"https:\/\/www.manaus.am.gov.br\/semcom\/valor-da-cesta-basica\/#primaryimage"},"image":{"@id":"https:\/\/www.manaus.am.gov.br\/semcom\/valor-da-cesta-basica\/#primaryimage"},"thumbnailUrl":"https:\/\/www.manaus.am.gov.br\/semcom\/wp-content\/uploads\/sites\/5\/2026\/02\/WhatsApp-Image-2026-02-04-at-14.04.29-1.jpeg","datePublished":"2026-02-04T21:40:52+00:00","dateModified":"2026-02-05T14:30:05+00:00","author":{"@id":"https:\/\/www.manaus.am.gov.br\/semcom\/#\/schema\/person\/466a0e03ae4b6062809046bd560ac955"},"description":"A Prefeitura de Manaus, divulga, nesta quarta-feira, 4\/2, a Pesquisa Mensal de Pre\u00e7os da Cesta B\u00e1sica em supermercados da capital.","inLanguage":"pt-BR","potentialAction":[{"@type":"ReadAction","target":["https:\/\/www.manaus.am.gov.br\/semcom\/valor-da-cesta-basica\/"]}]},{"@type":"ImageObject","inLanguage":"pt-BR","@id":"https:\/\/www.manaus.am.gov.br\/semcom\/valor-da-cesta-basica\/#primaryimage","url":"https:\/\/www.manaus.am.gov.br\/semcom\/wp-content\/uploads\/sites\/5\/2026\/02\/WhatsApp-Image-2026-02-04-at-14.04.29-1.jpeg","contentUrl":"https:\/\/www.manaus.am.gov.br\/semcom\/wp-content\/uploads\/sites\/5\/2026\/02\/WhatsApp-Image-2026-02-04-at-14.04.29-1.jpeg","width":960,"height":960,"caption":"#paratodosverem \u2013 Fiscais do Procon realizando pesquisa de pre\u00e7os"},{"@type":"WebSite","@id":"https:\/\/www.manaus.am.gov.br\/semcom\/#website","url":"https:\/\/www.manaus.am.gov.br\/semcom\/","name":"SEMCOM","description":"Secretaria Municipal de Comunica\u00e7\u00e3o","potentialAction":[{"@type":"SearchAction","target":{"@type":"EntryPoint","urlTemplate":"https:\/\/www.manaus.am.gov.br\/semcom\/?s={search_term_string}"},"query-input":"required name=search_term_string"}],"inLanguage":"pt-BR"},{"@type":"Person","@id":"https:\/\/www.manaus.am.gov.br\/semcom\/#\/schema\/person\/466a0e03ae4b6062809046bd560ac955","name":"bvalente","image":{"@type":"ImageObject","inLanguage":"pt-BR","@id":"https:\/\/www.manaus.am.gov.br\/semcom\/#\/schema\/person\/image\/","url":"https:\/\/secure.gravatar.com\/avatar\/3e69bc2b014bdad41adfec3a39de07d2?s=96&d=mm&r=g","contentUrl":"https:\/\/secure.gravatar.com\/avatar\/3e69bc2b014bdad41adfec3a39de07d2?s=96&d=mm&r=g","caption":"bvalente"}}]}},"_links":{"self":[{"href":"https:\/\/www.manaus.am.gov.br\/semcom\/wp-json\/wp\/v2\/posts\/252339"}],"collection":[{"href":"https:\/\/www.manaus.am.gov.br\/semcom\/wp-json\/wp\/v2\/posts"}],"about":[{"href":"https:\/\/www.manaus.am.gov.br\/semcom\/wp-json\/wp\/v2\/types\/post"}],"author":[{"embeddable":true,"href":"https:\/\/www.manaus.am.gov.br\/semcom\/wp-json\/wp\/v2\/users\/68"}],"replies":[{"embeddable":true,"href":"https:\/\/www.manaus.am.gov.br\/semcom\/wp-json\/wp\/v2\/comments?post=252339"}],"version-history":[{"count":5,"href":"https:\/\/www.manaus.am.gov.br\/semcom\/wp-json\/wp\/v2\/posts\/252339\/revisions"}],"predecessor-version":[{"id":252366,"href":"https:\/\/www.manaus.am.gov.br\/semcom\/wp-json\/wp\/v2\/posts\/252339\/revisions\/252366"}],"wp:featuredmedia":[{"embeddable":true,"href":"https:\/\/www.manaus.am.gov.br\/semcom\/wp-json\/wp\/v2\/media\/252342"}],"wp:attachment":[{"href":"https:\/\/www.manaus.am.gov.br\/semcom\/wp-json\/wp\/v2\/media?parent=252339"}],"wp:term":[{"taxonomy":"category","embeddable":true,"href":"https:\/\/www.manaus.am.gov.br\/semcom\/wp-json\/wp\/v2\/categories?post=252339"},{"taxonomy":"post_tag","embeddable":true,"href":"https:\/\/www.manaus.am.gov.br\/semcom\/wp-json\/wp\/v2\/tags?post=252339"}],"curies":[{"name":"wp","href":"https:\/\/api.w.org\/{rel}","templated":true}]}}