{"id":252306,"date":"2026-02-04T15:06:19","date_gmt":"2026-02-04T18:06:19","guid":{"rendered":"https:\/\/www.manaus.am.gov.br\/semcom\/demolicao-administrativa-outdoors-area-publica\/"},"modified":"2026-02-04T15:53:32","modified_gmt":"2026-02-04T18:53:32","slug":"demolicao-administrativa-outdoors-area-publica","status":"publish","type":"post","link":"https:\/\/www.manaus.am.gov.br\/semcom\/demolicao-administrativa-outdoors-area-publica\/","title":{"rendered":"Prefeitura realiza demoli\u00e7\u00e3o administrativa de tr\u00eas outdoors em \u00e1rea p\u00fablica na avenida Governador Jos\u00e9 Lindoso"},"content":{"rendered":"\n<p>Foi realizada uma demoli\u00e7\u00e3o administrativa em mais tr\u00eas outdoors instalados de forma irregular e sem licen\u00e7a, nesta quarta-feira, 4\/2, durante a\u00e7\u00e3o integrada da <a href=\"https:\/\/www.manaus.am.gov.br\">Prefeitura de Manaus<\/a>, na avenida Governador Jos\u00e9 Lindoso, no bairro Aleixo, zona Centro-Sul, mais conhecida como avenida das Torres. A opera\u00e7\u00e3o foi coordenada pelo <a href=\"https:\/\/implurbatende.manaus.am.gov.br\/\">Instituto Municipal de Planejamento Urbano<\/a> (Implurb), com atua\u00e7\u00e3o da Guarda Municipal, da <a href=\"https:\/\/www.instagram.com\/semsegmanaus\/\">Secretaria Municipal de Seguran\u00e7a P\u00fablica e Defesa Social<\/a> (Semseg); do <a href=\"https:\/\/immu.manaus.am.gov.br\/\">Instituto Municipal de Mobilidade Urbana<\/a> (IMMU); e da <a href=\"https:\/\/www.instagram.com\/seminf.manaus\/\">Secretaria Municipal de Infraestrutura<\/a> (Seminf).<\/p>\n\n\n\n<p>As estruturas publicit\u00e1rias estavam em desacordo com a legisla\u00e7\u00e3o municipal por ocuparem \u00e1rea p\u00fablica sem licenciamento e sem regulariza\u00e7\u00e3o, em descumprimento ao C\u00f3digo de Posturas do Munic\u00edpio de Manaus. A demoli\u00e7\u00e3o administrativa \u00e9 mais uma etapa do ordenamento da prefeitura para espa\u00e7os e \u00e1reas p\u00fablicas, conciliando publicidade, paisagem urbana e preserva\u00e7\u00e3o, atendendo o Plano Diretor de Manaus e a legisla\u00e7\u00e3o ambiental vigente.<\/p>\n\n\n\n<p>Em todos os casos os respons\u00e1veis foram notificados anteriormente, em v\u00e1rias ocasi\u00f5es, para fazer a retirada volunt\u00e1ria, sob pena de san\u00e7\u00f5es administrativas.<\/p>\n\n\n\n<p>Para o vice-presidente do&nbsp;Implurb, Antonio Peixoto, a a\u00e7\u00e3o integra o esfor\u00e7o para combater a polui\u00e7\u00e3o visual em Manaus e a busca por melhor qualidade do ambiente urban\u00edstico da capital. \u201cEssa a\u00e7\u00e3o faz parte do nosso combate \u00e0 propaganda irregular e \u00e0 polui\u00e7\u00e3o visual. Muitos engenhos publicit\u00e1rios ainda s\u00e3o instalados sem os devidos licenciamentos, o que \u00e9 ilegal. Estamos trabalhando para cumprir n\u00e3o somente o Plano Diretor, mas tamb\u00e9m as leis complementares, tendo como maior objetivo a coletividade. E estas a\u00e7\u00f5es s\u00e3o constantes e tem respaldo legal\u201d, concluiu.<\/p>\n\n\n\n<p><strong>Fiscaliza\u00e7\u00e3o<\/strong><\/p>\n\n\n\n<p>O fiscal de Obras e Posturas do Implurb, Sidney Costa, explicou que a a\u00e7\u00e3o tem como objetivo garantir o ordenamento urbano e o cumprimento da legisla\u00e7\u00e3o. \u201cA fiscaliza\u00e7\u00e3o atua para assegurar que os outdoors estejam devidamente licenciados e regularizados, evitando ocupa\u00e7\u00f5es irregulares do espa\u00e7o p\u00fablico\u201d, destacou.<\/p>\n\n\n\n<p>O Implurb orienta a popula\u00e7\u00e3o e os respons\u00e1veis por engenhos publicit\u00e1rios que necessitem de regulariza\u00e7\u00e3o ou mais informa\u00e7\u00f5es a se dirigirem ao instituto, localizado no bairro Compensa, de segunda a sexta-feira, das 8h \u00e0s 14h, para receber orienta\u00e7\u00f5es t\u00e9cnicas sobre licenciamento, obras e posturas.<\/p>\n\n\n\n<p>As a\u00e7\u00f5es de fiscaliza\u00e7\u00e3o seguem de forma cont\u00ednua em diversas zonas da cidade, com foco no ordenamento urbano, na seguran\u00e7a da popula\u00e7\u00e3o e no cumprimento da legisla\u00e7\u00e3o municipal.<\/p>\n\n\n\n<p><strong>Instala\u00e7\u00e3o<\/strong><\/p>\n\n\n\n<p>Segundo a gerente de Engenhos Publicit\u00e1rios (GEP), arquiteta e urbanista Naiara Freitas, qualquer instala\u00e7\u00e3o de publicidade deve seguir o tr\u00e2mite legal de licenciamento e obter, obrigatoriamente, alvar\u00e1 expedido pelo&nbsp;Implurb. As orienta\u00e7\u00f5es e a lista de&nbsp;<a href=\"https:\/\/www.manaus.am.gov.br\/implurb\/servicos-e-certidoes\/lista-de-documentos\/\" target=\"_blank\" rel=\"noreferrer noopener\">documentos<\/a>&nbsp;necess\u00e1rios est\u00e3o dispon\u00edveis no site oficial do&nbsp;Implurb.<\/p>\n\n\n\n<p>\u201c\u00c9 preciso procurar o&nbsp;Implurb&nbsp;para formalizar o processo de viabilidade de publicidade. A instala\u00e7\u00e3o deve acontecer somente ap\u00f3s a emiss\u00e3o do alvar\u00e1\u201d, refor\u00e7ou&nbsp;Naiara. Naiara refor\u00e7a a import\u00e2ncia da formaliza\u00e7\u00e3o e da consulta pr\u00e9via ao&nbsp;Implurb. \u201cTrabalhamos para garantir que os servi\u00e7os p\u00fablicos sejam de qualidade e que a ocupa\u00e7\u00e3o do solo seja planejada e ordenada\u201d, afirmou.<\/p>\n\n\n\n<p>De acordo com a lei complementar 005\/2014, engenhos publicit\u00e1rios s\u00e3o considerados mobili\u00e1rios urbanos, implantados em logradouros p\u00fablicos ou privados, e adicionados \u00e0 urbaniza\u00e7\u00e3o ou edifica\u00e7\u00e3o. Portanto, a responsabilidade pela instala\u00e7\u00e3o e manuten\u00e7\u00e3o adequada desses dispositivos \u00e9 compartilhada entre o poder p\u00fablico e os agentes privados que os utilizam para fins comerciais.<\/p>\n\n\n\n<p>A popula\u00e7\u00e3o pode colaborar com as a\u00e7\u00f5es de ordenamento urbano, usando o Disque&nbsp;Den\u00fancia&nbsp;no telefone (92) 3673-9305 e pelo 161, de segunda a sexta-feira, das 8h \u00e0s 14h, exceto feriados e pontos facultativos, e no&nbsp;<a href=\"mailto:disquedenuncia.implurb@manaus.am.gov.br\" target=\"_blank\" rel=\"noreferrer noopener\">disquedenuncia.implurb@manaus.am.gov.br<\/a><\/p>\n\n\n\n<p>&#8212; &#8212; &#8212;<\/p>\n\n\n\n<p><strong>Texto<\/strong>&nbsp;\u2013 Yasmin Ferreira\/Implurb<\/p>\n\n\n\n<p><strong>Fotos<\/strong>&nbsp;\u2013 Ant\u00f4nio Pereira\/Semcom<\/p>\n\n\n\n<p><strong>Dispon\u00edveis em &#8211; <\/strong><a href=\"https:\/\/flic.kr\/s\/aHBqjCJsH6\" target=\"_blank\" rel=\"noreferrer noopener\">https:\/\/flic.kr\/s\/aHBqjCJsH6<\/a><\/p>\n","protected":false},"excerpt":{"rendered":"","protected":false},"author":39,"featured_media":252307,"comment_status":"closed","ping_status":"closed","sticky":false,"template":"","format":"standard","meta":{"footnotes":""},"categories":[985],"tags":[19230,14132,65,77,19231],"acf":[],"yoast_head":"<!-- This site is optimized with the Yoast SEO plugin v23.0 - https:\/\/yoast.com\/wordpress\/plugins\/seo\/ -->\n<title>Prefeitura realiza demoli\u00e7\u00e3o administrativa de tr\u00eas outdoors em \u00e1rea p\u00fablica na avenida Governador Jos\u00e9 Lindoso<\/title>\n<meta name=\"description\" content=\"Prefeitura realiza demoli\u00e7\u00e3o administrativa de tr\u00eas outdoors em \u00e1rea p\u00fablica na avenida Governador Jos\u00e9 Lindoso.\" \/>\n<meta name=\"robots\" content=\"index, follow, max-snippet:-1, max-image-preview:large, max-video-preview:-1\" \/>\n<link rel=\"canonical\" href=\"https:\/\/www.manaus.am.gov.br\/semcom\/demolicao-administrativa-outdoors-area-publica\/\" \/>\n<meta property=\"og:locale\" content=\"pt_BR\" \/>\n<meta property=\"og:type\" content=\"article\" \/>\n<meta property=\"og:title\" content=\"Prefeitura realiza demoli\u00e7\u00e3o administrativa de tr\u00eas outdoors em \u00e1rea p\u00fablica na avenida Governador Jos\u00e9 Lindoso\" \/>\n<meta property=\"og:description\" content=\"Prefeitura realiza demoli\u00e7\u00e3o administrativa de tr\u00eas outdoors em \u00e1rea p\u00fablica na avenida Governador Jos\u00e9 Lindoso.\" \/>\n<meta property=\"og:url\" content=\"https:\/\/www.manaus.am.gov.br\/semcom\/demolicao-administrativa-outdoors-area-publica\/\" \/>\n<meta property=\"og:site_name\" content=\"SEMCOM\" \/>\n<meta property=\"article:published_time\" content=\"2026-02-04T18:06:19+00:00\" \/>\n<meta property=\"article:modified_time\" content=\"2026-02-04T18:53:32+00:00\" \/>\n<meta property=\"og:image\" content=\"https:\/\/www.manaus.am.gov.br\/semcom\/wp-content\/uploads\/sites\/5\/2026\/02\/55078043946_6e3855e446_k.jpg\" \/>\n\t<meta property=\"og:image:width\" content=\"2047\" \/>\n\t<meta property=\"og:image:height\" content=\"1365\" \/>\n\t<meta property=\"og:image:type\" content=\"image\/jpeg\" \/>\n<meta name=\"author\" content=\"Bruna Greco\" \/>\n<meta name=\"twitter:card\" content=\"summary_large_image\" \/>\n<meta name=\"twitter:label1\" content=\"Written by\" \/>\n\t<meta name=\"twitter:data1\" content=\"Bruna Greco\" \/>\n\t<meta name=\"twitter:label2\" content=\"Est. reading time\" \/>\n\t<meta name=\"twitter:data2\" content=\"4 minutos\" \/>\n<script type=\"application\/ld+json\" class=\"yoast-schema-graph\">{\"@context\":\"https:\/\/schema.org\",\"@graph\":[{\"@type\":\"WebPage\",\"@id\":\"https:\/\/www.manaus.am.gov.br\/semcom\/demolicao-administrativa-outdoors-area-publica\/\",\"url\":\"https:\/\/www.manaus.am.gov.br\/semcom\/demolicao-administrativa-outdoors-area-publica\/\",\"name\":\"Prefeitura realiza demoli\u00e7\u00e3o administrativa de tr\u00eas outdoors em \u00e1rea p\u00fablica na avenida Governador Jos\u00e9 Lindoso\",\"isPartOf\":{\"@id\":\"https:\/\/www.manaus.am.gov.br\/semcom\/#website\"},\"primaryImageOfPage\":{\"@id\":\"https:\/\/www.manaus.am.gov.br\/semcom\/demolicao-administrativa-outdoors-area-publica\/#primaryimage\"},\"image\":{\"@id\":\"https:\/\/www.manaus.am.gov.br\/semcom\/demolicao-administrativa-outdoors-area-publica\/#primaryimage\"},\"thumbnailUrl\":\"https:\/\/www.manaus.am.gov.br\/semcom\/wp-content\/uploads\/sites\/5\/2026\/02\/55078043946_6e3855e446_k.jpg\",\"datePublished\":\"2026-02-04T18:06:19+00:00\",\"dateModified\":\"2026-02-04T18:53:32+00:00\",\"author\":{\"@id\":\"https:\/\/www.manaus.am.gov.br\/semcom\/#\/schema\/person\/05d223aea2bf115f9883a6ff3683d81b\"},\"description\":\"Prefeitura realiza demoli\u00e7\u00e3o administrativa de tr\u00eas outdoors em \u00e1rea p\u00fablica na avenida Governador Jos\u00e9 Lindoso.\",\"inLanguage\":\"pt-BR\",\"potentialAction\":[{\"@type\":\"ReadAction\",\"target\":[\"https:\/\/www.manaus.am.gov.br\/semcom\/demolicao-administrativa-outdoors-area-publica\/\"]}]},{\"@type\":\"ImageObject\",\"inLanguage\":\"pt-BR\",\"@id\":\"https:\/\/www.manaus.am.gov.br\/semcom\/demolicao-administrativa-outdoors-area-publica\/#primaryimage\",\"url\":\"https:\/\/www.manaus.am.gov.br\/semcom\/wp-content\/uploads\/sites\/5\/2026\/02\/55078043946_6e3855e446_k.jpg\",\"contentUrl\":\"https:\/\/www.manaus.am.gov.br\/semcom\/wp-content\/uploads\/sites\/5\/2026\/02\/55078043946_6e3855e446_k.jpg\",\"width\":2047,\"height\":1365,\"caption\":\"#paratodosverem - Fiscal do Implurb durante a\u00e7\u00e3o de demoli\u00e7\u00e3o administrativa de outdoor na avenida Governador Jos\u00e9 Lindoso\"},{\"@type\":\"WebSite\",\"@id\":\"https:\/\/www.manaus.am.gov.br\/semcom\/#website\",\"url\":\"https:\/\/www.manaus.am.gov.br\/semcom\/\",\"name\":\"SEMCOM\",\"description\":\"Secretaria Municipal de Comunica\u00e7\u00e3o\",\"potentialAction\":[{\"@type\":\"SearchAction\",\"target\":{\"@type\":\"EntryPoint\",\"urlTemplate\":\"https:\/\/www.manaus.am.gov.br\/semcom\/?s={search_term_string}\"},\"query-input\":\"required name=search_term_string\"}],\"inLanguage\":\"pt-BR\"},{\"@type\":\"Person\",\"@id\":\"https:\/\/www.manaus.am.gov.br\/semcom\/#\/schema\/person\/05d223aea2bf115f9883a6ff3683d81b\",\"name\":\"Bruna Greco\",\"image\":{\"@type\":\"ImageObject\",\"inLanguage\":\"pt-BR\",\"@id\":\"https:\/\/www.manaus.am.gov.br\/semcom\/#\/schema\/person\/image\/\",\"url\":\"https:\/\/secure.gravatar.com\/avatar\/9c877d1a6adc2a055330e5c09a8653ce?s=96&d=mm&r=g\",\"contentUrl\":\"https:\/\/secure.gravatar.com\/avatar\/9c877d1a6adc2a055330e5c09a8653ce?s=96&d=mm&r=g\",\"caption\":\"Bruna Greco\"}}]}<\/script>\n<!-- \/ Yoast SEO plugin. -->","yoast_head_json":{"title":"Prefeitura realiza demoli\u00e7\u00e3o administrativa de tr\u00eas outdoors em \u00e1rea p\u00fablica na avenida Governador Jos\u00e9 Lindoso","description":"Prefeitura realiza demoli\u00e7\u00e3o administrativa de tr\u00eas outdoors em \u00e1rea p\u00fablica na avenida Governador Jos\u00e9 Lindoso.","robots":{"index":"index","follow":"follow","max-snippet":"max-snippet:-1","max-image-preview":"max-image-preview:large","max-video-preview":"max-video-preview:-1"},"canonical":"https:\/\/www.manaus.am.gov.br\/semcom\/demolicao-administrativa-outdoors-area-publica\/","og_locale":"pt_BR","og_type":"article","og_title":"Prefeitura realiza demoli\u00e7\u00e3o administrativa de tr\u00eas outdoors em \u00e1rea p\u00fablica na avenida Governador Jos\u00e9 Lindoso","og_description":"Prefeitura realiza demoli\u00e7\u00e3o administrativa de tr\u00eas outdoors em \u00e1rea p\u00fablica na avenida Governador Jos\u00e9 Lindoso.","og_url":"https:\/\/www.manaus.am.gov.br\/semcom\/demolicao-administrativa-outdoors-area-publica\/","og_site_name":"SEMCOM","article_published_time":"2026-02-04T18:06:19+00:00","article_modified_time":"2026-02-04T18:53:32+00:00","og_image":[{"width":2047,"height":1365,"url":"https:\/\/www.manaus.am.gov.br\/semcom\/wp-content\/uploads\/sites\/5\/2026\/02\/55078043946_6e3855e446_k.jpg","type":"image\/jpeg"}],"author":"Bruna Greco","twitter_card":"summary_large_image","twitter_misc":{"Written by":"Bruna Greco","Est. reading time":"4 minutos"},"schema":{"@context":"https:\/\/schema.org","@graph":[{"@type":"WebPage","@id":"https:\/\/www.manaus.am.gov.br\/semcom\/demolicao-administrativa-outdoors-area-publica\/","url":"https:\/\/www.manaus.am.gov.br\/semcom\/demolicao-administrativa-outdoors-area-publica\/","name":"Prefeitura realiza demoli\u00e7\u00e3o administrativa de tr\u00eas outdoors em \u00e1rea p\u00fablica na avenida Governador Jos\u00e9 Lindoso","isPartOf":{"@id":"https:\/\/www.manaus.am.gov.br\/semcom\/#website"},"primaryImageOfPage":{"@id":"https:\/\/www.manaus.am.gov.br\/semcom\/demolicao-administrativa-outdoors-area-publica\/#primaryimage"},"image":{"@id":"https:\/\/www.manaus.am.gov.br\/semcom\/demolicao-administrativa-outdoors-area-publica\/#primaryimage"},"thumbnailUrl":"https:\/\/www.manaus.am.gov.br\/semcom\/wp-content\/uploads\/sites\/5\/2026\/02\/55078043946_6e3855e446_k.jpg","datePublished":"2026-02-04T18:06:19+00:00","dateModified":"2026-02-04T18:53:32+00:00","author":{"@id":"https:\/\/www.manaus.am.gov.br\/semcom\/#\/schema\/person\/05d223aea2bf115f9883a6ff3683d81b"},"description":"Prefeitura realiza demoli\u00e7\u00e3o administrativa de tr\u00eas outdoors em \u00e1rea p\u00fablica na avenida Governador Jos\u00e9 Lindoso.","inLanguage":"pt-BR","potentialAction":[{"@type":"ReadAction","target":["https:\/\/www.manaus.am.gov.br\/semcom\/demolicao-administrativa-outdoors-area-publica\/"]}]},{"@type":"ImageObject","inLanguage":"pt-BR","@id":"https:\/\/www.manaus.am.gov.br\/semcom\/demolicao-administrativa-outdoors-area-publica\/#primaryimage","url":"https:\/\/www.manaus.am.gov.br\/semcom\/wp-content\/uploads\/sites\/5\/2026\/02\/55078043946_6e3855e446_k.jpg","contentUrl":"https:\/\/www.manaus.am.gov.br\/semcom\/wp-content\/uploads\/sites\/5\/2026\/02\/55078043946_6e3855e446_k.jpg","width":2047,"height":1365,"caption":"#paratodosverem - Fiscal do Implurb durante a\u00e7\u00e3o de demoli\u00e7\u00e3o administrativa de outdoor na avenida Governador Jos\u00e9 Lindoso"},{"@type":"WebSite","@id":"https:\/\/www.manaus.am.gov.br\/semcom\/#website","url":"https:\/\/www.manaus.am.gov.br\/semcom\/","name":"SEMCOM","description":"Secretaria Municipal de Comunica\u00e7\u00e3o","potentialAction":[{"@type":"SearchAction","target":{"@type":"EntryPoint","urlTemplate":"https:\/\/www.manaus.am.gov.br\/semcom\/?s={search_term_string}"},"query-input":"required name=search_term_string"}],"inLanguage":"pt-BR"},{"@type":"Person","@id":"https:\/\/www.manaus.am.gov.br\/semcom\/#\/schema\/person\/05d223aea2bf115f9883a6ff3683d81b","name":"Bruna Greco","image":{"@type":"ImageObject","inLanguage":"pt-BR","@id":"https:\/\/www.manaus.am.gov.br\/semcom\/#\/schema\/person\/image\/","url":"https:\/\/secure.gravatar.com\/avatar\/9c877d1a6adc2a055330e5c09a8653ce?s=96&d=mm&r=g","contentUrl":"https:\/\/secure.gravatar.com\/avatar\/9c877d1a6adc2a055330e5c09a8653ce?s=96&d=mm&r=g","caption":"Bruna Greco"}}]}},"_links":{"self":[{"href":"https:\/\/www.manaus.am.gov.br\/semcom\/wp-json\/wp\/v2\/posts\/252306"}],"collection":[{"href":"https:\/\/www.manaus.am.gov.br\/semcom\/wp-json\/wp\/v2\/posts"}],"about":[{"href":"https:\/\/www.manaus.am.gov.br\/semcom\/wp-json\/wp\/v2\/types\/post"}],"author":[{"embeddable":true,"href":"https:\/\/www.manaus.am.gov.br\/semcom\/wp-json\/wp\/v2\/users\/39"}],"replies":[{"embeddable":true,"href":"https:\/\/www.manaus.am.gov.br\/semcom\/wp-json\/wp\/v2\/comments?post=252306"}],"version-history":[{"count":1,"href":"https:\/\/www.manaus.am.gov.br\/semcom\/wp-json\/wp\/v2\/posts\/252306\/revisions"}],"predecessor-version":[{"id":252312,"href":"https:\/\/www.manaus.am.gov.br\/semcom\/wp-json\/wp\/v2\/posts\/252306\/revisions\/252312"}],"wp:featuredmedia":[{"embeddable":true,"href":"https:\/\/www.manaus.am.gov.br\/semcom\/wp-json\/wp\/v2\/media\/252307"}],"wp:attachment":[{"href":"https:\/\/www.manaus.am.gov.br\/semcom\/wp-json\/wp\/v2\/media?parent=252306"}],"wp:term":[{"taxonomy":"category","embeddable":true,"href":"https:\/\/www.manaus.am.gov.br\/semcom\/wp-json\/wp\/v2\/categories?post=252306"},{"taxonomy":"post_tag","embeddable":true,"href":"https:\/\/www.manaus.am.gov.br\/semcom\/wp-json\/wp\/v2\/tags?post=252306"}],"curies":[{"name":"wp","href":"https:\/\/api.w.org\/{rel}","templated":true}]}}