{"id":252230,"date":"2026-02-03T15:48:46","date_gmt":"2026-02-03T19:48:46","guid":{"rendered":"https:\/\/www.manaus.am.gov.br\/semcom\/demolicao-borracharia-torquato-tapajos\/"},"modified":"2026-02-03T16:57:39","modified_gmt":"2026-02-03T19:57:39","slug":"demolicao-borracharia-torquato-tapajos","status":"publish","type":"post","link":"https:\/\/www.manaus.am.gov.br\/semcom\/demolicao-borracharia-torquato-tapajos\/","title":{"rendered":"Em opera\u00e7\u00e3o integrada, Prefeitura de Manaus realiza demoli\u00e7\u00e3o de borracharia na avenida Torquato Tapaj\u00f3s\u00a0"},"content":{"rendered":"\n<p>Estruturas improvisadas e irregulares montadas na cal\u00e7ada e \u00e1rea p\u00fablica na avenida Torquato Tapaj\u00f3s, uma das principais liga\u00e7\u00f5es entre as zonas Norte e Centro-Sul da capital, foram demolidas, nesta ter\u00e7a-feira, 3\/2, durante uma a\u00e7\u00e3o integrada da <a href=\"https:\/\/www.manaus.am.gov.br\">Prefeitura de Manau<\/a>s. Uma borracharia ocupava a \u00e1rea p\u00fablica, chegando a obstruir a via, colocando em risco o tr\u00e1fego e a seguran\u00e7a de motoristas e pedestres.<\/p>\n\n\n\n<p>A a\u00e7\u00e3o, que visa o ordenamento urbano, foi coordenada pelo Instituto Municipal de Planejamento Urbano (Implurb), contando com apoio do Instituto Municipal de Mobilidade Urbana (IMMU), da Guarda Municipal, da Secretaria Municipal de Seguran\u00e7a P\u00fablica e Defesa Social (Semseg) e da Secretaria Municipal de Infraestrutura (Seminf).<\/p>\n\n\n\n<p>A opera\u00e7\u00e3o foi desencadeada ap\u00f3s den\u00fancia sobre a obstru\u00e7\u00e3o da via p\u00fablica com pneus, o que motivou uma vistoria t\u00e9cnica no local. As irregularidades identificadas violam as diretrizes do Plano Diretor Urbano e Ambiental de Manaus, que estabelece a preserva\u00e7\u00e3o e o uso adequado dos espa\u00e7os p\u00fablicos, al\u00e9m do C\u00f3digo de Posturas do Munic\u00edpio, que pro\u00edbe a ocupa\u00e7\u00e3o e a obstru\u00e7\u00e3o de logradouros p\u00fablicos sem autoriza\u00e7\u00e3o do poder p\u00fablico.<\/p>\n\n\n\n<p>De acordo com o fiscal de Obras e Posturas do Implurb, Sidney Costa, a atua\u00e7\u00e3o do poder p\u00fablico teve como foco atender \u00e0 den\u00fancia e garantir a seguran\u00e7a da popula\u00e7\u00e3o. \u201cRecebemos uma den\u00fancia relatando pneus obstruindo a via p\u00fablica. Ap\u00f3s a constata\u00e7\u00e3o da irregularidade e ap\u00f3s diversas notifica\u00e7\u00f5es para o propriet\u00e1rio fazer a retirada volunt\u00e1ria, foi realizada a demoli\u00e7\u00e3o administrativa da estrutura. Para exercer qualquer atividade de forma regular, \u00e9 necess\u00e1rio procurar o Implurb e dar entrada no processo de licenciamento\u201d, destacou.<\/p>\n\n\n\n<p>A a\u00e7\u00e3o refor\u00e7a o compromisso da Prefeitura de Manaus com a organiza\u00e7\u00e3o do espa\u00e7o urbano, o cumprimento da legisla\u00e7\u00e3o e a preserva\u00e7\u00e3o das \u00e1reas p\u00fablicas. O Implurb ressalta que ocupa\u00e7\u00f5es irregulares est\u00e3o sujeitas \u00e0s penalidades previstas em lei, incluindo autua\u00e7\u00e3o, aplica\u00e7\u00e3o de multas e demoli\u00e7\u00e3o administrativa, al\u00e9m de outras san\u00e7\u00f5es.<\/p>\n\n\n\n<p><strong>Instrumento legal<\/strong><\/p>\n\n\n\n<p>A&nbsp;demoli\u00e7\u00e3o&nbsp;administrativa \u00e9 prevista no artigo 40, parcial ou total, de obra ou edifica\u00e7\u00e3o, quando a constru\u00e7\u00e3o apresentar incompatibilidade com a legisla\u00e7\u00e3o vigente que n\u00e3o admita regulariza\u00e7\u00e3o; risco para a seguran\u00e7a p\u00fablica que, no caso de sua imin\u00eancia, implicar\u00e1 o seu cumprimento imediato; obra ou edifica\u00e7\u00e3o executada em \u00e1rea ou logradouro p\u00fablico.<\/p>\n\n\n\n<p><strong>Den\u00fancias<\/strong><\/p>\n\n\n\n<p>Den\u00fancias sobre obras irregulares, obstru\u00e7\u00f5es, invas\u00e3o de \u00e1rea p\u00fablica e afins s\u00e3o atendidas pelo n\u00famero do&nbsp;Disque&nbsp;Den\u00fancia, (92) 3673-9305, de segunda a sexta-feira, das 8h \u00e0s 14h, exceto feriados e pontos facultativos e, por e-mail, para o&nbsp;<a href=\"mailto:disquedenuncia.implurb@manaus.am.gov.br\" target=\"_blank\" rel=\"noreferrer noopener\">disquedenuncia.implurb@manaus.am.gov.br<\/a>.<\/p>\n\n\n\n<p>As fiscaliza\u00e7\u00f5es s\u00e3o realizadas pelas ger\u00eancias da Dicon, de Obras (GFO) e de Postura (GFP), por meio de den\u00fancias, demandas de \u00f3rg\u00e3os municipais e estaduais, e rota di\u00e1ria da equipe de fiscais nas ruas.<\/p>\n\n\n\n<figure class=\"wp-block-image size-large\"><img loading=\"lazy\" decoding=\"async\" width=\"1024\" height=\"768\" src=\"https:\/\/www.manaus.am.gov.br\/semcom\/wp-content\/uploads\/sites\/5\/2026\/02\/Demolicao-3-1024x768.jpg\" alt=\"\" class=\"wp-image-252232\" srcset=\"https:\/\/www.manaus.am.gov.br\/semcom\/wp-content\/uploads\/sites\/5\/2026\/02\/Demolicao-3-1024x768.jpg 1024w, https:\/\/www.manaus.am.gov.br\/semcom\/wp-content\/uploads\/sites\/5\/2026\/02\/Demolicao-3-300x225.jpg 300w, https:\/\/www.manaus.am.gov.br\/semcom\/wp-content\/uploads\/sites\/5\/2026\/02\/Demolicao-3-768x576.jpg 768w, https:\/\/www.manaus.am.gov.br\/semcom\/wp-content\/uploads\/sites\/5\/2026\/02\/Demolicao-3-1536x1152.jpg 1536w, https:\/\/www.manaus.am.gov.br\/semcom\/wp-content\/uploads\/sites\/5\/2026\/02\/Demolicao-3.jpg 1600w\" sizes=\"(max-width: 1024px) 100vw, 1024px\" \/><figcaption class=\"wp-element-caption\">#paratodosverem &#8211; Demoli\u00e7\u00e3o<\/figcaption><\/figure>\n\n\n\n<p>&#8212; &#8212; &#8212;<\/p>\n\n\n\n<p><strong>Texto&nbsp;<\/strong>\u2013&nbsp;Yasmin Ferreira\/Implurb<\/p>\n\n\n\n<p><strong>Fotos&nbsp;<\/strong>\u2013 Divulga\u00e7\u00e3o\/Implurb<\/p>\n","protected":false},"excerpt":{"rendered":"","protected":false},"author":39,"featured_media":252231,"comment_status":"closed","ping_status":"closed","sticky":false,"template":"","format":"standard","meta":{"footnotes":""},"categories":[985],"tags":[1317,19211,65,987,77],"acf":[],"yoast_head":"<!-- This site is optimized with the Yoast SEO plugin v23.0 - https:\/\/yoast.com\/wordpress\/plugins\/seo\/ -->\n<title>Demoli\u00e7\u00e3o de borracharia na avenida Torquato Tapaj\u00f3s<\/title>\n<meta name=\"description\" content=\"Em opera\u00e7\u00e3o integrada, Prefeitura de Manaus realiza, nesta ter\u00e7a-feira, 3\/2, demoli\u00e7\u00e3o de borracharia na avenida Torquato Tapaj\u00f3s.\" \/>\n<meta name=\"robots\" content=\"index, follow, max-snippet:-1, max-image-preview:large, max-video-preview:-1\" \/>\n<link rel=\"canonical\" href=\"https:\/\/www.manaus.am.gov.br\/semcom\/demolicao-borracharia-torquato-tapajos\/\" \/>\n<meta property=\"og:locale\" content=\"pt_BR\" \/>\n<meta property=\"og:type\" content=\"article\" \/>\n<meta property=\"og:title\" content=\"Demoli\u00e7\u00e3o de borracharia na avenida Torquato Tapaj\u00f3s\" \/>\n<meta property=\"og:description\" content=\"Em opera\u00e7\u00e3o integrada, Prefeitura de Manaus realiza, nesta ter\u00e7a-feira, 3\/2, demoli\u00e7\u00e3o de borracharia na avenida Torquato Tapaj\u00f3s.\" \/>\n<meta property=\"og:url\" content=\"https:\/\/www.manaus.am.gov.br\/semcom\/demolicao-borracharia-torquato-tapajos\/\" \/>\n<meta property=\"og:site_name\" content=\"SEMCOM\" \/>\n<meta property=\"article:published_time\" content=\"2026-02-03T19:48:46+00:00\" \/>\n<meta property=\"article:modified_time\" content=\"2026-02-03T19:57:39+00:00\" \/>\n<meta property=\"og:image\" content=\"https:\/\/www.manaus.am.gov.br\/semcom\/wp-content\/uploads\/sites\/5\/2026\/02\/Demolicao-1.jpg\" \/>\n\t<meta property=\"og:image:width\" content=\"1600\" \/>\n\t<meta property=\"og:image:height\" content=\"1200\" \/>\n\t<meta property=\"og:image:type\" content=\"image\/jpeg\" \/>\n<meta name=\"author\" content=\"Bruna Greco\" \/>\n<meta name=\"twitter:card\" content=\"summary_large_image\" \/>\n<meta name=\"twitter:label1\" content=\"Written by\" \/>\n\t<meta name=\"twitter:data1\" content=\"Bruna Greco\" \/>\n\t<meta name=\"twitter:label2\" content=\"Est. reading time\" \/>\n\t<meta name=\"twitter:data2\" content=\"3 minutos\" \/>\n<script type=\"application\/ld+json\" class=\"yoast-schema-graph\">{\"@context\":\"https:\/\/schema.org\",\"@graph\":[{\"@type\":\"WebPage\",\"@id\":\"https:\/\/www.manaus.am.gov.br\/semcom\/demolicao-borracharia-torquato-tapajos\/\",\"url\":\"https:\/\/www.manaus.am.gov.br\/semcom\/demolicao-borracharia-torquato-tapajos\/\",\"name\":\"Demoli\u00e7\u00e3o de borracharia na avenida Torquato Tapaj\u00f3s\",\"isPartOf\":{\"@id\":\"https:\/\/www.manaus.am.gov.br\/semcom\/#website\"},\"primaryImageOfPage\":{\"@id\":\"https:\/\/www.manaus.am.gov.br\/semcom\/demolicao-borracharia-torquato-tapajos\/#primaryimage\"},\"image\":{\"@id\":\"https:\/\/www.manaus.am.gov.br\/semcom\/demolicao-borracharia-torquato-tapajos\/#primaryimage\"},\"thumbnailUrl\":\"https:\/\/www.manaus.am.gov.br\/semcom\/wp-content\/uploads\/sites\/5\/2026\/02\/Demolicao-1.jpg\",\"datePublished\":\"2026-02-03T19:48:46+00:00\",\"dateModified\":\"2026-02-03T19:57:39+00:00\",\"author\":{\"@id\":\"https:\/\/www.manaus.am.gov.br\/semcom\/#\/schema\/person\/05d223aea2bf115f9883a6ff3683d81b\"},\"description\":\"Em opera\u00e7\u00e3o integrada, Prefeitura de Manaus realiza, nesta ter\u00e7a-feira, 3\/2, demoli\u00e7\u00e3o de borracharia na avenida Torquato Tapaj\u00f3s.\",\"inLanguage\":\"pt-BR\",\"potentialAction\":[{\"@type\":\"ReadAction\",\"target\":[\"https:\/\/www.manaus.am.gov.br\/semcom\/demolicao-borracharia-torquato-tapajos\/\"]}]},{\"@type\":\"ImageObject\",\"inLanguage\":\"pt-BR\",\"@id\":\"https:\/\/www.manaus.am.gov.br\/semcom\/demolicao-borracharia-torquato-tapajos\/#primaryimage\",\"url\":\"https:\/\/www.manaus.am.gov.br\/semcom\/wp-content\/uploads\/sites\/5\/2026\/02\/Demolicao-1.jpg\",\"contentUrl\":\"https:\/\/www.manaus.am.gov.br\/semcom\/wp-content\/uploads\/sites\/5\/2026\/02\/Demolicao-1.jpg\",\"width\":1600,\"height\":1200,\"caption\":\"#paratodosverem - Equipes de secretarias municipais atuando durante opera\u00e7\u00e3o integrada para demoli\u00e7\u00e3o de borracharia na avenida Torquato Tapaj\u00f3s, instalada em local irregular\"},{\"@type\":\"WebSite\",\"@id\":\"https:\/\/www.manaus.am.gov.br\/semcom\/#website\",\"url\":\"https:\/\/www.manaus.am.gov.br\/semcom\/\",\"name\":\"SEMCOM\",\"description\":\"Secretaria Municipal de Comunica\u00e7\u00e3o\",\"potentialAction\":[{\"@type\":\"SearchAction\",\"target\":{\"@type\":\"EntryPoint\",\"urlTemplate\":\"https:\/\/www.manaus.am.gov.br\/semcom\/?s={search_term_string}\"},\"query-input\":\"required name=search_term_string\"}],\"inLanguage\":\"pt-BR\"},{\"@type\":\"Person\",\"@id\":\"https:\/\/www.manaus.am.gov.br\/semcom\/#\/schema\/person\/05d223aea2bf115f9883a6ff3683d81b\",\"name\":\"Bruna Greco\",\"image\":{\"@type\":\"ImageObject\",\"inLanguage\":\"pt-BR\",\"@id\":\"https:\/\/www.manaus.am.gov.br\/semcom\/#\/schema\/person\/image\/\",\"url\":\"https:\/\/secure.gravatar.com\/avatar\/9c877d1a6adc2a055330e5c09a8653ce?s=96&d=mm&r=g\",\"contentUrl\":\"https:\/\/secure.gravatar.com\/avatar\/9c877d1a6adc2a055330e5c09a8653ce?s=96&d=mm&r=g\",\"caption\":\"Bruna Greco\"}}]}<\/script>\n<!-- \/ Yoast SEO plugin. -->","yoast_head_json":{"title":"Demoli\u00e7\u00e3o de borracharia na avenida Torquato Tapaj\u00f3s","description":"Em opera\u00e7\u00e3o integrada, Prefeitura de Manaus realiza, nesta ter\u00e7a-feira, 3\/2, demoli\u00e7\u00e3o de borracharia na avenida Torquato Tapaj\u00f3s.","robots":{"index":"index","follow":"follow","max-snippet":"max-snippet:-1","max-image-preview":"max-image-preview:large","max-video-preview":"max-video-preview:-1"},"canonical":"https:\/\/www.manaus.am.gov.br\/semcom\/demolicao-borracharia-torquato-tapajos\/","og_locale":"pt_BR","og_type":"article","og_title":"Demoli\u00e7\u00e3o de borracharia na avenida Torquato Tapaj\u00f3s","og_description":"Em opera\u00e7\u00e3o integrada, Prefeitura de Manaus realiza, nesta ter\u00e7a-feira, 3\/2, demoli\u00e7\u00e3o de borracharia na avenida Torquato Tapaj\u00f3s.","og_url":"https:\/\/www.manaus.am.gov.br\/semcom\/demolicao-borracharia-torquato-tapajos\/","og_site_name":"SEMCOM","article_published_time":"2026-02-03T19:48:46+00:00","article_modified_time":"2026-02-03T19:57:39+00:00","og_image":[{"width":1600,"height":1200,"url":"https:\/\/www.manaus.am.gov.br\/semcom\/wp-content\/uploads\/sites\/5\/2026\/02\/Demolicao-1.jpg","type":"image\/jpeg"}],"author":"Bruna Greco","twitter_card":"summary_large_image","twitter_misc":{"Written by":"Bruna Greco","Est. reading time":"3 minutos"},"schema":{"@context":"https:\/\/schema.org","@graph":[{"@type":"WebPage","@id":"https:\/\/www.manaus.am.gov.br\/semcom\/demolicao-borracharia-torquato-tapajos\/","url":"https:\/\/www.manaus.am.gov.br\/semcom\/demolicao-borracharia-torquato-tapajos\/","name":"Demoli\u00e7\u00e3o de borracharia na avenida Torquato Tapaj\u00f3s","isPartOf":{"@id":"https:\/\/www.manaus.am.gov.br\/semcom\/#website"},"primaryImageOfPage":{"@id":"https:\/\/www.manaus.am.gov.br\/semcom\/demolicao-borracharia-torquato-tapajos\/#primaryimage"},"image":{"@id":"https:\/\/www.manaus.am.gov.br\/semcom\/demolicao-borracharia-torquato-tapajos\/#primaryimage"},"thumbnailUrl":"https:\/\/www.manaus.am.gov.br\/semcom\/wp-content\/uploads\/sites\/5\/2026\/02\/Demolicao-1.jpg","datePublished":"2026-02-03T19:48:46+00:00","dateModified":"2026-02-03T19:57:39+00:00","author":{"@id":"https:\/\/www.manaus.am.gov.br\/semcom\/#\/schema\/person\/05d223aea2bf115f9883a6ff3683d81b"},"description":"Em opera\u00e7\u00e3o integrada, Prefeitura de Manaus realiza, nesta ter\u00e7a-feira, 3\/2, demoli\u00e7\u00e3o de borracharia na avenida Torquato Tapaj\u00f3s.","inLanguage":"pt-BR","potentialAction":[{"@type":"ReadAction","target":["https:\/\/www.manaus.am.gov.br\/semcom\/demolicao-borracharia-torquato-tapajos\/"]}]},{"@type":"ImageObject","inLanguage":"pt-BR","@id":"https:\/\/www.manaus.am.gov.br\/semcom\/demolicao-borracharia-torquato-tapajos\/#primaryimage","url":"https:\/\/www.manaus.am.gov.br\/semcom\/wp-content\/uploads\/sites\/5\/2026\/02\/Demolicao-1.jpg","contentUrl":"https:\/\/www.manaus.am.gov.br\/semcom\/wp-content\/uploads\/sites\/5\/2026\/02\/Demolicao-1.jpg","width":1600,"height":1200,"caption":"#paratodosverem - Equipes de secretarias municipais atuando durante opera\u00e7\u00e3o integrada para demoli\u00e7\u00e3o de borracharia na avenida Torquato Tapaj\u00f3s, instalada em local irregular"},{"@type":"WebSite","@id":"https:\/\/www.manaus.am.gov.br\/semcom\/#website","url":"https:\/\/www.manaus.am.gov.br\/semcom\/","name":"SEMCOM","description":"Secretaria Municipal de Comunica\u00e7\u00e3o","potentialAction":[{"@type":"SearchAction","target":{"@type":"EntryPoint","urlTemplate":"https:\/\/www.manaus.am.gov.br\/semcom\/?s={search_term_string}"},"query-input":"required name=search_term_string"}],"inLanguage":"pt-BR"},{"@type":"Person","@id":"https:\/\/www.manaus.am.gov.br\/semcom\/#\/schema\/person\/05d223aea2bf115f9883a6ff3683d81b","name":"Bruna Greco","image":{"@type":"ImageObject","inLanguage":"pt-BR","@id":"https:\/\/www.manaus.am.gov.br\/semcom\/#\/schema\/person\/image\/","url":"https:\/\/secure.gravatar.com\/avatar\/9c877d1a6adc2a055330e5c09a8653ce?s=96&d=mm&r=g","contentUrl":"https:\/\/secure.gravatar.com\/avatar\/9c877d1a6adc2a055330e5c09a8653ce?s=96&d=mm&r=g","caption":"Bruna Greco"}}]}},"_links":{"self":[{"href":"https:\/\/www.manaus.am.gov.br\/semcom\/wp-json\/wp\/v2\/posts\/252230"}],"collection":[{"href":"https:\/\/www.manaus.am.gov.br\/semcom\/wp-json\/wp\/v2\/posts"}],"about":[{"href":"https:\/\/www.manaus.am.gov.br\/semcom\/wp-json\/wp\/v2\/types\/post"}],"author":[{"embeddable":true,"href":"https:\/\/www.manaus.am.gov.br\/semcom\/wp-json\/wp\/v2\/users\/39"}],"replies":[{"embeddable":true,"href":"https:\/\/www.manaus.am.gov.br\/semcom\/wp-json\/wp\/v2\/comments?post=252230"}],"version-history":[{"count":3,"href":"https:\/\/www.manaus.am.gov.br\/semcom\/wp-json\/wp\/v2\/posts\/252230\/revisions"}],"predecessor-version":[{"id":252240,"href":"https:\/\/www.manaus.am.gov.br\/semcom\/wp-json\/wp\/v2\/posts\/252230\/revisions\/252240"}],"wp:featuredmedia":[{"embeddable":true,"href":"https:\/\/www.manaus.am.gov.br\/semcom\/wp-json\/wp\/v2\/media\/252231"}],"wp:attachment":[{"href":"https:\/\/www.manaus.am.gov.br\/semcom\/wp-json\/wp\/v2\/media?parent=252230"}],"wp:term":[{"taxonomy":"category","embeddable":true,"href":"https:\/\/www.manaus.am.gov.br\/semcom\/wp-json\/wp\/v2\/categories?post=252230"},{"taxonomy":"post_tag","embeddable":true,"href":"https:\/\/www.manaus.am.gov.br\/semcom\/wp-json\/wp\/v2\/tags?post=252230"}],"curies":[{"name":"wp","href":"https:\/\/api.w.org\/{rel}","templated":true}]}}