{"id":252211,"date":"2026-02-03T14:31:37","date_gmt":"2026-02-03T18:31:37","guid":{"rendered":"https:\/\/www.manaus.am.gov.br\/semcom\/oficializacao-vias-publicas-logradouros-manaus\/"},"modified":"2026-02-03T15:38:28","modified_gmt":"2026-02-03T18:38:28","slug":"oficializacao-vias-publicas-logradouros-manaus","status":"publish","type":"post","link":"https:\/\/www.manaus.am.gov.br\/semcom\/oficializacao-vias-publicas-logradouros-manaus\/","title":{"rendered":"Prefeitura de Manaus oficializou 246 vias p\u00fablicas e soma mais de 13 mil logradouros na capital em 2025"},"content":{"rendered":"\n<p>Conforme dados da Ger\u00eancia de Mobilidade Urbana (GMU), do <a href=\"https:\/\/implurbatende.manaus.am.gov.br\/\">Instituto Municipal de Planejamento Urbano<\/a> (Implurb), a <a href=\"https:\/\/www.manaus.am.gov.br\">Prefeitura de Manaus<\/a> fechou 2025 com a cria\u00e7\u00e3o de 246 vias p\u00fablicas, totalizando, hoje, 13.011 logradouros na capital amazonense. Ano passado, ocorreu uma revis\u00e3o, onde foram exclu\u00eddos C\u00f3digos de Logradouros (CDL), em raz\u00e3o de atualiza\u00e7\u00e3o da base cadastral e por n\u00e3o serem vias oficializadas. S\u00e3o exclu\u00eddas, por exemplo, passagens dentro de lotes particulares ou dentro de invas\u00f5es de \u00e1reas p\u00fablicas.<\/p>\n\n\n\n<p>Dentro dos 13 mil est\u00e3o, por exemplo, 253 avenidas, mais de 8,6 mil ruas, 77 alamedas, 2,1 mil becos e 1,8 mil travessas, al\u00e9m de duas rodovias e 11 passagens.<\/p>\n\n\n\n<p>\u201cOs logradouros p\u00fablicos s\u00e3o distribu\u00eddos entre ruas, vias, becos, avenidas, travessas e afins. De forma cont\u00ednua, fazemos a atualiza\u00e7\u00e3o da base, al\u00e9m da inclus\u00e3o de loteamentos e de obras executadas pela Prefeitura de Manaus\u201d, explicou a gerente do GMU, arquiteta e urbanista Carolina Azevedo.<\/p>\n\n\n\n<p>A atualiza\u00e7\u00e3o dos C\u00f3digos de Logradouros \u00e9 rotina no \u00f3rg\u00e3o, assim como a dos nomes das vias p\u00fablicas, conforme legisla\u00e7\u00e3o em vigor. O processo de nomenclatura atende a legisla\u00e7\u00e3o pr\u00f3pria, com as leis municipais n\u00ba 266\/94, que regula a identifica\u00e7\u00e3o dos logradouros p\u00fablicos, e a de n\u00ba 343\/96, que define nova denomina\u00e7\u00e3o dos logradouros. As mesmas obedecem a legisla\u00e7\u00e3o federal n\u00ba 6.454\/1977, que tamb\u00e9m se refere a logradouros e denomina\u00e7\u00e3o de bairros do munic\u00edpio.<\/p>\n\n\n\n<p><strong>Bairros<\/strong><\/p>\n\n\n\n<p>Em rela\u00e7\u00e3o aos nomes de bairros, a Prefeitura de Manaus tem registrados, oficialmente, 63 bairros, conforme a Lei 1.401, de 14 de janeiro de 2010, a \u00faltima atualiza\u00e7\u00e3o existente.<\/p>\n\n\n\n<p>A an\u00e1lise de pedidos e revis\u00f5es para nomes de logradouros p\u00fablicos \u00e9 feita pela GMU. A revis\u00e3o da base de dados \u00e9 feita periodicamente. Em muitos casos, h\u00e1 uma diferen\u00e7a entre o nome oficial da via e o popular, aquele que a popula\u00e7\u00e3o e at\u00e9 mesmo concession\u00e1rias de servi\u00e7os costumam usar para localizar endere\u00e7os.<\/p>\n\n\n\n<p>Pela legisla\u00e7\u00e3o, n\u00e3o s\u00e3o permitidas que as ruas tenham letras e n\u00fameros, porque assim haveria uma infinidade de ruas &#8220;A&#8221; ou &#8220;10&#8221;, por exemplo. Esse uso \u00e9 comum logo na abertura de um loteamento, onde o propriet\u00e1rio usa letras ou n\u00fameros, mas posteriormente \u00e9 feita a nomenclatura oficial. As legisla\u00e7\u00f5es municipais se remetem \u00e0 federal, prevendo n\u00e3o ser poss\u00edvel ter nomes de pessoas vivas.<\/p>\n\n\n\n<p>A Prefeitura de Manaus, atualmente, trabalha com um cadastro \u00fanico. Para tirar d\u00favidas sobre a nomenclatura de uma rua, h\u00e1 a Certid\u00e3o de Endere\u00e7o, expedida pelo GMU, cuja primeira via \u00e9 gratuita.<\/p>\n\n\n\n<figure class=\"wp-block-image size-large\"><img loading=\"lazy\" decoding=\"async\" width=\"1024\" height=\"768\" src=\"https:\/\/www.manaus.am.gov.br\/semcom\/wp-content\/uploads\/sites\/5\/2026\/02\/WhatsApp-Image-2026-02-03-at-14.28.58-1-1024x768.jpeg\" alt=\"\" class=\"wp-image-252212\" srcset=\"https:\/\/www.manaus.am.gov.br\/semcom\/wp-content\/uploads\/sites\/5\/2026\/02\/WhatsApp-Image-2026-02-03-at-14.28.58-1-1024x768.jpeg 1024w, https:\/\/www.manaus.am.gov.br\/semcom\/wp-content\/uploads\/sites\/5\/2026\/02\/WhatsApp-Image-2026-02-03-at-14.28.58-1-300x225.jpeg 300w, https:\/\/www.manaus.am.gov.br\/semcom\/wp-content\/uploads\/sites\/5\/2026\/02\/WhatsApp-Image-2026-02-03-at-14.28.58-1-768x576.jpeg 768w, https:\/\/www.manaus.am.gov.br\/semcom\/wp-content\/uploads\/sites\/5\/2026\/02\/WhatsApp-Image-2026-02-03-at-14.28.58-1-1536x1152.jpeg 1536w, https:\/\/www.manaus.am.gov.br\/semcom\/wp-content\/uploads\/sites\/5\/2026\/02\/WhatsApp-Image-2026-02-03-at-14.28.58-1.jpeg 1600w\" sizes=\"(max-width: 1024px) 100vw, 1024px\" \/><figcaption class=\"wp-element-caption\">#paratodosverem &#8211; Setor de regulariza\u00e7\u00e3o urbana<\/figcaption><\/figure>\n\n\n\n<p>&#8212; &#8212; &#8212;<\/p>\n\n\n\n<p><strong>Texto&nbsp;<\/strong>\u2013&nbsp;Claudia do Valle\/Implurb<\/p>\n\n\n\n<p><strong>Fotos&nbsp;<\/strong>\u2013 Maxwell Oliveira\/Implurb<\/p>\n","protected":false},"excerpt":{"rendered":"","protected":false},"author":39,"featured_media":252213,"comment_status":"closed","ping_status":"closed","sticky":false,"template":"","format":"standard","meta":{"footnotes":""},"categories":[977],"tags":[12997,65,19200,19201,77,19202],"acf":[],"yoast_head":"<!-- This site is optimized with the Yoast SEO plugin v23.0 - https:\/\/yoast.com\/wordpress\/plugins\/seo\/ -->\n<title>Prefeitura oficializou 246 vias p\u00fablicas e soma mais de 13 mil logradouros na capital em 2025<\/title>\n<meta name=\"description\" content=\"Prefeitura de Manaus, por meio do Implurb, oficializou 246 vias p\u00fablicas e soma mais de 13 mil logradouros na capital em 2025.\" \/>\n<meta name=\"robots\" content=\"index, follow, max-snippet:-1, max-image-preview:large, max-video-preview:-1\" \/>\n<link rel=\"canonical\" href=\"https:\/\/www.manaus.am.gov.br\/semcom\/oficializacao-vias-publicas-logradouros-manaus\/\" \/>\n<meta property=\"og:locale\" content=\"pt_BR\" \/>\n<meta property=\"og:type\" content=\"article\" \/>\n<meta property=\"og:title\" content=\"Prefeitura oficializou 246 vias p\u00fablicas e soma mais de 13 mil logradouros na capital em 2025\" \/>\n<meta property=\"og:description\" content=\"Prefeitura de Manaus, por meio do Implurb, oficializou 246 vias p\u00fablicas e soma mais de 13 mil logradouros na capital em 2025.\" \/>\n<meta property=\"og:url\" content=\"https:\/\/www.manaus.am.gov.br\/semcom\/oficializacao-vias-publicas-logradouros-manaus\/\" \/>\n<meta property=\"og:site_name\" content=\"SEMCOM\" \/>\n<meta property=\"article:published_time\" content=\"2026-02-03T18:31:37+00:00\" \/>\n<meta property=\"article:modified_time\" content=\"2026-02-03T18:38:28+00:00\" \/>\n<meta property=\"og:image\" content=\"https:\/\/www.manaus.am.gov.br\/semcom\/wp-content\/uploads\/sites\/5\/2026\/02\/WhatsApp-Image-2026-02-03-at-14.28.58.jpeg\" \/>\n\t<meta property=\"og:image:width\" content=\"1600\" \/>\n\t<meta property=\"og:image:height\" content=\"1200\" \/>\n\t<meta property=\"og:image:type\" content=\"image\/jpeg\" \/>\n<meta name=\"author\" content=\"Bruna Greco\" \/>\n<meta name=\"twitter:card\" content=\"summary_large_image\" \/>\n<meta name=\"twitter:label1\" content=\"Written by\" \/>\n\t<meta name=\"twitter:data1\" content=\"Bruna Greco\" \/>\n\t<meta name=\"twitter:label2\" content=\"Est. reading time\" \/>\n\t<meta name=\"twitter:data2\" content=\"3 minutos\" \/>\n<script type=\"application\/ld+json\" class=\"yoast-schema-graph\">{\"@context\":\"https:\/\/schema.org\",\"@graph\":[{\"@type\":\"WebPage\",\"@id\":\"https:\/\/www.manaus.am.gov.br\/semcom\/oficializacao-vias-publicas-logradouros-manaus\/\",\"url\":\"https:\/\/www.manaus.am.gov.br\/semcom\/oficializacao-vias-publicas-logradouros-manaus\/\",\"name\":\"Prefeitura oficializou 246 vias p\u00fablicas e soma mais de 13 mil logradouros na capital em 2025\",\"isPartOf\":{\"@id\":\"https:\/\/www.manaus.am.gov.br\/semcom\/#website\"},\"primaryImageOfPage\":{\"@id\":\"https:\/\/www.manaus.am.gov.br\/semcom\/oficializacao-vias-publicas-logradouros-manaus\/#primaryimage\"},\"image\":{\"@id\":\"https:\/\/www.manaus.am.gov.br\/semcom\/oficializacao-vias-publicas-logradouros-manaus\/#primaryimage\"},\"thumbnailUrl\":\"https:\/\/www.manaus.am.gov.br\/semcom\/wp-content\/uploads\/sites\/5\/2026\/02\/WhatsApp-Image-2026-02-03-at-14.28.58.jpeg\",\"datePublished\":\"2026-02-03T18:31:37+00:00\",\"dateModified\":\"2026-02-03T18:38:28+00:00\",\"author\":{\"@id\":\"https:\/\/www.manaus.am.gov.br\/semcom\/#\/schema\/person\/05d223aea2bf115f9883a6ff3683d81b\"},\"description\":\"Prefeitura de Manaus, por meio do Implurb, oficializou 246 vias p\u00fablicas e soma mais de 13 mil logradouros na capital em 2025.\",\"inLanguage\":\"pt-BR\",\"potentialAction\":[{\"@type\":\"ReadAction\",\"target\":[\"https:\/\/www.manaus.am.gov.br\/semcom\/oficializacao-vias-publicas-logradouros-manaus\/\"]}]},{\"@type\":\"ImageObject\",\"inLanguage\":\"pt-BR\",\"@id\":\"https:\/\/www.manaus.am.gov.br\/semcom\/oficializacao-vias-publicas-logradouros-manaus\/#primaryimage\",\"url\":\"https:\/\/www.manaus.am.gov.br\/semcom\/wp-content\/uploads\/sites\/5\/2026\/02\/WhatsApp-Image-2026-02-03-at-14.28.58.jpeg\",\"contentUrl\":\"https:\/\/www.manaus.am.gov.br\/semcom\/wp-content\/uploads\/sites\/5\/2026\/02\/WhatsApp-Image-2026-02-03-at-14.28.58.jpeg\",\"width\":1600,\"height\":1200,\"caption\":\"#paratodosverem - Servidor da Ger\u00eancia de Mobilidade Urbana (GMU), do Implurb, durante expediente\"},{\"@type\":\"WebSite\",\"@id\":\"https:\/\/www.manaus.am.gov.br\/semcom\/#website\",\"url\":\"https:\/\/www.manaus.am.gov.br\/semcom\/\",\"name\":\"SEMCOM\",\"description\":\"Secretaria Municipal de Comunica\u00e7\u00e3o\",\"potentialAction\":[{\"@type\":\"SearchAction\",\"target\":{\"@type\":\"EntryPoint\",\"urlTemplate\":\"https:\/\/www.manaus.am.gov.br\/semcom\/?s={search_term_string}\"},\"query-input\":\"required name=search_term_string\"}],\"inLanguage\":\"pt-BR\"},{\"@type\":\"Person\",\"@id\":\"https:\/\/www.manaus.am.gov.br\/semcom\/#\/schema\/person\/05d223aea2bf115f9883a6ff3683d81b\",\"name\":\"Bruna Greco\",\"image\":{\"@type\":\"ImageObject\",\"inLanguage\":\"pt-BR\",\"@id\":\"https:\/\/www.manaus.am.gov.br\/semcom\/#\/schema\/person\/image\/\",\"url\":\"https:\/\/secure.gravatar.com\/avatar\/9c877d1a6adc2a055330e5c09a8653ce?s=96&d=mm&r=g\",\"contentUrl\":\"https:\/\/secure.gravatar.com\/avatar\/9c877d1a6adc2a055330e5c09a8653ce?s=96&d=mm&r=g\",\"caption\":\"Bruna Greco\"}}]}<\/script>\n<!-- \/ Yoast SEO plugin. -->","yoast_head_json":{"title":"Prefeitura oficializou 246 vias p\u00fablicas e soma mais de 13 mil logradouros na capital em 2025","description":"Prefeitura de Manaus, por meio do Implurb, oficializou 246 vias p\u00fablicas e soma mais de 13 mil logradouros na capital em 2025.","robots":{"index":"index","follow":"follow","max-snippet":"max-snippet:-1","max-image-preview":"max-image-preview:large","max-video-preview":"max-video-preview:-1"},"canonical":"https:\/\/www.manaus.am.gov.br\/semcom\/oficializacao-vias-publicas-logradouros-manaus\/","og_locale":"pt_BR","og_type":"article","og_title":"Prefeitura oficializou 246 vias p\u00fablicas e soma mais de 13 mil logradouros na capital em 2025","og_description":"Prefeitura de Manaus, por meio do Implurb, oficializou 246 vias p\u00fablicas e soma mais de 13 mil logradouros na capital em 2025.","og_url":"https:\/\/www.manaus.am.gov.br\/semcom\/oficializacao-vias-publicas-logradouros-manaus\/","og_site_name":"SEMCOM","article_published_time":"2026-02-03T18:31:37+00:00","article_modified_time":"2026-02-03T18:38:28+00:00","og_image":[{"width":1600,"height":1200,"url":"https:\/\/www.manaus.am.gov.br\/semcom\/wp-content\/uploads\/sites\/5\/2026\/02\/WhatsApp-Image-2026-02-03-at-14.28.58.jpeg","type":"image\/jpeg"}],"author":"Bruna Greco","twitter_card":"summary_large_image","twitter_misc":{"Written by":"Bruna Greco","Est. reading time":"3 minutos"},"schema":{"@context":"https:\/\/schema.org","@graph":[{"@type":"WebPage","@id":"https:\/\/www.manaus.am.gov.br\/semcom\/oficializacao-vias-publicas-logradouros-manaus\/","url":"https:\/\/www.manaus.am.gov.br\/semcom\/oficializacao-vias-publicas-logradouros-manaus\/","name":"Prefeitura oficializou 246 vias p\u00fablicas e soma mais de 13 mil logradouros na capital em 2025","isPartOf":{"@id":"https:\/\/www.manaus.am.gov.br\/semcom\/#website"},"primaryImageOfPage":{"@id":"https:\/\/www.manaus.am.gov.br\/semcom\/oficializacao-vias-publicas-logradouros-manaus\/#primaryimage"},"image":{"@id":"https:\/\/www.manaus.am.gov.br\/semcom\/oficializacao-vias-publicas-logradouros-manaus\/#primaryimage"},"thumbnailUrl":"https:\/\/www.manaus.am.gov.br\/semcom\/wp-content\/uploads\/sites\/5\/2026\/02\/WhatsApp-Image-2026-02-03-at-14.28.58.jpeg","datePublished":"2026-02-03T18:31:37+00:00","dateModified":"2026-02-03T18:38:28+00:00","author":{"@id":"https:\/\/www.manaus.am.gov.br\/semcom\/#\/schema\/person\/05d223aea2bf115f9883a6ff3683d81b"},"description":"Prefeitura de Manaus, por meio do Implurb, oficializou 246 vias p\u00fablicas e soma mais de 13 mil logradouros na capital em 2025.","inLanguage":"pt-BR","potentialAction":[{"@type":"ReadAction","target":["https:\/\/www.manaus.am.gov.br\/semcom\/oficializacao-vias-publicas-logradouros-manaus\/"]}]},{"@type":"ImageObject","inLanguage":"pt-BR","@id":"https:\/\/www.manaus.am.gov.br\/semcom\/oficializacao-vias-publicas-logradouros-manaus\/#primaryimage","url":"https:\/\/www.manaus.am.gov.br\/semcom\/wp-content\/uploads\/sites\/5\/2026\/02\/WhatsApp-Image-2026-02-03-at-14.28.58.jpeg","contentUrl":"https:\/\/www.manaus.am.gov.br\/semcom\/wp-content\/uploads\/sites\/5\/2026\/02\/WhatsApp-Image-2026-02-03-at-14.28.58.jpeg","width":1600,"height":1200,"caption":"#paratodosverem - Servidor da Ger\u00eancia de Mobilidade Urbana (GMU), do Implurb, durante expediente"},{"@type":"WebSite","@id":"https:\/\/www.manaus.am.gov.br\/semcom\/#website","url":"https:\/\/www.manaus.am.gov.br\/semcom\/","name":"SEMCOM","description":"Secretaria Municipal de Comunica\u00e7\u00e3o","potentialAction":[{"@type":"SearchAction","target":{"@type":"EntryPoint","urlTemplate":"https:\/\/www.manaus.am.gov.br\/semcom\/?s={search_term_string}"},"query-input":"required name=search_term_string"}],"inLanguage":"pt-BR"},{"@type":"Person","@id":"https:\/\/www.manaus.am.gov.br\/semcom\/#\/schema\/person\/05d223aea2bf115f9883a6ff3683d81b","name":"Bruna Greco","image":{"@type":"ImageObject","inLanguage":"pt-BR","@id":"https:\/\/www.manaus.am.gov.br\/semcom\/#\/schema\/person\/image\/","url":"https:\/\/secure.gravatar.com\/avatar\/9c877d1a6adc2a055330e5c09a8653ce?s=96&d=mm&r=g","contentUrl":"https:\/\/secure.gravatar.com\/avatar\/9c877d1a6adc2a055330e5c09a8653ce?s=96&d=mm&r=g","caption":"Bruna Greco"}}]}},"_links":{"self":[{"href":"https:\/\/www.manaus.am.gov.br\/semcom\/wp-json\/wp\/v2\/posts\/252211"}],"collection":[{"href":"https:\/\/www.manaus.am.gov.br\/semcom\/wp-json\/wp\/v2\/posts"}],"about":[{"href":"https:\/\/www.manaus.am.gov.br\/semcom\/wp-json\/wp\/v2\/types\/post"}],"author":[{"embeddable":true,"href":"https:\/\/www.manaus.am.gov.br\/semcom\/wp-json\/wp\/v2\/users\/39"}],"replies":[{"embeddable":true,"href":"https:\/\/www.manaus.am.gov.br\/semcom\/wp-json\/wp\/v2\/comments?post=252211"}],"version-history":[{"count":3,"href":"https:\/\/www.manaus.am.gov.br\/semcom\/wp-json\/wp\/v2\/posts\/252211\/revisions"}],"predecessor-version":[{"id":252216,"href":"https:\/\/www.manaus.am.gov.br\/semcom\/wp-json\/wp\/v2\/posts\/252211\/revisions\/252216"}],"wp:featuredmedia":[{"embeddable":true,"href":"https:\/\/www.manaus.am.gov.br\/semcom\/wp-json\/wp\/v2\/media\/252213"}],"wp:attachment":[{"href":"https:\/\/www.manaus.am.gov.br\/semcom\/wp-json\/wp\/v2\/media?parent=252211"}],"wp:term":[{"taxonomy":"category","embeddable":true,"href":"https:\/\/www.manaus.am.gov.br\/semcom\/wp-json\/wp\/v2\/categories?post=252211"},{"taxonomy":"post_tag","embeddable":true,"href":"https:\/\/www.manaus.am.gov.br\/semcom\/wp-json\/wp\/v2\/tags?post=252211"}],"curies":[{"name":"wp","href":"https:\/\/api.w.org\/{rel}","templated":true}]}}