{"id":252152,"date":"2026-02-02T20:28:48","date_gmt":"2026-02-02T23:28:48","guid":{"rendered":"https:\/\/www.manaus.am.gov.br\/semcom\/operacao-de-limpeza\/"},"modified":"2026-02-03T11:08:04","modified_gmt":"2026-02-03T14:08:04","slug":"operacao-de-limpeza","status":"publish","type":"post","link":"https:\/\/www.manaus.am.gov.br\/semcom\/operacao-de-limpeza\/","title":{"rendered":"Prefeitura de Manaus realiza opera\u00e7\u00e3o de limpeza na praia da Ponta Negra"},"content":{"rendered":"\n<p><strong><br><\/strong>A<a href=\"https:\/\/www.instagram.com\/prefeiturademanaus\/\"> Prefeitura de Manaus, <\/a>por meio da <a href=\"https:\/\/www.manaus.am.gov.br\/\">Secretaria Municipal de Limpeza Urbana (Semulsp)<\/a>, realizou uma opera\u00e7\u00e3o refor\u00e7ada de limpeza na praia da Ponta Negra, nesta segunda-feira, 2\/2, ap\u00f3s o grande show musical realizado no local no domingo, dia 1\u00ba. Em raz\u00e3o do evento, a \u00e1rea amanheceu com ac\u00famulo significativo de res\u00edduos, exigindo mobiliza\u00e7\u00e3o especial das equipes.<br><br>As frentes de limpeza da Semulsp estavam mobilizadas desde as primeiras horas da manh\u00e3 e iniciaram os servi\u00e7os por volta das 6h30, conforme o planejamento operacional. No entanto, o servi\u00e7o foi suspenso temporariamente devido \u00e0 forte chuva registrada na capital, por quest\u00f5es de seguran\u00e7a e para garantir a efici\u00eancia da opera\u00e7\u00e3o.<br><br>No fim da manh\u00e3, as equipes retornaram imediatamente \u00e0s atividades. A opera\u00e7\u00e3o seguiu ao longo do dia, com a mobiliza\u00e7\u00e3o de dezenas de trabalhadores, al\u00e9m do uso de m\u00e1quinas, ca\u00e7ambas e balsas, garantindo a limpeza da faixa de areia e do entorno da praia.<br><br>A resposta r\u00e1pida segue um protocolo adotado pela Prefeitura de Manaus ap\u00f3s grandes eventos, a exemplo do que ocorre tradicionalmente no R\u00e9veillon, quando a orla da cidade tamb\u00e9m \u00e9 limpa ainda nas primeiras horas do dia seguinte.<br><br>Segundo o secret\u00e1rio municipal de Limpeza Urbana, Sab\u00e1 Reis, a atua\u00e7\u00e3o imediata reflete uma diretriz clara da gest\u00e3o municipal.<br><br>\u201cEssa resposta r\u00e1pida \u00e9 uma determina\u00e7\u00e3o do prefeito David Almeida com o acompanhamento direto do vice-prefeito Renato Junior. Mesmo com a chuva, nossas equipes estavam prontas. O trabalho foi momentaneamente retardado, mas n\u00e3o foi impedido. Assim que houve tr\u00e9gua, retomamos a limpeza para devolver a Ponta Negra organizada \u00e0 popula\u00e7\u00e3o\u201d, afirmou Sab\u00e1 Reis.<br><br>A secretaria refor\u00e7a o apelo \u00e0 popula\u00e7\u00e3o para o descarte correto dos res\u00edduos. Na praia, a orienta\u00e7\u00e3o \u00e9 que cada cidad\u00e3o recolha o lixo que gerar e utilize os coletores instalados ao longo do cal\u00e7ad\u00e3o, contribuindo para a preserva\u00e7\u00e3o do espa\u00e7o p\u00fablico e da qualidade ambiental.<br><br><strong>Colabora\u00e7\u00e3o<\/strong><br><br>A Semulsp destaca que a limpeza urbana \u00e9 um esfor\u00e7o compartilhado. O poder p\u00fablico atua de forma r\u00e1pida e permanente, mas a colabora\u00e7\u00e3o da popula\u00e7\u00e3o \u00e9 fundamental para reduzir impactos ambientais e manter os espa\u00e7os de lazer limpos e organizados.<br><br>No caso de eventos de grande porte, a secretaria ressalta que os organizadores tamb\u00e9m t\u00eam responsabilidade na gest\u00e3o dos res\u00edduos gerados, devendo adotar medidas preventivas, como a disponibiliza\u00e7\u00e3o de lixeiras, equipes de apoio e planejamento adequado para o recolhimento do lixo.<br><br>A Prefeitura de Manaus, por meio da Semulsp, segue atuando com efici\u00eancia e compromisso, refor\u00e7ando que cuidar da cidade \u00e9 um dever coletivo.<br><br>\u2014- \u2014- \u2014-<br><strong>Texto &#8211;<\/strong> Dora Tupinamb\u00e1 \/Semulsp<br><strong>Fotos &#8211; <\/strong>\u00a0Divulga\u00e7\u00e3o\/Semulsp<\/p>\n","protected":false},"excerpt":{"rendered":"","protected":false},"author":68,"featured_media":252153,"comment_status":"closed","ping_status":"closed","sticky":false,"template":"","format":"standard","meta":{"footnotes":""},"categories":[1453],"tags":[19193,3969,77,301],"acf":[],"yoast_head":"<!-- This site is optimized with the Yoast SEO plugin v23.0 - https:\/\/yoast.com\/wordpress\/plugins\/seo\/ -->\n<title>Prefeitura realiza opera\u00e7\u00e3o de limpeza na praia da Ponta Negra<\/title>\n<meta name=\"description\" content=\"A Prefeitura de Manaus realizou uma opera\u00e7\u00e3o refor\u00e7ada de limpeza na praia da Ponta Negra, nesta segunda-feira, 2\/2.\" \/>\n<meta name=\"robots\" content=\"index, follow, max-snippet:-1, max-image-preview:large, max-video-preview:-1\" \/>\n<link rel=\"canonical\" href=\"https:\/\/www.manaus.am.gov.br\/semcom\/operacao-de-limpeza\/\" \/>\n<meta property=\"og:locale\" content=\"pt_BR\" \/>\n<meta property=\"og:type\" content=\"article\" \/>\n<meta property=\"og:title\" content=\"Prefeitura realiza opera\u00e7\u00e3o de limpeza na praia da Ponta Negra\" \/>\n<meta property=\"og:description\" content=\"A Prefeitura de Manaus realizou uma opera\u00e7\u00e3o refor\u00e7ada de limpeza na praia da Ponta Negra, nesta segunda-feira, 2\/2.\" \/>\n<meta property=\"og:url\" content=\"https:\/\/www.manaus.am.gov.br\/semcom\/operacao-de-limpeza\/\" \/>\n<meta property=\"og:site_name\" content=\"SEMCOM\" \/>\n<meta property=\"article:published_time\" content=\"2026-02-02T23:28:48+00:00\" \/>\n<meta property=\"article:modified_time\" content=\"2026-02-03T14:08:04+00:00\" \/>\n<meta property=\"og:image\" content=\"https:\/\/www.manaus.am.gov.br\/semcom\/wp-content\/uploads\/sites\/5\/2026\/02\/Prefeitura-de-Manaus-realiza-operacao-de-limpeza-na-praia-da-Ponta-Negra-3.jpeg\" \/>\n\t<meta property=\"og:image:width\" content=\"1600\" \/>\n\t<meta property=\"og:image:height\" content=\"793\" \/>\n\t<meta property=\"og:image:type\" content=\"image\/jpeg\" \/>\n<meta name=\"author\" content=\"bvalente\" \/>\n<meta name=\"twitter:card\" content=\"summary_large_image\" \/>\n<meta name=\"twitter:label1\" content=\"Written by\" \/>\n\t<meta name=\"twitter:data1\" content=\"bvalente\" \/>\n\t<meta name=\"twitter:label2\" content=\"Est. reading time\" \/>\n\t<meta name=\"twitter:data2\" content=\"3 minutos\" \/>\n<script type=\"application\/ld+json\" class=\"yoast-schema-graph\">{\"@context\":\"https:\/\/schema.org\",\"@graph\":[{\"@type\":\"WebPage\",\"@id\":\"https:\/\/www.manaus.am.gov.br\/semcom\/operacao-de-limpeza\/\",\"url\":\"https:\/\/www.manaus.am.gov.br\/semcom\/operacao-de-limpeza\/\",\"name\":\"Prefeitura realiza opera\u00e7\u00e3o de limpeza na praia da Ponta Negra\",\"isPartOf\":{\"@id\":\"https:\/\/www.manaus.am.gov.br\/semcom\/#website\"},\"primaryImageOfPage\":{\"@id\":\"https:\/\/www.manaus.am.gov.br\/semcom\/operacao-de-limpeza\/#primaryimage\"},\"image\":{\"@id\":\"https:\/\/www.manaus.am.gov.br\/semcom\/operacao-de-limpeza\/#primaryimage\"},\"thumbnailUrl\":\"https:\/\/www.manaus.am.gov.br\/semcom\/wp-content\/uploads\/sites\/5\/2026\/02\/Prefeitura-de-Manaus-realiza-operacao-de-limpeza-na-praia-da-Ponta-Negra-3.jpeg\",\"datePublished\":\"2026-02-02T23:28:48+00:00\",\"dateModified\":\"2026-02-03T14:08:04+00:00\",\"author\":{\"@id\":\"https:\/\/www.manaus.am.gov.br\/semcom\/#\/schema\/person\/466a0e03ae4b6062809046bd560ac955\"},\"description\":\"A Prefeitura de Manaus realizou uma opera\u00e7\u00e3o refor\u00e7ada de limpeza na praia da Ponta Negra, nesta segunda-feira, 2\/2.\",\"inLanguage\":\"pt-BR\",\"potentialAction\":[{\"@type\":\"ReadAction\",\"target\":[\"https:\/\/www.manaus.am.gov.br\/semcom\/operacao-de-limpeza\/\"]}]},{\"@type\":\"ImageObject\",\"inLanguage\":\"pt-BR\",\"@id\":\"https:\/\/www.manaus.am.gov.br\/semcom\/operacao-de-limpeza\/#primaryimage\",\"url\":\"https:\/\/www.manaus.am.gov.br\/semcom\/wp-content\/uploads\/sites\/5\/2026\/02\/Prefeitura-de-Manaus-realiza-operacao-de-limpeza-na-praia-da-Ponta-Negra-3.jpeg\",\"contentUrl\":\"https:\/\/www.manaus.am.gov.br\/semcom\/wp-content\/uploads\/sites\/5\/2026\/02\/Prefeitura-de-Manaus-realiza-operacao-de-limpeza-na-praia-da-Ponta-Negra-3.jpeg\",\"width\":1600,\"height\":793,\"caption\":\"#paratodosverem - Equipes da Semulsp realizando limpeza na praia da Ponta Negra\"},{\"@type\":\"WebSite\",\"@id\":\"https:\/\/www.manaus.am.gov.br\/semcom\/#website\",\"url\":\"https:\/\/www.manaus.am.gov.br\/semcom\/\",\"name\":\"SEMCOM\",\"description\":\"Secretaria Municipal de Comunica\u00e7\u00e3o\",\"potentialAction\":[{\"@type\":\"SearchAction\",\"target\":{\"@type\":\"EntryPoint\",\"urlTemplate\":\"https:\/\/www.manaus.am.gov.br\/semcom\/?s={search_term_string}\"},\"query-input\":\"required name=search_term_string\"}],\"inLanguage\":\"pt-BR\"},{\"@type\":\"Person\",\"@id\":\"https:\/\/www.manaus.am.gov.br\/semcom\/#\/schema\/person\/466a0e03ae4b6062809046bd560ac955\",\"name\":\"bvalente\",\"image\":{\"@type\":\"ImageObject\",\"inLanguage\":\"pt-BR\",\"@id\":\"https:\/\/www.manaus.am.gov.br\/semcom\/#\/schema\/person\/image\/\",\"url\":\"https:\/\/secure.gravatar.com\/avatar\/3e69bc2b014bdad41adfec3a39de07d2?s=96&d=mm&r=g\",\"contentUrl\":\"https:\/\/secure.gravatar.com\/avatar\/3e69bc2b014bdad41adfec3a39de07d2?s=96&d=mm&r=g\",\"caption\":\"bvalente\"}}]}<\/script>\n<!-- \/ Yoast SEO plugin. -->","yoast_head_json":{"title":"Prefeitura realiza opera\u00e7\u00e3o de limpeza na praia da Ponta Negra","description":"A Prefeitura de Manaus realizou uma opera\u00e7\u00e3o refor\u00e7ada de limpeza na praia da Ponta Negra, nesta segunda-feira, 2\/2.","robots":{"index":"index","follow":"follow","max-snippet":"max-snippet:-1","max-image-preview":"max-image-preview:large","max-video-preview":"max-video-preview:-1"},"canonical":"https:\/\/www.manaus.am.gov.br\/semcom\/operacao-de-limpeza\/","og_locale":"pt_BR","og_type":"article","og_title":"Prefeitura realiza opera\u00e7\u00e3o de limpeza na praia da Ponta Negra","og_description":"A Prefeitura de Manaus realizou uma opera\u00e7\u00e3o refor\u00e7ada de limpeza na praia da Ponta Negra, nesta segunda-feira, 2\/2.","og_url":"https:\/\/www.manaus.am.gov.br\/semcom\/operacao-de-limpeza\/","og_site_name":"SEMCOM","article_published_time":"2026-02-02T23:28:48+00:00","article_modified_time":"2026-02-03T14:08:04+00:00","og_image":[{"width":1600,"height":793,"url":"https:\/\/www.manaus.am.gov.br\/semcom\/wp-content\/uploads\/sites\/5\/2026\/02\/Prefeitura-de-Manaus-realiza-operacao-de-limpeza-na-praia-da-Ponta-Negra-3.jpeg","type":"image\/jpeg"}],"author":"bvalente","twitter_card":"summary_large_image","twitter_misc":{"Written by":"bvalente","Est. reading time":"3 minutos"},"schema":{"@context":"https:\/\/schema.org","@graph":[{"@type":"WebPage","@id":"https:\/\/www.manaus.am.gov.br\/semcom\/operacao-de-limpeza\/","url":"https:\/\/www.manaus.am.gov.br\/semcom\/operacao-de-limpeza\/","name":"Prefeitura realiza opera\u00e7\u00e3o de limpeza na praia da Ponta Negra","isPartOf":{"@id":"https:\/\/www.manaus.am.gov.br\/semcom\/#website"},"primaryImageOfPage":{"@id":"https:\/\/www.manaus.am.gov.br\/semcom\/operacao-de-limpeza\/#primaryimage"},"image":{"@id":"https:\/\/www.manaus.am.gov.br\/semcom\/operacao-de-limpeza\/#primaryimage"},"thumbnailUrl":"https:\/\/www.manaus.am.gov.br\/semcom\/wp-content\/uploads\/sites\/5\/2026\/02\/Prefeitura-de-Manaus-realiza-operacao-de-limpeza-na-praia-da-Ponta-Negra-3.jpeg","datePublished":"2026-02-02T23:28:48+00:00","dateModified":"2026-02-03T14:08:04+00:00","author":{"@id":"https:\/\/www.manaus.am.gov.br\/semcom\/#\/schema\/person\/466a0e03ae4b6062809046bd560ac955"},"description":"A Prefeitura de Manaus realizou uma opera\u00e7\u00e3o refor\u00e7ada de limpeza na praia da Ponta Negra, nesta segunda-feira, 2\/2.","inLanguage":"pt-BR","potentialAction":[{"@type":"ReadAction","target":["https:\/\/www.manaus.am.gov.br\/semcom\/operacao-de-limpeza\/"]}]},{"@type":"ImageObject","inLanguage":"pt-BR","@id":"https:\/\/www.manaus.am.gov.br\/semcom\/operacao-de-limpeza\/#primaryimage","url":"https:\/\/www.manaus.am.gov.br\/semcom\/wp-content\/uploads\/sites\/5\/2026\/02\/Prefeitura-de-Manaus-realiza-operacao-de-limpeza-na-praia-da-Ponta-Negra-3.jpeg","contentUrl":"https:\/\/www.manaus.am.gov.br\/semcom\/wp-content\/uploads\/sites\/5\/2026\/02\/Prefeitura-de-Manaus-realiza-operacao-de-limpeza-na-praia-da-Ponta-Negra-3.jpeg","width":1600,"height":793,"caption":"#paratodosverem - Equipes da Semulsp realizando limpeza na praia da Ponta Negra"},{"@type":"WebSite","@id":"https:\/\/www.manaus.am.gov.br\/semcom\/#website","url":"https:\/\/www.manaus.am.gov.br\/semcom\/","name":"SEMCOM","description":"Secretaria Municipal de Comunica\u00e7\u00e3o","potentialAction":[{"@type":"SearchAction","target":{"@type":"EntryPoint","urlTemplate":"https:\/\/www.manaus.am.gov.br\/semcom\/?s={search_term_string}"},"query-input":"required name=search_term_string"}],"inLanguage":"pt-BR"},{"@type":"Person","@id":"https:\/\/www.manaus.am.gov.br\/semcom\/#\/schema\/person\/466a0e03ae4b6062809046bd560ac955","name":"bvalente","image":{"@type":"ImageObject","inLanguage":"pt-BR","@id":"https:\/\/www.manaus.am.gov.br\/semcom\/#\/schema\/person\/image\/","url":"https:\/\/secure.gravatar.com\/avatar\/3e69bc2b014bdad41adfec3a39de07d2?s=96&d=mm&r=g","contentUrl":"https:\/\/secure.gravatar.com\/avatar\/3e69bc2b014bdad41adfec3a39de07d2?s=96&d=mm&r=g","caption":"bvalente"}}]}},"_links":{"self":[{"href":"https:\/\/www.manaus.am.gov.br\/semcom\/wp-json\/wp\/v2\/posts\/252152"}],"collection":[{"href":"https:\/\/www.manaus.am.gov.br\/semcom\/wp-json\/wp\/v2\/posts"}],"about":[{"href":"https:\/\/www.manaus.am.gov.br\/semcom\/wp-json\/wp\/v2\/types\/post"}],"author":[{"embeddable":true,"href":"https:\/\/www.manaus.am.gov.br\/semcom\/wp-json\/wp\/v2\/users\/68"}],"replies":[{"embeddable":true,"href":"https:\/\/www.manaus.am.gov.br\/semcom\/wp-json\/wp\/v2\/comments?post=252152"}],"version-history":[{"count":2,"href":"https:\/\/www.manaus.am.gov.br\/semcom\/wp-json\/wp\/v2\/posts\/252152\/revisions"}],"predecessor-version":[{"id":252174,"href":"https:\/\/www.manaus.am.gov.br\/semcom\/wp-json\/wp\/v2\/posts\/252152\/revisions\/252174"}],"wp:featuredmedia":[{"embeddable":true,"href":"https:\/\/www.manaus.am.gov.br\/semcom\/wp-json\/wp\/v2\/media\/252153"}],"wp:attachment":[{"href":"https:\/\/www.manaus.am.gov.br\/semcom\/wp-json\/wp\/v2\/media?parent=252152"}],"wp:term":[{"taxonomy":"category","embeddable":true,"href":"https:\/\/www.manaus.am.gov.br\/semcom\/wp-json\/wp\/v2\/categories?post=252152"},{"taxonomy":"post_tag","embeddable":true,"href":"https:\/\/www.manaus.am.gov.br\/semcom\/wp-json\/wp\/v2\/tags?post=252152"}],"curies":[{"name":"wp","href":"https:\/\/api.w.org\/{rel}","templated":true}]}}