{"id":252124,"date":"2026-02-02T18:09:26","date_gmt":"2026-02-02T21:09:26","guid":{"rendered":"https:\/\/www.manaus.am.gov.br\/semcom\/atendimento-equipes-de-pronta-resposta\/"},"modified":"2026-02-03T13:40:11","modified_gmt":"2026-02-03T16:40:11","slug":"atendimento-equipes-de-pronta-resposta-chuvas-intensas","status":"publish","type":"post","link":"https:\/\/www.manaus.am.gov.br\/semcom\/atendimento-equipes-de-pronta-resposta-chuvas-intensas\/","title":{"rendered":"Prefeitura de Manaus atende ocorr\u00eancias e mant\u00e9m equipes de pronta resposta durante chuvas desta segunda-feira"},"content":{"rendered":"\n<p><br>A <a href=\"https:\/\/www.manaus.am.gov.br\">Prefeitura de Manaus<\/a>, por meio do <a href=\"https:\/\/www.instagram.com\/ccc.manaus\/\">Centro de Coopera\u00e7\u00e3o da Cidade<\/a> (CCC) e da Secretaria Executiva de Prote\u00e7\u00e3o e Defesa Civil Municipal (Sepdec), vinculada \u00e0 <a href=\"https:\/\/www.instagram.com\/semsegmanaus\/\">Secretaria Municipal de Seguran\u00e7a P\u00fablica e Defesa Social<\/a> (Semseg), registrou oito ocorr\u00eancias relacionadas \u00e0s chuvas intensas, at\u00e9 as 10h desta segunda-feira, 2\/2. As demandas foram recebidas pelo Disque 199 e imediatamente encaminhadas \u00e0s equipes de campo, que atuam nas \u00e1reas mais impactadas da capital.<br><br>Entre as ocorr\u00eancias registradas est\u00e3o quatro alagamentos, sendo um na zona Leste, um na zona Sul e dois na zona Centro-Sul; um deslizamento de barranco na zona Leste; dois desabamentos, sendo um de resid\u00eancia e um de muro na zona Norte; e um risco de desabamento na zona Centro-Oeste.<br><br>De acordo com o diretor de Opera\u00e7\u00f5es da Defesa Civil Municipal, Jos\u00e9 Mendes, as equipes iniciaram os atendimentos ainda nas primeiras horas da manh\u00e3.<br><br>\u201cA chuva iniciou na madrugada, a partir das 2h30 para 3h, e houve alguns danos. Em uma das ocorr\u00eancias, um muro desabou sobre uma resid\u00eancia. Fizemos a vistoria t\u00e9cnica e constatamos que o im\u00f3vel n\u00e3o tem condi\u00e7\u00f5es de moradia, pois apresenta fissuras, rachaduras e risco de novos desabamentos. Por determina\u00e7\u00e3o do prefeito, estamos encaminhando as fam\u00edlias para a Secretaria Municipal de Assist\u00eancia Social, para garantir o direito e a seguran\u00e7a dessas pessoas\u201d, explicou.<br><br>Moradora da resid\u00eancia atingida no bairro Nova Cidade, na zona Norte, Kelly Cristina da Encarna\u00e7\u00e3o Arruda, relatou o susto ao perceber o desabamento durante a madrugada.<br><br>\u201cEu estava dormindo quando aconteceu. A janela quebrou e os estilha\u00e7os ca\u00edram em cima da cama, mas gra\u00e7as a Deus ningu\u00e9m se feriu. S\u00f3 pe\u00e7o ajuda, porque atr\u00e1s da casa est\u00e1 cedendo e corre risco de cair para a resid\u00eancia da vizinha\u201d, disse.<br><br>Em outra ocorr\u00eancia, na rua Xingu, no bairro Campo Dourado, tamb\u00e9m na zona Norte, o morador Miller Mar\u00e7al da Silva contou que a fam\u00edlia n\u00e3o estava em casa no momento do desabamento.<\/p>\n\n\n\n<p><br>\u201cGra\u00e7as a Deus n\u00f3s n\u00e3o est\u00e1vamos na resid\u00eancia. Quando cheguei, encontrei a cozinha destru\u00edda, com barro e a parede ca\u00edda. Perdemos praticamente toda a cozinha. De imediato conseguimos um lugar provis\u00f3rio para ficar, porque n\u00e3o havia mais condi\u00e7\u00e3o de permanecer na casa\u201d, relatou.<br><br><strong>Dados<\/strong><br><br>Segundo dados do Centro Nacional de Monitoramento e Alertas de Desastres Naturais (Cemaden), os bairros com maiores volumes de chuva nas \u00faltimas 24 horas foram Reden\u00e7\u00e3o, com 58 mil\u00edmetros; Tarum\u00e3, com 54 mil\u00edmetros; Santa Etelvina, com 53 mil\u00edmetros; bairro da Uni\u00e3o, com 43 mil\u00edmetros; e Mauazinho, com 41 mil\u00edmetros.<br><br>A Prefeitura de Manaus refor\u00e7a que o Disque 199, da Defesa Civil, funciona 24 horas por dia, operado no CCC, para registro de ocorr\u00eancias como alagamentos, deslizamentos, rachaduras, desabamentos e riscos estruturais. Em situa\u00e7\u00f5es de maior gravidade, a popula\u00e7\u00e3o tamb\u00e9m pode acionar o Corpo de Bombeiros pelo 193.<br><br>A Secretaria Municipal de Seguran\u00e7a P\u00fablica e Defesa Social (Semseg), por meio da Secretaria Executiva de Prote\u00e7\u00e3o e Defesa Civil Municipal (Sepdec), \u00e9 respons\u00e1vel por coordenar a\u00e7\u00f5es de preven\u00e7\u00e3o, monitoramento e resposta a desastres em Manaus, atuando para garantir a seguran\u00e7a da popula\u00e7\u00e3o e reduzir riscos decorrentes de eventos naturais.<br><\/p>\n\n\n\n<p>\u2014- \u2014- \u2014<br><strong>Texto \u2013 <\/strong>Kal\u00edh Pinheiro \/ Semcom<br><strong>Fotos &#8211; <\/strong>Ant\u00f4nio Pereira \/ Semcom<br><strong>Dispon\u00edveis em &#8211;<\/strong> <a href=\"https:\/\/flic.kr\/s\/aHBqjCJqSw\">https:\/\/flic.kr\/s\/aHBqjCJqSw<\/a>&nbsp;<\/p>\n","protected":false},"excerpt":{"rendered":"","protected":false},"author":68,"featured_media":252125,"comment_status":"closed","ping_status":"closed","sticky":false,"template":"","format":"standard","meta":{"footnotes":""},"categories":[6005],"tags":[19183,346,77],"acf":[],"yoast_head":"<!-- This site is optimized with the Yoast SEO plugin v23.0 - https:\/\/yoast.com\/wordpress\/plugins\/seo\/ -->\n<title>Prefeitura de Manaus atende ocorr\u00eancias e mant\u00e9m equipes de pronta resposta durante chuvas desta segunda-feira<\/title>\n<meta name=\"robots\" content=\"index, follow, max-snippet:-1, max-image-preview:large, max-video-preview:-1\" \/>\n<link rel=\"canonical\" href=\"https:\/\/www.manaus.am.gov.br\/semcom\/atendimento-equipes-de-pronta-resposta\/\" \/>\n<meta property=\"og:locale\" content=\"pt_BR\" \/>\n<meta property=\"og:type\" content=\"article\" \/>\n<meta property=\"og:title\" content=\"Prefeitura de Manaus atende ocorr\u00eancias e mant\u00e9m equipes de pronta resposta durante chuvas desta segunda-feira\" \/>\n<meta property=\"og:url\" content=\"https:\/\/www.manaus.am.gov.br\/semcom\/atendimento-equipes-de-pronta-resposta\/\" \/>\n<meta property=\"og:site_name\" content=\"SEMCOM\" \/>\n<meta property=\"article:published_time\" content=\"2026-02-02T21:09:26+00:00\" \/>\n<meta property=\"article:modified_time\" content=\"2026-02-03T16:40:11+00:00\" \/>\n<meta property=\"og:image\" content=\"https:\/\/www.manaus.am.gov.br\/semcom\/wp-content\/uploads\/sites\/5\/2026\/02\/55074926239_3acf1117db_c.jpg\" \/>\n\t<meta property=\"og:image:width\" content=\"799\" \/>\n\t<meta property=\"og:image:height\" content=\"533\" \/>\n\t<meta property=\"og:image:type\" content=\"image\/jpeg\" \/>\n<meta name=\"author\" content=\"bvalente\" \/>\n<meta name=\"twitter:card\" content=\"summary_large_image\" \/>\n<meta name=\"twitter:label1\" content=\"Written by\" \/>\n\t<meta name=\"twitter:data1\" content=\"bvalente\" \/>\n\t<meta name=\"twitter:label2\" content=\"Est. reading time\" \/>\n\t<meta name=\"twitter:data2\" content=\"4 minutos\" \/>\n<script type=\"application\/ld+json\" class=\"yoast-schema-graph\">{\"@context\":\"https:\/\/schema.org\",\"@graph\":[{\"@type\":\"WebPage\",\"@id\":\"https:\/\/www.manaus.am.gov.br\/semcom\/atendimento-equipes-de-pronta-resposta\/\",\"url\":\"https:\/\/www.manaus.am.gov.br\/semcom\/atendimento-equipes-de-pronta-resposta\/\",\"name\":\"Prefeitura de Manaus atende ocorr\u00eancias e mant\u00e9m equipes de pronta resposta durante chuvas desta segunda-feira\",\"isPartOf\":{\"@id\":\"https:\/\/www.manaus.am.gov.br\/semcom\/#website\"},\"primaryImageOfPage\":{\"@id\":\"https:\/\/www.manaus.am.gov.br\/semcom\/atendimento-equipes-de-pronta-resposta\/#primaryimage\"},\"image\":{\"@id\":\"https:\/\/www.manaus.am.gov.br\/semcom\/atendimento-equipes-de-pronta-resposta\/#primaryimage\"},\"thumbnailUrl\":\"https:\/\/www.manaus.am.gov.br\/semcom\/wp-content\/uploads\/sites\/5\/2026\/02\/55074926239_3acf1117db_c.jpg\",\"datePublished\":\"2026-02-02T21:09:26+00:00\",\"dateModified\":\"2026-02-03T16:40:11+00:00\",\"author\":{\"@id\":\"https:\/\/www.manaus.am.gov.br\/semcom\/#\/schema\/person\/466a0e03ae4b6062809046bd560ac955\"},\"inLanguage\":\"pt-BR\",\"potentialAction\":[{\"@type\":\"ReadAction\",\"target\":[\"https:\/\/www.manaus.am.gov.br\/semcom\/atendimento-equipes-de-pronta-resposta\/\"]}]},{\"@type\":\"ImageObject\",\"inLanguage\":\"pt-BR\",\"@id\":\"https:\/\/www.manaus.am.gov.br\/semcom\/atendimento-equipes-de-pronta-resposta\/#primaryimage\",\"url\":\"https:\/\/www.manaus.am.gov.br\/semcom\/wp-content\/uploads\/sites\/5\/2026\/02\/55074926239_3acf1117db_c.jpg\",\"contentUrl\":\"https:\/\/www.manaus.am.gov.br\/semcom\/wp-content\/uploads\/sites\/5\/2026\/02\/55074926239_3acf1117db_c.jpg\",\"width\":799,\"height\":533,\"caption\":\"#paratodosverem - Diretor de Opera\u00e7\u00f5es da Defesa Civil Municipal, Jos\u00e9 Mendes vistoriando resid\u00eancia que sofreu desabamento\"},{\"@type\":\"WebSite\",\"@id\":\"https:\/\/www.manaus.am.gov.br\/semcom\/#website\",\"url\":\"https:\/\/www.manaus.am.gov.br\/semcom\/\",\"name\":\"SEMCOM\",\"description\":\"Secretaria Municipal de Comunica\u00e7\u00e3o\",\"potentialAction\":[{\"@type\":\"SearchAction\",\"target\":{\"@type\":\"EntryPoint\",\"urlTemplate\":\"https:\/\/www.manaus.am.gov.br\/semcom\/?s={search_term_string}\"},\"query-input\":\"required name=search_term_string\"}],\"inLanguage\":\"pt-BR\"},{\"@type\":\"Person\",\"@id\":\"https:\/\/www.manaus.am.gov.br\/semcom\/#\/schema\/person\/466a0e03ae4b6062809046bd560ac955\",\"name\":\"bvalente\",\"image\":{\"@type\":\"ImageObject\",\"inLanguage\":\"pt-BR\",\"@id\":\"https:\/\/www.manaus.am.gov.br\/semcom\/#\/schema\/person\/image\/\",\"url\":\"https:\/\/secure.gravatar.com\/avatar\/3e69bc2b014bdad41adfec3a39de07d2?s=96&d=mm&r=g\",\"contentUrl\":\"https:\/\/secure.gravatar.com\/avatar\/3e69bc2b014bdad41adfec3a39de07d2?s=96&d=mm&r=g\",\"caption\":\"bvalente\"}}]}<\/script>\n<!-- \/ Yoast SEO plugin. -->","yoast_head_json":{"title":"Prefeitura de Manaus atende ocorr\u00eancias e mant\u00e9m equipes de pronta resposta durante chuvas desta segunda-feira","robots":{"index":"index","follow":"follow","max-snippet":"max-snippet:-1","max-image-preview":"max-image-preview:large","max-video-preview":"max-video-preview:-1"},"canonical":"https:\/\/www.manaus.am.gov.br\/semcom\/atendimento-equipes-de-pronta-resposta\/","og_locale":"pt_BR","og_type":"article","og_title":"Prefeitura de Manaus atende ocorr\u00eancias e mant\u00e9m equipes de pronta resposta durante chuvas desta segunda-feira","og_url":"https:\/\/www.manaus.am.gov.br\/semcom\/atendimento-equipes-de-pronta-resposta\/","og_site_name":"SEMCOM","article_published_time":"2026-02-02T21:09:26+00:00","article_modified_time":"2026-02-03T16:40:11+00:00","og_image":[{"width":799,"height":533,"url":"https:\/\/www.manaus.am.gov.br\/semcom\/wp-content\/uploads\/sites\/5\/2026\/02\/55074926239_3acf1117db_c.jpg","type":"image\/jpeg"}],"author":"bvalente","twitter_card":"summary_large_image","twitter_misc":{"Written by":"bvalente","Est. reading time":"4 minutos"},"schema":{"@context":"https:\/\/schema.org","@graph":[{"@type":"WebPage","@id":"https:\/\/www.manaus.am.gov.br\/semcom\/atendimento-equipes-de-pronta-resposta\/","url":"https:\/\/www.manaus.am.gov.br\/semcom\/atendimento-equipes-de-pronta-resposta\/","name":"Prefeitura de Manaus atende ocorr\u00eancias e mant\u00e9m equipes de pronta resposta durante chuvas desta segunda-feira","isPartOf":{"@id":"https:\/\/www.manaus.am.gov.br\/semcom\/#website"},"primaryImageOfPage":{"@id":"https:\/\/www.manaus.am.gov.br\/semcom\/atendimento-equipes-de-pronta-resposta\/#primaryimage"},"image":{"@id":"https:\/\/www.manaus.am.gov.br\/semcom\/atendimento-equipes-de-pronta-resposta\/#primaryimage"},"thumbnailUrl":"https:\/\/www.manaus.am.gov.br\/semcom\/wp-content\/uploads\/sites\/5\/2026\/02\/55074926239_3acf1117db_c.jpg","datePublished":"2026-02-02T21:09:26+00:00","dateModified":"2026-02-03T16:40:11+00:00","author":{"@id":"https:\/\/www.manaus.am.gov.br\/semcom\/#\/schema\/person\/466a0e03ae4b6062809046bd560ac955"},"inLanguage":"pt-BR","potentialAction":[{"@type":"ReadAction","target":["https:\/\/www.manaus.am.gov.br\/semcom\/atendimento-equipes-de-pronta-resposta\/"]}]},{"@type":"ImageObject","inLanguage":"pt-BR","@id":"https:\/\/www.manaus.am.gov.br\/semcom\/atendimento-equipes-de-pronta-resposta\/#primaryimage","url":"https:\/\/www.manaus.am.gov.br\/semcom\/wp-content\/uploads\/sites\/5\/2026\/02\/55074926239_3acf1117db_c.jpg","contentUrl":"https:\/\/www.manaus.am.gov.br\/semcom\/wp-content\/uploads\/sites\/5\/2026\/02\/55074926239_3acf1117db_c.jpg","width":799,"height":533,"caption":"#paratodosverem - Diretor de Opera\u00e7\u00f5es da Defesa Civil Municipal, Jos\u00e9 Mendes vistoriando resid\u00eancia que sofreu desabamento"},{"@type":"WebSite","@id":"https:\/\/www.manaus.am.gov.br\/semcom\/#website","url":"https:\/\/www.manaus.am.gov.br\/semcom\/","name":"SEMCOM","description":"Secretaria Municipal de Comunica\u00e7\u00e3o","potentialAction":[{"@type":"SearchAction","target":{"@type":"EntryPoint","urlTemplate":"https:\/\/www.manaus.am.gov.br\/semcom\/?s={search_term_string}"},"query-input":"required name=search_term_string"}],"inLanguage":"pt-BR"},{"@type":"Person","@id":"https:\/\/www.manaus.am.gov.br\/semcom\/#\/schema\/person\/466a0e03ae4b6062809046bd560ac955","name":"bvalente","image":{"@type":"ImageObject","inLanguage":"pt-BR","@id":"https:\/\/www.manaus.am.gov.br\/semcom\/#\/schema\/person\/image\/","url":"https:\/\/secure.gravatar.com\/avatar\/3e69bc2b014bdad41adfec3a39de07d2?s=96&d=mm&r=g","contentUrl":"https:\/\/secure.gravatar.com\/avatar\/3e69bc2b014bdad41adfec3a39de07d2?s=96&d=mm&r=g","caption":"bvalente"}}]}},"_links":{"self":[{"href":"https:\/\/www.manaus.am.gov.br\/semcom\/wp-json\/wp\/v2\/posts\/252124"}],"collection":[{"href":"https:\/\/www.manaus.am.gov.br\/semcom\/wp-json\/wp\/v2\/posts"}],"about":[{"href":"https:\/\/www.manaus.am.gov.br\/semcom\/wp-json\/wp\/v2\/types\/post"}],"author":[{"embeddable":true,"href":"https:\/\/www.manaus.am.gov.br\/semcom\/wp-json\/wp\/v2\/users\/68"}],"replies":[{"embeddable":true,"href":"https:\/\/www.manaus.am.gov.br\/semcom\/wp-json\/wp\/v2\/comments?post=252124"}],"version-history":[{"count":1,"href":"https:\/\/www.manaus.am.gov.br\/semcom\/wp-json\/wp\/v2\/posts\/252124\/revisions"}],"predecessor-version":[{"id":252192,"href":"https:\/\/www.manaus.am.gov.br\/semcom\/wp-json\/wp\/v2\/posts\/252124\/revisions\/252192"}],"wp:featuredmedia":[{"embeddable":true,"href":"https:\/\/www.manaus.am.gov.br\/semcom\/wp-json\/wp\/v2\/media\/252125"}],"wp:attachment":[{"href":"https:\/\/www.manaus.am.gov.br\/semcom\/wp-json\/wp\/v2\/media?parent=252124"}],"wp:term":[{"taxonomy":"category","embeddable":true,"href":"https:\/\/www.manaus.am.gov.br\/semcom\/wp-json\/wp\/v2\/categories?post=252124"},{"taxonomy":"post_tag","embeddable":true,"href":"https:\/\/www.manaus.am.gov.br\/semcom\/wp-json\/wp\/v2\/tags?post=252124"}],"curies":[{"name":"wp","href":"https:\/\/api.w.org\/{rel}","templated":true}]}}