{"id":252113,"date":"2026-02-02T17:40:21","date_gmt":"2026-02-02T20:40:21","guid":{"rendered":"https:\/\/www.manaus.am.gov.br\/semcom\/autorizacao-eventos\/"},"modified":"2026-02-02T17:40:22","modified_gmt":"2026-02-02T20:40:22","slug":"autorizacao-eventos","status":"publish","type":"post","link":"https:\/\/www.manaus.am.gov.br\/semcom\/autorizacao-eventos\/","title":{"rendered":"Prefeitura de Manaus orienta organizadores de bandas de Carnaval sobre autoriza\u00e7\u00e3o para eventos"},"content":{"rendered":"\n<p>A Prefeitura de Manaus, por meio da Subsecretaria de Gest\u00e3o de Vigil\u00e2ncia Sanit\u00e1ria (Visa Manaus) da Secretaria Municipal de Sa\u00fade (Semsa), alerta os organizadores de bandas e outros eventos com grande p\u00fablico neste Carnaval, sobre a necessidade de solicitar a autoriza\u00e7\u00e3o para eventos de massa junto \u00e0 Vigil\u00e2ncia Sanit\u00e1ria do Munic\u00edpio.<\/p>\n\n\n\n<p>Segundo a diretora da Subsecretaria, Maria do Carmo Le\u00e3o, a autoriza\u00e7\u00e3o atende a uma exig\u00eancia de sa\u00fade p\u00fablica sobre eventos com grande aglomera\u00e7\u00e3o de pessoas, que requerem aten\u00e7\u00e3o especial quanto \u00e0 seguran\u00e7a sanit\u00e1ria, com recomenda\u00e7\u00f5es espec\u00edficas para a cria\u00e7\u00e3o de uma estrutura adequada, que ofere\u00e7a conforto e prote\u00e7\u00e3o aos frequentadores.<\/p>\n\n\n\n<p>\u201cEssas orienta\u00e7\u00f5es contemplam desde o n\u00famero m\u00ednimo de banheiros at\u00e9 a disponibiliza\u00e7\u00e3o de sa\u00eddas de emerg\u00eancia, passando pela disposi\u00e7\u00e3o dos pontos de venda de alimentos e bebidas, a defini\u00e7\u00e3o das ruas que ser\u00e3o fechadas para o evento, entre outras\u201d, esclarece.<\/p>\n\n\n\n<p>Ao solicitar a autoriza\u00e7\u00e3o, a organiza\u00e7\u00e3o do evento cria um compromisso com a Prefeitura de Manaus, garantindo que a festa seja avaliada previamente pela Subvisa, de modo a refor\u00e7ar o atendimento \u00e0s boas pr\u00e1ticas sanit\u00e1rias e contribuir para a seguran\u00e7a e tranquilidade da popula\u00e7\u00e3o.<\/p>\n\n\n\n<p><strong>Evento de massa<\/strong><\/p>\n\n\n\n<p>Um evento de massa deve ser definido como qualquer ocasi\u00e3o, seja organizada ou espont\u00e2nea, que atrai um n\u00famero suficiente de pessoas para aumentar o planejamento e a resposta dos recursos da comunidade, cidade ou na\u00e7\u00e3o anfitri\u00e3 do evento. Entre as caracter\u00edsticas comuns a esses eventos, destaca-se o fato que os mesmos acontecem dentro de um intervalo de tempo, t\u00eam localiza\u00e7\u00e3o espec\u00edfica e podem ser imprevis\u00edveis, conforme Organiza\u00e7\u00e3o Mundial da Sa\u00fade (OMS).<\/p>\n\n\n\n<p>Considerando esta defini\u00e7\u00e3o, se enquadram nesta situa\u00e7\u00e3o os eventos religiosos (romarias e festas), apresenta\u00e7\u00f5es musicais, festas tradicionais da cultura brasileira (festas juninas, Carnaval, festas de rodeio, r\u00e9veillon), anivers\u00e1rio da cidade, eventos esportivos como Copas do Mundo, Olimp\u00edadas, maratonas e demais competi\u00e7\u00f5es e outras aglomera\u00e7\u00f5es de pessoas com atividade espec\u00edfica e tempo determinado.<\/p>\n\n\n\n<p>Para solicitar autoriza\u00e7\u00e3o para os eventos, os organizadores precisam solicitar o Termo de Responsabilidade devidamente preenchido, datado e assinado pelo respons\u00e1vel do evento; c\u00f3pia do RG, CPF e comprovante de resid\u00eancia do respons\u00e1vel pelo evento; autoriza\u00e7\u00e3o do \u00f3rg\u00e3o de mobilidade urbana, quando o evento for realizado em via p\u00fablica. Tamb\u00e9m \u00e9 necess\u00e1rio apresentar um croqui da estrutura da festa com identifica\u00e7\u00e3o da localiza\u00e7\u00e3o dos banheiros qu\u00edmicos (obedecer a propor\u00e7\u00e3o de um banheiro para cada 200 pessoas), palco, locais de venda de bebidas e alimentos, ruas utilizadas, entre outros.<\/p>\n\n\n\n<p>O prazo para a emiss\u00e3o do protocolo \u00e9 de tr\u00eas dias \u00fateis, caso a documenta\u00e7\u00e3o enviada esteja de acordo com as exig\u00eancias. \u00c9 importante lembrar que o documento protocolado ser\u00e1 entregue exclusivamente de forma digital.<\/p>\n\n\n\n<p>Uma vez cumprida esta etapa, o solicitante deve enviar a solicita\u00e7\u00e3o para o e-mail <a href=\"mailto:visamanaus.eventosdemassa@gmail.com\">visamanaus.eventosdemassa@gmail.com<\/a>, com o assunto \u201cEVENTO DE MASSA\u201d, com os documentos digitalizados em arquivo \u00fanico, no formato PDF e obedecendo \u00e0 seguinte ordem: Termo de Responsabilidade devidamente preenchido, datado e assinado, pelo respons\u00e1vel do evento (caso n\u00e3o possua o Termo, solicitar para o mesmo e-mail); c\u00f3pia do RG, CPF e comprovante de resid\u00eancia do respons\u00e1vel pelo evento; autoriza\u00e7\u00e3o do \u00f3rg\u00e3o de mobilidade urbana, quando o evento for realizado em via p\u00fablica; e um croqui da estrutura do evento, com identifica\u00e7\u00e3o da localiza\u00e7\u00e3o dos banheiros qu\u00edmicos (obedecer a propor\u00e7\u00e3o de um banheiro para cada 200 pessoas), palco, locais de venda de bebidas e alimentos, ruas utilizadas, entre outros.<\/p>\n\n\n\n<p>Em seguida, a Visa Manaus formalizar\u00e1 um documento eletr\u00f4nico, com a gera\u00e7\u00e3o de um n\u00famero de protocolo; este ser\u00e1 enviado para o e-mail solicitante com um c\u00f3digo verificador, por meio do qual o respons\u00e1vel pelo evento poder\u00e1 baixar, imprimir e validar o Termo de Responsabilidade protocolado na Visa Manaus no link <a href=\"http:\/\/siged.manaus.am.gov.br\/cadastrousuarioexterno\/verificacao.aspx\">http:\/\/siged.manaus.am.gov.br\/cadastrousuarioexterno\/verificacao.aspx<\/a>.&nbsp;<\/p>\n\n\n\n<p>A autenticidade do documento protocolado ser\u00e1 confirmada com o QR Code gerado e presente no Termo. Este documento servir\u00e1 para apresenta\u00e7\u00e3o aos outros \u00f3rg\u00e3os licenciadores do evento, considerando a legisla\u00e7\u00e3o vigente.<\/p>\n\n\n\n<p>Todas essas informa\u00e7\u00f5es est\u00e3o dispon\u00edveis na se\u00e7\u00e3o da Subvisa no portal Semsa, no link <a href=\"https:\/\/www.manaus.am.gov.br\/semsa\/vigilancia\/vigilancia-sanitaria\/servicos-e-orientacoes-ao-usuario\/\">https:\/\/www.manaus.am.gov.br\/semsa\/vigilancia\/vigilancia-sanitaria\/servicos-e-orientacoes-ao-usuario\/<\/a>.&nbsp;<\/p>\n\n\n\n<p><strong>Servi\u00e7o<\/strong><\/p>\n\n\n\n<p>A popula\u00e7\u00e3o pode denunciar irregularidades sanit\u00e1rias relativas a produtos e servi\u00e7os por meio da Ouvidoria da Visa Manaus, no n\u00famero (92) 98842-8481, ou pelo e-mail <a href=\"mailto:visamanaus.ouvidoria@gmail.com\">visamanaus.ouvidoria@gmail.com<\/a>.&nbsp;<\/p>\n\n\n\n<p>&#8212; &#8212; &#8212;\u00a0<br><strong>Texto &#8211; <\/strong>Renildo Rodrigues\/Semsa<br><strong>Fotos &#8211; <\/strong>Divulga\u00e7\u00e3o\/Semsa<\/p>\n","protected":false},"excerpt":{"rendered":"","protected":false},"author":68,"featured_media":252114,"comment_status":"closed","ping_status":"closed","sticky":false,"template":"","format":"standard","meta":{"footnotes":""},"categories":[980],"tags":[19179,19180,77,162,19181],"acf":[],"yoast_head":"<!-- This site is optimized with the Yoast SEO plugin v23.0 - https:\/\/yoast.com\/wordpress\/plugins\/seo\/ -->\n<title>Prefeitura orienta organizadores de bandas de Carnaval<\/title>\n<meta name=\"description\" content=\"A Prefeitura de Manaus, por meio da Subsecretaria de Gest\u00e3o de Vigil\u00e2ncia Sanit\u00e1ria (Visa Manaus) da Secretaria Municipal de Sa\u00fade (Semsa), alerta os organizadores de bandas e outros eventos com grande p\u00fablico neste Carnaval, sobre a necessidade de solicitar a autoriza\u00e7\u00e3o para eventos de massa junto \u00e0 Vigil\u00e2ncia Sanit\u00e1ria do Munic\u00edpio.\" \/>\n<meta name=\"robots\" content=\"index, follow, max-snippet:-1, max-image-preview:large, max-video-preview:-1\" \/>\n<link rel=\"canonical\" href=\"https:\/\/www.manaus.am.gov.br\/semcom\/autorizacao-eventos\/\" \/>\n<meta property=\"og:locale\" content=\"pt_BR\" \/>\n<meta property=\"og:type\" content=\"article\" \/>\n<meta property=\"og:title\" content=\"Prefeitura orienta organizadores de bandas de Carnaval\" \/>\n<meta property=\"og:description\" content=\"A Prefeitura de Manaus, por meio da Subsecretaria de Gest\u00e3o de Vigil\u00e2ncia Sanit\u00e1ria (Visa Manaus) da Secretaria Municipal de Sa\u00fade (Semsa), alerta os organizadores de bandas e outros eventos com grande p\u00fablico neste Carnaval, sobre a necessidade de solicitar a autoriza\u00e7\u00e3o para eventos de massa junto \u00e0 Vigil\u00e2ncia Sanit\u00e1ria do Munic\u00edpio.\" \/>\n<meta property=\"og:url\" content=\"https:\/\/www.manaus.am.gov.br\/semcom\/autorizacao-eventos\/\" \/>\n<meta property=\"og:site_name\" content=\"SEMCOM\" \/>\n<meta property=\"article:published_time\" content=\"2026-02-02T20:40:21+00:00\" \/>\n<meta property=\"article:modified_time\" content=\"2026-02-02T20:40:22+00:00\" \/>\n<meta property=\"og:image\" content=\"https:\/\/www.manaus.am.gov.br\/semcom\/wp-content\/uploads\/sites\/5\/2026\/02\/Semsa-_Visa-Manaus-Eventos-1.jpg\" \/>\n\t<meta property=\"og:image:width\" content=\"1280\" \/>\n\t<meta property=\"og:image:height\" content=\"720\" \/>\n\t<meta property=\"og:image:type\" content=\"image\/jpeg\" \/>\n<meta name=\"author\" content=\"bvalente\" \/>\n<meta name=\"twitter:card\" content=\"summary_large_image\" \/>\n<meta name=\"twitter:label1\" content=\"Written by\" \/>\n\t<meta name=\"twitter:data1\" content=\"bvalente\" \/>\n\t<meta name=\"twitter:label2\" content=\"Est. reading time\" \/>\n\t<meta name=\"twitter:data2\" content=\"4 minutos\" \/>\n<script type=\"application\/ld+json\" class=\"yoast-schema-graph\">{\"@context\":\"https:\/\/schema.org\",\"@graph\":[{\"@type\":\"WebPage\",\"@id\":\"https:\/\/www.manaus.am.gov.br\/semcom\/autorizacao-eventos\/\",\"url\":\"https:\/\/www.manaus.am.gov.br\/semcom\/autorizacao-eventos\/\",\"name\":\"Prefeitura orienta organizadores de bandas de Carnaval\",\"isPartOf\":{\"@id\":\"https:\/\/www.manaus.am.gov.br\/semcom\/#website\"},\"primaryImageOfPage\":{\"@id\":\"https:\/\/www.manaus.am.gov.br\/semcom\/autorizacao-eventos\/#primaryimage\"},\"image\":{\"@id\":\"https:\/\/www.manaus.am.gov.br\/semcom\/autorizacao-eventos\/#primaryimage\"},\"thumbnailUrl\":\"https:\/\/www.manaus.am.gov.br\/semcom\/wp-content\/uploads\/sites\/5\/2026\/02\/Semsa-_Visa-Manaus-Eventos-1.jpg\",\"datePublished\":\"2026-02-02T20:40:21+00:00\",\"dateModified\":\"2026-02-02T20:40:22+00:00\",\"author\":{\"@id\":\"https:\/\/www.manaus.am.gov.br\/semcom\/#\/schema\/person\/466a0e03ae4b6062809046bd560ac955\"},\"description\":\"A Prefeitura de Manaus, por meio da Subsecretaria de Gest\u00e3o de Vigil\u00e2ncia Sanit\u00e1ria (Visa Manaus) da Secretaria Municipal de Sa\u00fade (Semsa), alerta os organizadores de bandas e outros eventos com grande p\u00fablico neste Carnaval, sobre a necessidade de solicitar a autoriza\u00e7\u00e3o para eventos de massa junto \u00e0 Vigil\u00e2ncia Sanit\u00e1ria do Munic\u00edpio.\",\"inLanguage\":\"pt-BR\",\"potentialAction\":[{\"@type\":\"ReadAction\",\"target\":[\"https:\/\/www.manaus.am.gov.br\/semcom\/autorizacao-eventos\/\"]}]},{\"@type\":\"ImageObject\",\"inLanguage\":\"pt-BR\",\"@id\":\"https:\/\/www.manaus.am.gov.br\/semcom\/autorizacao-eventos\/#primaryimage\",\"url\":\"https:\/\/www.manaus.am.gov.br\/semcom\/wp-content\/uploads\/sites\/5\/2026\/02\/Semsa-_Visa-Manaus-Eventos-1.jpg\",\"contentUrl\":\"https:\/\/www.manaus.am.gov.br\/semcom\/wp-content\/uploads\/sites\/5\/2026\/02\/Semsa-_Visa-Manaus-Eventos-1.jpg\",\"width\":1280,\"height\":720,\"caption\":\"#paratodosverem - Fiscais da Visa Manaus durante vistoria em barraca de alimento\"},{\"@type\":\"WebSite\",\"@id\":\"https:\/\/www.manaus.am.gov.br\/semcom\/#website\",\"url\":\"https:\/\/www.manaus.am.gov.br\/semcom\/\",\"name\":\"SEMCOM\",\"description\":\"Secretaria Municipal de Comunica\u00e7\u00e3o\",\"potentialAction\":[{\"@type\":\"SearchAction\",\"target\":{\"@type\":\"EntryPoint\",\"urlTemplate\":\"https:\/\/www.manaus.am.gov.br\/semcom\/?s={search_term_string}\"},\"query-input\":\"required name=search_term_string\"}],\"inLanguage\":\"pt-BR\"},{\"@type\":\"Person\",\"@id\":\"https:\/\/www.manaus.am.gov.br\/semcom\/#\/schema\/person\/466a0e03ae4b6062809046bd560ac955\",\"name\":\"bvalente\",\"image\":{\"@type\":\"ImageObject\",\"inLanguage\":\"pt-BR\",\"@id\":\"https:\/\/www.manaus.am.gov.br\/semcom\/#\/schema\/person\/image\/\",\"url\":\"https:\/\/secure.gravatar.com\/avatar\/3e69bc2b014bdad41adfec3a39de07d2?s=96&d=mm&r=g\",\"contentUrl\":\"https:\/\/secure.gravatar.com\/avatar\/3e69bc2b014bdad41adfec3a39de07d2?s=96&d=mm&r=g\",\"caption\":\"bvalente\"}}]}<\/script>\n<!-- \/ Yoast SEO plugin. -->","yoast_head_json":{"title":"Prefeitura orienta organizadores de bandas de Carnaval","description":"A Prefeitura de Manaus, por meio da Subsecretaria de Gest\u00e3o de Vigil\u00e2ncia Sanit\u00e1ria (Visa Manaus) da Secretaria Municipal de Sa\u00fade (Semsa), alerta os organizadores de bandas e outros eventos com grande p\u00fablico neste Carnaval, sobre a necessidade de solicitar a autoriza\u00e7\u00e3o para eventos de massa junto \u00e0 Vigil\u00e2ncia Sanit\u00e1ria do Munic\u00edpio.","robots":{"index":"index","follow":"follow","max-snippet":"max-snippet:-1","max-image-preview":"max-image-preview:large","max-video-preview":"max-video-preview:-1"},"canonical":"https:\/\/www.manaus.am.gov.br\/semcom\/autorizacao-eventos\/","og_locale":"pt_BR","og_type":"article","og_title":"Prefeitura orienta organizadores de bandas de Carnaval","og_description":"A Prefeitura de Manaus, por meio da Subsecretaria de Gest\u00e3o de Vigil\u00e2ncia Sanit\u00e1ria (Visa Manaus) da Secretaria Municipal de Sa\u00fade (Semsa), alerta os organizadores de bandas e outros eventos com grande p\u00fablico neste Carnaval, sobre a necessidade de solicitar a autoriza\u00e7\u00e3o para eventos de massa junto \u00e0 Vigil\u00e2ncia Sanit\u00e1ria do Munic\u00edpio.","og_url":"https:\/\/www.manaus.am.gov.br\/semcom\/autorizacao-eventos\/","og_site_name":"SEMCOM","article_published_time":"2026-02-02T20:40:21+00:00","article_modified_time":"2026-02-02T20:40:22+00:00","og_image":[{"width":1280,"height":720,"url":"https:\/\/www.manaus.am.gov.br\/semcom\/wp-content\/uploads\/sites\/5\/2026\/02\/Semsa-_Visa-Manaus-Eventos-1.jpg","type":"image\/jpeg"}],"author":"bvalente","twitter_card":"summary_large_image","twitter_misc":{"Written by":"bvalente","Est. reading time":"4 minutos"},"schema":{"@context":"https:\/\/schema.org","@graph":[{"@type":"WebPage","@id":"https:\/\/www.manaus.am.gov.br\/semcom\/autorizacao-eventos\/","url":"https:\/\/www.manaus.am.gov.br\/semcom\/autorizacao-eventos\/","name":"Prefeitura orienta organizadores de bandas de Carnaval","isPartOf":{"@id":"https:\/\/www.manaus.am.gov.br\/semcom\/#website"},"primaryImageOfPage":{"@id":"https:\/\/www.manaus.am.gov.br\/semcom\/autorizacao-eventos\/#primaryimage"},"image":{"@id":"https:\/\/www.manaus.am.gov.br\/semcom\/autorizacao-eventos\/#primaryimage"},"thumbnailUrl":"https:\/\/www.manaus.am.gov.br\/semcom\/wp-content\/uploads\/sites\/5\/2026\/02\/Semsa-_Visa-Manaus-Eventos-1.jpg","datePublished":"2026-02-02T20:40:21+00:00","dateModified":"2026-02-02T20:40:22+00:00","author":{"@id":"https:\/\/www.manaus.am.gov.br\/semcom\/#\/schema\/person\/466a0e03ae4b6062809046bd560ac955"},"description":"A Prefeitura de Manaus, por meio da Subsecretaria de Gest\u00e3o de Vigil\u00e2ncia Sanit\u00e1ria (Visa Manaus) da Secretaria Municipal de Sa\u00fade (Semsa), alerta os organizadores de bandas e outros eventos com grande p\u00fablico neste Carnaval, sobre a necessidade de solicitar a autoriza\u00e7\u00e3o para eventos de massa junto \u00e0 Vigil\u00e2ncia Sanit\u00e1ria do Munic\u00edpio.","inLanguage":"pt-BR","potentialAction":[{"@type":"ReadAction","target":["https:\/\/www.manaus.am.gov.br\/semcom\/autorizacao-eventos\/"]}]},{"@type":"ImageObject","inLanguage":"pt-BR","@id":"https:\/\/www.manaus.am.gov.br\/semcom\/autorizacao-eventos\/#primaryimage","url":"https:\/\/www.manaus.am.gov.br\/semcom\/wp-content\/uploads\/sites\/5\/2026\/02\/Semsa-_Visa-Manaus-Eventos-1.jpg","contentUrl":"https:\/\/www.manaus.am.gov.br\/semcom\/wp-content\/uploads\/sites\/5\/2026\/02\/Semsa-_Visa-Manaus-Eventos-1.jpg","width":1280,"height":720,"caption":"#paratodosverem - Fiscais da Visa Manaus durante vistoria em barraca de alimento"},{"@type":"WebSite","@id":"https:\/\/www.manaus.am.gov.br\/semcom\/#website","url":"https:\/\/www.manaus.am.gov.br\/semcom\/","name":"SEMCOM","description":"Secretaria Municipal de Comunica\u00e7\u00e3o","potentialAction":[{"@type":"SearchAction","target":{"@type":"EntryPoint","urlTemplate":"https:\/\/www.manaus.am.gov.br\/semcom\/?s={search_term_string}"},"query-input":"required name=search_term_string"}],"inLanguage":"pt-BR"},{"@type":"Person","@id":"https:\/\/www.manaus.am.gov.br\/semcom\/#\/schema\/person\/466a0e03ae4b6062809046bd560ac955","name":"bvalente","image":{"@type":"ImageObject","inLanguage":"pt-BR","@id":"https:\/\/www.manaus.am.gov.br\/semcom\/#\/schema\/person\/image\/","url":"https:\/\/secure.gravatar.com\/avatar\/3e69bc2b014bdad41adfec3a39de07d2?s=96&d=mm&r=g","contentUrl":"https:\/\/secure.gravatar.com\/avatar\/3e69bc2b014bdad41adfec3a39de07d2?s=96&d=mm&r=g","caption":"bvalente"}}]}},"_links":{"self":[{"href":"https:\/\/www.manaus.am.gov.br\/semcom\/wp-json\/wp\/v2\/posts\/252113"}],"collection":[{"href":"https:\/\/www.manaus.am.gov.br\/semcom\/wp-json\/wp\/v2\/posts"}],"about":[{"href":"https:\/\/www.manaus.am.gov.br\/semcom\/wp-json\/wp\/v2\/types\/post"}],"author":[{"embeddable":true,"href":"https:\/\/www.manaus.am.gov.br\/semcom\/wp-json\/wp\/v2\/users\/68"}],"replies":[{"embeddable":true,"href":"https:\/\/www.manaus.am.gov.br\/semcom\/wp-json\/wp\/v2\/comments?post=252113"}],"version-history":[{"count":0,"href":"https:\/\/www.manaus.am.gov.br\/semcom\/wp-json\/wp\/v2\/posts\/252113\/revisions"}],"wp:featuredmedia":[{"embeddable":true,"href":"https:\/\/www.manaus.am.gov.br\/semcom\/wp-json\/wp\/v2\/media\/252114"}],"wp:attachment":[{"href":"https:\/\/www.manaus.am.gov.br\/semcom\/wp-json\/wp\/v2\/media?parent=252113"}],"wp:term":[{"taxonomy":"category","embeddable":true,"href":"https:\/\/www.manaus.am.gov.br\/semcom\/wp-json\/wp\/v2\/categories?post=252113"},{"taxonomy":"post_tag","embeddable":true,"href":"https:\/\/www.manaus.am.gov.br\/semcom\/wp-json\/wp\/v2\/tags?post=252113"}],"curies":[{"name":"wp","href":"https:\/\/api.w.org\/{rel}","templated":true}]}}