{"id":252097,"date":"2026-02-02T14:21:14","date_gmt":"2026-02-02T18:21:14","guid":{"rendered":"https:\/\/www.manaus.am.gov.br\/semcom\/criacao-corpos-estaveis-e-projetos-ineditos-cultur\/"},"modified":"2026-02-02T15:35:37","modified_gmt":"2026-02-02T18:35:37","slug":"criacao-corpos-estaveis-e-projetos-ineditos-cultura","status":"publish","type":"post","link":"https:\/\/www.manaus.am.gov.br\/semcom\/criacao-corpos-estaveis-e-projetos-ineditos-cultura\/","title":{"rendered":"Cria\u00e7\u00e3o de corpos est\u00e1veis e projetos in\u00e9ditos de inclus\u00e3o art\u00edstica avan\u00e7am em Manaus e fomentam a democratiza\u00e7\u00e3o de acesso \u00e0 cultura"},"content":{"rendered":"\n<p>Alcan\u00e7ando um marco importante para o fortalecimento da cultura em Manaus, o prefeito David Almeida oficializou, em 2025, a cria\u00e7\u00e3o dos Corpos Est\u00e1veis de M\u00fasica e Dan\u00e7a do Munic\u00edpio, os primeiros da hist\u00f3ria da capital amazonense. A iniciativa, desenvolvida pela atual gest\u00e3o municipal, consolida uma nova pol\u00edtica p\u00fablica voltada \u00e0 valoriza\u00e7\u00e3o, forma\u00e7\u00e3o e profissionaliza\u00e7\u00e3o art\u00edstica.<\/p>\n\n\n\n<p>O projeto \u00e9 conduzido pelo <a href=\"https:\/\/www.instagram.com\/conculturamao\/\">Conselho Municipal de Cultura<\/a> (Concultura), vinculado \u00e0 <a href=\"https:\/\/www.instagram.com\/manauscult_\/\">Funda\u00e7\u00e3o Municipal de Cultura, Turismo e Eventos<\/a> (ManausCult), com investimento de R$ 500 mil do governo federal, por meio da Pol\u00edtica Nacional Aldir Blanc (Pnab). A a\u00e7\u00e3o insere Manaus de forma definitiva no circuito cultural regional e nacional, promovendo a participa\u00e7\u00e3o em festivais, interc\u00e2mbios e editais, al\u00e9m de garantir forma\u00e7\u00e3o gratuita, apresenta\u00e7\u00f5es p\u00fablicas e prioridade para jovens talentos das periferias.<\/p>\n\n\n\n<p><br>Durante a cerim\u00f4nia de oficializa\u00e7\u00e3o da cria\u00e7\u00e3o dos Corpos Est\u00e1veis de M\u00fasica e Dan\u00e7a do Munic\u00edpio, realizada no dia 13 de agosto de 2025, no mirante L\u00facia Almeida, no centro hist\u00f3rico da cidade, o chefe do Executivo municipal n\u00e3o escondeu o orgulho pelo momento.<\/p>\n\n\n\n<p><br>\u201cManaus ganha, a cultura ganha, a arte da nossa cidade ganha. \u00c9 um privil\u00e9gio ser prefeito no in\u00edcio desse projeto. Come\u00e7amos o segundo mandato com uma grande conquista para a arte e a cultura. Nossa gest\u00e3o est\u00e1 de portas abertas para oportunidades, entretenimento e valoriza\u00e7\u00e3o de quem vive da arte\u201d, afirmou David Almeida.<\/p>\n\n\n\n<p><br>O presidente do Concultura, Tony Medeiros, ressaltou o car\u00e1ter in\u00e9dito da a\u00e7\u00e3o. \u201cNunca tivemos um corpo de&nbsp;dan\u00e7a ou orquestra&nbsp;municipal, agora temos. E vamos oferecer cultura, emprego e dignidade para quem vive dela\u201d, destacou.<\/p>\n\n\n\n<figure class=\"wp-block-image size-full\"><img loading=\"lazy\" decoding=\"async\" width=\"799\" height=\"533\" src=\"https:\/\/www.manaus.am.gov.br\/semcom\/wp-content\/uploads\/sites\/5\/2026\/02\/54719543969_787c339128_c.jpg\" alt=\"\" class=\"wp-image-252100\" srcset=\"https:\/\/www.manaus.am.gov.br\/semcom\/wp-content\/uploads\/sites\/5\/2026\/02\/54719543969_787c339128_c.jpg 799w, https:\/\/www.manaus.am.gov.br\/semcom\/wp-content\/uploads\/sites\/5\/2026\/02\/54719543969_787c339128_c-300x200.jpg 300w, https:\/\/www.manaus.am.gov.br\/semcom\/wp-content\/uploads\/sites\/5\/2026\/02\/54719543969_787c339128_c-768x512.jpg 768w\" sizes=\"(max-width: 799px) 100vw, 799px\" \/><figcaption class=\"wp-element-caption\">#paratodosverem &#8211; Orquestra municipal<\/figcaption><\/figure>\n\n\n\n<p><strong><br>Descentraliza\u00e7\u00e3o e inclus\u00e3o cultural<\/strong><\/p>\n\n\n\n<p><br>Al\u00e9m da cria\u00e7\u00e3o dos Corpos Est\u00e1veis e Dan\u00e7a do Munic\u00edpio, o Concultura implementou, em 2025, uma s\u00e9rie de projetos in\u00e9ditos voltados \u00e0 descentraliza\u00e7\u00e3o das pol\u00edticas culturais e \u00e0 amplia\u00e7\u00e3o do acesso \u00e0 arte em Manaus.<\/p>\n\n\n\n<p><br>O projeto \u201cConcultura nos Bairros\u201d realizou dez edi\u00e7\u00f5es ao longo do ano passado, atendendo cerca de 800 pessoas em bairros da capital e comunidades ind\u00edgenas. A iniciativa promoveu o cadastramento de mais de 580 artistas, orienta\u00e7\u00e3o sobre a Lei Aldir Blanc, oficinas pr\u00e1ticas de elabora\u00e7\u00e3o de projetos e portf\u00f3lios, al\u00e9m de informa\u00e7\u00f5es sobre abertura de Microempreendedor Individual (MEI) e participa\u00e7\u00e3o em editais.<\/p>\n\n\n\n<p><br>Um dos destaques foi a a\u00e7\u00e3o realizada na aldeia Cipi\u00e1, que fortaleceu a organiza\u00e7\u00e3o e a autonomia dos fazedores de cultura locais. J\u00e1 em janeiro deste ano, o projeto iniciou sua primeira edi\u00e7\u00e3o no Centro Cultural Cear\u00e1 Capoeira, no bairro Coroado, zona Leste, levando orienta\u00e7\u00f5es pr\u00e1ticas sobre editais e oficinas em um encontro marcado pelo di\u00e1logo, troca de experi\u00eancias e valoriza\u00e7\u00e3o das express\u00f5es culturais comunit\u00e1rias.<\/p>\n\n\n\n<p><br>O impacto das a\u00e7\u00f5es \u00e9 reconhecido pelos pr\u00f3prios fazedores de cultura.<br>\u201cQueremos exaltar o trabalho da Prefeitura de Manaus, especialmente do Conselho Municipal de Cultura, que desenvolve um trabalho muito importante para a capoeira. Somos mais de 200 grupos espalhados pela capital. A capoeira tem sido vista de forma especial pelo poder p\u00fablico, principalmente pelo trabalho social que realizamos com crian\u00e7as em projetos sociais e escolas\u201d, destacou Guerreiro, instrutor da escola Abad\u00e1 Capoeira Manaus.<\/p>\n\n\n\n<figure class=\"wp-block-image size-large\"><img loading=\"lazy\" decoding=\"async\" width=\"1024\" height=\"683\" src=\"https:\/\/www.manaus.am.gov.br\/semcom\/wp-content\/uploads\/sites\/5\/2026\/02\/54719538348_1004afe967_k-1024x683.jpg\" alt=\"\" class=\"wp-image-252099\" srcset=\"https:\/\/www.manaus.am.gov.br\/semcom\/wp-content\/uploads\/sites\/5\/2026\/02\/54719538348_1004afe967_k-1024x683.jpg 1024w, https:\/\/www.manaus.am.gov.br\/semcom\/wp-content\/uploads\/sites\/5\/2026\/02\/54719538348_1004afe967_k-300x200.jpg 300w, https:\/\/www.manaus.am.gov.br\/semcom\/wp-content\/uploads\/sites\/5\/2026\/02\/54719538348_1004afe967_k-768x512.jpg 768w, https:\/\/www.manaus.am.gov.br\/semcom\/wp-content\/uploads\/sites\/5\/2026\/02\/54719538348_1004afe967_k-1536x1024.jpg 1536w, https:\/\/www.manaus.am.gov.br\/semcom\/wp-content\/uploads\/sites\/5\/2026\/02\/54719538348_1004afe967_k.jpg 2047w\" sizes=\"(max-width: 1024px) 100vw, 1024px\" \/><figcaption class=\"wp-element-caption\">#paratodosverem &#8211; Corpo de dan\u00e7a municipal<\/figcaption><\/figure>\n\n\n\n<p><br><strong>Cultura erudita, popular e ancestral<\/strong><\/p>\n\n\n\n<p><br>Outro projeto de destaque foi a \u201cOrquestra na Floresta\u201d, que promoveu um encontro in\u00e9dito entre a Orquestra de C\u00e2mara de Manaus e o grupo ind\u00edgena da aldeia Cipi\u00e1. O evento reuniu cerca de 200 convidados, entre imprensa, gestores p\u00fablicos e participantes inscritos, registrando um dos maiores p\u00fablicos visitantes da hist\u00f3ria da aldeia e valorizando os saberes tradicionais ao levar a m\u00fasica erudita para o cora\u00e7\u00e3o da floresta.<br><br>Por sua vez, o Festival Liter\u00e1rio de Manaus (Flim), em sua quarta edi\u00e7\u00e3o, se consolidou como um dos principais eventos culturais da regi\u00e3o. Promovido no Luso Sporting Clube, no centro da cidade, o festival contou com 12 horas de programa\u00e7\u00e3o gratuita, integrando literatura, cinema e m\u00fasica. Ao todo, 1.500 pessoas participaram das atividades, que inclu\u00edram dez a\u00e7\u00f5es acad\u00eamicas, apresenta\u00e7\u00f5es culturais e a participa\u00e7\u00e3o de 13 expositores, entre livreiros, escritores e poetas, fortalecendo a produ\u00e7\u00e3o liter\u00e1ria amaz\u00f4nica.<\/p>\n\n\n\n<p><br><strong>Integra\u00e7\u00e3o entre linguagens art\u00edsticas<\/strong><\/p>\n\n\n\n<p><br>Projetos como \u201cHip-Hop na Floresta\u201d e \u201cSamba com Orquestra\u201d refor\u00e7aram a integra\u00e7\u00e3o entre cultura urbana, erudita e popular, promovendo inova\u00e7\u00e3o art\u00edstica e democratiza\u00e7\u00e3o do acesso \u00e0 cultura.<\/p>\n\n\n\n<p><br>O Hip-Hop na Floresta contou com a participa\u00e7\u00e3o de 23 artistas, entre B-boys, DJs, MCs e beatmakers, em uma troca cultural com a comunidade ind\u00edgena da aldeia Cipi\u00e1, envolvendo cerca de 60 participantes, entre moradores, artistas e gestores p\u00fablicos.<\/p>\n\n\n\n<p><br>J\u00e1 o Samba com Orquestra, realizado no mercado municipal Adolpho Lisboa, integrou a programa\u00e7\u00e3o 2025 do projeto &#8220;Manaus Faz Cultura&#8221; e levou m\u00fasica de concerto e m\u00fasica popular brasileira a um p\u00fablico diverso, formado por frequentadores e turistas. A apresenta\u00e7\u00e3o destacou o trabalho da Orquestra de C\u00e2mara de Manaus, composta por 16 m\u00fasicos.<\/p>\n\n\n\n<p><br><strong>Literatura, oralidade e identidade amaz\u00f4nica<\/strong><\/p>\n\n\n\n<p><br>O evento \u201cA Maior Poesia de Improviso do Mundo\u201d, promovido pelo Concultura em dezembro de 2025, no Luso Sporting Clube, celebrou os 100 anos do cordel na Amaz\u00f4nia, reunindo grandes nomes do cordel e do repente e fortalecendo o di\u00e1logo cultural entre Norte e Nordeste.<\/p>\n\n\n\n<p><br>O destaque&nbsp;foi o renomado cordelista e repentista Oliveira de Panelas, homenageado por sua contribui\u00e7\u00e3o \u00e0 cultura popular.&nbsp;\u201cQue a nossa palavra seja sempre a verdade. Estou no c\u00e9u por estar com uma plateia t\u00e3o especial\u201d, afirmou o artista.<\/p>\n\n\n\n<p><br>O evento reuniu poetas e repentistas amazonenses, como Gui Cordel, Bento Sales, Julian Repentista, Joel Marinho, Alex Alves, Kayla Alves e Bosco Poeta, com uma programa\u00e7\u00e3o composta por recitais, desafios po\u00e9ticos e grava\u00e7\u00f5es ao vivo.<\/p>\n\n\n\n<p><br>O Edital dos Pr\u00eamios Liter\u00e1rios Cidade de Manaus 2025, em sua 14\u00aa edi\u00e7\u00e3o, uma das iniciativas mais tradicionais de incentivo \u00e0 literatura amazonense, tamb\u00e9m foi destaque, premiando obras in\u00e9ditas de autores residentes no Amazonas, com dez categorias, cada uma concedendo R$ 8 mil ao vencedor, fortalecendo a identidade cultural amaz\u00f4nica conforme a legisla\u00e7\u00e3o vigente.<\/p>\n\n\n\n<p><br>Com esse conjunto de a\u00e7\u00f5es, o Concultura reafirma o compromisso da Prefeitura de Manaus com a democratiza\u00e7\u00e3o do acesso \u00e0 cultura, a valoriza\u00e7\u00e3o dos artistas locais e a constru\u00e7\u00e3o de uma pol\u00edtica cultural inclusiva, inovadora e representativa da diversidade da capital amazonense.<\/p>\n\n\n\n<p>&#8212; &#8212; &#8212;<\/p>\n\n\n\n<p><strong>Texto &#8211;<\/strong>&nbsp;Marcilene Frutuoso\/Semcom<\/p>\n\n\n\n<p><strong>Fotos \u2013 <\/strong>Antonio Pereira\/Arquivo Semcom<\/p>\n","protected":false},"excerpt":{"rendered":"","protected":false},"author":39,"featured_media":252098,"comment_status":"closed","ping_status":"closed","sticky":false,"template":"","format":"standard","meta":{"footnotes":""},"categories":[647],"tags":[695,19174,19175,77,19176],"acf":[],"yoast_head":"<!-- This site is optimized with the Yoast SEO plugin v23.0 - https:\/\/yoast.com\/wordpress\/plugins\/seo\/ -->\n<title>Corpos est\u00e1veis e projetos in\u00e9ditos de inclus\u00e3o art\u00edstica<\/title>\n<meta name=\"description\" content=\"Cria\u00e7\u00e3o de corpos est\u00e1veis e projetos in\u00e9ditos de inclus\u00e3o art\u00edstica avan\u00e7am em Manaus e fomentam a democratiza\u00e7\u00e3o de acesso \u00e0 cultura.\" \/>\n<meta name=\"robots\" content=\"index, follow, max-snippet:-1, max-image-preview:large, max-video-preview:-1\" \/>\n<link rel=\"canonical\" href=\"https:\/\/www.manaus.am.gov.br\/semcom\/criacao-corpos-estaveis-e-projetos-ineditos-cultura\/\" \/>\n<meta property=\"og:locale\" content=\"pt_BR\" \/>\n<meta property=\"og:type\" content=\"article\" \/>\n<meta property=\"og:title\" content=\"Corpos est\u00e1veis e projetos in\u00e9ditos de inclus\u00e3o art\u00edstica\" \/>\n<meta property=\"og:description\" content=\"Cria\u00e7\u00e3o de corpos est\u00e1veis e projetos in\u00e9ditos de inclus\u00e3o art\u00edstica avan\u00e7am em Manaus e fomentam a democratiza\u00e7\u00e3o de acesso \u00e0 cultura.\" \/>\n<meta property=\"og:url\" content=\"https:\/\/www.manaus.am.gov.br\/semcom\/criacao-corpos-estaveis-e-projetos-ineditos-cultura\/\" \/>\n<meta property=\"og:site_name\" content=\"SEMCOM\" \/>\n<meta property=\"article:published_time\" content=\"2026-02-02T18:21:14+00:00\" \/>\n<meta property=\"article:modified_time\" content=\"2026-02-02T18:35:37+00:00\" \/>\n<meta property=\"og:image\" content=\"https:\/\/www.manaus.am.gov.br\/semcom\/wp-content\/uploads\/sites\/5\/2026\/02\/54719324331_bf24c9b756_k.jpg\" \/>\n\t<meta property=\"og:image:width\" content=\"2047\" \/>\n\t<meta property=\"og:image:height\" content=\"1365\" \/>\n\t<meta property=\"og:image:type\" content=\"image\/jpeg\" \/>\n<meta name=\"author\" content=\"Bruna Greco\" \/>\n<meta name=\"twitter:card\" content=\"summary_large_image\" \/>\n<meta name=\"twitter:label1\" content=\"Written by\" \/>\n\t<meta name=\"twitter:data1\" content=\"Bruna Greco\" \/>\n\t<meta name=\"twitter:label2\" content=\"Est. reading time\" \/>\n\t<meta name=\"twitter:data2\" content=\"7 minutos\" \/>\n<script type=\"application\/ld+json\" class=\"yoast-schema-graph\">{\"@context\":\"https:\/\/schema.org\",\"@graph\":[{\"@type\":\"WebPage\",\"@id\":\"https:\/\/www.manaus.am.gov.br\/semcom\/criacao-corpos-estaveis-e-projetos-ineditos-cultura\/\",\"url\":\"https:\/\/www.manaus.am.gov.br\/semcom\/criacao-corpos-estaveis-e-projetos-ineditos-cultura\/\",\"name\":\"Corpos est\u00e1veis e projetos in\u00e9ditos de inclus\u00e3o art\u00edstica\",\"isPartOf\":{\"@id\":\"https:\/\/www.manaus.am.gov.br\/semcom\/#website\"},\"primaryImageOfPage\":{\"@id\":\"https:\/\/www.manaus.am.gov.br\/semcom\/criacao-corpos-estaveis-e-projetos-ineditos-cultura\/#primaryimage\"},\"image\":{\"@id\":\"https:\/\/www.manaus.am.gov.br\/semcom\/criacao-corpos-estaveis-e-projetos-ineditos-cultura\/#primaryimage\"},\"thumbnailUrl\":\"https:\/\/www.manaus.am.gov.br\/semcom\/wp-content\/uploads\/sites\/5\/2026\/02\/54719324331_bf24c9b756_k.jpg\",\"datePublished\":\"2026-02-02T18:21:14+00:00\",\"dateModified\":\"2026-02-02T18:35:37+00:00\",\"author\":{\"@id\":\"https:\/\/www.manaus.am.gov.br\/semcom\/#\/schema\/person\/05d223aea2bf115f9883a6ff3683d81b\"},\"description\":\"Cria\u00e7\u00e3o de corpos est\u00e1veis e projetos in\u00e9ditos de inclus\u00e3o art\u00edstica avan\u00e7am em Manaus e fomentam a democratiza\u00e7\u00e3o de acesso \u00e0 cultura.\",\"inLanguage\":\"pt-BR\",\"potentialAction\":[{\"@type\":\"ReadAction\",\"target\":[\"https:\/\/www.manaus.am.gov.br\/semcom\/criacao-corpos-estaveis-e-projetos-ineditos-cultura\/\"]}]},{\"@type\":\"ImageObject\",\"inLanguage\":\"pt-BR\",\"@id\":\"https:\/\/www.manaus.am.gov.br\/semcom\/criacao-corpos-estaveis-e-projetos-ineditos-cultura\/#primaryimage\",\"url\":\"https:\/\/www.manaus.am.gov.br\/semcom\/wp-content\/uploads\/sites\/5\/2026\/02\/54719324331_bf24c9b756_k.jpg\",\"contentUrl\":\"https:\/\/www.manaus.am.gov.br\/semcom\/wp-content\/uploads\/sites\/5\/2026\/02\/54719324331_bf24c9b756_k.jpg\",\"width\":2047,\"height\":1365,\"caption\":\"#paratodosverem - Corpos Est\u00e1veis de M\u00fasica e Dan\u00e7a do Munic\u00edpio durante apresenta\u00e7\u00e3o no mirante L\u00facia Almeida\"},{\"@type\":\"WebSite\",\"@id\":\"https:\/\/www.manaus.am.gov.br\/semcom\/#website\",\"url\":\"https:\/\/www.manaus.am.gov.br\/semcom\/\",\"name\":\"SEMCOM\",\"description\":\"Secretaria Municipal de Comunica\u00e7\u00e3o\",\"potentialAction\":[{\"@type\":\"SearchAction\",\"target\":{\"@type\":\"EntryPoint\",\"urlTemplate\":\"https:\/\/www.manaus.am.gov.br\/semcom\/?s={search_term_string}\"},\"query-input\":\"required name=search_term_string\"}],\"inLanguage\":\"pt-BR\"},{\"@type\":\"Person\",\"@id\":\"https:\/\/www.manaus.am.gov.br\/semcom\/#\/schema\/person\/05d223aea2bf115f9883a6ff3683d81b\",\"name\":\"Bruna Greco\",\"image\":{\"@type\":\"ImageObject\",\"inLanguage\":\"pt-BR\",\"@id\":\"https:\/\/www.manaus.am.gov.br\/semcom\/#\/schema\/person\/image\/\",\"url\":\"https:\/\/secure.gravatar.com\/avatar\/9c877d1a6adc2a055330e5c09a8653ce?s=96&d=mm&r=g\",\"contentUrl\":\"https:\/\/secure.gravatar.com\/avatar\/9c877d1a6adc2a055330e5c09a8653ce?s=96&d=mm&r=g\",\"caption\":\"Bruna Greco\"}}]}<\/script>\n<!-- \/ Yoast SEO plugin. -->","yoast_head_json":{"title":"Corpos est\u00e1veis e projetos in\u00e9ditos de inclus\u00e3o art\u00edstica","description":"Cria\u00e7\u00e3o de corpos est\u00e1veis e projetos in\u00e9ditos de inclus\u00e3o art\u00edstica avan\u00e7am em Manaus e fomentam a democratiza\u00e7\u00e3o de acesso \u00e0 cultura.","robots":{"index":"index","follow":"follow","max-snippet":"max-snippet:-1","max-image-preview":"max-image-preview:large","max-video-preview":"max-video-preview:-1"},"canonical":"https:\/\/www.manaus.am.gov.br\/semcom\/criacao-corpos-estaveis-e-projetos-ineditos-cultura\/","og_locale":"pt_BR","og_type":"article","og_title":"Corpos est\u00e1veis e projetos in\u00e9ditos de inclus\u00e3o art\u00edstica","og_description":"Cria\u00e7\u00e3o de corpos est\u00e1veis e projetos in\u00e9ditos de inclus\u00e3o art\u00edstica avan\u00e7am em Manaus e fomentam a democratiza\u00e7\u00e3o de acesso \u00e0 cultura.","og_url":"https:\/\/www.manaus.am.gov.br\/semcom\/criacao-corpos-estaveis-e-projetos-ineditos-cultura\/","og_site_name":"SEMCOM","article_published_time":"2026-02-02T18:21:14+00:00","article_modified_time":"2026-02-02T18:35:37+00:00","og_image":[{"width":2047,"height":1365,"url":"https:\/\/www.manaus.am.gov.br\/semcom\/wp-content\/uploads\/sites\/5\/2026\/02\/54719324331_bf24c9b756_k.jpg","type":"image\/jpeg"}],"author":"Bruna Greco","twitter_card":"summary_large_image","twitter_misc":{"Written by":"Bruna Greco","Est. reading time":"7 minutos"},"schema":{"@context":"https:\/\/schema.org","@graph":[{"@type":"WebPage","@id":"https:\/\/www.manaus.am.gov.br\/semcom\/criacao-corpos-estaveis-e-projetos-ineditos-cultura\/","url":"https:\/\/www.manaus.am.gov.br\/semcom\/criacao-corpos-estaveis-e-projetos-ineditos-cultura\/","name":"Corpos est\u00e1veis e projetos in\u00e9ditos de inclus\u00e3o art\u00edstica","isPartOf":{"@id":"https:\/\/www.manaus.am.gov.br\/semcom\/#website"},"primaryImageOfPage":{"@id":"https:\/\/www.manaus.am.gov.br\/semcom\/criacao-corpos-estaveis-e-projetos-ineditos-cultura\/#primaryimage"},"image":{"@id":"https:\/\/www.manaus.am.gov.br\/semcom\/criacao-corpos-estaveis-e-projetos-ineditos-cultura\/#primaryimage"},"thumbnailUrl":"https:\/\/www.manaus.am.gov.br\/semcom\/wp-content\/uploads\/sites\/5\/2026\/02\/54719324331_bf24c9b756_k.jpg","datePublished":"2026-02-02T18:21:14+00:00","dateModified":"2026-02-02T18:35:37+00:00","author":{"@id":"https:\/\/www.manaus.am.gov.br\/semcom\/#\/schema\/person\/05d223aea2bf115f9883a6ff3683d81b"},"description":"Cria\u00e7\u00e3o de corpos est\u00e1veis e projetos in\u00e9ditos de inclus\u00e3o art\u00edstica avan\u00e7am em Manaus e fomentam a democratiza\u00e7\u00e3o de acesso \u00e0 cultura.","inLanguage":"pt-BR","potentialAction":[{"@type":"ReadAction","target":["https:\/\/www.manaus.am.gov.br\/semcom\/criacao-corpos-estaveis-e-projetos-ineditos-cultura\/"]}]},{"@type":"ImageObject","inLanguage":"pt-BR","@id":"https:\/\/www.manaus.am.gov.br\/semcom\/criacao-corpos-estaveis-e-projetos-ineditos-cultura\/#primaryimage","url":"https:\/\/www.manaus.am.gov.br\/semcom\/wp-content\/uploads\/sites\/5\/2026\/02\/54719324331_bf24c9b756_k.jpg","contentUrl":"https:\/\/www.manaus.am.gov.br\/semcom\/wp-content\/uploads\/sites\/5\/2026\/02\/54719324331_bf24c9b756_k.jpg","width":2047,"height":1365,"caption":"#paratodosverem - Corpos Est\u00e1veis de M\u00fasica e Dan\u00e7a do Munic\u00edpio durante apresenta\u00e7\u00e3o no mirante L\u00facia Almeida"},{"@type":"WebSite","@id":"https:\/\/www.manaus.am.gov.br\/semcom\/#website","url":"https:\/\/www.manaus.am.gov.br\/semcom\/","name":"SEMCOM","description":"Secretaria Municipal de Comunica\u00e7\u00e3o","potentialAction":[{"@type":"SearchAction","target":{"@type":"EntryPoint","urlTemplate":"https:\/\/www.manaus.am.gov.br\/semcom\/?s={search_term_string}"},"query-input":"required name=search_term_string"}],"inLanguage":"pt-BR"},{"@type":"Person","@id":"https:\/\/www.manaus.am.gov.br\/semcom\/#\/schema\/person\/05d223aea2bf115f9883a6ff3683d81b","name":"Bruna Greco","image":{"@type":"ImageObject","inLanguage":"pt-BR","@id":"https:\/\/www.manaus.am.gov.br\/semcom\/#\/schema\/person\/image\/","url":"https:\/\/secure.gravatar.com\/avatar\/9c877d1a6adc2a055330e5c09a8653ce?s=96&d=mm&r=g","contentUrl":"https:\/\/secure.gravatar.com\/avatar\/9c877d1a6adc2a055330e5c09a8653ce?s=96&d=mm&r=g","caption":"Bruna Greco"}}]}},"_links":{"self":[{"href":"https:\/\/www.manaus.am.gov.br\/semcom\/wp-json\/wp\/v2\/posts\/252097"}],"collection":[{"href":"https:\/\/www.manaus.am.gov.br\/semcom\/wp-json\/wp\/v2\/posts"}],"about":[{"href":"https:\/\/www.manaus.am.gov.br\/semcom\/wp-json\/wp\/v2\/types\/post"}],"author":[{"embeddable":true,"href":"https:\/\/www.manaus.am.gov.br\/semcom\/wp-json\/wp\/v2\/users\/39"}],"replies":[{"embeddable":true,"href":"https:\/\/www.manaus.am.gov.br\/semcom\/wp-json\/wp\/v2\/comments?post=252097"}],"version-history":[{"count":7,"href":"https:\/\/www.manaus.am.gov.br\/semcom\/wp-json\/wp\/v2\/posts\/252097\/revisions"}],"predecessor-version":[{"id":252107,"href":"https:\/\/www.manaus.am.gov.br\/semcom\/wp-json\/wp\/v2\/posts\/252097\/revisions\/252107"}],"wp:featuredmedia":[{"embeddable":true,"href":"https:\/\/www.manaus.am.gov.br\/semcom\/wp-json\/wp\/v2\/media\/252098"}],"wp:attachment":[{"href":"https:\/\/www.manaus.am.gov.br\/semcom\/wp-json\/wp\/v2\/media?parent=252097"}],"wp:term":[{"taxonomy":"category","embeddable":true,"href":"https:\/\/www.manaus.am.gov.br\/semcom\/wp-json\/wp\/v2\/categories?post=252097"},{"taxonomy":"post_tag","embeddable":true,"href":"https:\/\/www.manaus.am.gov.br\/semcom\/wp-json\/wp\/v2\/tags?post=252097"}],"curies":[{"name":"wp","href":"https:\/\/api.w.org\/{rel}","templated":true}]}}