{"id":251974,"date":"2026-01-30T16:23:45","date_gmt":"2026-01-30T19:23:45","guid":{"rendered":"https:\/\/www.manaus.am.gov.br\/semcom\/6-mil-mudas-plantadas\/"},"modified":"2026-02-02T11:43:11","modified_gmt":"2026-02-02T14:43:11","slug":"6-mil-mudas-plantadas","status":"publish","type":"post","link":"https:\/\/www.manaus.am.gov.br\/semcom\/6-mil-mudas-plantadas\/","title":{"rendered":"Prefeitura de Manaus alcan\u00e7a marca de 6 mil mudas plantadas em apenas um m\u00eas e comemora com plantio no Tarum\u00e3"},"content":{"rendered":"\n<p>A<a href=\"https:\/\/www.instagram.com\/prefeiturademanaus\/\"> Prefeitura de Manaus <\/a>alcan\u00e7ou um marco importante no primeiro m\u00eas do ano: apenas em janeiro, a <a href=\"https:\/\/www.manaus.am.gov.br\/\">Secretaria Municipal de Meio Ambiente e Sustentabilidade<\/a> plantou 6.000 mudas. O n\u00famero equivale a 19% do total de mudas plantadas em todo o ano de 2025, que foi de 32 mil. A meta de plantio para 2026 \u00e9 de plantar 30 mil mudas.<\/p>\n\n\n\n<p>O avan\u00e7o nos indicadores da arboriza\u00e7\u00e3o p\u00fablica de Manaus \u00e9 atribu\u00eddo tanto ao comprometimento das equipes de rua quanto \u00e0 implanta\u00e7\u00e3o de novas tecnologias que agilizam o trabalho. Entre elas est\u00e3o os perfuradores de solo, o tratamento da terra com hidrogel e outros componentes que favorecem a sobreviv\u00eancia e o crescimento das \u00e1rvores.&nbsp;<\/p>\n\n\n\n<p>Para celebrar o marco hist\u00f3rico do m\u00eas de janeiro, a Semmas realizou o plantio de 260 mudas na rotat\u00f3ria do Rodoanel Metropolitano de Manaus, conhecido como &#8220;Rapid\u00e3o&#8221;, na avenida Torquato Tapaj\u00f3s, bairro Tarum\u00e3.<\/p>\n\n\n\n<p>Para o secret\u00e1rio em exerc\u00edcio da Semmas, Elton Oliveira, os indicadores representam o compromisso de deixar Manaus ainda mais verde. &#8220;Aqui no Trevo do &#8216;Rapid\u00e3o&#8217;, foram plantadas mais de 200 mudas; e em todo o entorno da al\u00e7a vi\u00e1ria, o n\u00famero supera as 2.000. Somente neste in\u00edcio do ano, no m\u00eas de janeiro, j\u00e1 foram plantadas mais de 6.000 mudas. Seguimos firmes com a nossa meta para 2026, que \u00e9 alcan\u00e7ar o marco de 30 mil mudas plantadas na cidade de Manaus\u201d, ressaltou.<\/p>\n\n\n\n<p><strong>Manaus Verde<\/strong><br><br>Al\u00e9m do plantio de mudas, a Semmas realiza a distribui\u00e7\u00e3o gratuita de mudas \u00e0 popula\u00e7\u00e3o. Toda quarta-feira, a equipe de arboriza\u00e7\u00e3o da secretaria vai a um bairro diferente da cidade, com mudas frut\u00edferas, ornamentais e medicinais, al\u00e9m de a\u00e7\u00f5es de Educa\u00e7\u00e3o Ambiental. O \u00f3rg\u00e3o tamb\u00e9m atende solicita\u00e7\u00f5es de doa\u00e7\u00e3o de mudas a projetos de organiza\u00e7\u00f5es n\u00e3o governamentais e institui\u00e7\u00f5es privadas. Para solicitar, basta buscar mais informa\u00e7\u00f5es por meio do WhatsApp (92) 98842-2090. Outra atividade da equipe \u00e9 a gest\u00e3o da arboriza\u00e7\u00e3o j\u00e1 existente, com hidrata\u00e7\u00e3o di\u00e1ria, reposi\u00e7\u00e3o de mudas e vistorias t\u00e9cnicas para corte e poda.<br><br><\/p>\n\n\n\n<p>&#8212; &#8212; &#8212;<br><strong>Texto &#8211;<\/strong> Taianna Castro \/ Semmas<br><strong>Fotos \u2013<\/strong> Ant\u00f4nio Pereira\/Semcom<br><strong>Dispon\u00edveis em <\/strong>&#8211; <a href=\"https:\/\/flic.kr\/s\/aHBqjCJ2nC\">https:\/\/flic.kr\/s\/aHBqjCJ2nC<\/a><\/p>\n","protected":false},"excerpt":{"rendered":"","protected":false},"author":68,"featured_media":251975,"comment_status":"closed","ping_status":"closed","sticky":false,"template":"","format":"standard","meta":{"footnotes":""},"categories":[3878],"tags":[19141,19142,77,19],"acf":[],"yoast_head":"<!-- This site is optimized with the Yoast SEO plugin v23.0 - https:\/\/yoast.com\/wordpress\/plugins\/seo\/ -->\n<title>Prefeitura de Manaus alcan\u00e7a marca de 6 mil mudas plantadas<\/title>\n<meta name=\"description\" content=\"A Prefeitura de Manaus alcan\u00e7ou um marco importante no primeiro m\u00eas do ano: apenas em janeiro, 6.000 mudas plantadas.\" \/>\n<meta name=\"robots\" content=\"index, follow, max-snippet:-1, max-image-preview:large, max-video-preview:-1\" \/>\n<link rel=\"canonical\" href=\"https:\/\/www.manaus.am.gov.br\/semcom\/6-mil-mudas-plantadas\/\" \/>\n<meta property=\"og:locale\" content=\"pt_BR\" \/>\n<meta property=\"og:type\" content=\"article\" \/>\n<meta property=\"og:title\" content=\"Prefeitura de Manaus alcan\u00e7a marca de 6 mil mudas plantadas\" \/>\n<meta property=\"og:description\" content=\"A Prefeitura de Manaus alcan\u00e7ou um marco importante no primeiro m\u00eas do ano: apenas em janeiro, 6.000 mudas plantadas.\" \/>\n<meta property=\"og:url\" content=\"https:\/\/www.manaus.am.gov.br\/semcom\/6-mil-mudas-plantadas\/\" \/>\n<meta property=\"og:site_name\" content=\"SEMCOM\" \/>\n<meta property=\"article:published_time\" content=\"2026-01-30T19:23:45+00:00\" \/>\n<meta property=\"article:modified_time\" content=\"2026-02-02T14:43:11+00:00\" \/>\n<meta property=\"og:image\" content=\"https:\/\/www.manaus.am.gov.br\/semcom\/wp-content\/uploads\/sites\/5\/2026\/01\/WhatsApp-Image-2026-01-30-at-15.18.38.jpeg\" \/>\n\t<meta property=\"og:image:width\" content=\"799\" \/>\n\t<meta property=\"og:image:height\" content=\"533\" \/>\n\t<meta property=\"og:image:type\" content=\"image\/jpeg\" \/>\n<meta name=\"author\" content=\"bvalente\" \/>\n<meta name=\"twitter:card\" content=\"summary_large_image\" \/>\n<meta name=\"twitter:label1\" content=\"Written by\" \/>\n\t<meta name=\"twitter:data1\" content=\"bvalente\" \/>\n\t<meta name=\"twitter:label2\" content=\"Est. reading time\" \/>\n\t<meta name=\"twitter:data2\" content=\"3 minutos\" \/>\n<script type=\"application\/ld+json\" class=\"yoast-schema-graph\">{\"@context\":\"https:\/\/schema.org\",\"@graph\":[{\"@type\":\"WebPage\",\"@id\":\"https:\/\/www.manaus.am.gov.br\/semcom\/6-mil-mudas-plantadas\/\",\"url\":\"https:\/\/www.manaus.am.gov.br\/semcom\/6-mil-mudas-plantadas\/\",\"name\":\"Prefeitura de Manaus alcan\u00e7a marca de 6 mil mudas plantadas\",\"isPartOf\":{\"@id\":\"https:\/\/www.manaus.am.gov.br\/semcom\/#website\"},\"primaryImageOfPage\":{\"@id\":\"https:\/\/www.manaus.am.gov.br\/semcom\/6-mil-mudas-plantadas\/#primaryimage\"},\"image\":{\"@id\":\"https:\/\/www.manaus.am.gov.br\/semcom\/6-mil-mudas-plantadas\/#primaryimage\"},\"thumbnailUrl\":\"https:\/\/www.manaus.am.gov.br\/semcom\/wp-content\/uploads\/sites\/5\/2026\/01\/WhatsApp-Image-2026-01-30-at-15.18.38.jpeg\",\"datePublished\":\"2026-01-30T19:23:45+00:00\",\"dateModified\":\"2026-02-02T14:43:11+00:00\",\"author\":{\"@id\":\"https:\/\/www.manaus.am.gov.br\/semcom\/#\/schema\/person\/466a0e03ae4b6062809046bd560ac955\"},\"description\":\"A Prefeitura de Manaus alcan\u00e7ou um marco importante no primeiro m\u00eas do ano: apenas em janeiro, 6.000 mudas plantadas.\",\"inLanguage\":\"pt-BR\",\"potentialAction\":[{\"@type\":\"ReadAction\",\"target\":[\"https:\/\/www.manaus.am.gov.br\/semcom\/6-mil-mudas-plantadas\/\"]}]},{\"@type\":\"ImageObject\",\"inLanguage\":\"pt-BR\",\"@id\":\"https:\/\/www.manaus.am.gov.br\/semcom\/6-mil-mudas-plantadas\/#primaryimage\",\"url\":\"https:\/\/www.manaus.am.gov.br\/semcom\/wp-content\/uploads\/sites\/5\/2026\/01\/WhatsApp-Image-2026-01-30-at-15.18.38.jpeg\",\"contentUrl\":\"https:\/\/www.manaus.am.gov.br\/semcom\/wp-content\/uploads\/sites\/5\/2026\/01\/WhatsApp-Image-2026-01-30-at-15.18.38.jpeg\",\"width\":799,\"height\":533,\"caption\":\"#paratodosverem - Equipes da Semmas realizando plantio de mudas\"},{\"@type\":\"WebSite\",\"@id\":\"https:\/\/www.manaus.am.gov.br\/semcom\/#website\",\"url\":\"https:\/\/www.manaus.am.gov.br\/semcom\/\",\"name\":\"SEMCOM\",\"description\":\"Secretaria Municipal de Comunica\u00e7\u00e3o\",\"potentialAction\":[{\"@type\":\"SearchAction\",\"target\":{\"@type\":\"EntryPoint\",\"urlTemplate\":\"https:\/\/www.manaus.am.gov.br\/semcom\/?s={search_term_string}\"},\"query-input\":\"required name=search_term_string\"}],\"inLanguage\":\"pt-BR\"},{\"@type\":\"Person\",\"@id\":\"https:\/\/www.manaus.am.gov.br\/semcom\/#\/schema\/person\/466a0e03ae4b6062809046bd560ac955\",\"name\":\"bvalente\",\"image\":{\"@type\":\"ImageObject\",\"inLanguage\":\"pt-BR\",\"@id\":\"https:\/\/www.manaus.am.gov.br\/semcom\/#\/schema\/person\/image\/\",\"url\":\"https:\/\/secure.gravatar.com\/avatar\/3e69bc2b014bdad41adfec3a39de07d2?s=96&d=mm&r=g\",\"contentUrl\":\"https:\/\/secure.gravatar.com\/avatar\/3e69bc2b014bdad41adfec3a39de07d2?s=96&d=mm&r=g\",\"caption\":\"bvalente\"}}]}<\/script>\n<!-- \/ Yoast SEO plugin. -->","yoast_head_json":{"title":"Prefeitura de Manaus alcan\u00e7a marca de 6 mil mudas plantadas","description":"A Prefeitura de Manaus alcan\u00e7ou um marco importante no primeiro m\u00eas do ano: apenas em janeiro, 6.000 mudas plantadas.","robots":{"index":"index","follow":"follow","max-snippet":"max-snippet:-1","max-image-preview":"max-image-preview:large","max-video-preview":"max-video-preview:-1"},"canonical":"https:\/\/www.manaus.am.gov.br\/semcom\/6-mil-mudas-plantadas\/","og_locale":"pt_BR","og_type":"article","og_title":"Prefeitura de Manaus alcan\u00e7a marca de 6 mil mudas plantadas","og_description":"A Prefeitura de Manaus alcan\u00e7ou um marco importante no primeiro m\u00eas do ano: apenas em janeiro, 6.000 mudas plantadas.","og_url":"https:\/\/www.manaus.am.gov.br\/semcom\/6-mil-mudas-plantadas\/","og_site_name":"SEMCOM","article_published_time":"2026-01-30T19:23:45+00:00","article_modified_time":"2026-02-02T14:43:11+00:00","og_image":[{"width":799,"height":533,"url":"https:\/\/www.manaus.am.gov.br\/semcom\/wp-content\/uploads\/sites\/5\/2026\/01\/WhatsApp-Image-2026-01-30-at-15.18.38.jpeg","type":"image\/jpeg"}],"author":"bvalente","twitter_card":"summary_large_image","twitter_misc":{"Written by":"bvalente","Est. reading time":"3 minutos"},"schema":{"@context":"https:\/\/schema.org","@graph":[{"@type":"WebPage","@id":"https:\/\/www.manaus.am.gov.br\/semcom\/6-mil-mudas-plantadas\/","url":"https:\/\/www.manaus.am.gov.br\/semcom\/6-mil-mudas-plantadas\/","name":"Prefeitura de Manaus alcan\u00e7a marca de 6 mil mudas plantadas","isPartOf":{"@id":"https:\/\/www.manaus.am.gov.br\/semcom\/#website"},"primaryImageOfPage":{"@id":"https:\/\/www.manaus.am.gov.br\/semcom\/6-mil-mudas-plantadas\/#primaryimage"},"image":{"@id":"https:\/\/www.manaus.am.gov.br\/semcom\/6-mil-mudas-plantadas\/#primaryimage"},"thumbnailUrl":"https:\/\/www.manaus.am.gov.br\/semcom\/wp-content\/uploads\/sites\/5\/2026\/01\/WhatsApp-Image-2026-01-30-at-15.18.38.jpeg","datePublished":"2026-01-30T19:23:45+00:00","dateModified":"2026-02-02T14:43:11+00:00","author":{"@id":"https:\/\/www.manaus.am.gov.br\/semcom\/#\/schema\/person\/466a0e03ae4b6062809046bd560ac955"},"description":"A Prefeitura de Manaus alcan\u00e7ou um marco importante no primeiro m\u00eas do ano: apenas em janeiro, 6.000 mudas plantadas.","inLanguage":"pt-BR","potentialAction":[{"@type":"ReadAction","target":["https:\/\/www.manaus.am.gov.br\/semcom\/6-mil-mudas-plantadas\/"]}]},{"@type":"ImageObject","inLanguage":"pt-BR","@id":"https:\/\/www.manaus.am.gov.br\/semcom\/6-mil-mudas-plantadas\/#primaryimage","url":"https:\/\/www.manaus.am.gov.br\/semcom\/wp-content\/uploads\/sites\/5\/2026\/01\/WhatsApp-Image-2026-01-30-at-15.18.38.jpeg","contentUrl":"https:\/\/www.manaus.am.gov.br\/semcom\/wp-content\/uploads\/sites\/5\/2026\/01\/WhatsApp-Image-2026-01-30-at-15.18.38.jpeg","width":799,"height":533,"caption":"#paratodosverem - Equipes da Semmas realizando plantio de mudas"},{"@type":"WebSite","@id":"https:\/\/www.manaus.am.gov.br\/semcom\/#website","url":"https:\/\/www.manaus.am.gov.br\/semcom\/","name":"SEMCOM","description":"Secretaria Municipal de Comunica\u00e7\u00e3o","potentialAction":[{"@type":"SearchAction","target":{"@type":"EntryPoint","urlTemplate":"https:\/\/www.manaus.am.gov.br\/semcom\/?s={search_term_string}"},"query-input":"required name=search_term_string"}],"inLanguage":"pt-BR"},{"@type":"Person","@id":"https:\/\/www.manaus.am.gov.br\/semcom\/#\/schema\/person\/466a0e03ae4b6062809046bd560ac955","name":"bvalente","image":{"@type":"ImageObject","inLanguage":"pt-BR","@id":"https:\/\/www.manaus.am.gov.br\/semcom\/#\/schema\/person\/image\/","url":"https:\/\/secure.gravatar.com\/avatar\/3e69bc2b014bdad41adfec3a39de07d2?s=96&d=mm&r=g","contentUrl":"https:\/\/secure.gravatar.com\/avatar\/3e69bc2b014bdad41adfec3a39de07d2?s=96&d=mm&r=g","caption":"bvalente"}}]}},"_links":{"self":[{"href":"https:\/\/www.manaus.am.gov.br\/semcom\/wp-json\/wp\/v2\/posts\/251974"}],"collection":[{"href":"https:\/\/www.manaus.am.gov.br\/semcom\/wp-json\/wp\/v2\/posts"}],"about":[{"href":"https:\/\/www.manaus.am.gov.br\/semcom\/wp-json\/wp\/v2\/types\/post"}],"author":[{"embeddable":true,"href":"https:\/\/www.manaus.am.gov.br\/semcom\/wp-json\/wp\/v2\/users\/68"}],"replies":[{"embeddable":true,"href":"https:\/\/www.manaus.am.gov.br\/semcom\/wp-json\/wp\/v2\/comments?post=251974"}],"version-history":[{"count":1,"href":"https:\/\/www.manaus.am.gov.br\/semcom\/wp-json\/wp\/v2\/posts\/251974\/revisions"}],"predecessor-version":[{"id":252058,"href":"https:\/\/www.manaus.am.gov.br\/semcom\/wp-json\/wp\/v2\/posts\/251974\/revisions\/252058"}],"wp:featuredmedia":[{"embeddable":true,"href":"https:\/\/www.manaus.am.gov.br\/semcom\/wp-json\/wp\/v2\/media\/251975"}],"wp:attachment":[{"href":"https:\/\/www.manaus.am.gov.br\/semcom\/wp-json\/wp\/v2\/media?parent=251974"}],"wp:term":[{"taxonomy":"category","embeddable":true,"href":"https:\/\/www.manaus.am.gov.br\/semcom\/wp-json\/wp\/v2\/categories?post=251974"},{"taxonomy":"post_tag","embeddable":true,"href":"https:\/\/www.manaus.am.gov.br\/semcom\/wp-json\/wp\/v2\/tags?post=251974"}],"curies":[{"name":"wp","href":"https:\/\/api.w.org\/{rel}","templated":true}]}}