{"id":251966,"date":"2026-01-30T14:20:41","date_gmt":"2026-01-30T18:20:41","guid":{"rendered":"https:\/\/www.manaus.am.gov.br\/semcom\/encerramento-campanha-janeiro-roxo-hanseniase\/"},"modified":"2026-02-02T12:10:51","modified_gmt":"2026-02-02T15:10:51","slug":"encerramento-campanha-janeiro-roxo-hanseniase","status":"publish","type":"post","link":"https:\/\/www.manaus.am.gov.br\/semcom\/encerramento-campanha-janeiro-roxo-hanseniase\/","title":{"rendered":"Caminhada na zona Leste de Manaus encerra campanha \u2018Janeiro Roxo\u2019 no controle e preven\u00e7\u00e3o da hansen\u00edase"},"content":{"rendered":"\n<p>A<a href=\"https:\/\/www.instagram.com\/prefeiturademanaus\/\"> Prefeitura de Manaus<\/a>, por meio da <a href=\"https:\/\/www.manaus.am.gov.br\/\">Secretaria Municipal de Sa\u00fade (Sems<\/a>a), encerrou, nesta sexta-feira, 30\/1, a campanha \u201cJaneiro Roxo\u201d com uma caminhada de sensibiliza\u00e7\u00e3o no bairro Col\u00f4nia Ant\u00f4nio Aleixo, zona Leste, para refor\u00e7ar a import\u00e2ncia da divulga\u00e7\u00e3o de informa\u00e7\u00f5es sobre a hansen\u00edase, do combate ao estigma e do acesso em tempo oportuno ao diagn\u00f3stico e tratamento.<\/p>\n\n\n\n<p>Este ano, Manaus j\u00e1 registrou seis casos novos de hansen\u00edase, sendo que em 2025 o n\u00famero chegou a 106 casos novos da doen\u00e7a.<\/p>\n\n\n\n<p>A diretora do Distrito de Sa\u00fade (Disa) Leste, Ros\u00e2ngela Castro, acompanhou a programa\u00e7\u00e3o e destacou a parceria dos servi\u00e7os de sa\u00fade com a sociedade civil, escolas, igrejas e associa\u00e7\u00f5es, na sensibiliza\u00e7\u00e3o da popula\u00e7\u00e3o para o combate ao preconceito e na busca de uma unidade de sa\u00fade no caso de sintomas da doen\u00e7a.<\/p>\n\n\n\n<p><a>\u201cTodas as unidades de sa\u00fade, da Prefeitura de Manaus, est\u00e3o capacitadas e treinadas para atender o p\u00fablico no diagn\u00f3stico e tratamento. E estamos unidos com a sociedade civil para o fim do preconceito em rela\u00e7\u00e3o \u00e0 doen\u00e7a, que tem cura e, logo ap\u00f3s o in\u00edcio do tratamento com rem\u00e9dios, o paciente n\u00e3o transmite mais a hansen\u00edase. Al\u00e9m disso, o diagn\u00f3stico precoce e tratamento em tempo oportuno vai evitar as sequelas\u201d, apontou Ros\u00e2ngela Castro.<\/a><\/p>\n\n\n\n<p>A chefe do N\u00facleo de Controle da Hansen\u00edase (Nuhan\/Semsa), enfermeira Ana Cristina Malveira, avaliou de forma positiva a campanha realizada no m\u00eas de janeiro, quando todas as unidades de sa\u00fade intensificaram a oferta de servi\u00e7os de busca ativa de casos suspeitos, da avalia\u00e7\u00e3o cl\u00ednica para identificar novos casos, de exames dermatol\u00f3gicos, com aplica\u00e7\u00e3o do Question\u00e1rio de Suspei\u00e7\u00e3o da Hansen\u00edase (QSH), e a testagem de pessoas que s\u00e3o contatos de pacientes com confirma\u00e7\u00e3o da doen\u00e7a.<\/p>\n\n\n\n<p>De acordo com a enfermeira, as unidades de sa\u00fade atuaram de forma intensa com a\u00e7\u00f5es educativas, palestras e rodas de conversa, informando a popula\u00e7\u00e3o sobre sintomas e refor\u00e7ando a import\u00e2ncia do exame de pele. \u201cA caminhada que encerrou a campanha tamb\u00e9m fez parte dessa programa\u00e7\u00e3o, refor\u00e7ando que a hansen\u00edase tem cura, que as unidades de sa\u00fade da rede municipal oferecem o tratamento e os medicamentos de forma gratuita\u201d, destacou.<\/p>\n\n\n\n<p>Ana Cristina afirmou ainda que, al\u00e9m do atendimento de pacientes em tratamento, a rede municipal mant\u00e9m a aten\u00e7\u00e3o em sa\u00fade aos pacientes que j\u00e1 tiveram a doen\u00e7a, com acompanhamento dermatol\u00f3gico e fisioter\u00e1pico, reavalia\u00e7\u00e3o da situa\u00e7\u00e3o de sa\u00fade, acompanhamento de familiares e contatos de pessoas que foram diagnosticadas com hansen\u00edase.<\/p>\n\n\n\n<p>Doen\u00e7a infecciosa cr\u00f4nica, a hansen\u00edase \u00e9 causada pelo bacilo&nbsp;<em>Mycobacterium leprae<\/em>. A transmiss\u00e3o ocorre de uma pessoa infectada pelo bacilo (sem tratamento) para uma pessoa sadia, por meio de got\u00edculas de saliva eliminadas na fala, tosse ou espirro. As chances de transmiss\u00e3o s\u00e3o maiores quando o contato com a pessoa doente \u00e9 pr\u00f3ximo e prolongado.<\/p>\n\n\n\n<p>Os sintomas de hansen\u00edase incluem manchas na pele e sequelas neurais, como perda da for\u00e7a muscular nas m\u00e3os e dos p\u00e9s, sensa\u00e7\u00f5es de formigamento e c\u00e2imbras, perda dos pelos das sobrancelhas e dos c\u00edlios, e das manchas que podem ser avermelhadas, brancas ou marrons, sem sensibilidade ao frio, calor e dor, e manchas sem presen\u00e7a de pelos e suor.<\/p>\n\n\n\n<p>\u201cA campanha foi encerrada, mas o combate \u00e0 hansen\u00edase \u00e9 feito de janeiro a janeiro nas unidades de sa\u00fade, e vamos continuar trabalhando para tirar da invisibilidade os casos de hansen\u00edase\u201d, garantiu a enfermeira.<\/p>\n\n\n\n<p>O conselheiro de sa\u00fade Paulo Guerreiro, morador do bairro Col\u00f4nia Ant\u00f4nio Aleixo e diretor do projeto social Lar da Mariazinha, participou da programa\u00e7\u00e3o do \u201cJaneiro Roxo\u201d e refor\u00e7ou a import\u00e2ncia do trabalho filantr\u00f3pico no apoio ao poder p\u00fablico para a preven\u00e7\u00e3o \u00e0 hansen\u00edase e no cuidado com pessoas com sequelas da doen\u00e7a.<\/p>\n\n\n\n<p>\u201cEssa parceria e a campanha \u2018Janeiro Roxo\u2019 s\u00e3o importantes para valorizar essa luta que \u00e9 de todos n\u00f3s contra a hansen\u00edase. Ainda existe muito preconceito e isso ocorre por falta de informa\u00e7\u00e3o, e um ato p\u00fablico \u00e9 importante para que as pessoas ou\u00e7am e divulguem mais ainda\u201d, concluiu Guerreiro.<\/p>\n\n\n\n<figure class=\"wp-block-image size-large\"><img loading=\"lazy\" decoding=\"async\" width=\"1024\" height=\"677\" src=\"https:\/\/www.manaus.am.gov.br\/semcom\/wp-content\/uploads\/sites\/5\/2026\/01\/Semsa-Manaus-Caminhada-Hanseniase-11a-1024x677.jpg\" alt=\"\" class=\"wp-image-251968\" srcset=\"https:\/\/www.manaus.am.gov.br\/semcom\/wp-content\/uploads\/sites\/5\/2026\/01\/Semsa-Manaus-Caminhada-Hanseniase-11a-1024x677.jpg 1024w, https:\/\/www.manaus.am.gov.br\/semcom\/wp-content\/uploads\/sites\/5\/2026\/01\/Semsa-Manaus-Caminhada-Hanseniase-11a-300x198.jpg 300w, https:\/\/www.manaus.am.gov.br\/semcom\/wp-content\/uploads\/sites\/5\/2026\/01\/Semsa-Manaus-Caminhada-Hanseniase-11a-768x508.jpg 768w, https:\/\/www.manaus.am.gov.br\/semcom\/wp-content\/uploads\/sites\/5\/2026\/01\/Semsa-Manaus-Caminhada-Hanseniase-11a.jpg 1200w\" sizes=\"(max-width: 1024px) 100vw, 1024px\" \/><figcaption class=\"wp-element-caption\">#paratodosverem &#8211; Caminhada<\/figcaption><\/figure>\n\n\n\n<p><strong>&#8212; &#8212; &#8212;<\/strong><\/p>\n\n\n\n<p><strong>Texto &#8211;<\/strong>&nbsp;Euriv\u00e2nia Gal\u00facio\/Semsa<\/p>\n\n\n\n<p><strong>Fotos &#8211;<\/strong>&nbsp;Divulga\u00e7\u00e3o\/Semsa<\/p>\n","protected":false},"excerpt":{"rendered":"","protected":false},"author":39,"featured_media":251967,"comment_status":"closed","ping_status":"closed","sticky":false,"template":"","format":"standard","meta":{"footnotes":""},"categories":[1453],"tags":[494,18803,19138,77,162,108],"acf":[],"yoast_head":"<!-- This site is optimized with the Yoast SEO plugin v23.0 - https:\/\/yoast.com\/wordpress\/plugins\/seo\/ -->\n<title>Caminhada na zona Leste de Manaus encerra campanha \u2018Janeiro Roxo\u2019 no controle e preven\u00e7\u00e3o da hansen\u00edase<\/title>\n<meta name=\"description\" content=\"Caminhada na zona Leste de Manaus encerra campanha \u2018Janeiro Roxo\u2019 no controle e preven\u00e7\u00e3o da hansen\u00edase nesta sexta-feira, 30\/1.\" \/>\n<meta name=\"robots\" content=\"index, follow, max-snippet:-1, max-image-preview:large, max-video-preview:-1\" \/>\n<link rel=\"canonical\" href=\"https:\/\/www.manaus.am.gov.br\/semcom\/encerramento-campanha-janeiro-roxo-hanseniase\/\" \/>\n<meta property=\"og:locale\" content=\"pt_BR\" \/>\n<meta property=\"og:type\" content=\"article\" \/>\n<meta property=\"og:title\" content=\"Caminhada na zona Leste de Manaus encerra campanha \u2018Janeiro Roxo\u2019 no controle e preven\u00e7\u00e3o da hansen\u00edase\" \/>\n<meta property=\"og:description\" content=\"Caminhada na zona Leste de Manaus encerra campanha \u2018Janeiro Roxo\u2019 no controle e preven\u00e7\u00e3o da hansen\u00edase nesta sexta-feira, 30\/1.\" \/>\n<meta property=\"og:url\" content=\"https:\/\/www.manaus.am.gov.br\/semcom\/encerramento-campanha-janeiro-roxo-hanseniase\/\" \/>\n<meta property=\"og:site_name\" content=\"SEMCOM\" \/>\n<meta property=\"article:published_time\" content=\"2026-01-30T18:20:41+00:00\" \/>\n<meta property=\"article:modified_time\" content=\"2026-02-02T15:10:51+00:00\" \/>\n<meta property=\"og:image\" content=\"https:\/\/www.manaus.am.gov.br\/semcom\/wp-content\/uploads\/sites\/5\/2026\/01\/Semsa-Manaus-Caminhada-Hanseniase-3a.jpg\" \/>\n\t<meta property=\"og:image:width\" content=\"1200\" \/>\n\t<meta property=\"og:image:height\" content=\"734\" \/>\n\t<meta property=\"og:image:type\" content=\"image\/jpeg\" \/>\n<meta name=\"author\" content=\"Bruna Greco\" \/>\n<meta name=\"twitter:card\" content=\"summary_large_image\" \/>\n<meta name=\"twitter:label1\" content=\"Written by\" \/>\n\t<meta name=\"twitter:data1\" content=\"Bruna Greco\" \/>\n\t<meta name=\"twitter:label2\" content=\"Est. reading time\" \/>\n\t<meta name=\"twitter:data2\" content=\"5 minutos\" \/>\n<script type=\"application\/ld+json\" class=\"yoast-schema-graph\">{\"@context\":\"https:\/\/schema.org\",\"@graph\":[{\"@type\":\"WebPage\",\"@id\":\"https:\/\/www.manaus.am.gov.br\/semcom\/encerramento-campanha-janeiro-roxo-hanseniase\/\",\"url\":\"https:\/\/www.manaus.am.gov.br\/semcom\/encerramento-campanha-janeiro-roxo-hanseniase\/\",\"name\":\"Caminhada na zona Leste de Manaus encerra campanha \u2018Janeiro Roxo\u2019 no controle e preven\u00e7\u00e3o da hansen\u00edase\",\"isPartOf\":{\"@id\":\"https:\/\/www.manaus.am.gov.br\/semcom\/#website\"},\"primaryImageOfPage\":{\"@id\":\"https:\/\/www.manaus.am.gov.br\/semcom\/encerramento-campanha-janeiro-roxo-hanseniase\/#primaryimage\"},\"image\":{\"@id\":\"https:\/\/www.manaus.am.gov.br\/semcom\/encerramento-campanha-janeiro-roxo-hanseniase\/#primaryimage\"},\"thumbnailUrl\":\"https:\/\/www.manaus.am.gov.br\/semcom\/wp-content\/uploads\/sites\/5\/2026\/01\/Semsa-Manaus-Caminhada-Hanseniase-3a.jpg\",\"datePublished\":\"2026-01-30T18:20:41+00:00\",\"dateModified\":\"2026-02-02T15:10:51+00:00\",\"author\":{\"@id\":\"https:\/\/www.manaus.am.gov.br\/semcom\/#\/schema\/person\/05d223aea2bf115f9883a6ff3683d81b\"},\"description\":\"Caminhada na zona Leste de Manaus encerra campanha \u2018Janeiro Roxo\u2019 no controle e preven\u00e7\u00e3o da hansen\u00edase nesta sexta-feira, 30\/1.\",\"inLanguage\":\"pt-BR\",\"potentialAction\":[{\"@type\":\"ReadAction\",\"target\":[\"https:\/\/www.manaus.am.gov.br\/semcom\/encerramento-campanha-janeiro-roxo-hanseniase\/\"]}]},{\"@type\":\"ImageObject\",\"inLanguage\":\"pt-BR\",\"@id\":\"https:\/\/www.manaus.am.gov.br\/semcom\/encerramento-campanha-janeiro-roxo-hanseniase\/#primaryimage\",\"url\":\"https:\/\/www.manaus.am.gov.br\/semcom\/wp-content\/uploads\/sites\/5\/2026\/01\/Semsa-Manaus-Caminhada-Hanseniase-3a.jpg\",\"contentUrl\":\"https:\/\/www.manaus.am.gov.br\/semcom\/wp-content\/uploads\/sites\/5\/2026\/01\/Semsa-Manaus-Caminhada-Hanseniase-3a.jpg\",\"width\":1200,\"height\":734,\"caption\":\"#paratodosverem - Encerramento da campanha \\\"Janeiro Roxo\\\" no controle e preven\u00e7\u00e3o da hansen\u00edase com uma caminhada de sensibiliza\u00e7\u00e3o no bairro Col\u00f4nia Ant\u00f4nio Aleixo\"},{\"@type\":\"WebSite\",\"@id\":\"https:\/\/www.manaus.am.gov.br\/semcom\/#website\",\"url\":\"https:\/\/www.manaus.am.gov.br\/semcom\/\",\"name\":\"SEMCOM\",\"description\":\"Secretaria Municipal de Comunica\u00e7\u00e3o\",\"potentialAction\":[{\"@type\":\"SearchAction\",\"target\":{\"@type\":\"EntryPoint\",\"urlTemplate\":\"https:\/\/www.manaus.am.gov.br\/semcom\/?s={search_term_string}\"},\"query-input\":\"required name=search_term_string\"}],\"inLanguage\":\"pt-BR\"},{\"@type\":\"Person\",\"@id\":\"https:\/\/www.manaus.am.gov.br\/semcom\/#\/schema\/person\/05d223aea2bf115f9883a6ff3683d81b\",\"name\":\"Bruna Greco\",\"image\":{\"@type\":\"ImageObject\",\"inLanguage\":\"pt-BR\",\"@id\":\"https:\/\/www.manaus.am.gov.br\/semcom\/#\/schema\/person\/image\/\",\"url\":\"https:\/\/secure.gravatar.com\/avatar\/9c877d1a6adc2a055330e5c09a8653ce?s=96&d=mm&r=g\",\"contentUrl\":\"https:\/\/secure.gravatar.com\/avatar\/9c877d1a6adc2a055330e5c09a8653ce?s=96&d=mm&r=g\",\"caption\":\"Bruna Greco\"}}]}<\/script>\n<!-- \/ Yoast SEO plugin. -->","yoast_head_json":{"title":"Caminhada na zona Leste de Manaus encerra campanha \u2018Janeiro Roxo\u2019 no controle e preven\u00e7\u00e3o da hansen\u00edase","description":"Caminhada na zona Leste de Manaus encerra campanha \u2018Janeiro Roxo\u2019 no controle e preven\u00e7\u00e3o da hansen\u00edase nesta sexta-feira, 30\/1.","robots":{"index":"index","follow":"follow","max-snippet":"max-snippet:-1","max-image-preview":"max-image-preview:large","max-video-preview":"max-video-preview:-1"},"canonical":"https:\/\/www.manaus.am.gov.br\/semcom\/encerramento-campanha-janeiro-roxo-hanseniase\/","og_locale":"pt_BR","og_type":"article","og_title":"Caminhada na zona Leste de Manaus encerra campanha \u2018Janeiro Roxo\u2019 no controle e preven\u00e7\u00e3o da hansen\u00edase","og_description":"Caminhada na zona Leste de Manaus encerra campanha \u2018Janeiro Roxo\u2019 no controle e preven\u00e7\u00e3o da hansen\u00edase nesta sexta-feira, 30\/1.","og_url":"https:\/\/www.manaus.am.gov.br\/semcom\/encerramento-campanha-janeiro-roxo-hanseniase\/","og_site_name":"SEMCOM","article_published_time":"2026-01-30T18:20:41+00:00","article_modified_time":"2026-02-02T15:10:51+00:00","og_image":[{"width":1200,"height":734,"url":"https:\/\/www.manaus.am.gov.br\/semcom\/wp-content\/uploads\/sites\/5\/2026\/01\/Semsa-Manaus-Caminhada-Hanseniase-3a.jpg","type":"image\/jpeg"}],"author":"Bruna Greco","twitter_card":"summary_large_image","twitter_misc":{"Written by":"Bruna Greco","Est. reading time":"5 minutos"},"schema":{"@context":"https:\/\/schema.org","@graph":[{"@type":"WebPage","@id":"https:\/\/www.manaus.am.gov.br\/semcom\/encerramento-campanha-janeiro-roxo-hanseniase\/","url":"https:\/\/www.manaus.am.gov.br\/semcom\/encerramento-campanha-janeiro-roxo-hanseniase\/","name":"Caminhada na zona Leste de Manaus encerra campanha \u2018Janeiro Roxo\u2019 no controle e preven\u00e7\u00e3o da hansen\u00edase","isPartOf":{"@id":"https:\/\/www.manaus.am.gov.br\/semcom\/#website"},"primaryImageOfPage":{"@id":"https:\/\/www.manaus.am.gov.br\/semcom\/encerramento-campanha-janeiro-roxo-hanseniase\/#primaryimage"},"image":{"@id":"https:\/\/www.manaus.am.gov.br\/semcom\/encerramento-campanha-janeiro-roxo-hanseniase\/#primaryimage"},"thumbnailUrl":"https:\/\/www.manaus.am.gov.br\/semcom\/wp-content\/uploads\/sites\/5\/2026\/01\/Semsa-Manaus-Caminhada-Hanseniase-3a.jpg","datePublished":"2026-01-30T18:20:41+00:00","dateModified":"2026-02-02T15:10:51+00:00","author":{"@id":"https:\/\/www.manaus.am.gov.br\/semcom\/#\/schema\/person\/05d223aea2bf115f9883a6ff3683d81b"},"description":"Caminhada na zona Leste de Manaus encerra campanha \u2018Janeiro Roxo\u2019 no controle e preven\u00e7\u00e3o da hansen\u00edase nesta sexta-feira, 30\/1.","inLanguage":"pt-BR","potentialAction":[{"@type":"ReadAction","target":["https:\/\/www.manaus.am.gov.br\/semcom\/encerramento-campanha-janeiro-roxo-hanseniase\/"]}]},{"@type":"ImageObject","inLanguage":"pt-BR","@id":"https:\/\/www.manaus.am.gov.br\/semcom\/encerramento-campanha-janeiro-roxo-hanseniase\/#primaryimage","url":"https:\/\/www.manaus.am.gov.br\/semcom\/wp-content\/uploads\/sites\/5\/2026\/01\/Semsa-Manaus-Caminhada-Hanseniase-3a.jpg","contentUrl":"https:\/\/www.manaus.am.gov.br\/semcom\/wp-content\/uploads\/sites\/5\/2026\/01\/Semsa-Manaus-Caminhada-Hanseniase-3a.jpg","width":1200,"height":734,"caption":"#paratodosverem - Encerramento da campanha \"Janeiro Roxo\" no controle e preven\u00e7\u00e3o da hansen\u00edase com uma caminhada de sensibiliza\u00e7\u00e3o no bairro Col\u00f4nia Ant\u00f4nio Aleixo"},{"@type":"WebSite","@id":"https:\/\/www.manaus.am.gov.br\/semcom\/#website","url":"https:\/\/www.manaus.am.gov.br\/semcom\/","name":"SEMCOM","description":"Secretaria Municipal de Comunica\u00e7\u00e3o","potentialAction":[{"@type":"SearchAction","target":{"@type":"EntryPoint","urlTemplate":"https:\/\/www.manaus.am.gov.br\/semcom\/?s={search_term_string}"},"query-input":"required name=search_term_string"}],"inLanguage":"pt-BR"},{"@type":"Person","@id":"https:\/\/www.manaus.am.gov.br\/semcom\/#\/schema\/person\/05d223aea2bf115f9883a6ff3683d81b","name":"Bruna Greco","image":{"@type":"ImageObject","inLanguage":"pt-BR","@id":"https:\/\/www.manaus.am.gov.br\/semcom\/#\/schema\/person\/image\/","url":"https:\/\/secure.gravatar.com\/avatar\/9c877d1a6adc2a055330e5c09a8653ce?s=96&d=mm&r=g","contentUrl":"https:\/\/secure.gravatar.com\/avatar\/9c877d1a6adc2a055330e5c09a8653ce?s=96&d=mm&r=g","caption":"Bruna Greco"}}]}},"_links":{"self":[{"href":"https:\/\/www.manaus.am.gov.br\/semcom\/wp-json\/wp\/v2\/posts\/251966"}],"collection":[{"href":"https:\/\/www.manaus.am.gov.br\/semcom\/wp-json\/wp\/v2\/posts"}],"about":[{"href":"https:\/\/www.manaus.am.gov.br\/semcom\/wp-json\/wp\/v2\/types\/post"}],"author":[{"embeddable":true,"href":"https:\/\/www.manaus.am.gov.br\/semcom\/wp-json\/wp\/v2\/users\/39"}],"replies":[{"embeddable":true,"href":"https:\/\/www.manaus.am.gov.br\/semcom\/wp-json\/wp\/v2\/comments?post=251966"}],"version-history":[{"count":3,"href":"https:\/\/www.manaus.am.gov.br\/semcom\/wp-json\/wp\/v2\/posts\/251966\/revisions"}],"predecessor-version":[{"id":252077,"href":"https:\/\/www.manaus.am.gov.br\/semcom\/wp-json\/wp\/v2\/posts\/251966\/revisions\/252077"}],"wp:featuredmedia":[{"embeddable":true,"href":"https:\/\/www.manaus.am.gov.br\/semcom\/wp-json\/wp\/v2\/media\/251967"}],"wp:attachment":[{"href":"https:\/\/www.manaus.am.gov.br\/semcom\/wp-json\/wp\/v2\/media?parent=251966"}],"wp:term":[{"taxonomy":"category","embeddable":true,"href":"https:\/\/www.manaus.am.gov.br\/semcom\/wp-json\/wp\/v2\/categories?post=251966"},{"taxonomy":"post_tag","embeddable":true,"href":"https:\/\/www.manaus.am.gov.br\/semcom\/wp-json\/wp\/v2\/tags?post=251966"}],"curies":[{"name":"wp","href":"https:\/\/api.w.org\/{rel}","templated":true}]}}