{"id":251956,"date":"2026-01-29T22:06:37","date_gmt":"2026-01-30T01:06:37","guid":{"rendered":"https:\/\/www.manaus.am.gov.br\/semcom\/dia-mundial-da-educacao-ambiental\/"},"modified":"2026-02-02T11:59:01","modified_gmt":"2026-02-02T14:59:01","slug":"dia-mundial-da-educacao-ambiental","status":"publish","type":"post","link":"https:\/\/www.manaus.am.gov.br\/semcom\/dia-mundial-da-educacao-ambiental\/","title":{"rendered":"Prefeitura de Manaus realiza semin\u00e1rio em alus\u00e3o ao Dia Mundial da Educa\u00e7\u00e3o Ambiental no Inpa"},"content":{"rendered":"\n<p>A <a href=\"https:\/\/www.instagram.com\/prefeiturademanaus\/\">Prefeitura de Manaus, <\/a>por meio da <a href=\"https:\/\/www.manaus.am.gov.br\/\">Secretaria Municipal de Meio Ambiente e Sustentabilidade (Semmas)<\/a> e em parceria com o Instituto Nacional de Pesquisas da Amaz\u00f4nia (Inpa), realizou o semin\u00e1rio &#8220;O Estado da Arte da Educa\u00e7\u00e3o Ambiental no Amazonas&#8221;, em alus\u00e3o ao Dia Mundial da Educa\u00e7\u00e3o Ambiental, celebrado no dia 26 de janeiro. O evento aconteceu nesta quinta-feira, 29\/1, no audit\u00f3rio da Ci\u00eancia, sede do Inpa, e contou com palestras e pain\u00e9is de especialistas locais e nacionais.<\/p>\n\n\n\n<p>Para o secret\u00e1rio em exerc\u00edcio da Semmas, Elton de Oliveira, este \u00e9 um momento importante de valoriza\u00e7\u00e3o da Educa\u00e7\u00e3o Ambiental. &#8220;Eu parabenizo toda a equipe da Semmas que est\u00e1 diariamente junto \u00e0 popula\u00e7\u00e3o da nossa cidade, conscientizando sobre a import\u00e2ncia do respeito ao meio ambiente. Se queremos um futuro sustent\u00e1vel, precisamos cuidar da natureza desde o presente&#8221;, destacou o gestor.<\/p>\n\n\n\n<p>O diretor do Inpa, professor e doutor Henrique dos Santos Pereira fez a palestra &#8220;Educa\u00e7\u00e3o Ambiental como Estrat\u00e9gia de Enfrentamento ao Negacionismo Ambiental e Clim\u00e1tico na Amaz\u00f4nia\u201d. Na sequ\u00eancia, houve um painel virtual, com dois especialistas nacionais, com o tema: O Estado da Arte da Educa\u00e7\u00e3o Ambiental no Brasil, sob apresenta\u00e7\u00e3o do doutor Marcos Sorrentino, do Departamento de Educa\u00e7\u00e3o Ambiental e Cidadania da Secretaria Executiva do Minist\u00e9rio do Meio Ambiente e Mudan\u00e7a do Clima (MMA) e da professora Maria Henriqueta Raymundo, da Articula\u00e7\u00e3o Nacional de Pol\u00edticas P\u00fablicas de Educa\u00e7\u00e3o Ambiental (ANPPEA) e da Plataforma MonitoraEA.<\/p>\n\n\n\n<p>O evento teve sequ\u00eancia com o painel \u201cEstado da Arte da Educa\u00e7\u00e3o Ambiental no Amazonas&#8221;, com a representante da Comiss\u00e3o Interinstitucional de Educa\u00e7\u00e3o Ambiental do Amazonas (CIEA-AM), Edilene Barbosa. Em seguida, foi a vez do painel &#8220;O Estado da Arte da Educa\u00e7\u00e3o Ambiental em Manaus&#8221;, com o professor Arone do Nascimento Bentes, subsecret\u00e1rio de Gest\u00e3o Educacional da Semed e com Eriany da Silva Paiva Souza, diretora do Departamento de Arboriza\u00e7\u00e3o e Sustentabilidade da Semmas.<\/p>\n\n\n\n<p>A \u00faltima palestra foi \u201cConstruindo o Mapa do Caminho da Educa\u00e7\u00e3o Ambiental no Amazonas\u201d, com a professora doutora Genoveva de Azevedo, do Laborat\u00f3rio de Psicologia e Educa\u00e7\u00e3o Ambiental do Inpa (Lapsea\/Inpa); e a professora doutora Luiza Magalli Pinto Henriques, Coordenadora-Geral do CGEE.<\/p>\n\n\n\n<p>&#8212; &#8212; &#8212;<\/p>\n\n\n\n<p><strong>Texto<\/strong> &#8211; Taianna Castro\/Semmas<\/p>\n\n\n\n<p><strong>Foto <\/strong>&#8211; Marcos Hideki\/Semmas<\/p>\n","protected":false},"excerpt":{"rendered":"","protected":false},"author":68,"featured_media":251957,"comment_status":"closed","ping_status":"closed","sticky":false,"template":"","format":"standard","meta":{"footnotes":""},"categories":[134],"tags":[13230,19137,77,19],"acf":[],"yoast_head":"<!-- This site is optimized with the Yoast SEO plugin v23.0 - https:\/\/yoast.com\/wordpress\/plugins\/seo\/ -->\n<title>Prefeitura de Manaus realiza semin\u00e1rio em alus\u00e3o ao Dia Mundial da Educa\u00e7\u00e3o Ambiental no Inpa<\/title>\n<meta name=\"description\" content=\"A Prefeitura de Manaus, por meio da Secretaria Municipal de Meio Ambiente e Sustentabilidade (Semmas) e em parceria com o Instituto Nacional de Pesquisas da Amaz\u00f4nia (Inpa), realizou o semin\u00e1rio &quot;O Estado da Arte da Educa\u00e7\u00e3o Ambiental no Amazonas&quot;, em alus\u00e3o ao Dia Mundial da Educa\u00e7\u00e3o Ambiental.\" \/>\n<meta name=\"robots\" content=\"index, follow, max-snippet:-1, max-image-preview:large, max-video-preview:-1\" \/>\n<link rel=\"canonical\" href=\"https:\/\/www.manaus.am.gov.br\/semcom\/dia-mundial-da-educacao-ambiental\/\" \/>\n<meta property=\"og:locale\" content=\"pt_BR\" \/>\n<meta property=\"og:type\" content=\"article\" \/>\n<meta property=\"og:title\" content=\"Prefeitura de Manaus realiza semin\u00e1rio em alus\u00e3o ao Dia Mundial da Educa\u00e7\u00e3o Ambiental no Inpa\" \/>\n<meta property=\"og:description\" content=\"A Prefeitura de Manaus, por meio da Secretaria Municipal de Meio Ambiente e Sustentabilidade (Semmas) e em parceria com o Instituto Nacional de Pesquisas da Amaz\u00f4nia (Inpa), realizou o semin\u00e1rio &quot;O Estado da Arte da Educa\u00e7\u00e3o Ambiental no Amazonas&quot;, em alus\u00e3o ao Dia Mundial da Educa\u00e7\u00e3o Ambiental.\" \/>\n<meta property=\"og:url\" content=\"https:\/\/www.manaus.am.gov.br\/semcom\/dia-mundial-da-educacao-ambiental\/\" \/>\n<meta property=\"og:site_name\" content=\"SEMCOM\" \/>\n<meta property=\"article:published_time\" content=\"2026-01-30T01:06:37+00:00\" \/>\n<meta property=\"article:modified_time\" content=\"2026-02-02T14:59:01+00:00\" \/>\n<meta property=\"og:image\" content=\"https:\/\/www.manaus.am.gov.br\/semcom\/wp-content\/uploads\/sites\/5\/2026\/01\/DSC02497editado-1024x684.jpg\" \/>\n\t<meta property=\"og:image:width\" content=\"1024\" \/>\n\t<meta property=\"og:image:height\" content=\"684\" \/>\n\t<meta property=\"og:image:type\" content=\"image\/jpeg\" \/>\n<meta name=\"author\" content=\"bvalente\" \/>\n<meta name=\"twitter:card\" content=\"summary_large_image\" \/>\n<meta name=\"twitter:label1\" content=\"Written by\" \/>\n\t<meta name=\"twitter:data1\" content=\"bvalente\" \/>\n\t<meta name=\"twitter:label2\" content=\"Est. reading time\" \/>\n\t<meta name=\"twitter:data2\" content=\"3 minutos\" \/>\n<script type=\"application\/ld+json\" class=\"yoast-schema-graph\">{\"@context\":\"https:\/\/schema.org\",\"@graph\":[{\"@type\":\"WebPage\",\"@id\":\"https:\/\/www.manaus.am.gov.br\/semcom\/dia-mundial-da-educacao-ambiental\/\",\"url\":\"https:\/\/www.manaus.am.gov.br\/semcom\/dia-mundial-da-educacao-ambiental\/\",\"name\":\"Prefeitura de Manaus realiza semin\u00e1rio em alus\u00e3o ao Dia Mundial da Educa\u00e7\u00e3o Ambiental no Inpa\",\"isPartOf\":{\"@id\":\"https:\/\/www.manaus.am.gov.br\/semcom\/#website\"},\"primaryImageOfPage\":{\"@id\":\"https:\/\/www.manaus.am.gov.br\/semcom\/dia-mundial-da-educacao-ambiental\/#primaryimage\"},\"image\":{\"@id\":\"https:\/\/www.manaus.am.gov.br\/semcom\/dia-mundial-da-educacao-ambiental\/#primaryimage\"},\"thumbnailUrl\":\"https:\/\/www.manaus.am.gov.br\/semcom\/wp-content\/uploads\/sites\/5\/2026\/01\/DSC02497editado.jpg\",\"datePublished\":\"2026-01-30T01:06:37+00:00\",\"dateModified\":\"2026-02-02T14:59:01+00:00\",\"author\":{\"@id\":\"https:\/\/www.manaus.am.gov.br\/semcom\/#\/schema\/person\/466a0e03ae4b6062809046bd560ac955\"},\"description\":\"A Prefeitura de Manaus, por meio da Secretaria Municipal de Meio Ambiente e Sustentabilidade (Semmas) e em parceria com o Instituto Nacional de Pesquisas da Amaz\u00f4nia (Inpa), realizou o semin\u00e1rio \\\"O Estado da Arte da Educa\u00e7\u00e3o Ambiental no Amazonas\\\", em alus\u00e3o ao Dia Mundial da Educa\u00e7\u00e3o Ambiental.\",\"inLanguage\":\"pt-BR\",\"potentialAction\":[{\"@type\":\"ReadAction\",\"target\":[\"https:\/\/www.manaus.am.gov.br\/semcom\/dia-mundial-da-educacao-ambiental\/\"]}]},{\"@type\":\"ImageObject\",\"inLanguage\":\"pt-BR\",\"@id\":\"https:\/\/www.manaus.am.gov.br\/semcom\/dia-mundial-da-educacao-ambiental\/#primaryimage\",\"url\":\"https:\/\/www.manaus.am.gov.br\/semcom\/wp-content\/uploads\/sites\/5\/2026\/01\/DSC02497editado.jpg\",\"contentUrl\":\"https:\/\/www.manaus.am.gov.br\/semcom\/wp-content\/uploads\/sites\/5\/2026\/01\/DSC02497editado.jpg\",\"width\":6024,\"height\":4024,\"caption\":\"#paratodosverem - Semin\u00e1rio \\\"O Estado da Arte da Educa\u00e7\u00e3o Ambiental no Amazonas\\\", no audit\u00f3rio da Ci\u00eancia, sede do Inpa\"},{\"@type\":\"WebSite\",\"@id\":\"https:\/\/www.manaus.am.gov.br\/semcom\/#website\",\"url\":\"https:\/\/www.manaus.am.gov.br\/semcom\/\",\"name\":\"SEMCOM\",\"description\":\"Secretaria Municipal de Comunica\u00e7\u00e3o\",\"potentialAction\":[{\"@type\":\"SearchAction\",\"target\":{\"@type\":\"EntryPoint\",\"urlTemplate\":\"https:\/\/www.manaus.am.gov.br\/semcom\/?s={search_term_string}\"},\"query-input\":\"required name=search_term_string\"}],\"inLanguage\":\"pt-BR\"},{\"@type\":\"Person\",\"@id\":\"https:\/\/www.manaus.am.gov.br\/semcom\/#\/schema\/person\/466a0e03ae4b6062809046bd560ac955\",\"name\":\"bvalente\",\"image\":{\"@type\":\"ImageObject\",\"inLanguage\":\"pt-BR\",\"@id\":\"https:\/\/www.manaus.am.gov.br\/semcom\/#\/schema\/person\/image\/\",\"url\":\"https:\/\/secure.gravatar.com\/avatar\/3e69bc2b014bdad41adfec3a39de07d2?s=96&d=mm&r=g\",\"contentUrl\":\"https:\/\/secure.gravatar.com\/avatar\/3e69bc2b014bdad41adfec3a39de07d2?s=96&d=mm&r=g\",\"caption\":\"bvalente\"}}]}<\/script>\n<!-- \/ Yoast SEO plugin. -->","yoast_head_json":{"title":"Prefeitura de Manaus realiza semin\u00e1rio em alus\u00e3o ao Dia Mundial da Educa\u00e7\u00e3o Ambiental no Inpa","description":"A Prefeitura de Manaus, por meio da Secretaria Municipal de Meio Ambiente e Sustentabilidade (Semmas) e em parceria com o Instituto Nacional de Pesquisas da Amaz\u00f4nia (Inpa), realizou o semin\u00e1rio \"O Estado da Arte da Educa\u00e7\u00e3o Ambiental no Amazonas\", em alus\u00e3o ao Dia Mundial da Educa\u00e7\u00e3o Ambiental.","robots":{"index":"index","follow":"follow","max-snippet":"max-snippet:-1","max-image-preview":"max-image-preview:large","max-video-preview":"max-video-preview:-1"},"canonical":"https:\/\/www.manaus.am.gov.br\/semcom\/dia-mundial-da-educacao-ambiental\/","og_locale":"pt_BR","og_type":"article","og_title":"Prefeitura de Manaus realiza semin\u00e1rio em alus\u00e3o ao Dia Mundial da Educa\u00e7\u00e3o Ambiental no Inpa","og_description":"A Prefeitura de Manaus, por meio da Secretaria Municipal de Meio Ambiente e Sustentabilidade (Semmas) e em parceria com o Instituto Nacional de Pesquisas da Amaz\u00f4nia (Inpa), realizou o semin\u00e1rio \"O Estado da Arte da Educa\u00e7\u00e3o Ambiental no Amazonas\", em alus\u00e3o ao Dia Mundial da Educa\u00e7\u00e3o Ambiental.","og_url":"https:\/\/www.manaus.am.gov.br\/semcom\/dia-mundial-da-educacao-ambiental\/","og_site_name":"SEMCOM","article_published_time":"2026-01-30T01:06:37+00:00","article_modified_time":"2026-02-02T14:59:01+00:00","og_image":[{"width":1024,"height":684,"url":"https:\/\/www.manaus.am.gov.br\/semcom\/wp-content\/uploads\/sites\/5\/2026\/01\/DSC02497editado-1024x684.jpg","type":"image\/jpeg"}],"author":"bvalente","twitter_card":"summary_large_image","twitter_misc":{"Written by":"bvalente","Est. reading time":"3 minutos"},"schema":{"@context":"https:\/\/schema.org","@graph":[{"@type":"WebPage","@id":"https:\/\/www.manaus.am.gov.br\/semcom\/dia-mundial-da-educacao-ambiental\/","url":"https:\/\/www.manaus.am.gov.br\/semcom\/dia-mundial-da-educacao-ambiental\/","name":"Prefeitura de Manaus realiza semin\u00e1rio em alus\u00e3o ao Dia Mundial da Educa\u00e7\u00e3o Ambiental no Inpa","isPartOf":{"@id":"https:\/\/www.manaus.am.gov.br\/semcom\/#website"},"primaryImageOfPage":{"@id":"https:\/\/www.manaus.am.gov.br\/semcom\/dia-mundial-da-educacao-ambiental\/#primaryimage"},"image":{"@id":"https:\/\/www.manaus.am.gov.br\/semcom\/dia-mundial-da-educacao-ambiental\/#primaryimage"},"thumbnailUrl":"https:\/\/www.manaus.am.gov.br\/semcom\/wp-content\/uploads\/sites\/5\/2026\/01\/DSC02497editado.jpg","datePublished":"2026-01-30T01:06:37+00:00","dateModified":"2026-02-02T14:59:01+00:00","author":{"@id":"https:\/\/www.manaus.am.gov.br\/semcom\/#\/schema\/person\/466a0e03ae4b6062809046bd560ac955"},"description":"A Prefeitura de Manaus, por meio da Secretaria Municipal de Meio Ambiente e Sustentabilidade (Semmas) e em parceria com o Instituto Nacional de Pesquisas da Amaz\u00f4nia (Inpa), realizou o semin\u00e1rio \"O Estado da Arte da Educa\u00e7\u00e3o Ambiental no Amazonas\", em alus\u00e3o ao Dia Mundial da Educa\u00e7\u00e3o Ambiental.","inLanguage":"pt-BR","potentialAction":[{"@type":"ReadAction","target":["https:\/\/www.manaus.am.gov.br\/semcom\/dia-mundial-da-educacao-ambiental\/"]}]},{"@type":"ImageObject","inLanguage":"pt-BR","@id":"https:\/\/www.manaus.am.gov.br\/semcom\/dia-mundial-da-educacao-ambiental\/#primaryimage","url":"https:\/\/www.manaus.am.gov.br\/semcom\/wp-content\/uploads\/sites\/5\/2026\/01\/DSC02497editado.jpg","contentUrl":"https:\/\/www.manaus.am.gov.br\/semcom\/wp-content\/uploads\/sites\/5\/2026\/01\/DSC02497editado.jpg","width":6024,"height":4024,"caption":"#paratodosverem - Semin\u00e1rio \"O Estado da Arte da Educa\u00e7\u00e3o Ambiental no Amazonas\", no audit\u00f3rio da Ci\u00eancia, sede do Inpa"},{"@type":"WebSite","@id":"https:\/\/www.manaus.am.gov.br\/semcom\/#website","url":"https:\/\/www.manaus.am.gov.br\/semcom\/","name":"SEMCOM","description":"Secretaria Municipal de Comunica\u00e7\u00e3o","potentialAction":[{"@type":"SearchAction","target":{"@type":"EntryPoint","urlTemplate":"https:\/\/www.manaus.am.gov.br\/semcom\/?s={search_term_string}"},"query-input":"required name=search_term_string"}],"inLanguage":"pt-BR"},{"@type":"Person","@id":"https:\/\/www.manaus.am.gov.br\/semcom\/#\/schema\/person\/466a0e03ae4b6062809046bd560ac955","name":"bvalente","image":{"@type":"ImageObject","inLanguage":"pt-BR","@id":"https:\/\/www.manaus.am.gov.br\/semcom\/#\/schema\/person\/image\/","url":"https:\/\/secure.gravatar.com\/avatar\/3e69bc2b014bdad41adfec3a39de07d2?s=96&d=mm&r=g","contentUrl":"https:\/\/secure.gravatar.com\/avatar\/3e69bc2b014bdad41adfec3a39de07d2?s=96&d=mm&r=g","caption":"bvalente"}}]}},"_links":{"self":[{"href":"https:\/\/www.manaus.am.gov.br\/semcom\/wp-json\/wp\/v2\/posts\/251956"}],"collection":[{"href":"https:\/\/www.manaus.am.gov.br\/semcom\/wp-json\/wp\/v2\/posts"}],"about":[{"href":"https:\/\/www.manaus.am.gov.br\/semcom\/wp-json\/wp\/v2\/types\/post"}],"author":[{"embeddable":true,"href":"https:\/\/www.manaus.am.gov.br\/semcom\/wp-json\/wp\/v2\/users\/68"}],"replies":[{"embeddable":true,"href":"https:\/\/www.manaus.am.gov.br\/semcom\/wp-json\/wp\/v2\/comments?post=251956"}],"version-history":[{"count":2,"href":"https:\/\/www.manaus.am.gov.br\/semcom\/wp-json\/wp\/v2\/posts\/251956\/revisions"}],"predecessor-version":[{"id":252072,"href":"https:\/\/www.manaus.am.gov.br\/semcom\/wp-json\/wp\/v2\/posts\/251956\/revisions\/252072"}],"wp:featuredmedia":[{"embeddable":true,"href":"https:\/\/www.manaus.am.gov.br\/semcom\/wp-json\/wp\/v2\/media\/251957"}],"wp:attachment":[{"href":"https:\/\/www.manaus.am.gov.br\/semcom\/wp-json\/wp\/v2\/media?parent=251956"}],"wp:term":[{"taxonomy":"category","embeddable":true,"href":"https:\/\/www.manaus.am.gov.br\/semcom\/wp-json\/wp\/v2\/categories?post=251956"},{"taxonomy":"post_tag","embeddable":true,"href":"https:\/\/www.manaus.am.gov.br\/semcom\/wp-json\/wp\/v2\/tags?post=251956"}],"curies":[{"name":"wp","href":"https:\/\/api.w.org\/{rel}","templated":true}]}}