{"id":251935,"date":"2026-01-29T17:34:02","date_gmt":"2026-01-29T21:34:02","guid":{"rendered":"https:\/\/www.manaus.am.gov.br\/semcom\/jornada-pedagogica-2\/"},"modified":"2026-02-02T11:49:51","modified_gmt":"2026-02-02T14:49:51","slug":"jornada-pedagogica-2","status":"publish","type":"post","link":"https:\/\/www.manaus.am.gov.br\/semcom\/jornada-pedagogica-2\/","title":{"rendered":"Prefeitura de Manaus realiza Jornada Pedag\u00f3gica com pedagogos e gestores da rede municipal de ensino"},"content":{"rendered":"\n<p>O ano letivo das escolas das zonas urbana e rural\/rodovi\u00e1ria da<a href=\"https:\/\/www.instagram.com\/prefeiturademanaus\/\"> Prefeitura de Manaus<\/a> inicia na pr\u00f3xima quarta-feira, 4\/2. Como forma de prepara\u00e7\u00e3o, a <a href=\"https:\/\/www.manaus.am.gov.br\/\">Secretaria Municipal de Educa\u00e7\u00e3o (Semed)<\/a> tem realizado, nas Divis\u00f5es Distritais Zonais (DDZs), Jornadas Pedag\u00f3gicas com o objetivo de fortalecer as pr\u00e1ticas pedag\u00f3gicas nas escolas e refor\u00e7ar informa\u00e7\u00f5es importantes para o decorrer de 2026.<\/p>\n\n\n\n<p>Nesta quinta-feira, 29\/1, foi a vez da DDZ Oeste participar da jornada, com representantes das 82 unidades de ensino reunidos no audit\u00f3rio da escola municipal Nossa Senhora da Paz, localizada no bairro da Paz.<\/p>\n\n\n\n<p>O chefe da DDZ Oeste, Ronaldo Barreto, afirmou que a Jornada Pedag\u00f3gica deste ano est\u00e1 sendo realizada para orientar e preparar diretores e pedagogos da rede municipal. Segundo ele, o encontro tem sido produtivo e re\u00fane informa\u00e7\u00f5es essenciais para o planejamento do ano letivo.<\/p>\n\n\n\n<p>\u201cEstamos realizando a Jornada Pedag\u00f3gica 2026 com o objetivo de orientar e preparar os nossos diretores e pedagogos. Tem sido um sucesso, com muitas informa\u00e7\u00f5es importantes para que possamos ter um ano vitorioso\u201d, disse Barreto.<\/p>\n\n\n\n<p>A gestora da escola municipal Pintor Leonardo Da Vinci, Carla Freire, destacou que os participantes saem da Jornada Pedag\u00f3gica com o tema do ano definido e com todas as orienta\u00e7\u00f5es e diretrizes para 2026. Ela ressaltou que o conte\u00fado apresentado vai ajudar as equipes escolares a organizar o trabalho pedag\u00f3gico e o acolhimento dos estudantes, conforme as orienta\u00e7\u00f5es da Semed.<\/p>\n\n\n\n<p>\u201cJ\u00e1 sa\u00edmos com o tema e com todas as orienta\u00e7\u00f5es e diretrizes para 2026, para seguirmos orientando a nossa equipe de professores e de apoio e acolher os nossos estudantes da forma correta, de acordo com o que a Semed deseja\u201d, explicou Carla.<\/p>\n\n\n\n<p>Para a gestora da escola municipal Maria Rufina, Lydiane Brito, a jornada oferece um direcionamento claro tanto nas quest\u00f5es pedag\u00f3gicas quanto administrativas, contribuindo para um planejamento mais eficaz ao longo do ano. Ela afirmou que as orienta\u00e7\u00f5es impactam desde a pr\u00e1tica em sala de aula at\u00e9 a gest\u00e3o de recursos escolares.<\/p>\n\n\n\n<p>\u201cA Jornada Pedag\u00f3gica nos d\u00e1 um norte sobre todas as orienta\u00e7\u00f5es pedag\u00f3gicas e administrativas, para termos um direcionamento mais efetivo das a\u00e7\u00f5es a serem realizadas durante o ano, desde a rela\u00e7\u00e3o entre professor e aluno at\u00e9 mesmo \u00e0s verbas federais\u201d, finalizou.<\/p>\n\n\n\n<figure class=\"wp-block-image size-large\"><img loading=\"lazy\" decoding=\"async\" width=\"1024\" height=\"768\" src=\"https:\/\/www.manaus.am.gov.br\/semcom\/wp-content\/uploads\/sites\/5\/2026\/01\/Reuniao-3-1024x768.jpeg\" alt=\"\" class=\"wp-image-251937\" srcset=\"https:\/\/www.manaus.am.gov.br\/semcom\/wp-content\/uploads\/sites\/5\/2026\/01\/Reuniao-3-1024x768.jpeg 1024w, https:\/\/www.manaus.am.gov.br\/semcom\/wp-content\/uploads\/sites\/5\/2026\/01\/Reuniao-3-300x225.jpeg 300w, https:\/\/www.manaus.am.gov.br\/semcom\/wp-content\/uploads\/sites\/5\/2026\/01\/Reuniao-3-768x576.jpeg 768w, https:\/\/www.manaus.am.gov.br\/semcom\/wp-content\/uploads\/sites\/5\/2026\/01\/Reuniao-3-1536x1152.jpeg 1536w, https:\/\/www.manaus.am.gov.br\/semcom\/wp-content\/uploads\/sites\/5\/2026\/01\/Reuniao-3.jpeg 1600w\" sizes=\"(max-width: 1024px) 100vw, 1024px\" \/><figcaption class=\"wp-element-caption\">#paratodosverem &#8211; Jornada Pedag\u00f3gica<\/figcaption><\/figure>\n\n\n\n<p>&#8212; &#8212; &#8212;<\/p>\n\n\n\n<p><strong>Texto<\/strong>&nbsp;&#8211; Alexandre Abreu\/Semed<\/p>\n\n\n\n<p><strong>Fotos &#8211;<\/strong> L\u00facio Santos\/Semed<\/p>\n","protected":false},"excerpt":{"rendered":"","protected":false},"author":39,"featured_media":251936,"comment_status":"closed","ping_status":"closed","sticky":false,"template":"","format":"standard","meta":{"footnotes":""},"categories":[980],"tags":[464,19133,77,142,62],"acf":[],"yoast_head":"<!-- This site is optimized with the Yoast SEO plugin v23.0 - https:\/\/yoast.com\/wordpress\/plugins\/seo\/ -->\n<title>Prefeitura de Manaus realiza Jornada Pedag\u00f3gica<\/title>\n<meta name=\"description\" content=\"Prefeitura de Manaus, por meio da Semed, realiza Jornada Pedag\u00f3gica com pedagogos e gestores da rede municipal de ensino.\" \/>\n<meta name=\"robots\" content=\"index, follow, max-snippet:-1, max-image-preview:large, max-video-preview:-1\" \/>\n<link rel=\"canonical\" href=\"https:\/\/www.manaus.am.gov.br\/semcom\/jornada-pedagogica-2\/\" \/>\n<meta property=\"og:locale\" content=\"pt_BR\" \/>\n<meta property=\"og:type\" content=\"article\" \/>\n<meta property=\"og:title\" content=\"Prefeitura de Manaus realiza Jornada Pedag\u00f3gica\" \/>\n<meta property=\"og:description\" content=\"Prefeitura de Manaus, por meio da Semed, realiza Jornada Pedag\u00f3gica com pedagogos e gestores da rede municipal de ensino.\" \/>\n<meta property=\"og:url\" content=\"https:\/\/www.manaus.am.gov.br\/semcom\/jornada-pedagogica-2\/\" \/>\n<meta property=\"og:site_name\" content=\"SEMCOM\" \/>\n<meta property=\"article:published_time\" content=\"2026-01-29T21:34:02+00:00\" \/>\n<meta property=\"article:modified_time\" content=\"2026-02-02T14:49:51+00:00\" \/>\n<meta property=\"og:image\" content=\"https:\/\/www.manaus.am.gov.br\/semcom\/wp-content\/uploads\/sites\/5\/2026\/01\/Reuniao-2.jpeg\" \/>\n\t<meta property=\"og:image:width\" content=\"1600\" \/>\n\t<meta property=\"og:image:height\" content=\"1200\" \/>\n\t<meta property=\"og:image:type\" content=\"image\/jpeg\" \/>\n<meta name=\"author\" content=\"Bruna Greco\" \/>\n<meta name=\"twitter:card\" content=\"summary_large_image\" \/>\n<meta name=\"twitter:label1\" content=\"Written by\" \/>\n\t<meta name=\"twitter:data1\" content=\"Bruna Greco\" \/>\n\t<meta name=\"twitter:label2\" content=\"Est. reading time\" \/>\n\t<meta name=\"twitter:data2\" content=\"3 minutos\" \/>\n<script type=\"application\/ld+json\" class=\"yoast-schema-graph\">{\"@context\":\"https:\/\/schema.org\",\"@graph\":[{\"@type\":\"WebPage\",\"@id\":\"https:\/\/www.manaus.am.gov.br\/semcom\/jornada-pedagogica-2\/\",\"url\":\"https:\/\/www.manaus.am.gov.br\/semcom\/jornada-pedagogica-2\/\",\"name\":\"Prefeitura de Manaus realiza Jornada Pedag\u00f3gica\",\"isPartOf\":{\"@id\":\"https:\/\/www.manaus.am.gov.br\/semcom\/#website\"},\"primaryImageOfPage\":{\"@id\":\"https:\/\/www.manaus.am.gov.br\/semcom\/jornada-pedagogica-2\/#primaryimage\"},\"image\":{\"@id\":\"https:\/\/www.manaus.am.gov.br\/semcom\/jornada-pedagogica-2\/#primaryimage\"},\"thumbnailUrl\":\"https:\/\/www.manaus.am.gov.br\/semcom\/wp-content\/uploads\/sites\/5\/2026\/01\/Reuniao-2.jpeg\",\"datePublished\":\"2026-01-29T21:34:02+00:00\",\"dateModified\":\"2026-02-02T14:49:51+00:00\",\"author\":{\"@id\":\"https:\/\/www.manaus.am.gov.br\/semcom\/#\/schema\/person\/05d223aea2bf115f9883a6ff3683d81b\"},\"description\":\"Prefeitura de Manaus, por meio da Semed, realiza Jornada Pedag\u00f3gica com pedagogos e gestores da rede municipal de ensino.\",\"inLanguage\":\"pt-BR\",\"potentialAction\":[{\"@type\":\"ReadAction\",\"target\":[\"https:\/\/www.manaus.am.gov.br\/semcom\/jornada-pedagogica-2\/\"]}]},{\"@type\":\"ImageObject\",\"inLanguage\":\"pt-BR\",\"@id\":\"https:\/\/www.manaus.am.gov.br\/semcom\/jornada-pedagogica-2\/#primaryimage\",\"url\":\"https:\/\/www.manaus.am.gov.br\/semcom\/wp-content\/uploads\/sites\/5\/2026\/01\/Reuniao-2.jpeg\",\"contentUrl\":\"https:\/\/www.manaus.am.gov.br\/semcom\/wp-content\/uploads\/sites\/5\/2026\/01\/Reuniao-2.jpeg\",\"width\":1600,\"height\":1200,\"caption\":\"#paratodosverem - Pedagogos e gestores das 82 unidades de ensino da zona Oeste de Manaus participando de palestra durante Jornada Pedag\u00f3gica\"},{\"@type\":\"WebSite\",\"@id\":\"https:\/\/www.manaus.am.gov.br\/semcom\/#website\",\"url\":\"https:\/\/www.manaus.am.gov.br\/semcom\/\",\"name\":\"SEMCOM\",\"description\":\"Secretaria Municipal de Comunica\u00e7\u00e3o\",\"potentialAction\":[{\"@type\":\"SearchAction\",\"target\":{\"@type\":\"EntryPoint\",\"urlTemplate\":\"https:\/\/www.manaus.am.gov.br\/semcom\/?s={search_term_string}\"},\"query-input\":\"required name=search_term_string\"}],\"inLanguage\":\"pt-BR\"},{\"@type\":\"Person\",\"@id\":\"https:\/\/www.manaus.am.gov.br\/semcom\/#\/schema\/person\/05d223aea2bf115f9883a6ff3683d81b\",\"name\":\"Bruna Greco\",\"image\":{\"@type\":\"ImageObject\",\"inLanguage\":\"pt-BR\",\"@id\":\"https:\/\/www.manaus.am.gov.br\/semcom\/#\/schema\/person\/image\/\",\"url\":\"https:\/\/secure.gravatar.com\/avatar\/9c877d1a6adc2a055330e5c09a8653ce?s=96&d=mm&r=g\",\"contentUrl\":\"https:\/\/secure.gravatar.com\/avatar\/9c877d1a6adc2a055330e5c09a8653ce?s=96&d=mm&r=g\",\"caption\":\"Bruna Greco\"}}]}<\/script>\n<!-- \/ Yoast SEO plugin. -->","yoast_head_json":{"title":"Prefeitura de Manaus realiza Jornada Pedag\u00f3gica","description":"Prefeitura de Manaus, por meio da Semed, realiza Jornada Pedag\u00f3gica com pedagogos e gestores da rede municipal de ensino.","robots":{"index":"index","follow":"follow","max-snippet":"max-snippet:-1","max-image-preview":"max-image-preview:large","max-video-preview":"max-video-preview:-1"},"canonical":"https:\/\/www.manaus.am.gov.br\/semcom\/jornada-pedagogica-2\/","og_locale":"pt_BR","og_type":"article","og_title":"Prefeitura de Manaus realiza Jornada Pedag\u00f3gica","og_description":"Prefeitura de Manaus, por meio da Semed, realiza Jornada Pedag\u00f3gica com pedagogos e gestores da rede municipal de ensino.","og_url":"https:\/\/www.manaus.am.gov.br\/semcom\/jornada-pedagogica-2\/","og_site_name":"SEMCOM","article_published_time":"2026-01-29T21:34:02+00:00","article_modified_time":"2026-02-02T14:49:51+00:00","og_image":[{"width":1600,"height":1200,"url":"https:\/\/www.manaus.am.gov.br\/semcom\/wp-content\/uploads\/sites\/5\/2026\/01\/Reuniao-2.jpeg","type":"image\/jpeg"}],"author":"Bruna Greco","twitter_card":"summary_large_image","twitter_misc":{"Written by":"Bruna Greco","Est. reading time":"3 minutos"},"schema":{"@context":"https:\/\/schema.org","@graph":[{"@type":"WebPage","@id":"https:\/\/www.manaus.am.gov.br\/semcom\/jornada-pedagogica-2\/","url":"https:\/\/www.manaus.am.gov.br\/semcom\/jornada-pedagogica-2\/","name":"Prefeitura de Manaus realiza Jornada Pedag\u00f3gica","isPartOf":{"@id":"https:\/\/www.manaus.am.gov.br\/semcom\/#website"},"primaryImageOfPage":{"@id":"https:\/\/www.manaus.am.gov.br\/semcom\/jornada-pedagogica-2\/#primaryimage"},"image":{"@id":"https:\/\/www.manaus.am.gov.br\/semcom\/jornada-pedagogica-2\/#primaryimage"},"thumbnailUrl":"https:\/\/www.manaus.am.gov.br\/semcom\/wp-content\/uploads\/sites\/5\/2026\/01\/Reuniao-2.jpeg","datePublished":"2026-01-29T21:34:02+00:00","dateModified":"2026-02-02T14:49:51+00:00","author":{"@id":"https:\/\/www.manaus.am.gov.br\/semcom\/#\/schema\/person\/05d223aea2bf115f9883a6ff3683d81b"},"description":"Prefeitura de Manaus, por meio da Semed, realiza Jornada Pedag\u00f3gica com pedagogos e gestores da rede municipal de ensino.","inLanguage":"pt-BR","potentialAction":[{"@type":"ReadAction","target":["https:\/\/www.manaus.am.gov.br\/semcom\/jornada-pedagogica-2\/"]}]},{"@type":"ImageObject","inLanguage":"pt-BR","@id":"https:\/\/www.manaus.am.gov.br\/semcom\/jornada-pedagogica-2\/#primaryimage","url":"https:\/\/www.manaus.am.gov.br\/semcom\/wp-content\/uploads\/sites\/5\/2026\/01\/Reuniao-2.jpeg","contentUrl":"https:\/\/www.manaus.am.gov.br\/semcom\/wp-content\/uploads\/sites\/5\/2026\/01\/Reuniao-2.jpeg","width":1600,"height":1200,"caption":"#paratodosverem - Pedagogos e gestores das 82 unidades de ensino da zona Oeste de Manaus participando de palestra durante Jornada Pedag\u00f3gica"},{"@type":"WebSite","@id":"https:\/\/www.manaus.am.gov.br\/semcom\/#website","url":"https:\/\/www.manaus.am.gov.br\/semcom\/","name":"SEMCOM","description":"Secretaria Municipal de Comunica\u00e7\u00e3o","potentialAction":[{"@type":"SearchAction","target":{"@type":"EntryPoint","urlTemplate":"https:\/\/www.manaus.am.gov.br\/semcom\/?s={search_term_string}"},"query-input":"required name=search_term_string"}],"inLanguage":"pt-BR"},{"@type":"Person","@id":"https:\/\/www.manaus.am.gov.br\/semcom\/#\/schema\/person\/05d223aea2bf115f9883a6ff3683d81b","name":"Bruna Greco","image":{"@type":"ImageObject","inLanguage":"pt-BR","@id":"https:\/\/www.manaus.am.gov.br\/semcom\/#\/schema\/person\/image\/","url":"https:\/\/secure.gravatar.com\/avatar\/9c877d1a6adc2a055330e5c09a8653ce?s=96&d=mm&r=g","contentUrl":"https:\/\/secure.gravatar.com\/avatar\/9c877d1a6adc2a055330e5c09a8653ce?s=96&d=mm&r=g","caption":"Bruna Greco"}}]}},"_links":{"self":[{"href":"https:\/\/www.manaus.am.gov.br\/semcom\/wp-json\/wp\/v2\/posts\/251935"}],"collection":[{"href":"https:\/\/www.manaus.am.gov.br\/semcom\/wp-json\/wp\/v2\/posts"}],"about":[{"href":"https:\/\/www.manaus.am.gov.br\/semcom\/wp-json\/wp\/v2\/types\/post"}],"author":[{"embeddable":true,"href":"https:\/\/www.manaus.am.gov.br\/semcom\/wp-json\/wp\/v2\/users\/39"}],"replies":[{"embeddable":true,"href":"https:\/\/www.manaus.am.gov.br\/semcom\/wp-json\/wp\/v2\/comments?post=251935"}],"version-history":[{"count":3,"href":"https:\/\/www.manaus.am.gov.br\/semcom\/wp-json\/wp\/v2\/posts\/251935\/revisions"}],"predecessor-version":[{"id":252064,"href":"https:\/\/www.manaus.am.gov.br\/semcom\/wp-json\/wp\/v2\/posts\/251935\/revisions\/252064"}],"wp:featuredmedia":[{"embeddable":true,"href":"https:\/\/www.manaus.am.gov.br\/semcom\/wp-json\/wp\/v2\/media\/251936"}],"wp:attachment":[{"href":"https:\/\/www.manaus.am.gov.br\/semcom\/wp-json\/wp\/v2\/media?parent=251935"}],"wp:term":[{"taxonomy":"category","embeddable":true,"href":"https:\/\/www.manaus.am.gov.br\/semcom\/wp-json\/wp\/v2\/categories?post=251935"},{"taxonomy":"post_tag","embeddable":true,"href":"https:\/\/www.manaus.am.gov.br\/semcom\/wp-json\/wp\/v2\/tags?post=251935"}],"curies":[{"name":"wp","href":"https:\/\/api.w.org\/{rel}","templated":true}]}}