{"id":251931,"date":"2026-01-29T16:05:41","date_gmt":"2026-01-29T20:05:41","guid":{"rendered":"https:\/\/www.manaus.am.gov.br\/semcom\/nova-metodologia-controle-aedes-aegypti\/"},"modified":"2026-02-02T11:48:59","modified_gmt":"2026-02-02T14:48:59","slug":"nova-metodologia-controle-aedes-aegypti","status":"publish","type":"post","link":"https:\/\/www.manaus.am.gov.br\/semcom\/nova-metodologia-controle-aedes-aegypti\/","title":{"rendered":"Nova metodologia de controle do Aedes aegypti em Manaus \u00e9 apresentada em reuni\u00e3o com t\u00e9cnicos de sa\u00fade"},"content":{"rendered":"\n<p>A Divis\u00e3o de Controle de Doen\u00e7as Transmitidas por Vetores, da <a href=\"https:\/\/www.manaus.am.gov.br\/\">Secretaria Municipal de Sa\u00fade (Semsa<\/a>), promoveu, nesta quinta-feira, 29\/1, uma reuni\u00e3o para detalhar a metodologia de implanta\u00e7\u00e3o do sistema de ovitrampas, que ser\u00e1 adotada em 2026 no controle do Aedes aegypti no munic\u00edpio de Manaus. A programa\u00e7\u00e3o, realizada no complexo de Sa\u00fade Oeste, bairro da Paz, zona Oeste, reuniu t\u00e9cnicos e gestores de Vigil\u00e2ncia em Sa\u00fade e Controle das Arboviroses, que atuam nos Distritos de Sa\u00fade (Disas) Norte, Sul, Leste e Oeste.<\/p>\n\n\n\n<p>O chefe da Divis\u00e3o de Controle de Doen\u00e7as Transmitidas por Vetores, Alciles Comape, explicou que a ado\u00e7\u00e3o da nova estrat\u00e9gia, que ser\u00e1 implementada a partir do m\u00eas de fevereiro em Manaus, seguindo determina\u00e7\u00e3o do Minist\u00e9rio da Sa\u00fade, representa um importante avan\u00e7o para o monitoramento entomol\u00f3gico e o fortalecimento das a\u00e7\u00f5es de vigil\u00e2ncia e controle das doen\u00e7as transmitidas pelo Aedes aegypti.<\/p>\n\n\n\n<p>Alciles Comape explicou que ovitrampas s\u00e3o recipientes de pl\u00e1stico com palhetas de madeira Eucatex que s\u00e3o instaladas em domic\u00edlios em pontos estrat\u00e9gicos. No caso de j\u00e1 existir mosquitos circulando na comunidade, as ovitrampas servem para que as f\u00eameas do Aedes coloquem os ovos.<\/p>\n\n\n\n<p>Ap\u00f3s alguns dias da instala\u00e7\u00e3o, os agentes de sa\u00fade far\u00e3o a retirada da palheta para verificar a quantidade de ovos produzida em cada \u00e1rea, o que vai permitir contabilizar e mapear os locais com maior presen\u00e7a do mosquito em Manaus, com a execu\u00e7\u00e3o de a\u00e7\u00f5es de controle em comunidades com maior risco.<\/p>\n\n\n\n<p>\u201cA reuni\u00e3o de hoje com os t\u00e9cnicos e gestores dos Disas foi um primeiro momento do processo de esclarecer como ser\u00e1 realizado o trabalho ao longo do ano. Tamb\u00e9m ser\u00e3o programadas reuni\u00f5es com cada um dos Disas para construir de forma conjunta a metodologia de trabalho em cada territ\u00f3rio\u201d, esclareceu Alciles Comape.<\/p>\n\n\n\n<p>Segundo o planejamento da Semsa, devem ser instaladas 240 ovitrampas em cada uma das quatro zonas urbanas de Manaus (Norte, Sul, Leste e Oeste), em bairros ou localidades selecionadas, priorizando os 18 bairros em Alta Vulnerabilidade identificados do 4\u00ba Levantamento do \u00cdndice R\u00e1pido do Aedes aegypti (LIRAa), realizado em novembro de 2025.<\/p>\n\n\n\n<p>\u201cA ideia \u00e9 instalar, no prazo de duas semanas, 240 ovitrampas por Disa, em im\u00f3veis localizados na \u00e1rea central entre nove quarteir\u00f5es. A instala\u00e7\u00e3o ser\u00e1 feita em um primeiro momento nos 18 bairros com maior vulnerabilidade, mas essa programa\u00e7\u00e3o tem flexibilidade. Se houver melhora no indicador de infesta\u00e7\u00e3o ou diminui\u00e7\u00e3o no n\u00famero de casos de notifica\u00e7\u00e3o de doen\u00e7as transmitidas pelo Aedes aegypti, pode ocorrer a migra\u00e7\u00e3o para outros locais ao longo do ano\u201d, informou Alciles Comape.<\/p>\n\n\n\n<p>Ap\u00f3s a instala\u00e7\u00e3o, as ovitrampas devem ser retiradas pelos agentes de sa\u00fade no prazo de cinco a seis dias, ou seja, antes do nascimento das larvas do mosquito, evitando que se torne um criadouro do Aedes. As palhetas com os ovos ser\u00e3o encaminhadas ao laborat\u00f3rio para contagem e o registro do quantitativo.<\/p>\n\n\n\n<p>Os 18 bairros considerados como em alta vulnerabilidade, de acordo com o 4\u00ba LIRAa de 2025, s\u00e3o: Tarum\u00e3-A\u00e7u, Tarum\u00e3, Cidade Nova, Parque 10 de Novembro, Flores, Aleixo, Jorge Teixeira, Gilberto Mestrinho, Zumbi, S\u00e3o Jos\u00e9 Oper\u00e1rio, Compensa, Centro, Santa Etelvina, Col\u00f4nia Terra Nova, Alvorada, Nova Esperan\u00e7a, Santo Ant\u00f4nio e Petr\u00f3polis.<\/p>\n\n\n\n<p><strong>Casos<\/strong><\/p>\n\n\n\n<p>No ano passado, o munic\u00edpio de <a href=\"https:\/\/www.instagram.com\/prefeiturademanaus\">Manau<\/a>s registrou 1.237 casos confirmados de dengue, o que representou uma redu\u00e7\u00e3o de 52,7% em compara\u00e7\u00e3o com 2024, quando foram registrados 2.615 casos. A Semsa ainda registrou no ano passado 10 casos confirmados de zika e 79 de chikungunya.<\/p>\n\n\n\n<p>O chefe do N\u00facleo de Controle de Agravos Transmitidos por Aedes da Semsa, Edvaldo Raimundo Rocha, apontou que, mesmo com a utiliza\u00e7\u00e3o da nova estrat\u00e9gia, a popula\u00e7\u00e3o deve manter a aten\u00e7\u00e3o e executar as a\u00e7\u00f5es de preven\u00e7\u00e3o, seguindo o checklist semanal na identifica\u00e7\u00e3o e elimina\u00e7\u00e3o de poss\u00edveis criadouros nos domic\u00edlios, o que vai reduzir o risco de prolifera\u00e7\u00e3o do mosquito.<\/p>\n\n\n\n<p>\u201cMesmo com a redu\u00e7\u00e3o de casos de doen\u00e7as no ano passado, n\u00e3o podemos baixar a guarda. A notifica\u00e7\u00e3o de doen\u00e7as ocorre de forma uniforme em todos os meses do ano e, em 2025, munic\u00edpios do interior do Amazonas e em estados vizinhos tiveram surtos e epidemias. Por isso, \u00e9 necess\u00e1rio ficarmos sempre vigilantes para manter o controle do Aedes aegypti e prevenir doen\u00e7as\u201d, concluiu Edvaldo.<\/p>\n\n\n\n<figure class=\"wp-block-image size-large\"><img loading=\"lazy\" decoding=\"async\" width=\"1024\" height=\"568\" src=\"https:\/\/www.manaus.am.gov.br\/semcom\/wp-content\/uploads\/sites\/5\/2026\/01\/Reuniao-4-1024x568.jpeg\" alt=\"\" class=\"wp-image-251933\" srcset=\"https:\/\/www.manaus.am.gov.br\/semcom\/wp-content\/uploads\/sites\/5\/2026\/01\/Reuniao-4-1024x568.jpeg 1024w, https:\/\/www.manaus.am.gov.br\/semcom\/wp-content\/uploads\/sites\/5\/2026\/01\/Reuniao-4-300x167.jpeg 300w, https:\/\/www.manaus.am.gov.br\/semcom\/wp-content\/uploads\/sites\/5\/2026\/01\/Reuniao-4-768x426.jpeg 768w, https:\/\/www.manaus.am.gov.br\/semcom\/wp-content\/uploads\/sites\/5\/2026\/01\/Reuniao-4-1536x852.jpeg 1536w, https:\/\/www.manaus.am.gov.br\/semcom\/wp-content\/uploads\/sites\/5\/2026\/01\/Reuniao-4.jpeg 1600w\" sizes=\"(max-width: 1024px) 100vw, 1024px\" \/><figcaption class=\"wp-element-caption\">#paratodosverem &#8211; Apresenta\u00e7\u00e3o de nova metodologia<\/figcaption><\/figure>\n\n\n\n<p>&#8212; &#8212; &#8212;<\/p>\n\n\n\n<p><strong>Texto &#8211;<\/strong>&nbsp;Euriv\u00e2nia Gal\u00facio\/Semsa&nbsp;<\/p>\n\n\n\n<p><strong>Fotos &#8211;<\/strong>&nbsp;Divulga\u00e7\u00e3o\/Semsa<\/p>\n","protected":false},"excerpt":{"rendered":"","protected":false},"author":39,"featured_media":251932,"comment_status":"closed","ping_status":"closed","sticky":false,"template":"","format":"standard","meta":{"footnotes":""},"categories":[578],"tags":[],"acf":[],"yoast_head":"<!-- This site is optimized with the Yoast SEO plugin v23.0 - https:\/\/yoast.com\/wordpress\/plugins\/seo\/ -->\n<title>Nova metodologia de controle do Aedes aegypti em Manaus \u00e9 apresentada em reuni\u00e3o com t\u00e9cnicos de sa\u00fade<\/title>\n<meta name=\"description\" content=\"Nova metodologia de controle do Aedes aegypti em Manaus \u00e9 apresentada em reuni\u00e3o com t\u00e9cnicos de sa\u00fade nesta quinta-feira, 29\/1.\" \/>\n<meta name=\"robots\" content=\"index, follow, max-snippet:-1, max-image-preview:large, max-video-preview:-1\" \/>\n<link rel=\"canonical\" href=\"https:\/\/www.manaus.am.gov.br\/semcom\/nova-metodologia-controle-aedes-aegypti\/\" \/>\n<meta property=\"og:locale\" content=\"pt_BR\" \/>\n<meta property=\"og:type\" content=\"article\" \/>\n<meta property=\"og:title\" content=\"Nova metodologia de controle do Aedes aegypti em Manaus \u00e9 apresentada em reuni\u00e3o com t\u00e9cnicos de sa\u00fade\" \/>\n<meta property=\"og:description\" content=\"Nova metodologia de controle do Aedes aegypti em Manaus \u00e9 apresentada em reuni\u00e3o com t\u00e9cnicos de sa\u00fade nesta quinta-feira, 29\/1.\" \/>\n<meta property=\"og:url\" content=\"https:\/\/www.manaus.am.gov.br\/semcom\/nova-metodologia-controle-aedes-aegypti\/\" \/>\n<meta property=\"og:site_name\" content=\"SEMCOM\" \/>\n<meta property=\"article:published_time\" content=\"2026-01-29T20:05:41+00:00\" \/>\n<meta property=\"article:modified_time\" content=\"2026-02-02T14:48:59+00:00\" \/>\n<meta property=\"og:image\" content=\"https:\/\/www.manaus.am.gov.br\/semcom\/wp-content\/uploads\/sites\/5\/2026\/01\/Reuniao-6-e1769717057798.jpeg\" \/>\n\t<meta property=\"og:image:width\" content=\"1196\" \/>\n\t<meta property=\"og:image:height\" content=\"1046\" \/>\n\t<meta property=\"og:image:type\" content=\"image\/jpeg\" \/>\n<meta name=\"author\" content=\"Bruna Greco\" \/>\n<meta name=\"twitter:card\" content=\"summary_large_image\" \/>\n<meta name=\"twitter:label1\" content=\"Written by\" \/>\n\t<meta name=\"twitter:data1\" content=\"Bruna Greco\" \/>\n\t<meta name=\"twitter:label2\" content=\"Est. reading time\" \/>\n\t<meta name=\"twitter:data2\" content=\"5 minutos\" \/>\n<script type=\"application\/ld+json\" class=\"yoast-schema-graph\">{\"@context\":\"https:\/\/schema.org\",\"@graph\":[{\"@type\":\"WebPage\",\"@id\":\"https:\/\/www.manaus.am.gov.br\/semcom\/nova-metodologia-controle-aedes-aegypti\/\",\"url\":\"https:\/\/www.manaus.am.gov.br\/semcom\/nova-metodologia-controle-aedes-aegypti\/\",\"name\":\"Nova metodologia de controle do Aedes aegypti em Manaus \u00e9 apresentada em reuni\u00e3o com t\u00e9cnicos de sa\u00fade\",\"isPartOf\":{\"@id\":\"https:\/\/www.manaus.am.gov.br\/semcom\/#website\"},\"primaryImageOfPage\":{\"@id\":\"https:\/\/www.manaus.am.gov.br\/semcom\/nova-metodologia-controle-aedes-aegypti\/#primaryimage\"},\"image\":{\"@id\":\"https:\/\/www.manaus.am.gov.br\/semcom\/nova-metodologia-controle-aedes-aegypti\/#primaryimage\"},\"thumbnailUrl\":\"https:\/\/www.manaus.am.gov.br\/semcom\/wp-content\/uploads\/sites\/5\/2026\/01\/Reuniao-6-e1769717057798.jpeg\",\"datePublished\":\"2026-01-29T20:05:41+00:00\",\"dateModified\":\"2026-02-02T14:48:59+00:00\",\"author\":{\"@id\":\"https:\/\/www.manaus.am.gov.br\/semcom\/#\/schema\/person\/05d223aea2bf115f9883a6ff3683d81b\"},\"description\":\"Nova metodologia de controle do Aedes aegypti em Manaus \u00e9 apresentada em reuni\u00e3o com t\u00e9cnicos de sa\u00fade nesta quinta-feira, 29\/1.\",\"inLanguage\":\"pt-BR\",\"potentialAction\":[{\"@type\":\"ReadAction\",\"target\":[\"https:\/\/www.manaus.am.gov.br\/semcom\/nova-metodologia-controle-aedes-aegypti\/\"]}]},{\"@type\":\"ImageObject\",\"inLanguage\":\"pt-BR\",\"@id\":\"https:\/\/www.manaus.am.gov.br\/semcom\/nova-metodologia-controle-aedes-aegypti\/#primaryimage\",\"url\":\"https:\/\/www.manaus.am.gov.br\/semcom\/wp-content\/uploads\/sites\/5\/2026\/01\/Reuniao-6-e1769717057798.jpeg\",\"contentUrl\":\"https:\/\/www.manaus.am.gov.br\/semcom\/wp-content\/uploads\/sites\/5\/2026\/01\/Reuniao-6-e1769717057798.jpeg\",\"width\":1196,\"height\":1046,\"caption\":\"#paratodosverem - T\u00e9cnicos de sa\u00fade da Semsa participando de reuni\u00e3o para a divulga\u00e7\u00e3o do funcionamento da nova metodologia de controle do Aedes aegypti em Manaus\"},{\"@type\":\"WebSite\",\"@id\":\"https:\/\/www.manaus.am.gov.br\/semcom\/#website\",\"url\":\"https:\/\/www.manaus.am.gov.br\/semcom\/\",\"name\":\"SEMCOM\",\"description\":\"Secretaria Municipal de Comunica\u00e7\u00e3o\",\"potentialAction\":[{\"@type\":\"SearchAction\",\"target\":{\"@type\":\"EntryPoint\",\"urlTemplate\":\"https:\/\/www.manaus.am.gov.br\/semcom\/?s={search_term_string}\"},\"query-input\":\"required name=search_term_string\"}],\"inLanguage\":\"pt-BR\"},{\"@type\":\"Person\",\"@id\":\"https:\/\/www.manaus.am.gov.br\/semcom\/#\/schema\/person\/05d223aea2bf115f9883a6ff3683d81b\",\"name\":\"Bruna Greco\",\"image\":{\"@type\":\"ImageObject\",\"inLanguage\":\"pt-BR\",\"@id\":\"https:\/\/www.manaus.am.gov.br\/semcom\/#\/schema\/person\/image\/\",\"url\":\"https:\/\/secure.gravatar.com\/avatar\/9c877d1a6adc2a055330e5c09a8653ce?s=96&d=mm&r=g\",\"contentUrl\":\"https:\/\/secure.gravatar.com\/avatar\/9c877d1a6adc2a055330e5c09a8653ce?s=96&d=mm&r=g\",\"caption\":\"Bruna Greco\"}}]}<\/script>\n<!-- \/ Yoast SEO plugin. -->","yoast_head_json":{"title":"Nova metodologia de controle do Aedes aegypti em Manaus \u00e9 apresentada em reuni\u00e3o com t\u00e9cnicos de sa\u00fade","description":"Nova metodologia de controle do Aedes aegypti em Manaus \u00e9 apresentada em reuni\u00e3o com t\u00e9cnicos de sa\u00fade nesta quinta-feira, 29\/1.","robots":{"index":"index","follow":"follow","max-snippet":"max-snippet:-1","max-image-preview":"max-image-preview:large","max-video-preview":"max-video-preview:-1"},"canonical":"https:\/\/www.manaus.am.gov.br\/semcom\/nova-metodologia-controle-aedes-aegypti\/","og_locale":"pt_BR","og_type":"article","og_title":"Nova metodologia de controle do Aedes aegypti em Manaus \u00e9 apresentada em reuni\u00e3o com t\u00e9cnicos de sa\u00fade","og_description":"Nova metodologia de controle do Aedes aegypti em Manaus \u00e9 apresentada em reuni\u00e3o com t\u00e9cnicos de sa\u00fade nesta quinta-feira, 29\/1.","og_url":"https:\/\/www.manaus.am.gov.br\/semcom\/nova-metodologia-controle-aedes-aegypti\/","og_site_name":"SEMCOM","article_published_time":"2026-01-29T20:05:41+00:00","article_modified_time":"2026-02-02T14:48:59+00:00","og_image":[{"width":1196,"height":1046,"url":"https:\/\/www.manaus.am.gov.br\/semcom\/wp-content\/uploads\/sites\/5\/2026\/01\/Reuniao-6-e1769717057798.jpeg","type":"image\/jpeg"}],"author":"Bruna Greco","twitter_card":"summary_large_image","twitter_misc":{"Written by":"Bruna Greco","Est. reading time":"5 minutos"},"schema":{"@context":"https:\/\/schema.org","@graph":[{"@type":"WebPage","@id":"https:\/\/www.manaus.am.gov.br\/semcom\/nova-metodologia-controle-aedes-aegypti\/","url":"https:\/\/www.manaus.am.gov.br\/semcom\/nova-metodologia-controle-aedes-aegypti\/","name":"Nova metodologia de controle do Aedes aegypti em Manaus \u00e9 apresentada em reuni\u00e3o com t\u00e9cnicos de sa\u00fade","isPartOf":{"@id":"https:\/\/www.manaus.am.gov.br\/semcom\/#website"},"primaryImageOfPage":{"@id":"https:\/\/www.manaus.am.gov.br\/semcom\/nova-metodologia-controle-aedes-aegypti\/#primaryimage"},"image":{"@id":"https:\/\/www.manaus.am.gov.br\/semcom\/nova-metodologia-controle-aedes-aegypti\/#primaryimage"},"thumbnailUrl":"https:\/\/www.manaus.am.gov.br\/semcom\/wp-content\/uploads\/sites\/5\/2026\/01\/Reuniao-6-e1769717057798.jpeg","datePublished":"2026-01-29T20:05:41+00:00","dateModified":"2026-02-02T14:48:59+00:00","author":{"@id":"https:\/\/www.manaus.am.gov.br\/semcom\/#\/schema\/person\/05d223aea2bf115f9883a6ff3683d81b"},"description":"Nova metodologia de controle do Aedes aegypti em Manaus \u00e9 apresentada em reuni\u00e3o com t\u00e9cnicos de sa\u00fade nesta quinta-feira, 29\/1.","inLanguage":"pt-BR","potentialAction":[{"@type":"ReadAction","target":["https:\/\/www.manaus.am.gov.br\/semcom\/nova-metodologia-controle-aedes-aegypti\/"]}]},{"@type":"ImageObject","inLanguage":"pt-BR","@id":"https:\/\/www.manaus.am.gov.br\/semcom\/nova-metodologia-controle-aedes-aegypti\/#primaryimage","url":"https:\/\/www.manaus.am.gov.br\/semcom\/wp-content\/uploads\/sites\/5\/2026\/01\/Reuniao-6-e1769717057798.jpeg","contentUrl":"https:\/\/www.manaus.am.gov.br\/semcom\/wp-content\/uploads\/sites\/5\/2026\/01\/Reuniao-6-e1769717057798.jpeg","width":1196,"height":1046,"caption":"#paratodosverem - T\u00e9cnicos de sa\u00fade da Semsa participando de reuni\u00e3o para a divulga\u00e7\u00e3o do funcionamento da nova metodologia de controle do Aedes aegypti em Manaus"},{"@type":"WebSite","@id":"https:\/\/www.manaus.am.gov.br\/semcom\/#website","url":"https:\/\/www.manaus.am.gov.br\/semcom\/","name":"SEMCOM","description":"Secretaria Municipal de Comunica\u00e7\u00e3o","potentialAction":[{"@type":"SearchAction","target":{"@type":"EntryPoint","urlTemplate":"https:\/\/www.manaus.am.gov.br\/semcom\/?s={search_term_string}"},"query-input":"required name=search_term_string"}],"inLanguage":"pt-BR"},{"@type":"Person","@id":"https:\/\/www.manaus.am.gov.br\/semcom\/#\/schema\/person\/05d223aea2bf115f9883a6ff3683d81b","name":"Bruna Greco","image":{"@type":"ImageObject","inLanguage":"pt-BR","@id":"https:\/\/www.manaus.am.gov.br\/semcom\/#\/schema\/person\/image\/","url":"https:\/\/secure.gravatar.com\/avatar\/9c877d1a6adc2a055330e5c09a8653ce?s=96&d=mm&r=g","contentUrl":"https:\/\/secure.gravatar.com\/avatar\/9c877d1a6adc2a055330e5c09a8653ce?s=96&d=mm&r=g","caption":"Bruna Greco"}}]}},"_links":{"self":[{"href":"https:\/\/www.manaus.am.gov.br\/semcom\/wp-json\/wp\/v2\/posts\/251931"}],"collection":[{"href":"https:\/\/www.manaus.am.gov.br\/semcom\/wp-json\/wp\/v2\/posts"}],"about":[{"href":"https:\/\/www.manaus.am.gov.br\/semcom\/wp-json\/wp\/v2\/types\/post"}],"author":[{"embeddable":true,"href":"https:\/\/www.manaus.am.gov.br\/semcom\/wp-json\/wp\/v2\/users\/39"}],"replies":[{"embeddable":true,"href":"https:\/\/www.manaus.am.gov.br\/semcom\/wp-json\/wp\/v2\/comments?post=251931"}],"version-history":[{"count":3,"href":"https:\/\/www.manaus.am.gov.br\/semcom\/wp-json\/wp\/v2\/posts\/251931\/revisions"}],"predecessor-version":[{"id":252062,"href":"https:\/\/www.manaus.am.gov.br\/semcom\/wp-json\/wp\/v2\/posts\/251931\/revisions\/252062"}],"wp:featuredmedia":[{"embeddable":true,"href":"https:\/\/www.manaus.am.gov.br\/semcom\/wp-json\/wp\/v2\/media\/251932"}],"wp:attachment":[{"href":"https:\/\/www.manaus.am.gov.br\/semcom\/wp-json\/wp\/v2\/media?parent=251931"}],"wp:term":[{"taxonomy":"category","embeddable":true,"href":"https:\/\/www.manaus.am.gov.br\/semcom\/wp-json\/wp\/v2\/categories?post=251931"},{"taxonomy":"post_tag","embeddable":true,"href":"https:\/\/www.manaus.am.gov.br\/semcom\/wp-json\/wp\/v2\/tags?post=251931"}],"curies":[{"name":"wp","href":"https:\/\/api.w.org\/{rel}","templated":true}]}}