{"id":251894,"date":"2026-01-29T13:17:43","date_gmt":"2026-01-29T16:17:43","guid":{"rendered":"https:\/\/www.manaus.am.gov.br\/semcom\/prefeitura-concultura-pnab-4\/"},"modified":"2026-01-29T14:56:33","modified_gmt":"2026-01-29T17:56:33","slug":"prefeitura-concultura-pnab-2026-4","status":"publish","type":"post","link":"https:\/\/www.manaus.am.gov.br\/semcom\/prefeitura-concultura-pnab-2026-4\/","title":{"rendered":"Prefeitura de Manaus lan\u00e7a editais da\u00a0Pnab\u00a02026 com aporte de R$ 5 milh\u00f5es"},"content":{"rendered":"\n<p>A <a href=\"https:\/\/www.manaus.gov.br\">Prefeitura de Manaus<\/a> realizou, na noite da quarta-feira, 28\/1, o lan\u00e7amento oficial dos 13 editais da Pol\u00edtica Nacional Aldir Blanc (Pnab) 2026, 2\u00ba ciclo, com aporte de R$ 5 milh\u00f5es para fortalecer a produ\u00e7\u00e3o cultural na capital. O evento aconteceu no estacionamento do mirante L\u00facia Almeida, no centro hist\u00f3rico, reunindo artistas, fazedores de cultura, gestores culturais e representantes institucionais.<\/p>\n\n\n\n<p>A iniciativa foi promovida pela Prefeitura de Manaus, por meio do Conselho Municipal de Cultura (Concultura), e marcou um momento significativo para o fortalecimento das pol\u00edticas p\u00fablicas culturais no munic\u00edpio. Os editais contemplam diversos segmentos art\u00edsticos e culturais, ampliando as oportunidades de fomento, valoriza\u00e7\u00e3o e democratiza\u00e7\u00e3o do acesso aos recursos p\u00fablicos destinados \u00e0 cultura.<\/p>\n\n\n\n<p>\u201cTodas as cidades, n\u00e3o s\u00f3 as capitais, at\u00e9 as mais distantes t\u00eam essa oportunidade dos editais da Pnab.&nbsp; \u00c9 um momento hist\u00f3rico, porque \u00e9 um grande avan\u00e7o para as pol\u00edticas culturais, tanto no acesso aos fomentos quanto na abrang\u00eancia. E isso \u00e9 uma das diretrizes do prefeito David Almeida, democratizar o acesso \u00e0 cultura a todos\u201d, disse o diretor-presidente do Concultura, Tony Medeiros.<\/p>\n\n\n\n<p>O lan\u00e7amento contou com a presen\u00e7a da secret\u00e1ria nacional do Minist\u00e9rio da Cultura (MinC), Roberta Martins, que destacou a import\u00e2ncia da Pnab como instrumento estrat\u00e9gico para o desenvolvimento cultural nos territ\u00f3rios e para o reconhecimento da diversidade art\u00edstica brasileira. A participa\u00e7\u00e3o da representante do governo federal refor\u00e7ou o compromisso conjunto entre Uni\u00e3o e munic\u00edpio na execu\u00e7\u00e3o da pol\u00edtica cultural. \u201cA cultura \u00e9 a fonte da for\u00e7a brasileira. \u00c9 a soberania nacional. Nossa cultura \u00e9 mai\u00fascula, \u00e9 diversidade. A cultura de Manaus e do Amazonas tamb\u00e9m comprovam isso\u201d, destacou.<\/p>\n\n\n\n<p>Dezenas de artistas de diferentes linguagens \u2014 como m\u00fasica, artes visuais, hip-hop, circo, teatro, literatura, audiovisual, cultura popular, entre outras, prestigiaram o evento, celebrando o avan\u00e7o das a\u00e7\u00f5es de fomento cultural em Manaus. \u201c\u00c9 uma satisfa\u00e7\u00e3o presenciar esse marco hist\u00f3rico. Agrade\u00e7o \u00e0 prefeitura e ao Concultura pela visibilidade da capoeira nos eventos, pois antes n\u00e3o t\u00ednhamos essa abertura\u201d, disse Rafael Ferreira, do Instituto Cultural Alforria de Capoeira.<\/p>\n\n\n\n<p>O encontro tamb\u00e9m foi um espa\u00e7o de di\u00e1logo, troca de informa\u00e7\u00f5es e incentivo \u00e0 participa\u00e7\u00e3o da classe art\u00edstica nos editais. Uma equipe de consultoria do Concultura atendeu agentes culturais e artistas, onde esclareceu d\u00favidas sobre a participa\u00e7\u00e3o nos editais. \u201c\u00c9 um momento importante para n\u00f3s, ind\u00edgenas, podermos participar dos editais e sermos vistos. \u00c9 uma oportunidade que a prefeitura nos proporciona, por meio do Concultura, ter a possibilidade de concorrer nas categorias de grafismo, moda e m\u00fasica\u201d, salientou o artista ind\u00edgena e empreendedor Jos\u00e9 Tikuna.<\/p>\n\n\n\n<p>Uma das modalidades contempladas nos editais da Pnab 2026 \u00e9 a Economia Criativa, que abrange segmentos de moda, gastronomia, design, turismo cultural entre outras. \u201cPara quem \u00e9 empreendedor, \u00e9 muito importante saber que existem incentivos para nossa categoria nos editais. Para quem vive do artesanato, isso significa poder ampliar a produ\u00e7\u00e3o e aumentar as vendas\u201d, disse a empreendedora Glicia Penalber, durante o evento de lan\u00e7amento.<\/p>\n\n\n\n<p>As inscri\u00e7\u00f5es para os 13 editais da Pnab 2026 est\u00e3o abertas desde o \u00faltimo dia 23 de janeiro, no site Porta da Cultura Manaus, e s\u00e3o gratuitas, oportunizando a todos o acesso aos fomentos culturais do munic\u00edpio.<\/p>\n\n\n\n<p>&#8212; &#8212; &#8212;<\/p>\n\n\n\n<p><strong>Texto<\/strong> &#8211; Saleyna Borges\/Concultura<\/p>\n\n\n\n<p><strong>Fotos<\/strong> &#8211; Ant\u00f4nio Pereira\/Semcom<\/p>\n","protected":false},"excerpt":{"rendered":"","protected":false},"author":23,"featured_media":251895,"comment_status":"closed","ping_status":"closed","sticky":false,"template":"","format":"standard","meta":{"footnotes":""},"categories":[5],"tags":[6750,1151,19126,77],"acf":[],"yoast_head":"<!-- This site is optimized with the Yoast SEO plugin v23.0 - https:\/\/yoast.com\/wordpress\/plugins\/seo\/ -->\n<title>Prefeitura de Manaus lan\u00e7a editais da Pnab 2026 com aporte de R$ 5 milh\u00f5es<\/title>\n<meta name=\"description\" content=\"A Prefeitura de Manaus realizou, na noite da quarta-feira, 28\/1, o lan\u00e7amento oficial dos 13 editais da Pol\u00edtica Nacional Aldir Blanc (Pnab) 2026, 2\u00ba ciclo, com aporte de R$ 5 milh\u00f5es para fortalecer a produ\u00e7\u00e3o cultural na capital.\" \/>\n<meta name=\"robots\" content=\"index, follow, max-snippet:-1, max-image-preview:large, max-video-preview:-1\" \/>\n<link rel=\"canonical\" href=\"https:\/\/www.manaus.am.gov.br\/semcom\/prefeitura-concultura-pnab-4\/\" \/>\n<meta property=\"og:locale\" content=\"pt_BR\" \/>\n<meta property=\"og:type\" content=\"article\" \/>\n<meta property=\"og:title\" content=\"Prefeitura de Manaus lan\u00e7a editais da Pnab 2026 com aporte de R$ 5 milh\u00f5es\" \/>\n<meta property=\"og:description\" content=\"A Prefeitura de Manaus realizou, na noite da quarta-feira, 28\/1, o lan\u00e7amento oficial dos 13 editais da Pol\u00edtica Nacional Aldir Blanc (Pnab) 2026, 2\u00ba ciclo, com aporte de R$ 5 milh\u00f5es para fortalecer a produ\u00e7\u00e3o cultural na capital.\" \/>\n<meta property=\"og:url\" content=\"https:\/\/www.manaus.am.gov.br\/semcom\/prefeitura-concultura-pnab-4\/\" \/>\n<meta property=\"og:site_name\" content=\"SEMCOM\" \/>\n<meta property=\"article:published_time\" content=\"2026-01-29T16:17:43+00:00\" \/>\n<meta property=\"article:modified_time\" content=\"2026-01-29T17:56:33+00:00\" \/>\n<meta property=\"og:image\" content=\"https:\/\/www.manaus.am.gov.br\/semcom\/wp-content\/uploads\/sites\/5\/2026\/01\/55066425733_7bb2053d50_c.jpg\" \/>\n\t<meta property=\"og:image:width\" content=\"799\" \/>\n\t<meta property=\"og:image:height\" content=\"533\" \/>\n\t<meta property=\"og:image:type\" content=\"image\/jpeg\" \/>\n<meta name=\"author\" content=\"Adriana Costa\" \/>\n<meta name=\"twitter:card\" content=\"summary_large_image\" \/>\n<meta name=\"twitter:label1\" content=\"Written by\" \/>\n\t<meta name=\"twitter:data1\" content=\"Adriana Costa\" \/>\n\t<meta name=\"twitter:label2\" content=\"Est. reading time\" \/>\n\t<meta name=\"twitter:data2\" content=\"4 minutos\" \/>\n<script type=\"application\/ld+json\" class=\"yoast-schema-graph\">{\"@context\":\"https:\/\/schema.org\",\"@graph\":[{\"@type\":\"WebPage\",\"@id\":\"https:\/\/www.manaus.am.gov.br\/semcom\/prefeitura-concultura-pnab-4\/\",\"url\":\"https:\/\/www.manaus.am.gov.br\/semcom\/prefeitura-concultura-pnab-4\/\",\"name\":\"Prefeitura de Manaus lan\u00e7a editais da Pnab 2026 com aporte de R$ 5 milh\u00f5es\",\"isPartOf\":{\"@id\":\"https:\/\/www.manaus.am.gov.br\/semcom\/#website\"},\"primaryImageOfPage\":{\"@id\":\"https:\/\/www.manaus.am.gov.br\/semcom\/prefeitura-concultura-pnab-4\/#primaryimage\"},\"image\":{\"@id\":\"https:\/\/www.manaus.am.gov.br\/semcom\/prefeitura-concultura-pnab-4\/#primaryimage\"},\"thumbnailUrl\":\"https:\/\/www.manaus.am.gov.br\/semcom\/wp-content\/uploads\/sites\/5\/2026\/01\/55066425733_7bb2053d50_c.jpg\",\"datePublished\":\"2026-01-29T16:17:43+00:00\",\"dateModified\":\"2026-01-29T17:56:33+00:00\",\"author\":{\"@id\":\"https:\/\/www.manaus.am.gov.br\/semcom\/#\/schema\/person\/4e49f4e267757a06ca072ec61b2b9968\"},\"description\":\"A Prefeitura de Manaus realizou, na noite da quarta-feira, 28\/1, o lan\u00e7amento oficial dos 13 editais da Pol\u00edtica Nacional Aldir Blanc (Pnab) 2026, 2\u00ba ciclo, com aporte de R$ 5 milh\u00f5es para fortalecer a produ\u00e7\u00e3o cultural na capital.\",\"inLanguage\":\"pt-BR\",\"potentialAction\":[{\"@type\":\"ReadAction\",\"target\":[\"https:\/\/www.manaus.am.gov.br\/semcom\/prefeitura-concultura-pnab-4\/\"]}]},{\"@type\":\"ImageObject\",\"inLanguage\":\"pt-BR\",\"@id\":\"https:\/\/www.manaus.am.gov.br\/semcom\/prefeitura-concultura-pnab-4\/#primaryimage\",\"url\":\"https:\/\/www.manaus.am.gov.br\/semcom\/wp-content\/uploads\/sites\/5\/2026\/01\/55066425733_7bb2053d50_c.jpg\",\"contentUrl\":\"https:\/\/www.manaus.am.gov.br\/semcom\/wp-content\/uploads\/sites\/5\/2026\/01\/55066425733_7bb2053d50_c.jpg\",\"width\":799,\"height\":533,\"caption\":\"#paratodosverem - Autoridades dividem palco com artistas em lan\u00e7amento de editais da Pnab 2026\"},{\"@type\":\"WebSite\",\"@id\":\"https:\/\/www.manaus.am.gov.br\/semcom\/#website\",\"url\":\"https:\/\/www.manaus.am.gov.br\/semcom\/\",\"name\":\"SEMCOM\",\"description\":\"Secretaria Municipal de Comunica\u00e7\u00e3o\",\"potentialAction\":[{\"@type\":\"SearchAction\",\"target\":{\"@type\":\"EntryPoint\",\"urlTemplate\":\"https:\/\/www.manaus.am.gov.br\/semcom\/?s={search_term_string}\"},\"query-input\":\"required name=search_term_string\"}],\"inLanguage\":\"pt-BR\"},{\"@type\":\"Person\",\"@id\":\"https:\/\/www.manaus.am.gov.br\/semcom\/#\/schema\/person\/4e49f4e267757a06ca072ec61b2b9968\",\"name\":\"Adriana Costa\",\"image\":{\"@type\":\"ImageObject\",\"inLanguage\":\"pt-BR\",\"@id\":\"https:\/\/www.manaus.am.gov.br\/semcom\/#\/schema\/person\/image\/\",\"url\":\"https:\/\/secure.gravatar.com\/avatar\/576258617ef7194f718179e766d57bd4?s=96&d=mm&r=g\",\"contentUrl\":\"https:\/\/secure.gravatar.com\/avatar\/576258617ef7194f718179e766d57bd4?s=96&d=mm&r=g\",\"caption\":\"Adriana Costa\"}}]}<\/script>\n<!-- \/ Yoast SEO plugin. -->","yoast_head_json":{"title":"Prefeitura de Manaus lan\u00e7a editais da Pnab 2026 com aporte de R$ 5 milh\u00f5es","description":"A Prefeitura de Manaus realizou, na noite da quarta-feira, 28\/1, o lan\u00e7amento oficial dos 13 editais da Pol\u00edtica Nacional Aldir Blanc (Pnab) 2026, 2\u00ba ciclo, com aporte de R$ 5 milh\u00f5es para fortalecer a produ\u00e7\u00e3o cultural na capital.","robots":{"index":"index","follow":"follow","max-snippet":"max-snippet:-1","max-image-preview":"max-image-preview:large","max-video-preview":"max-video-preview:-1"},"canonical":"https:\/\/www.manaus.am.gov.br\/semcom\/prefeitura-concultura-pnab-4\/","og_locale":"pt_BR","og_type":"article","og_title":"Prefeitura de Manaus lan\u00e7a editais da Pnab 2026 com aporte de R$ 5 milh\u00f5es","og_description":"A Prefeitura de Manaus realizou, na noite da quarta-feira, 28\/1, o lan\u00e7amento oficial dos 13 editais da Pol\u00edtica Nacional Aldir Blanc (Pnab) 2026, 2\u00ba ciclo, com aporte de R$ 5 milh\u00f5es para fortalecer a produ\u00e7\u00e3o cultural na capital.","og_url":"https:\/\/www.manaus.am.gov.br\/semcom\/prefeitura-concultura-pnab-4\/","og_site_name":"SEMCOM","article_published_time":"2026-01-29T16:17:43+00:00","article_modified_time":"2026-01-29T17:56:33+00:00","og_image":[{"width":799,"height":533,"url":"https:\/\/www.manaus.am.gov.br\/semcom\/wp-content\/uploads\/sites\/5\/2026\/01\/55066425733_7bb2053d50_c.jpg","type":"image\/jpeg"}],"author":"Adriana Costa","twitter_card":"summary_large_image","twitter_misc":{"Written by":"Adriana Costa","Est. reading time":"4 minutos"},"schema":{"@context":"https:\/\/schema.org","@graph":[{"@type":"WebPage","@id":"https:\/\/www.manaus.am.gov.br\/semcom\/prefeitura-concultura-pnab-4\/","url":"https:\/\/www.manaus.am.gov.br\/semcom\/prefeitura-concultura-pnab-4\/","name":"Prefeitura de Manaus lan\u00e7a editais da Pnab 2026 com aporte de R$ 5 milh\u00f5es","isPartOf":{"@id":"https:\/\/www.manaus.am.gov.br\/semcom\/#website"},"primaryImageOfPage":{"@id":"https:\/\/www.manaus.am.gov.br\/semcom\/prefeitura-concultura-pnab-4\/#primaryimage"},"image":{"@id":"https:\/\/www.manaus.am.gov.br\/semcom\/prefeitura-concultura-pnab-4\/#primaryimage"},"thumbnailUrl":"https:\/\/www.manaus.am.gov.br\/semcom\/wp-content\/uploads\/sites\/5\/2026\/01\/55066425733_7bb2053d50_c.jpg","datePublished":"2026-01-29T16:17:43+00:00","dateModified":"2026-01-29T17:56:33+00:00","author":{"@id":"https:\/\/www.manaus.am.gov.br\/semcom\/#\/schema\/person\/4e49f4e267757a06ca072ec61b2b9968"},"description":"A Prefeitura de Manaus realizou, na noite da quarta-feira, 28\/1, o lan\u00e7amento oficial dos 13 editais da Pol\u00edtica Nacional Aldir Blanc (Pnab) 2026, 2\u00ba ciclo, com aporte de R$ 5 milh\u00f5es para fortalecer a produ\u00e7\u00e3o cultural na capital.","inLanguage":"pt-BR","potentialAction":[{"@type":"ReadAction","target":["https:\/\/www.manaus.am.gov.br\/semcom\/prefeitura-concultura-pnab-4\/"]}]},{"@type":"ImageObject","inLanguage":"pt-BR","@id":"https:\/\/www.manaus.am.gov.br\/semcom\/prefeitura-concultura-pnab-4\/#primaryimage","url":"https:\/\/www.manaus.am.gov.br\/semcom\/wp-content\/uploads\/sites\/5\/2026\/01\/55066425733_7bb2053d50_c.jpg","contentUrl":"https:\/\/www.manaus.am.gov.br\/semcom\/wp-content\/uploads\/sites\/5\/2026\/01\/55066425733_7bb2053d50_c.jpg","width":799,"height":533,"caption":"#paratodosverem - Autoridades dividem palco com artistas em lan\u00e7amento de editais da Pnab 2026"},{"@type":"WebSite","@id":"https:\/\/www.manaus.am.gov.br\/semcom\/#website","url":"https:\/\/www.manaus.am.gov.br\/semcom\/","name":"SEMCOM","description":"Secretaria Municipal de Comunica\u00e7\u00e3o","potentialAction":[{"@type":"SearchAction","target":{"@type":"EntryPoint","urlTemplate":"https:\/\/www.manaus.am.gov.br\/semcom\/?s={search_term_string}"},"query-input":"required name=search_term_string"}],"inLanguage":"pt-BR"},{"@type":"Person","@id":"https:\/\/www.manaus.am.gov.br\/semcom\/#\/schema\/person\/4e49f4e267757a06ca072ec61b2b9968","name":"Adriana Costa","image":{"@type":"ImageObject","inLanguage":"pt-BR","@id":"https:\/\/www.manaus.am.gov.br\/semcom\/#\/schema\/person\/image\/","url":"https:\/\/secure.gravatar.com\/avatar\/576258617ef7194f718179e766d57bd4?s=96&d=mm&r=g","contentUrl":"https:\/\/secure.gravatar.com\/avatar\/576258617ef7194f718179e766d57bd4?s=96&d=mm&r=g","caption":"Adriana Costa"}}]}},"_links":{"self":[{"href":"https:\/\/www.manaus.am.gov.br\/semcom\/wp-json\/wp\/v2\/posts\/251894"}],"collection":[{"href":"https:\/\/www.manaus.am.gov.br\/semcom\/wp-json\/wp\/v2\/posts"}],"about":[{"href":"https:\/\/www.manaus.am.gov.br\/semcom\/wp-json\/wp\/v2\/types\/post"}],"author":[{"embeddable":true,"href":"https:\/\/www.manaus.am.gov.br\/semcom\/wp-json\/wp\/v2\/users\/23"}],"replies":[{"embeddable":true,"href":"https:\/\/www.manaus.am.gov.br\/semcom\/wp-json\/wp\/v2\/comments?post=251894"}],"version-history":[{"count":1,"href":"https:\/\/www.manaus.am.gov.br\/semcom\/wp-json\/wp\/v2\/posts\/251894\/revisions"}],"predecessor-version":[{"id":251920,"href":"https:\/\/www.manaus.am.gov.br\/semcom\/wp-json\/wp\/v2\/posts\/251894\/revisions\/251920"}],"wp:featuredmedia":[{"embeddable":true,"href":"https:\/\/www.manaus.am.gov.br\/semcom\/wp-json\/wp\/v2\/media\/251895"}],"wp:attachment":[{"href":"https:\/\/www.manaus.am.gov.br\/semcom\/wp-json\/wp\/v2\/media?parent=251894"}],"wp:term":[{"taxonomy":"category","embeddable":true,"href":"https:\/\/www.manaus.am.gov.br\/semcom\/wp-json\/wp\/v2\/categories?post=251894"},{"taxonomy":"post_tag","embeddable":true,"href":"https:\/\/www.manaus.am.gov.br\/semcom\/wp-json\/wp\/v2\/tags?post=251894"}],"curies":[{"name":"wp","href":"https:\/\/api.w.org\/{rel}","templated":true}]}}