{"id":251884,"date":"2026-01-29T10:27:04","date_gmt":"2026-01-29T13:27:04","guid":{"rendered":"https:\/\/www.manaus.am.gov.br\/semcom\/prefeitura-fdt-janeirobranco\/"},"modified":"2026-01-29T14:50:40","modified_gmt":"2026-01-29T17:50:40","slug":"prefeitura-fdt-janeiro-branco","status":"publish","type":"post","link":"https:\/\/www.manaus.am.gov.br\/semcom\/prefeitura-fdt-janeiro-branco\/","title":{"rendered":"Prefeitura de Manaus promove a\u00e7\u00e3o do \u2018Janeiro Branco\u2019 voltada \u00e0 sa\u00fade mental de servidores da Funda\u00e7\u00e3o Dr. Thomas"},"content":{"rendered":"\n<p>Em alus\u00e3o \u00e0 campanha nacional \u201cJaneiro Branco\u201d, dedicada \u00e0 conscientiza\u00e7\u00e3o sobre a import\u00e2ncia da sa\u00fade mental, a<a href=\"https:\/\/www.manaus.am.gov.br\"> Prefeitura de Manaus<\/a>, por meio da <a href=\"https:\/\/www.instagram.com\/fundacaodrthomas\/\">Funda\u00e7\u00e3o de Apoio ao Idoso Dr. Thomas<\/a> (FDT), em parceria com a Secretaria Municipal de Sa\u00fade (Semsa), realizou, na quarta-feira, 28\/1, uma a\u00e7\u00e3o voltada \u00e0 sensibiliza\u00e7\u00e3o dos servidores e colaboradores da funda\u00e7\u00e3o quanto aos cuidados com a sa\u00fade mental.<\/p>\n\n\n\n<p>A atividade promoveu di\u00e1logo, troca de experi\u00eancias e reflex\u00e3o sobre a import\u00e2ncia do cuidado emocional no ambiente de trabalho. Durante o encontro, os participantes receberam orienta\u00e7\u00f5es relacionadas \u00e0 promo\u00e7\u00e3o do bem-estar, da qualidade de vida e da sa\u00fade emocional no cotidiano profissional.<\/p>\n\n\n\n<p>A diretora-presidente em exerc\u00edcio da Funda\u00e7\u00e3o Dr. Thomas, Larissa Meireles, destacou a relev\u00e2ncia de iniciativas que priorizam o cuidado com os servidores e contribuem para a constru\u00e7\u00e3o de um ambiente institucional mais acolhedor.<\/p>\n\n\n\n<p>\u201cCuidar da sa\u00fade mental dos nossos servidores \u00e9 essencial para garantir um ambiente de trabalho mais saud\u00e1vel e humanizado. A\u00e7\u00f5es como essa fortalecem o di\u00e1logo, a escuta e o autocuidado, demonstrando que a gest\u00e3o do prefeito David Almeida se preocupa com o bem-estar emocional de cada colaborador\u201d, afirmou.<\/p>\n\n\n\n<p>Durante a programa\u00e7\u00e3o, a assistente social da Semsa, Naira Castro, explicou como diferentes tipos de cansa\u00e7o podem impactar diretamente o desempenho profissional e as rela\u00e7\u00f5es interpessoais.<\/p>\n\n\n\n<p>\u201cO cansa\u00e7o n\u00e3o \u00e9 apenas f\u00edsico. Muitas vezes, ele \u00e9 emocional ou mental e, quando n\u00e3o \u00e9 reconhecido, impacta o rendimento, as rela\u00e7\u00f5es no trabalho e a sa\u00fade do trabalhador. Por isso, \u00e9 fundamental identificar esses sinais e buscar cuidado antes que se tornem um problema maior\u201d, explicou.<\/p>\n\n\n\n<p>A a\u00e7\u00e3o integra a programa\u00e7\u00e3o do \u201cJaneiro Branco\u201d e refor\u00e7a o compromisso da Prefeitura de Manaus com a promo\u00e7\u00e3o da sa\u00fade mental, valorizando o bem-estar dos servidores e a constru\u00e7\u00e3o de ambientes de trabalho mais saud\u00e1veis, acolhedores e humanizados.<\/p>\n\n\n\n<p>&#8212; &#8212; &#8212;<\/p>\n\n\n\n<p><strong>Texto<\/strong> &#8211; Luiz Benjamin\/FDT<\/p>\n\n\n\n<p><strong>Fotos<\/strong> &#8211; F\u00e1bio Sim\u00f5es\/FDT<\/p>\n","protected":false},"excerpt":{"rendered":"","protected":false},"author":23,"featured_media":251885,"comment_status":"closed","ping_status":"closed","sticky":false,"template":"","format":"standard","meta":{"footnotes":""},"categories":[268],"tags":[1365,935,292,77,288,919],"acf":[],"yoast_head":"<!-- This site is optimized with the Yoast SEO plugin v23.0 - https:\/\/yoast.com\/wordpress\/plugins\/seo\/ -->\n<title>Prefeitura promove a\u00e7\u00e3o do \u2018Janeiro Branco\u2019 voltada \u00e0 sa\u00fade mental de servidores da Funda\u00e7\u00e3o Dr. Thomas<\/title>\n<meta name=\"description\" content=\"Prefeitura realizou uma a\u00e7\u00e3o voltada \u00e0 sensibiliza\u00e7\u00e3o dos servidores e colaboradores da funda\u00e7\u00e3o quanto aos cuidados com a sa\u00fade mental.\" \/>\n<meta name=\"robots\" content=\"index, follow, max-snippet:-1, max-image-preview:large, max-video-preview:-1\" \/>\n<link rel=\"canonical\" href=\"https:\/\/www.manaus.am.gov.br\/semcom\/prefeitura-fdt-janeirobranco\/\" \/>\n<meta property=\"og:locale\" content=\"pt_BR\" \/>\n<meta property=\"og:type\" content=\"article\" \/>\n<meta property=\"og:title\" content=\"Prefeitura promove a\u00e7\u00e3o do \u2018Janeiro Branco\u2019 voltada \u00e0 sa\u00fade mental de servidores da Funda\u00e7\u00e3o Dr. Thomas\" \/>\n<meta property=\"og:description\" content=\"Prefeitura realizou uma a\u00e7\u00e3o voltada \u00e0 sensibiliza\u00e7\u00e3o dos servidores e colaboradores da funda\u00e7\u00e3o quanto aos cuidados com a sa\u00fade mental.\" \/>\n<meta property=\"og:url\" content=\"https:\/\/www.manaus.am.gov.br\/semcom\/prefeitura-fdt-janeirobranco\/\" \/>\n<meta property=\"og:site_name\" content=\"SEMCOM\" \/>\n<meta property=\"article:published_time\" content=\"2026-01-29T13:27:04+00:00\" \/>\n<meta property=\"article:modified_time\" content=\"2026-01-29T17:50:40+00:00\" \/>\n<meta property=\"og:image\" content=\"https:\/\/www.manaus.am.gov.br\/semcom\/wp-content\/uploads\/sites\/5\/2026\/01\/4bf48859-bf31-4589-9f86-bc6effcabfb0.jpeg\" \/>\n\t<meta property=\"og:image:width\" content=\"1600\" \/>\n\t<meta property=\"og:image:height\" content=\"1200\" \/>\n\t<meta property=\"og:image:type\" content=\"image\/jpeg\" \/>\n<meta name=\"author\" content=\"Adriana Costa\" \/>\n<meta name=\"twitter:card\" content=\"summary_large_image\" \/>\n<meta name=\"twitter:label1\" content=\"Written by\" \/>\n\t<meta name=\"twitter:data1\" content=\"Adriana Costa\" \/>\n\t<meta name=\"twitter:label2\" content=\"Est. reading time\" \/>\n\t<meta name=\"twitter:data2\" content=\"2 minutos\" \/>\n<script type=\"application\/ld+json\" class=\"yoast-schema-graph\">{\"@context\":\"https:\/\/schema.org\",\"@graph\":[{\"@type\":\"WebPage\",\"@id\":\"https:\/\/www.manaus.am.gov.br\/semcom\/prefeitura-fdt-janeirobranco\/\",\"url\":\"https:\/\/www.manaus.am.gov.br\/semcom\/prefeitura-fdt-janeirobranco\/\",\"name\":\"Prefeitura promove a\u00e7\u00e3o do \u2018Janeiro Branco\u2019 voltada \u00e0 sa\u00fade mental de servidores da Funda\u00e7\u00e3o Dr. Thomas\",\"isPartOf\":{\"@id\":\"https:\/\/www.manaus.am.gov.br\/semcom\/#website\"},\"primaryImageOfPage\":{\"@id\":\"https:\/\/www.manaus.am.gov.br\/semcom\/prefeitura-fdt-janeirobranco\/#primaryimage\"},\"image\":{\"@id\":\"https:\/\/www.manaus.am.gov.br\/semcom\/prefeitura-fdt-janeirobranco\/#primaryimage\"},\"thumbnailUrl\":\"https:\/\/www.manaus.am.gov.br\/semcom\/wp-content\/uploads\/sites\/5\/2026\/01\/4bf48859-bf31-4589-9f86-bc6effcabfb0.jpeg\",\"datePublished\":\"2026-01-29T13:27:04+00:00\",\"dateModified\":\"2026-01-29T17:50:40+00:00\",\"author\":{\"@id\":\"https:\/\/www.manaus.am.gov.br\/semcom\/#\/schema\/person\/4e49f4e267757a06ca072ec61b2b9968\"},\"description\":\"Prefeitura realizou uma a\u00e7\u00e3o voltada \u00e0 sensibiliza\u00e7\u00e3o dos servidores e colaboradores da funda\u00e7\u00e3o quanto aos cuidados com a sa\u00fade mental.\",\"inLanguage\":\"pt-BR\",\"potentialAction\":[{\"@type\":\"ReadAction\",\"target\":[\"https:\/\/www.manaus.am.gov.br\/semcom\/prefeitura-fdt-janeirobranco\/\"]}]},{\"@type\":\"ImageObject\",\"inLanguage\":\"pt-BR\",\"@id\":\"https:\/\/www.manaus.am.gov.br\/semcom\/prefeitura-fdt-janeirobranco\/#primaryimage\",\"url\":\"https:\/\/www.manaus.am.gov.br\/semcom\/wp-content\/uploads\/sites\/5\/2026\/01\/4bf48859-bf31-4589-9f86-bc6effcabfb0.jpeg\",\"contentUrl\":\"https:\/\/www.manaus.am.gov.br\/semcom\/wp-content\/uploads\/sites\/5\/2026\/01\/4bf48859-bf31-4589-9f86-bc6effcabfb0.jpeg\",\"width\":1600,\"height\":1200,\"caption\":\"#paratodosverem - Imagem da a\u00e7\u00e3o voltadas \u00e0 sensibiliza\u00e7\u00e3o dos servidores quanto aos cuidados com a sa\u00fade mental\"},{\"@type\":\"WebSite\",\"@id\":\"https:\/\/www.manaus.am.gov.br\/semcom\/#website\",\"url\":\"https:\/\/www.manaus.am.gov.br\/semcom\/\",\"name\":\"SEMCOM\",\"description\":\"Secretaria Municipal de Comunica\u00e7\u00e3o\",\"potentialAction\":[{\"@type\":\"SearchAction\",\"target\":{\"@type\":\"EntryPoint\",\"urlTemplate\":\"https:\/\/www.manaus.am.gov.br\/semcom\/?s={search_term_string}\"},\"query-input\":\"required name=search_term_string\"}],\"inLanguage\":\"pt-BR\"},{\"@type\":\"Person\",\"@id\":\"https:\/\/www.manaus.am.gov.br\/semcom\/#\/schema\/person\/4e49f4e267757a06ca072ec61b2b9968\",\"name\":\"Adriana Costa\",\"image\":{\"@type\":\"ImageObject\",\"inLanguage\":\"pt-BR\",\"@id\":\"https:\/\/www.manaus.am.gov.br\/semcom\/#\/schema\/person\/image\/\",\"url\":\"https:\/\/secure.gravatar.com\/avatar\/576258617ef7194f718179e766d57bd4?s=96&d=mm&r=g\",\"contentUrl\":\"https:\/\/secure.gravatar.com\/avatar\/576258617ef7194f718179e766d57bd4?s=96&d=mm&r=g\",\"caption\":\"Adriana Costa\"}}]}<\/script>\n<!-- \/ Yoast SEO plugin. -->","yoast_head_json":{"title":"Prefeitura promove a\u00e7\u00e3o do \u2018Janeiro Branco\u2019 voltada \u00e0 sa\u00fade mental de servidores da Funda\u00e7\u00e3o Dr. Thomas","description":"Prefeitura realizou uma a\u00e7\u00e3o voltada \u00e0 sensibiliza\u00e7\u00e3o dos servidores e colaboradores da funda\u00e7\u00e3o quanto aos cuidados com a sa\u00fade mental.","robots":{"index":"index","follow":"follow","max-snippet":"max-snippet:-1","max-image-preview":"max-image-preview:large","max-video-preview":"max-video-preview:-1"},"canonical":"https:\/\/www.manaus.am.gov.br\/semcom\/prefeitura-fdt-janeirobranco\/","og_locale":"pt_BR","og_type":"article","og_title":"Prefeitura promove a\u00e7\u00e3o do \u2018Janeiro Branco\u2019 voltada \u00e0 sa\u00fade mental de servidores da Funda\u00e7\u00e3o Dr. Thomas","og_description":"Prefeitura realizou uma a\u00e7\u00e3o voltada \u00e0 sensibiliza\u00e7\u00e3o dos servidores e colaboradores da funda\u00e7\u00e3o quanto aos cuidados com a sa\u00fade mental.","og_url":"https:\/\/www.manaus.am.gov.br\/semcom\/prefeitura-fdt-janeirobranco\/","og_site_name":"SEMCOM","article_published_time":"2026-01-29T13:27:04+00:00","article_modified_time":"2026-01-29T17:50:40+00:00","og_image":[{"width":1600,"height":1200,"url":"https:\/\/www.manaus.am.gov.br\/semcom\/wp-content\/uploads\/sites\/5\/2026\/01\/4bf48859-bf31-4589-9f86-bc6effcabfb0.jpeg","type":"image\/jpeg"}],"author":"Adriana Costa","twitter_card":"summary_large_image","twitter_misc":{"Written by":"Adriana Costa","Est. reading time":"2 minutos"},"schema":{"@context":"https:\/\/schema.org","@graph":[{"@type":"WebPage","@id":"https:\/\/www.manaus.am.gov.br\/semcom\/prefeitura-fdt-janeirobranco\/","url":"https:\/\/www.manaus.am.gov.br\/semcom\/prefeitura-fdt-janeirobranco\/","name":"Prefeitura promove a\u00e7\u00e3o do \u2018Janeiro Branco\u2019 voltada \u00e0 sa\u00fade mental de servidores da Funda\u00e7\u00e3o Dr. Thomas","isPartOf":{"@id":"https:\/\/www.manaus.am.gov.br\/semcom\/#website"},"primaryImageOfPage":{"@id":"https:\/\/www.manaus.am.gov.br\/semcom\/prefeitura-fdt-janeirobranco\/#primaryimage"},"image":{"@id":"https:\/\/www.manaus.am.gov.br\/semcom\/prefeitura-fdt-janeirobranco\/#primaryimage"},"thumbnailUrl":"https:\/\/www.manaus.am.gov.br\/semcom\/wp-content\/uploads\/sites\/5\/2026\/01\/4bf48859-bf31-4589-9f86-bc6effcabfb0.jpeg","datePublished":"2026-01-29T13:27:04+00:00","dateModified":"2026-01-29T17:50:40+00:00","author":{"@id":"https:\/\/www.manaus.am.gov.br\/semcom\/#\/schema\/person\/4e49f4e267757a06ca072ec61b2b9968"},"description":"Prefeitura realizou uma a\u00e7\u00e3o voltada \u00e0 sensibiliza\u00e7\u00e3o dos servidores e colaboradores da funda\u00e7\u00e3o quanto aos cuidados com a sa\u00fade mental.","inLanguage":"pt-BR","potentialAction":[{"@type":"ReadAction","target":["https:\/\/www.manaus.am.gov.br\/semcom\/prefeitura-fdt-janeirobranco\/"]}]},{"@type":"ImageObject","inLanguage":"pt-BR","@id":"https:\/\/www.manaus.am.gov.br\/semcom\/prefeitura-fdt-janeirobranco\/#primaryimage","url":"https:\/\/www.manaus.am.gov.br\/semcom\/wp-content\/uploads\/sites\/5\/2026\/01\/4bf48859-bf31-4589-9f86-bc6effcabfb0.jpeg","contentUrl":"https:\/\/www.manaus.am.gov.br\/semcom\/wp-content\/uploads\/sites\/5\/2026\/01\/4bf48859-bf31-4589-9f86-bc6effcabfb0.jpeg","width":1600,"height":1200,"caption":"#paratodosverem - Imagem da a\u00e7\u00e3o voltadas \u00e0 sensibiliza\u00e7\u00e3o dos servidores quanto aos cuidados com a sa\u00fade mental"},{"@type":"WebSite","@id":"https:\/\/www.manaus.am.gov.br\/semcom\/#website","url":"https:\/\/www.manaus.am.gov.br\/semcom\/","name":"SEMCOM","description":"Secretaria Municipal de Comunica\u00e7\u00e3o","potentialAction":[{"@type":"SearchAction","target":{"@type":"EntryPoint","urlTemplate":"https:\/\/www.manaus.am.gov.br\/semcom\/?s={search_term_string}"},"query-input":"required name=search_term_string"}],"inLanguage":"pt-BR"},{"@type":"Person","@id":"https:\/\/www.manaus.am.gov.br\/semcom\/#\/schema\/person\/4e49f4e267757a06ca072ec61b2b9968","name":"Adriana Costa","image":{"@type":"ImageObject","inLanguage":"pt-BR","@id":"https:\/\/www.manaus.am.gov.br\/semcom\/#\/schema\/person\/image\/","url":"https:\/\/secure.gravatar.com\/avatar\/576258617ef7194f718179e766d57bd4?s=96&d=mm&r=g","contentUrl":"https:\/\/secure.gravatar.com\/avatar\/576258617ef7194f718179e766d57bd4?s=96&d=mm&r=g","caption":"Adriana Costa"}}]}},"_links":{"self":[{"href":"https:\/\/www.manaus.am.gov.br\/semcom\/wp-json\/wp\/v2\/posts\/251884"}],"collection":[{"href":"https:\/\/www.manaus.am.gov.br\/semcom\/wp-json\/wp\/v2\/posts"}],"about":[{"href":"https:\/\/www.manaus.am.gov.br\/semcom\/wp-json\/wp\/v2\/types\/post"}],"author":[{"embeddable":true,"href":"https:\/\/www.manaus.am.gov.br\/semcom\/wp-json\/wp\/v2\/users\/23"}],"replies":[{"embeddable":true,"href":"https:\/\/www.manaus.am.gov.br\/semcom\/wp-json\/wp\/v2\/comments?post=251884"}],"version-history":[{"count":2,"href":"https:\/\/www.manaus.am.gov.br\/semcom\/wp-json\/wp\/v2\/posts\/251884\/revisions"}],"predecessor-version":[{"id":251919,"href":"https:\/\/www.manaus.am.gov.br\/semcom\/wp-json\/wp\/v2\/posts\/251884\/revisions\/251919"}],"wp:featuredmedia":[{"embeddable":true,"href":"https:\/\/www.manaus.am.gov.br\/semcom\/wp-json\/wp\/v2\/media\/251885"}],"wp:attachment":[{"href":"https:\/\/www.manaus.am.gov.br\/semcom\/wp-json\/wp\/v2\/media?parent=251884"}],"wp:term":[{"taxonomy":"category","embeddable":true,"href":"https:\/\/www.manaus.am.gov.br\/semcom\/wp-json\/wp\/v2\/categories?post=251884"},{"taxonomy":"post_tag","embeddable":true,"href":"https:\/\/www.manaus.am.gov.br\/semcom\/wp-json\/wp\/v2\/tags?post=251884"}],"curies":[{"name":"wp","href":"https:\/\/api.w.org\/{rel}","templated":true}]}}