{"id":251876,"date":"2026-01-28T18:25:23","date_gmt":"2026-01-28T22:25:23","guid":{"rendered":"https:\/\/www.manaus.am.gov.br\/semcom\/acao-saude-mental\/"},"modified":"2026-01-29T14:38:03","modified_gmt":"2026-01-29T17:38:03","slug":"acao-saude-mental-janeiro-branco-2","status":"publish","type":"post","link":"https:\/\/www.manaus.am.gov.br\/semcom\/acao-saude-mental-janeiro-branco-2\/","title":{"rendered":"Prefeitura de Manaus realiza evento voltado \u00e0 sa\u00fade mental aos servidores da Educa\u00e7\u00e3o"},"content":{"rendered":"\n<p>Em alus\u00e3o \u00e0 campanha nacional \u201cJaneiro Branco\u201d, dedicada \u00e0 sensibiliza\u00e7\u00e3o da sociedade acerca da import\u00e2ncia da sa\u00fade mental, a <a href=\"https:\/\/www.manaus.am.gov.br\">Prefeitura de Manaus<\/a>, por meio da <a href=\"https:\/\/www.instagram.com\/semedmanaus\/\">Secretaria Municipal de Educa\u00e7\u00e3o<\/a> (Semed), realizou, na tarde desta quarta-feira, 28\/1, uma a\u00e7\u00e3o voltada a esta tem\u00e1tica para servidores da pasta, com a palestra da psic\u00f3loga, mestre e doutoranda em Psicologia pela Universidade Federal do Amazonas (Ufam), Ellen Oliveira Nobre. O evento foi realizado no audit\u00f3rio do \u00f3rg\u00e3o, localizado no bairro Parque 10 Novembro, zona Centro-Sul.<\/p>\n\n\n\n<p>Ao longo do ano, a Semed desenvolve a\u00e7\u00f5es permanentes voltadas \u00e0 promo\u00e7\u00e3o da sa\u00fade do servidor, como a implanta\u00e7\u00e3o da gin\u00e1stica laboral, coordenada pelo N\u00facleo de Qualidade de Vida, que contribui para a preven\u00e7\u00e3o de patologias osteomusculares e a redu\u00e7\u00e3o dos impactos negativos na sa\u00fade mental. Al\u00e9m disso, a secretaria disponibiliza atendimento psicossocial e de acolhimento psicol\u00f3gico por meio da Ger\u00eancia de Desenvolvimento do Servidor (GDE), oferecendo acolhimento, escuta qualificada e orienta\u00e7\u00e3o aos servidores.<\/p>\n\n\n\n<p>De acordo com o subsecret\u00e1rio de Gest\u00e3o de Educacional, Arone Bentes, a Semed n\u00e3o est\u00e1 preocupada apenas com o rendimento profissional dos funcion\u00e1rios. \u201cN\u00e3o nos preocupamos s\u00f3 com produtividade e com rendimento do nosso servidor, nos preocupamos tamb\u00e9m com a sa\u00fade deles, porque n\u00e3o h\u00e1 como dissociar essa parte da sa\u00fade mental com o rendimento do servidor. Por isso, ao longo do ano realizamos diversas atividades para manter a sa\u00fade do nosso servidor, com iniciativas e eventos como esse\u201d, disse Arone.<\/p>\n\n\n\n<p>A campanha alerta ainda que os transtornos psicol\u00f3gicos, quando negligenciados, podem acarretar consequ\u00eancias significativas. A escolha do m\u00eas de janeiro simboliza o in\u00edcio de um novo ciclo, convidando \u00e0 reflex\u00e3o sobre emo\u00e7\u00f5es, rela\u00e7\u00f5es interpessoais, projetos de vida e expectativas, com vistas a um ano mais saud\u00e1vel e equilibrado<\/p>\n\n\n\n<figure class=\"wp-block-gallery has-nested-images columns-default is-cropped wp-block-gallery-1 is-layout-flex wp-block-gallery-is-layout-flex\">\n<figure class=\"wp-block-image size-large\"><img loading=\"lazy\" decoding=\"async\" width=\"1024\" height=\"768\" data-id=\"251877\" src=\"https:\/\/www.manaus.am.gov.br\/semcom\/wp-content\/uploads\/sites\/5\/2026\/01\/IMG_8535-1024x768.jpeg\" alt=\"\" class=\"wp-image-251877\" srcset=\"https:\/\/www.manaus.am.gov.br\/semcom\/wp-content\/uploads\/sites\/5\/2026\/01\/IMG_8535-1024x768.jpeg 1024w, https:\/\/www.manaus.am.gov.br\/semcom\/wp-content\/uploads\/sites\/5\/2026\/01\/IMG_8535-300x225.jpeg 300w, https:\/\/www.manaus.am.gov.br\/semcom\/wp-content\/uploads\/sites\/5\/2026\/01\/IMG_8535-768x576.jpeg 768w, https:\/\/www.manaus.am.gov.br\/semcom\/wp-content\/uploads\/sites\/5\/2026\/01\/IMG_8535-1536x1152.jpeg 1536w, https:\/\/www.manaus.am.gov.br\/semcom\/wp-content\/uploads\/sites\/5\/2026\/01\/IMG_8535-2048x1536.jpeg 2048w\" sizes=\"(max-width: 1024px) 100vw, 1024px\" \/><figcaption class=\"wp-element-caption\">#paratodosverem &#8211; Servidores da Semed durante palestra em audit\u00f3rio<\/figcaption><\/figure>\n<\/figure>\n\n\n\n<p>Segundo a gerente da GDE, W\u00e2nia Braga, a preven\u00e7\u00e3o \u00e9 uma grande ferramenta para evitar adoecimento e problemas relacionados a transtornos mentais, como depress\u00e3o, s\u00edndrome do p\u00e2nico, s\u00edndrome de burnout, dentre outros.<\/p>\n\n\n\n<p>\u201c\u00c9 com a preven\u00e7\u00e3o que a gente vai conseguir diminuir os afastamentos. Por isso, a import\u00e2ncia dessa campanha, em alertar nossos servidores a procurar um tratamento o quanto antes para a situa\u00e7\u00e3o n\u00e3o se agravar e, com isso, ele adoecer e acabar se afastando do seu trabalho, por transtornos como: depress\u00e3o, s\u00edndrome do p\u00e2nico, s\u00edndrome de burnout, estresse, entre outros\u201d, destacou W\u00e2nia.<\/p>\n\n\n\n<p>Um dos servidores que participou da palestra foi o assistente administrativo, Dennis Clay Rabelo. Ele disse que o momento foi prazeroso. \u201cAchei uma atividade interessante e prazerosa. E que bom que a Semed est\u00e1 preocupada com a nossa sa\u00fade mental. Parab\u00e9ns a quem est\u00e1 a frente desta iniciativa\u201d, agradeceu Dennis.<\/p>\n\n\n\n<p>\u2014&#8211; \u2014- \u2014-<br><strong>Texto &#8211;&nbsp; <\/strong>Emerson Santos\/ Semed<br><strong>Fotos &#8211; <\/strong>Divulga\u00e7\u00e3o\/Semed<\/p>\n","protected":false},"excerpt":{"rendered":"","protected":false},"author":68,"featured_media":251878,"comment_status":"closed","ping_status":"closed","sticky":false,"template":"","format":"standard","meta":{"footnotes":""},"categories":[289],"tags":[19124,77,19125,62],"acf":[],"yoast_head":"<!-- This site is optimized with the Yoast SEO plugin v23.0 - https:\/\/yoast.com\/wordpress\/plugins\/seo\/ -->\n<title>Prefeitura realiza evento voltado \u00e0 sa\u00fade mental aos servidores da Educa\u00e7\u00e3o<\/title>\n<meta name=\"description\" content=\"A Prefeitura de Manaus, por meio da Secretaria Municipal de Educa\u00e7\u00e3o (Semed), realizou, na tarde desta quarta-feira, 28\/1, uma a\u00e7\u00e3o voltada a esta tem\u00e1tica para servidores da pasta, com a palestra da psic\u00f3loga, mestre e doutoranda em Psicologia pela Universidade Federal do Amazonas (Ufam), Ellen Oliveira Nobre. O evento foi realizado no audit\u00f3rio do \u00f3rg\u00e3o, localizado no bairro Parque 10 Novembro, zona Centro-Sul.\" \/>\n<meta name=\"robots\" content=\"index, follow, max-snippet:-1, max-image-preview:large, max-video-preview:-1\" \/>\n<link rel=\"canonical\" href=\"https:\/\/www.manaus.am.gov.br\/semcom\/acao-saude-mental\/\" \/>\n<meta property=\"og:locale\" content=\"pt_BR\" \/>\n<meta property=\"og:type\" content=\"article\" \/>\n<meta property=\"og:title\" content=\"Prefeitura realiza evento voltado \u00e0 sa\u00fade mental aos servidores da Educa\u00e7\u00e3o\" \/>\n<meta property=\"og:description\" content=\"A Prefeitura de Manaus, por meio da Secretaria Municipal de Educa\u00e7\u00e3o (Semed), realizou, na tarde desta quarta-feira, 28\/1, uma a\u00e7\u00e3o voltada a esta tem\u00e1tica para servidores da pasta, com a palestra da psic\u00f3loga, mestre e doutoranda em Psicologia pela Universidade Federal do Amazonas (Ufam), Ellen Oliveira Nobre. O evento foi realizado no audit\u00f3rio do \u00f3rg\u00e3o, localizado no bairro Parque 10 Novembro, zona Centro-Sul.\" \/>\n<meta property=\"og:url\" content=\"https:\/\/www.manaus.am.gov.br\/semcom\/acao-saude-mental\/\" \/>\n<meta property=\"og:site_name\" content=\"SEMCOM\" \/>\n<meta property=\"article:published_time\" content=\"2026-01-28T22:25:23+00:00\" \/>\n<meta property=\"article:modified_time\" content=\"2026-01-29T17:38:03+00:00\" \/>\n<meta property=\"og:image\" content=\"https:\/\/www.manaus.am.gov.br\/semcom\/wp-content\/uploads\/sites\/5\/2026\/01\/IMG_8533.jpeg\" \/>\n\t<meta property=\"og:image:width\" content=\"4032\" \/>\n\t<meta property=\"og:image:height\" content=\"3024\" \/>\n\t<meta property=\"og:image:type\" content=\"image\/jpeg\" \/>\n<meta name=\"author\" content=\"bvalente\" \/>\n<meta name=\"twitter:card\" content=\"summary_large_image\" \/>\n<meta name=\"twitter:label1\" content=\"Written by\" \/>\n\t<meta name=\"twitter:data1\" content=\"bvalente\" \/>\n\t<meta name=\"twitter:label2\" content=\"Est. reading time\" \/>\n\t<meta name=\"twitter:data2\" content=\"3 minutos\" \/>\n<script type=\"application\/ld+json\" class=\"yoast-schema-graph\">{\"@context\":\"https:\/\/schema.org\",\"@graph\":[{\"@type\":\"WebPage\",\"@id\":\"https:\/\/www.manaus.am.gov.br\/semcom\/acao-saude-mental\/\",\"url\":\"https:\/\/www.manaus.am.gov.br\/semcom\/acao-saude-mental\/\",\"name\":\"Prefeitura realiza evento voltado \u00e0 sa\u00fade mental aos servidores da Educa\u00e7\u00e3o\",\"isPartOf\":{\"@id\":\"https:\/\/www.manaus.am.gov.br\/semcom\/#website\"},\"primaryImageOfPage\":{\"@id\":\"https:\/\/www.manaus.am.gov.br\/semcom\/acao-saude-mental\/#primaryimage\"},\"image\":{\"@id\":\"https:\/\/www.manaus.am.gov.br\/semcom\/acao-saude-mental\/#primaryimage\"},\"thumbnailUrl\":\"https:\/\/www.manaus.am.gov.br\/semcom\/wp-content\/uploads\/sites\/5\/2026\/01\/IMG_8533.jpeg\",\"datePublished\":\"2026-01-28T22:25:23+00:00\",\"dateModified\":\"2026-01-29T17:38:03+00:00\",\"author\":{\"@id\":\"https:\/\/www.manaus.am.gov.br\/semcom\/#\/schema\/person\/466a0e03ae4b6062809046bd560ac955\"},\"description\":\"A Prefeitura de Manaus, por meio da Secretaria Municipal de Educa\u00e7\u00e3o (Semed), realizou, na tarde desta quarta-feira, 28\/1, uma a\u00e7\u00e3o voltada a esta tem\u00e1tica para servidores da pasta, com a palestra da psic\u00f3loga, mestre e doutoranda em Psicologia pela Universidade Federal do Amazonas (Ufam), Ellen Oliveira Nobre. O evento foi realizado no audit\u00f3rio do \u00f3rg\u00e3o, localizado no bairro Parque 10 Novembro, zona Centro-Sul.\",\"inLanguage\":\"pt-BR\",\"potentialAction\":[{\"@type\":\"ReadAction\",\"target\":[\"https:\/\/www.manaus.am.gov.br\/semcom\/acao-saude-mental\/\"]}]},{\"@type\":\"ImageObject\",\"inLanguage\":\"pt-BR\",\"@id\":\"https:\/\/www.manaus.am.gov.br\/semcom\/acao-saude-mental\/#primaryimage\",\"url\":\"https:\/\/www.manaus.am.gov.br\/semcom\/wp-content\/uploads\/sites\/5\/2026\/01\/IMG_8533.jpeg\",\"contentUrl\":\"https:\/\/www.manaus.am.gov.br\/semcom\/wp-content\/uploads\/sites\/5\/2026\/01\/IMG_8533.jpeg\",\"width\":4032,\"height\":3024,\"caption\":\"#paratodosverem - Psic\u00f3loga, mestre e doutoranda em Psicologia pela Universidade Federal do Amazonas (Ufam), Ellen Oliveira Nobre, durante palestra em audit\u00f3rio\"},{\"@type\":\"WebSite\",\"@id\":\"https:\/\/www.manaus.am.gov.br\/semcom\/#website\",\"url\":\"https:\/\/www.manaus.am.gov.br\/semcom\/\",\"name\":\"SEMCOM\",\"description\":\"Secretaria Municipal de Comunica\u00e7\u00e3o\",\"potentialAction\":[{\"@type\":\"SearchAction\",\"target\":{\"@type\":\"EntryPoint\",\"urlTemplate\":\"https:\/\/www.manaus.am.gov.br\/semcom\/?s={search_term_string}\"},\"query-input\":\"required name=search_term_string\"}],\"inLanguage\":\"pt-BR\"},{\"@type\":\"Person\",\"@id\":\"https:\/\/www.manaus.am.gov.br\/semcom\/#\/schema\/person\/466a0e03ae4b6062809046bd560ac955\",\"name\":\"bvalente\",\"image\":{\"@type\":\"ImageObject\",\"inLanguage\":\"pt-BR\",\"@id\":\"https:\/\/www.manaus.am.gov.br\/semcom\/#\/schema\/person\/image\/\",\"url\":\"https:\/\/secure.gravatar.com\/avatar\/3e69bc2b014bdad41adfec3a39de07d2?s=96&d=mm&r=g\",\"contentUrl\":\"https:\/\/secure.gravatar.com\/avatar\/3e69bc2b014bdad41adfec3a39de07d2?s=96&d=mm&r=g\",\"caption\":\"bvalente\"}}]}<\/script>\n<!-- \/ Yoast SEO plugin. -->","yoast_head_json":{"title":"Prefeitura realiza evento voltado \u00e0 sa\u00fade mental aos servidores da Educa\u00e7\u00e3o","description":"A Prefeitura de Manaus, por meio da Secretaria Municipal de Educa\u00e7\u00e3o (Semed), realizou, na tarde desta quarta-feira, 28\/1, uma a\u00e7\u00e3o voltada a esta tem\u00e1tica para servidores da pasta, com a palestra da psic\u00f3loga, mestre e doutoranda em Psicologia pela Universidade Federal do Amazonas (Ufam), Ellen Oliveira Nobre. O evento foi realizado no audit\u00f3rio do \u00f3rg\u00e3o, localizado no bairro Parque 10 Novembro, zona Centro-Sul.","robots":{"index":"index","follow":"follow","max-snippet":"max-snippet:-1","max-image-preview":"max-image-preview:large","max-video-preview":"max-video-preview:-1"},"canonical":"https:\/\/www.manaus.am.gov.br\/semcom\/acao-saude-mental\/","og_locale":"pt_BR","og_type":"article","og_title":"Prefeitura realiza evento voltado \u00e0 sa\u00fade mental aos servidores da Educa\u00e7\u00e3o","og_description":"A Prefeitura de Manaus, por meio da Secretaria Municipal de Educa\u00e7\u00e3o (Semed), realizou, na tarde desta quarta-feira, 28\/1, uma a\u00e7\u00e3o voltada a esta tem\u00e1tica para servidores da pasta, com a palestra da psic\u00f3loga, mestre e doutoranda em Psicologia pela Universidade Federal do Amazonas (Ufam), Ellen Oliveira Nobre. O evento foi realizado no audit\u00f3rio do \u00f3rg\u00e3o, localizado no bairro Parque 10 Novembro, zona Centro-Sul.","og_url":"https:\/\/www.manaus.am.gov.br\/semcom\/acao-saude-mental\/","og_site_name":"SEMCOM","article_published_time":"2026-01-28T22:25:23+00:00","article_modified_time":"2026-01-29T17:38:03+00:00","og_image":[{"width":4032,"height":3024,"url":"https:\/\/www.manaus.am.gov.br\/semcom\/wp-content\/uploads\/sites\/5\/2026\/01\/IMG_8533.jpeg","type":"image\/jpeg"}],"author":"bvalente","twitter_card":"summary_large_image","twitter_misc":{"Written by":"bvalente","Est. reading time":"3 minutos"},"schema":{"@context":"https:\/\/schema.org","@graph":[{"@type":"WebPage","@id":"https:\/\/www.manaus.am.gov.br\/semcom\/acao-saude-mental\/","url":"https:\/\/www.manaus.am.gov.br\/semcom\/acao-saude-mental\/","name":"Prefeitura realiza evento voltado \u00e0 sa\u00fade mental aos servidores da Educa\u00e7\u00e3o","isPartOf":{"@id":"https:\/\/www.manaus.am.gov.br\/semcom\/#website"},"primaryImageOfPage":{"@id":"https:\/\/www.manaus.am.gov.br\/semcom\/acao-saude-mental\/#primaryimage"},"image":{"@id":"https:\/\/www.manaus.am.gov.br\/semcom\/acao-saude-mental\/#primaryimage"},"thumbnailUrl":"https:\/\/www.manaus.am.gov.br\/semcom\/wp-content\/uploads\/sites\/5\/2026\/01\/IMG_8533.jpeg","datePublished":"2026-01-28T22:25:23+00:00","dateModified":"2026-01-29T17:38:03+00:00","author":{"@id":"https:\/\/www.manaus.am.gov.br\/semcom\/#\/schema\/person\/466a0e03ae4b6062809046bd560ac955"},"description":"A Prefeitura de Manaus, por meio da Secretaria Municipal de Educa\u00e7\u00e3o (Semed), realizou, na tarde desta quarta-feira, 28\/1, uma a\u00e7\u00e3o voltada a esta tem\u00e1tica para servidores da pasta, com a palestra da psic\u00f3loga, mestre e doutoranda em Psicologia pela Universidade Federal do Amazonas (Ufam), Ellen Oliveira Nobre. O evento foi realizado no audit\u00f3rio do \u00f3rg\u00e3o, localizado no bairro Parque 10 Novembro, zona Centro-Sul.","inLanguage":"pt-BR","potentialAction":[{"@type":"ReadAction","target":["https:\/\/www.manaus.am.gov.br\/semcom\/acao-saude-mental\/"]}]},{"@type":"ImageObject","inLanguage":"pt-BR","@id":"https:\/\/www.manaus.am.gov.br\/semcom\/acao-saude-mental\/#primaryimage","url":"https:\/\/www.manaus.am.gov.br\/semcom\/wp-content\/uploads\/sites\/5\/2026\/01\/IMG_8533.jpeg","contentUrl":"https:\/\/www.manaus.am.gov.br\/semcom\/wp-content\/uploads\/sites\/5\/2026\/01\/IMG_8533.jpeg","width":4032,"height":3024,"caption":"#paratodosverem - Psic\u00f3loga, mestre e doutoranda em Psicologia pela Universidade Federal do Amazonas (Ufam), Ellen Oliveira Nobre, durante palestra em audit\u00f3rio"},{"@type":"WebSite","@id":"https:\/\/www.manaus.am.gov.br\/semcom\/#website","url":"https:\/\/www.manaus.am.gov.br\/semcom\/","name":"SEMCOM","description":"Secretaria Municipal de Comunica\u00e7\u00e3o","potentialAction":[{"@type":"SearchAction","target":{"@type":"EntryPoint","urlTemplate":"https:\/\/www.manaus.am.gov.br\/semcom\/?s={search_term_string}"},"query-input":"required name=search_term_string"}],"inLanguage":"pt-BR"},{"@type":"Person","@id":"https:\/\/www.manaus.am.gov.br\/semcom\/#\/schema\/person\/466a0e03ae4b6062809046bd560ac955","name":"bvalente","image":{"@type":"ImageObject","inLanguage":"pt-BR","@id":"https:\/\/www.manaus.am.gov.br\/semcom\/#\/schema\/person\/image\/","url":"https:\/\/secure.gravatar.com\/avatar\/3e69bc2b014bdad41adfec3a39de07d2?s=96&d=mm&r=g","contentUrl":"https:\/\/secure.gravatar.com\/avatar\/3e69bc2b014bdad41adfec3a39de07d2?s=96&d=mm&r=g","caption":"bvalente"}}]}},"_links":{"self":[{"href":"https:\/\/www.manaus.am.gov.br\/semcom\/wp-json\/wp\/v2\/posts\/251876"}],"collection":[{"href":"https:\/\/www.manaus.am.gov.br\/semcom\/wp-json\/wp\/v2\/posts"}],"about":[{"href":"https:\/\/www.manaus.am.gov.br\/semcom\/wp-json\/wp\/v2\/types\/post"}],"author":[{"embeddable":true,"href":"https:\/\/www.manaus.am.gov.br\/semcom\/wp-json\/wp\/v2\/users\/68"}],"replies":[{"embeddable":true,"href":"https:\/\/www.manaus.am.gov.br\/semcom\/wp-json\/wp\/v2\/comments?post=251876"}],"version-history":[{"count":3,"href":"https:\/\/www.manaus.am.gov.br\/semcom\/wp-json\/wp\/v2\/posts\/251876\/revisions"}],"predecessor-version":[{"id":251916,"href":"https:\/\/www.manaus.am.gov.br\/semcom\/wp-json\/wp\/v2\/posts\/251876\/revisions\/251916"}],"wp:featuredmedia":[{"embeddable":true,"href":"https:\/\/www.manaus.am.gov.br\/semcom\/wp-json\/wp\/v2\/media\/251878"}],"wp:attachment":[{"href":"https:\/\/www.manaus.am.gov.br\/semcom\/wp-json\/wp\/v2\/media?parent=251876"}],"wp:term":[{"taxonomy":"category","embeddable":true,"href":"https:\/\/www.manaus.am.gov.br\/semcom\/wp-json\/wp\/v2\/categories?post=251876"},{"taxonomy":"post_tag","embeddable":true,"href":"https:\/\/www.manaus.am.gov.br\/semcom\/wp-json\/wp\/v2\/tags?post=251876"}],"curies":[{"name":"wp","href":"https:\/\/api.w.org\/{rel}","templated":true}]}}