{"id":251868,"date":"2026-01-28T18:29:56","date_gmt":"2026-01-28T21:29:56","guid":{"rendered":"https:\/\/www.manaus.am.gov.br\/semcom\/prefeitura-semef-iptupremiado\/"},"modified":"2026-01-29T14:28:46","modified_gmt":"2026-01-29T17:28:46","slug":"prefeitura-semef-iptu-premiado","status":"publish","type":"post","link":"https:\/\/www.manaus.am.gov.br\/semcom\/prefeitura-semef-iptu-premiado\/","title":{"rendered":"Prefeitura de Manaus oficializa sorteios do \u2018IPTU Premiado 2026\u2019 com mais de R$ 5,6 milh\u00f5es em pr\u00eamios"},"content":{"rendered":"\n<p>A <a href=\"https:\/\/www.manaus.am.gov.br\">Prefeitura de Manaus<\/a> oficializou, por meio do Decreto n\u00ba 6.778, publicado no <a href=\"https:\/\/dom.manaus.am.gov.br\/\">Di\u00e1rio Oficial do Munic\u00edpio<\/a> (DOM) da \u00faltima ter\u00e7a-feira, 27\/1, mais um ano de realiza\u00e7\u00e3o da Campanha de Incentivo ao Pagamento do Imposto Predial e Territorial Urbano (IPTU) 2026, conhecida como \u201cIPTU Premiado\u201d. De acordo com o texto, ser\u00e3o distribu\u00eddos 144 pr\u00eamios em dinheiro, totalizando R$ 5,670 milh\u00f5es aos contribuintes que mantiverem o pagamento do seu IPTU em dia ao longo do exerc\u00edcio fiscal de 2026.<\/p>\n\n\n\n<p>Poder\u00e3o participar dos sorteios os contribuintes pessoa f\u00edsica, identificados pela matr\u00edcula do im\u00f3vel no cadastro municipal, que estejam adimplentes com o IPTU 2026, seja por meio do pagamento em cota \u00fanica ou das parcelas quitadas at\u00e9 as datas de vencimento. Os sorteios ser\u00e3o realizados com base nos n\u00fameros da Loteria Federal ou outra modalidade oficial, conforme previsto no decreto, e cada matr\u00edcula poder\u00e1 ser contemplada apenas uma vez em toda a campanha.<\/p>\n\n\n\n<p>O grande destaque do calend\u00e1rio \u00e9 o sorteio exclusivo para quem paga em cota \u00fanica, previsto para 25 de mar\u00e7o de 2026, com divulga\u00e7\u00e3o dos resultados em 2 de abril. Nessa etapa, ser\u00e3o distribu\u00eddos R$ 3,1 milh\u00f5es em pr\u00eamios, incluindo o pr\u00eamio m\u00e1ximo de R$ 1 milh\u00e3o, al\u00e9m de valores de R$ 500 mil, R$ 300 mil, dois pr\u00eamios de R$ 200 mil, quatro de R$ 100 mil e dez de R$ 50 mil, refor\u00e7ando o incentivo para quem opta pela quita\u00e7\u00e3o antecipada do imposto.<\/p>\n\n\n\n<p>Al\u00e9m do sorteio da cota \u00fanica, o decreto estabelece sorteios mensais entre abril e novembro de 2026, cada um no valor total de R$ 220 mil, destinados aos contribuintes que estiverem em dia com as parcelas correspondentes de cada per\u00edodo. Esses sorteios contemplam pr\u00eamios que variam entre R$ 5 mil e R$ 40 mil, ampliando as chances de premia\u00e7\u00e3o para quem opta pelo parcelamento, desde que mantenha os pagamentos em dia.<\/p>\n\n\n\n<p>No encerramento da campanha, est\u00e1 previsto ainda um sorteio especial em 14 de janeiro de 2027, no valor de R$ 300 mil, exclusivo para contribuintes que n\u00e3o possuam nenhum d\u00e9bito de IPTU at\u00e9 30 de dezembro de 2026, refor\u00e7ando o est\u00edmulo \u00e0 regularidade fiscal durante todo o ano.<\/p>\n\n\n\n<p>De acordo com o subsecret\u00e1rio da Receita da Secretaria Municipal de Finan\u00e7as, Planejamento e Tecnologia da Informa\u00e7\u00e3o (Semef), Arm\u00ednio Pontes, a campanha tem papel fundamental no fortalecimento da cultura de adimpl\u00eancia. \u201cO \u2018IPTU Premiado\u2019 \u00e9 uma forma de reconhecer o contribuinte que paga em dia e, ao mesmo tempo, estimular o uso dos canais digitais, que tornam o processo mais r\u00e1pido, seguro e acess\u00edvel. Quem opta pela cota \u00fanica, al\u00e9m do desconto, concorre aos maiores pr\u00eamios, incluindo o de at\u00e9 R$ 1 milh\u00e3o\u201d, destacou.<\/p>\n\n\n\n<p>Cota \u00fanica com descontos<\/p>\n\n\n\n<p>Os contribuintes de Manaus que optarem pelo pagamento antecipado do IPTU 2026 em cota \u00fanica, pelo carn\u00ea digital do aplicativo Manaus Atende, podem obter at\u00e9 12% de desconto, v\u00e1lido para pagamentos realizados at\u00e9 esta sexta-feira, 30 de janeiro. Tamb\u00e9m h\u00e1 abatimentos de 11% at\u00e9 27 de fevereiro e 10% at\u00e9 16 de mar\u00e7o, desde que o boleto seja gerado e pago diretamente pelo aplicativo, dispon\u00edvel para iOS e Android. Para ter direito aos descontos diferenciados, \u00e9 obrigat\u00f3rio utilizar o boleto emitido no app, que deve estar sempre atualizado.<\/p>\n\n\n\n<p>Al\u00e9m da cota \u00fanica, quem optar pelo parcelamento pelo carn\u00ea digital tamb\u00e9m \u00e9 beneficiado, com 2% de desconto em cada parcela paga at\u00e9 o vencimento, vantagem que n\u00e3o \u00e9 concedida para pagamentos feitos pelo carn\u00ea f\u00edsico ou pelo portal de servi\u00e7os. O pagamento pode ser realizado em qualquer banco, inclusive digitais.<\/p>\n\n\n\n<p>Quem ainda n\u00e3o baixou o Manaus Atende Digital, o aplicativo est\u00e1 dispon\u00edvel nas lojas App Store para usu\u00e1rios do iOS e Google Play para Android. Em caso de d\u00favidas, os contribuintes podem entrar em contato com a Central de Atendimento pelo 156, de segunda a sexta-feira, das 8h \u00e0s 17h.<\/p>\n\n\n\n<p>&#8212; &#8212; &#8212;<\/p>\n\n\n\n<p><strong>Texto <\/strong>\u2013&nbsp;Anderson Farias\/Semef<\/p>\n\n\n\n<p><strong>Foto&nbsp;<\/strong>\u2013 Divulga\u00e7\u00e3o\/Semef<\/p>\n","protected":false},"excerpt":{"rendered":"","protected":false},"author":23,"featured_media":251869,"comment_status":"closed","ping_status":"closed","sticky":false,"template":"","format":"standard","meta":{"footnotes":""},"categories":[48],"tags":[9587,156,1720,648,77,10647,157],"acf":[],"yoast_head":"<!-- This site is optimized with the Yoast SEO plugin v23.0 - https:\/\/yoast.com\/wordpress\/plugins\/seo\/ -->\n<title>Prefeitura de Manaus oficializa sorteios do \u2018IPTU Premiado 2026\u2019 com mais de R$ 5,6 milh\u00f5es em pr\u00eamios<\/title>\n<meta name=\"description\" content=\"A Prefeitura de Manaus oficializou, por meio do Decreto n\u00ba 6.778, publicado no Di\u00e1rio Oficial do Munic\u00edpio (DOM) da \u00faltima ter\u00e7a-feira, 27\/1, mais um ano de realiza\u00e7\u00e3o da Campanha de Incentivo ao Pagamento do Imposto Predial e Territorial Urbano (IPTU) 2026, conhecida como \u201cIPTU Premiado\u201d.\" \/>\n<meta name=\"robots\" content=\"index, follow, max-snippet:-1, max-image-preview:large, max-video-preview:-1\" \/>\n<link rel=\"canonical\" href=\"https:\/\/www.manaus.am.gov.br\/semcom\/prefeitura-semef-iptupremiado\/\" \/>\n<meta property=\"og:locale\" content=\"pt_BR\" \/>\n<meta property=\"og:type\" content=\"article\" \/>\n<meta property=\"og:title\" content=\"Prefeitura de Manaus oficializa sorteios do \u2018IPTU Premiado 2026\u2019 com mais de R$ 5,6 milh\u00f5es em pr\u00eamios\" \/>\n<meta property=\"og:description\" content=\"A Prefeitura de Manaus oficializou, por meio do Decreto n\u00ba 6.778, publicado no Di\u00e1rio Oficial do Munic\u00edpio (DOM) da \u00faltima ter\u00e7a-feira, 27\/1, mais um ano de realiza\u00e7\u00e3o da Campanha de Incentivo ao Pagamento do Imposto Predial e Territorial Urbano (IPTU) 2026, conhecida como \u201cIPTU Premiado\u201d.\" \/>\n<meta property=\"og:url\" content=\"https:\/\/www.manaus.am.gov.br\/semcom\/prefeitura-semef-iptupremiado\/\" \/>\n<meta property=\"og:site_name\" content=\"SEMCOM\" \/>\n<meta property=\"article:published_time\" content=\"2026-01-28T21:29:56+00:00\" \/>\n<meta property=\"article:modified_time\" content=\"2026-01-29T17:28:46+00:00\" \/>\n<meta property=\"og:image\" content=\"https:\/\/www.manaus.am.gov.br\/semcom\/wp-content\/uploads\/sites\/5\/2026\/01\/140825-prefeitura-de-manaus-entrega-premiao-aos-ganhadores-do-quinto-sorteio-da-campanha-iptu-premiado_54720569488_o-1024x683.jpg\" \/>\n\t<meta property=\"og:image:width\" content=\"1024\" \/>\n\t<meta property=\"og:image:height\" content=\"683\" \/>\n\t<meta property=\"og:image:type\" content=\"image\/jpeg\" \/>\n<meta name=\"author\" content=\"Adriana Costa\" \/>\n<meta name=\"twitter:card\" content=\"summary_large_image\" \/>\n<meta name=\"twitter:label1\" content=\"Written by\" \/>\n\t<meta name=\"twitter:data1\" content=\"Adriana Costa\" \/>\n\t<meta name=\"twitter:label2\" content=\"Est. reading time\" \/>\n\t<meta name=\"twitter:data2\" content=\"4 minutos\" \/>\n<script type=\"application\/ld+json\" class=\"yoast-schema-graph\">{\"@context\":\"https:\/\/schema.org\",\"@graph\":[{\"@type\":\"WebPage\",\"@id\":\"https:\/\/www.manaus.am.gov.br\/semcom\/prefeitura-semef-iptupremiado\/\",\"url\":\"https:\/\/www.manaus.am.gov.br\/semcom\/prefeitura-semef-iptupremiado\/\",\"name\":\"Prefeitura de Manaus oficializa sorteios do \u2018IPTU Premiado 2026\u2019 com mais de R$ 5,6 milh\u00f5es em pr\u00eamios\",\"isPartOf\":{\"@id\":\"https:\/\/www.manaus.am.gov.br\/semcom\/#website\"},\"primaryImageOfPage\":{\"@id\":\"https:\/\/www.manaus.am.gov.br\/semcom\/prefeitura-semef-iptupremiado\/#primaryimage\"},\"image\":{\"@id\":\"https:\/\/www.manaus.am.gov.br\/semcom\/prefeitura-semef-iptupremiado\/#primaryimage\"},\"thumbnailUrl\":\"https:\/\/www.manaus.am.gov.br\/semcom\/wp-content\/uploads\/sites\/5\/2026\/01\/140825-prefeitura-de-manaus-entrega-premiao-aos-ganhadores-do-quinto-sorteio-da-campanha-iptu-premiado_54720569488_o.jpg\",\"datePublished\":\"2026-01-28T21:29:56+00:00\",\"dateModified\":\"2026-01-29T17:28:46+00:00\",\"author\":{\"@id\":\"https:\/\/www.manaus.am.gov.br\/semcom\/#\/schema\/person\/4e49f4e267757a06ca072ec61b2b9968\"},\"description\":\"A Prefeitura de Manaus oficializou, por meio do Decreto n\u00ba 6.778, publicado no Di\u00e1rio Oficial do Munic\u00edpio (DOM) da \u00faltima ter\u00e7a-feira, 27\/1, mais um ano de realiza\u00e7\u00e3o da Campanha de Incentivo ao Pagamento do Imposto Predial e Territorial Urbano (IPTU) 2026, conhecida como \u201cIPTU Premiado\u201d.\",\"inLanguage\":\"pt-BR\",\"potentialAction\":[{\"@type\":\"ReadAction\",\"target\":[\"https:\/\/www.manaus.am.gov.br\/semcom\/prefeitura-semef-iptupremiado\/\"]}]},{\"@type\":\"ImageObject\",\"inLanguage\":\"pt-BR\",\"@id\":\"https:\/\/www.manaus.am.gov.br\/semcom\/prefeitura-semef-iptupremiado\/#primaryimage\",\"url\":\"https:\/\/www.manaus.am.gov.br\/semcom\/wp-content\/uploads\/sites\/5\/2026\/01\/140825-prefeitura-de-manaus-entrega-premiao-aos-ganhadores-do-quinto-sorteio-da-campanha-iptu-premiado_54720569488_o.jpg\",\"contentUrl\":\"https:\/\/www.manaus.am.gov.br\/semcom\/wp-content\/uploads\/sites\/5\/2026\/01\/140825-prefeitura-de-manaus-entrega-premiao-aos-ganhadores-do-quinto-sorteio-da-campanha-iptu-premiado_54720569488_o.jpg\",\"width\":5500,\"height\":3667,\"caption\":\"#paratodosverem - Contribuintes seguram cheques simb\u00f3licos de premia\u00e7\u00e3o do IPTU Premiado\"},{\"@type\":\"WebSite\",\"@id\":\"https:\/\/www.manaus.am.gov.br\/semcom\/#website\",\"url\":\"https:\/\/www.manaus.am.gov.br\/semcom\/\",\"name\":\"SEMCOM\",\"description\":\"Secretaria Municipal de Comunica\u00e7\u00e3o\",\"potentialAction\":[{\"@type\":\"SearchAction\",\"target\":{\"@type\":\"EntryPoint\",\"urlTemplate\":\"https:\/\/www.manaus.am.gov.br\/semcom\/?s={search_term_string}\"},\"query-input\":\"required name=search_term_string\"}],\"inLanguage\":\"pt-BR\"},{\"@type\":\"Person\",\"@id\":\"https:\/\/www.manaus.am.gov.br\/semcom\/#\/schema\/person\/4e49f4e267757a06ca072ec61b2b9968\",\"name\":\"Adriana Costa\",\"image\":{\"@type\":\"ImageObject\",\"inLanguage\":\"pt-BR\",\"@id\":\"https:\/\/www.manaus.am.gov.br\/semcom\/#\/schema\/person\/image\/\",\"url\":\"https:\/\/secure.gravatar.com\/avatar\/576258617ef7194f718179e766d57bd4?s=96&d=mm&r=g\",\"contentUrl\":\"https:\/\/secure.gravatar.com\/avatar\/576258617ef7194f718179e766d57bd4?s=96&d=mm&r=g\",\"caption\":\"Adriana Costa\"}}]}<\/script>\n<!-- \/ Yoast SEO plugin. -->","yoast_head_json":{"title":"Prefeitura de Manaus oficializa sorteios do \u2018IPTU Premiado 2026\u2019 com mais de R$ 5,6 milh\u00f5es em pr\u00eamios","description":"A Prefeitura de Manaus oficializou, por meio do Decreto n\u00ba 6.778, publicado no Di\u00e1rio Oficial do Munic\u00edpio (DOM) da \u00faltima ter\u00e7a-feira, 27\/1, mais um ano de realiza\u00e7\u00e3o da Campanha de Incentivo ao Pagamento do Imposto Predial e Territorial Urbano (IPTU) 2026, conhecida como \u201cIPTU Premiado\u201d.","robots":{"index":"index","follow":"follow","max-snippet":"max-snippet:-1","max-image-preview":"max-image-preview:large","max-video-preview":"max-video-preview:-1"},"canonical":"https:\/\/www.manaus.am.gov.br\/semcom\/prefeitura-semef-iptupremiado\/","og_locale":"pt_BR","og_type":"article","og_title":"Prefeitura de Manaus oficializa sorteios do \u2018IPTU Premiado 2026\u2019 com mais de R$ 5,6 milh\u00f5es em pr\u00eamios","og_description":"A Prefeitura de Manaus oficializou, por meio do Decreto n\u00ba 6.778, publicado no Di\u00e1rio Oficial do Munic\u00edpio (DOM) da \u00faltima ter\u00e7a-feira, 27\/1, mais um ano de realiza\u00e7\u00e3o da Campanha de Incentivo ao Pagamento do Imposto Predial e Territorial Urbano (IPTU) 2026, conhecida como \u201cIPTU Premiado\u201d.","og_url":"https:\/\/www.manaus.am.gov.br\/semcom\/prefeitura-semef-iptupremiado\/","og_site_name":"SEMCOM","article_published_time":"2026-01-28T21:29:56+00:00","article_modified_time":"2026-01-29T17:28:46+00:00","og_image":[{"width":1024,"height":683,"url":"https:\/\/www.manaus.am.gov.br\/semcom\/wp-content\/uploads\/sites\/5\/2026\/01\/140825-prefeitura-de-manaus-entrega-premiao-aos-ganhadores-do-quinto-sorteio-da-campanha-iptu-premiado_54720569488_o-1024x683.jpg","type":"image\/jpeg"}],"author":"Adriana Costa","twitter_card":"summary_large_image","twitter_misc":{"Written by":"Adriana Costa","Est. reading time":"4 minutos"},"schema":{"@context":"https:\/\/schema.org","@graph":[{"@type":"WebPage","@id":"https:\/\/www.manaus.am.gov.br\/semcom\/prefeitura-semef-iptupremiado\/","url":"https:\/\/www.manaus.am.gov.br\/semcom\/prefeitura-semef-iptupremiado\/","name":"Prefeitura de Manaus oficializa sorteios do \u2018IPTU Premiado 2026\u2019 com mais de R$ 5,6 milh\u00f5es em pr\u00eamios","isPartOf":{"@id":"https:\/\/www.manaus.am.gov.br\/semcom\/#website"},"primaryImageOfPage":{"@id":"https:\/\/www.manaus.am.gov.br\/semcom\/prefeitura-semef-iptupremiado\/#primaryimage"},"image":{"@id":"https:\/\/www.manaus.am.gov.br\/semcom\/prefeitura-semef-iptupremiado\/#primaryimage"},"thumbnailUrl":"https:\/\/www.manaus.am.gov.br\/semcom\/wp-content\/uploads\/sites\/5\/2026\/01\/140825-prefeitura-de-manaus-entrega-premiao-aos-ganhadores-do-quinto-sorteio-da-campanha-iptu-premiado_54720569488_o.jpg","datePublished":"2026-01-28T21:29:56+00:00","dateModified":"2026-01-29T17:28:46+00:00","author":{"@id":"https:\/\/www.manaus.am.gov.br\/semcom\/#\/schema\/person\/4e49f4e267757a06ca072ec61b2b9968"},"description":"A Prefeitura de Manaus oficializou, por meio do Decreto n\u00ba 6.778, publicado no Di\u00e1rio Oficial do Munic\u00edpio (DOM) da \u00faltima ter\u00e7a-feira, 27\/1, mais um ano de realiza\u00e7\u00e3o da Campanha de Incentivo ao Pagamento do Imposto Predial e Territorial Urbano (IPTU) 2026, conhecida como \u201cIPTU Premiado\u201d.","inLanguage":"pt-BR","potentialAction":[{"@type":"ReadAction","target":["https:\/\/www.manaus.am.gov.br\/semcom\/prefeitura-semef-iptupremiado\/"]}]},{"@type":"ImageObject","inLanguage":"pt-BR","@id":"https:\/\/www.manaus.am.gov.br\/semcom\/prefeitura-semef-iptupremiado\/#primaryimage","url":"https:\/\/www.manaus.am.gov.br\/semcom\/wp-content\/uploads\/sites\/5\/2026\/01\/140825-prefeitura-de-manaus-entrega-premiao-aos-ganhadores-do-quinto-sorteio-da-campanha-iptu-premiado_54720569488_o.jpg","contentUrl":"https:\/\/www.manaus.am.gov.br\/semcom\/wp-content\/uploads\/sites\/5\/2026\/01\/140825-prefeitura-de-manaus-entrega-premiao-aos-ganhadores-do-quinto-sorteio-da-campanha-iptu-premiado_54720569488_o.jpg","width":5500,"height":3667,"caption":"#paratodosverem - Contribuintes seguram cheques simb\u00f3licos de premia\u00e7\u00e3o do IPTU Premiado"},{"@type":"WebSite","@id":"https:\/\/www.manaus.am.gov.br\/semcom\/#website","url":"https:\/\/www.manaus.am.gov.br\/semcom\/","name":"SEMCOM","description":"Secretaria Municipal de Comunica\u00e7\u00e3o","potentialAction":[{"@type":"SearchAction","target":{"@type":"EntryPoint","urlTemplate":"https:\/\/www.manaus.am.gov.br\/semcom\/?s={search_term_string}"},"query-input":"required name=search_term_string"}],"inLanguage":"pt-BR"},{"@type":"Person","@id":"https:\/\/www.manaus.am.gov.br\/semcom\/#\/schema\/person\/4e49f4e267757a06ca072ec61b2b9968","name":"Adriana Costa","image":{"@type":"ImageObject","inLanguage":"pt-BR","@id":"https:\/\/www.manaus.am.gov.br\/semcom\/#\/schema\/person\/image\/","url":"https:\/\/secure.gravatar.com\/avatar\/576258617ef7194f718179e766d57bd4?s=96&d=mm&r=g","contentUrl":"https:\/\/secure.gravatar.com\/avatar\/576258617ef7194f718179e766d57bd4?s=96&d=mm&r=g","caption":"Adriana Costa"}}]}},"_links":{"self":[{"href":"https:\/\/www.manaus.am.gov.br\/semcom\/wp-json\/wp\/v2\/posts\/251868"}],"collection":[{"href":"https:\/\/www.manaus.am.gov.br\/semcom\/wp-json\/wp\/v2\/posts"}],"about":[{"href":"https:\/\/www.manaus.am.gov.br\/semcom\/wp-json\/wp\/v2\/types\/post"}],"author":[{"embeddable":true,"href":"https:\/\/www.manaus.am.gov.br\/semcom\/wp-json\/wp\/v2\/users\/23"}],"replies":[{"embeddable":true,"href":"https:\/\/www.manaus.am.gov.br\/semcom\/wp-json\/wp\/v2\/comments?post=251868"}],"version-history":[{"count":1,"href":"https:\/\/www.manaus.am.gov.br\/semcom\/wp-json\/wp\/v2\/posts\/251868\/revisions"}],"predecessor-version":[{"id":251914,"href":"https:\/\/www.manaus.am.gov.br\/semcom\/wp-json\/wp\/v2\/posts\/251868\/revisions\/251914"}],"wp:featuredmedia":[{"embeddable":true,"href":"https:\/\/www.manaus.am.gov.br\/semcom\/wp-json\/wp\/v2\/media\/251869"}],"wp:attachment":[{"href":"https:\/\/www.manaus.am.gov.br\/semcom\/wp-json\/wp\/v2\/media?parent=251868"}],"wp:term":[{"taxonomy":"category","embeddable":true,"href":"https:\/\/www.manaus.am.gov.br\/semcom\/wp-json\/wp\/v2\/categories?post=251868"},{"taxonomy":"post_tag","embeddable":true,"href":"https:\/\/www.manaus.am.gov.br\/semcom\/wp-json\/wp\/v2\/tags?post=251868"}],"curies":[{"name":"wp","href":"https:\/\/api.w.org\/{rel}","templated":true}]}}