{"id":251862,"date":"2026-01-28T17:04:29","date_gmt":"2026-01-28T20:04:29","guid":{"rendered":"https:\/\/www.manaus.am.gov.br\/semcom\/prefeitura-cmssaude-conferencia\/"},"modified":"2026-01-29T14:16:31","modified_gmt":"2026-01-29T17:16:31","slug":"prefeitura-cmssaude-conferencia-cms-manaus","status":"publish","type":"post","link":"https:\/\/www.manaus.am.gov.br\/semcom\/prefeitura-cmssaude-conferencia-cms-manaus\/","title":{"rendered":"CMS\/Manaus inicia procedimentos para organiza\u00e7\u00e3o da 10\u00aa Confer\u00eancia Municipal de Sa\u00fade"},"content":{"rendered":"\n<p>Durante a 1\u00aa Assembleia Geral Ordin\u00e1ria de 2026, realizada nesta quarta-feira, 28\/1, o Conselho Municipal de Sa\u00fade (CMS\/Manaus) iniciou o processo de convoca\u00e7\u00e3o da sociedade para a organiza\u00e7\u00e3o da 10\u00aa Confer\u00eancia Municipal de Sa\u00fade (Comus), como uma das etapas para a 18\u00aa Confer\u00eancia Nacional de Sa\u00fade.<\/p>\n\n\n\n<p>A Assembleia do CMS\/Manaus, que acontece mensalmente no audit\u00f3rio do Complexo de Sa\u00fade Oeste, bairro da Paz, zona Oeste, re\u00fane conselheiros municipais representantes de gestores, trabalhadores e usu\u00e1rios do Sistema \u00danico de Sa\u00fade (SUS).<\/p>\n\n\n\n<p>O presidente do CMS\/Manaus, conselheiro Hellyngton Monteiro de Moura, destacou que a Comus representa o evento m\u00e1ximo do controle social da sa\u00fade no munic\u00edpio de Manaus, quando representantes da sociedade, entre trabalhadores, gestores e usu\u00e1rios do SUS podem elaborar propostas para a melhoria dos servi\u00e7os de sa\u00fade.<\/p>\n\n\n\n<p>\u201cEstamos mobilizando a sociedade, cumprindo o calend\u00e1rio do Conselho Nacional de Sa\u00fade (CNS) para o chamamento das confer\u00eancias municipais e estaduais, e posteriormente a nacional. Tamb\u00e9m estamos aprovando a cria\u00e7\u00e3o do Comit\u00ea Organizador e Executivo da 10\u00aa Confer\u00eancia de Sa\u00fade do munic\u00edpio de Manaus\u201d, informa Hellyngton Moura.<\/p>\n\n\n\n<p>Segundo o calend\u00e1rio do CNS, as etapas municipais da 18\u00aa Confer\u00eancia Nacional de Sa\u00fade devem acontecer entre janeiro e agosto de 2026; as confer\u00eancias estaduais e do Distrito Federal ocorrendo de janeiro a abril de 2027; e a Confer\u00eancia Nacional em junho de 2027, em Bras\u00edlia, que tem como objetivo embasar o planejamento do governo federal na elabora\u00e7\u00e3o do Plano Nacional de Sa\u00fade e Plano Plurianual 2027-2030.<\/p>\n\n\n\n<p>\u201cAs confer\u00eancias s\u00e3o espa\u00e7os em que \u00e9 poss\u00edvel ouvir a sociedade em geral, nos munic\u00edpios e Estados, e formular propostas que possam ser levadas para a confer\u00eancia nacional e encontrar meios para melhorar o SUS\u201d, afirmou o presidente.<\/p>\n\n\n\n<p>Para as etapas da Confer\u00eancia Nacional, o tema condutor ser\u00e1 \u201cBrasil das Brasileiras e dos Brasileiros: SUS e Soberania \u2013 Cuidar do Povo \u00e9 Cuidar do Brasil\u201d.<\/p>\n\n\n\n<p>O conselheiro Jorge Carneiro, representante do segmento de gestor no CMS\/Manaus, explica que o ciclo de confer\u00eancias de sa\u00fade \u00e9 definido considerando a necessidade do poder p\u00fablico receber as indica\u00e7\u00f5es das diretrizes para elabora\u00e7\u00e3o do plano de governo e planejamento em sa\u00fade para o per\u00edodo de quatros anos.<\/p>\n\n\n\n<p>\u201cO ciclo de confer\u00eancias \u00e9 de quatro em quatro anos, quando a sociedade civil organizada participa na sugest\u00e3o das diretrizes. \u00c9 tamb\u00e9m um momento em que os gestores da sa\u00fade podem monitorar os anseios da popula\u00e7\u00e3o, j\u00e1 que as pessoas que participam das confer\u00eancias s\u00e3o extremamente representativas da sociedade. Com isso, a gest\u00e3o tem a possibilidade de escutar as demandas desses grupos diversos, tendo como produto final as diretrizes que estar\u00e3o nos planos de sa\u00fade\u201d, concluiu Jorge Carneiro.<\/p>\n\n\n\n<p>&#8212; &#8212; &#8212;<\/p>\n\n\n\n<p><strong>Texto<\/strong> &#8211; Euriv\u00e2nia Gal\u00facio \/ Semsa<\/p>\n\n\n\n<p><strong>Fotos<\/strong> &#8211; Divulga\u00e7\u00e3o \/ Semsa<\/p>\n","protected":false},"excerpt":{"rendered":"","protected":false},"author":23,"featured_media":251863,"comment_status":"closed","ping_status":"closed","sticky":false,"template":"","format":"standard","meta":{"footnotes":""},"categories":[578],"tags":[19121,2024,4222,77],"acf":[],"yoast_head":"<!-- This site is optimized with the Yoast SEO plugin v23.0 - https:\/\/yoast.com\/wordpress\/plugins\/seo\/ -->\n<title>CMS\/Manaus inicia procedimentos para organiza\u00e7\u00e3o da 10\u00aa Confer\u00eancia Municipal de Sa\u00fade<\/title>\n<meta name=\"description\" content=\"Durante a 1\u00aa Assembleia Geral Ordin\u00e1ria de 2026, realizada nesta quarta-feira, 28\/1, o Conselho Municipal de Sa\u00fade (CMS\/Manaus) iniciou o processo de convoca\u00e7\u00e3o da sociedade para a organiza\u00e7\u00e3o da 10\u00aa Confer\u00eancia Municipal de Sa\u00fade (Comus), como uma das etapas para a 18\u00aa Confer\u00eancia Nacional de Sa\u00fade.\" \/>\n<meta name=\"robots\" content=\"index, follow, max-snippet:-1, max-image-preview:large, max-video-preview:-1\" \/>\n<link rel=\"canonical\" href=\"https:\/\/www.manaus.am.gov.br\/semcom\/prefeitura-cmssaude-conferencia\/\" \/>\n<meta property=\"og:locale\" content=\"pt_BR\" \/>\n<meta property=\"og:type\" content=\"article\" \/>\n<meta property=\"og:title\" content=\"CMS\/Manaus inicia procedimentos para organiza\u00e7\u00e3o da 10\u00aa Confer\u00eancia Municipal de Sa\u00fade\" \/>\n<meta property=\"og:description\" content=\"Durante a 1\u00aa Assembleia Geral Ordin\u00e1ria de 2026, realizada nesta quarta-feira, 28\/1, o Conselho Municipal de Sa\u00fade (CMS\/Manaus) iniciou o processo de convoca\u00e7\u00e3o da sociedade para a organiza\u00e7\u00e3o da 10\u00aa Confer\u00eancia Municipal de Sa\u00fade (Comus), como uma das etapas para a 18\u00aa Confer\u00eancia Nacional de Sa\u00fade.\" \/>\n<meta property=\"og:url\" content=\"https:\/\/www.manaus.am.gov.br\/semcom\/prefeitura-cmssaude-conferencia\/\" \/>\n<meta property=\"og:site_name\" content=\"SEMCOM\" \/>\n<meta property=\"article:published_time\" content=\"2026-01-28T20:04:29+00:00\" \/>\n<meta property=\"article:modified_time\" content=\"2026-01-29T17:16:31+00:00\" \/>\n<meta property=\"og:image\" content=\"https:\/\/www.manaus.am.gov.br\/semcom\/wp-content\/uploads\/sites\/5\/2026\/01\/Semsa-Manaus-CMS-Conferencia-2.jpg\" \/>\n\t<meta property=\"og:image:width\" content=\"1200\" \/>\n\t<meta property=\"og:image:height\" content=\"658\" \/>\n\t<meta property=\"og:image:type\" content=\"image\/jpeg\" \/>\n<meta name=\"author\" content=\"Adriana Costa\" \/>\n<meta name=\"twitter:card\" content=\"summary_large_image\" \/>\n<meta name=\"twitter:label1\" content=\"Written by\" \/>\n\t<meta name=\"twitter:data1\" content=\"Adriana Costa\" \/>\n\t<meta name=\"twitter:label2\" content=\"Est. reading time\" \/>\n\t<meta name=\"twitter:data2\" content=\"3 minutos\" \/>\n<script type=\"application\/ld+json\" class=\"yoast-schema-graph\">{\"@context\":\"https:\/\/schema.org\",\"@graph\":[{\"@type\":\"WebPage\",\"@id\":\"https:\/\/www.manaus.am.gov.br\/semcom\/prefeitura-cmssaude-conferencia\/\",\"url\":\"https:\/\/www.manaus.am.gov.br\/semcom\/prefeitura-cmssaude-conferencia\/\",\"name\":\"CMS\/Manaus inicia procedimentos para organiza\u00e7\u00e3o da 10\u00aa Confer\u00eancia Municipal de Sa\u00fade\",\"isPartOf\":{\"@id\":\"https:\/\/www.manaus.am.gov.br\/semcom\/#website\"},\"primaryImageOfPage\":{\"@id\":\"https:\/\/www.manaus.am.gov.br\/semcom\/prefeitura-cmssaude-conferencia\/#primaryimage\"},\"image\":{\"@id\":\"https:\/\/www.manaus.am.gov.br\/semcom\/prefeitura-cmssaude-conferencia\/#primaryimage\"},\"thumbnailUrl\":\"https:\/\/www.manaus.am.gov.br\/semcom\/wp-content\/uploads\/sites\/5\/2026\/01\/Semsa-Manaus-CMS-Conferencia-2.jpg\",\"datePublished\":\"2026-01-28T20:04:29+00:00\",\"dateModified\":\"2026-01-29T17:16:31+00:00\",\"author\":{\"@id\":\"https:\/\/www.manaus.am.gov.br\/semcom\/#\/schema\/person\/4e49f4e267757a06ca072ec61b2b9968\"},\"description\":\"Durante a 1\u00aa Assembleia Geral Ordin\u00e1ria de 2026, realizada nesta quarta-feira, 28\/1, o Conselho Municipal de Sa\u00fade (CMS\/Manaus) iniciou o processo de convoca\u00e7\u00e3o da sociedade para a organiza\u00e7\u00e3o da 10\u00aa Confer\u00eancia Municipal de Sa\u00fade (Comus), como uma das etapas para a 18\u00aa Confer\u00eancia Nacional de Sa\u00fade.\",\"inLanguage\":\"pt-BR\",\"potentialAction\":[{\"@type\":\"ReadAction\",\"target\":[\"https:\/\/www.manaus.am.gov.br\/semcom\/prefeitura-cmssaude-conferencia\/\"]}]},{\"@type\":\"ImageObject\",\"inLanguage\":\"pt-BR\",\"@id\":\"https:\/\/www.manaus.am.gov.br\/semcom\/prefeitura-cmssaude-conferencia\/#primaryimage\",\"url\":\"https:\/\/www.manaus.am.gov.br\/semcom\/wp-content\/uploads\/sites\/5\/2026\/01\/Semsa-Manaus-CMS-Conferencia-2.jpg\",\"contentUrl\":\"https:\/\/www.manaus.am.gov.br\/semcom\/wp-content\/uploads\/sites\/5\/2026\/01\/Semsa-Manaus-CMS-Conferencia-2.jpg\",\"width\":1200,\"height\":658,\"caption\":\"#paratodosverem - Imagem de assembleia do Conselho Municipal de Sa\u00fade nesta quarta-feira\"},{\"@type\":\"WebSite\",\"@id\":\"https:\/\/www.manaus.am.gov.br\/semcom\/#website\",\"url\":\"https:\/\/www.manaus.am.gov.br\/semcom\/\",\"name\":\"SEMCOM\",\"description\":\"Secretaria Municipal de Comunica\u00e7\u00e3o\",\"potentialAction\":[{\"@type\":\"SearchAction\",\"target\":{\"@type\":\"EntryPoint\",\"urlTemplate\":\"https:\/\/www.manaus.am.gov.br\/semcom\/?s={search_term_string}\"},\"query-input\":\"required name=search_term_string\"}],\"inLanguage\":\"pt-BR\"},{\"@type\":\"Person\",\"@id\":\"https:\/\/www.manaus.am.gov.br\/semcom\/#\/schema\/person\/4e49f4e267757a06ca072ec61b2b9968\",\"name\":\"Adriana Costa\",\"image\":{\"@type\":\"ImageObject\",\"inLanguage\":\"pt-BR\",\"@id\":\"https:\/\/www.manaus.am.gov.br\/semcom\/#\/schema\/person\/image\/\",\"url\":\"https:\/\/secure.gravatar.com\/avatar\/576258617ef7194f718179e766d57bd4?s=96&d=mm&r=g\",\"contentUrl\":\"https:\/\/secure.gravatar.com\/avatar\/576258617ef7194f718179e766d57bd4?s=96&d=mm&r=g\",\"caption\":\"Adriana Costa\"}}]}<\/script>\n<!-- \/ Yoast SEO plugin. -->","yoast_head_json":{"title":"CMS\/Manaus inicia procedimentos para organiza\u00e7\u00e3o da 10\u00aa Confer\u00eancia Municipal de Sa\u00fade","description":"Durante a 1\u00aa Assembleia Geral Ordin\u00e1ria de 2026, realizada nesta quarta-feira, 28\/1, o Conselho Municipal de Sa\u00fade (CMS\/Manaus) iniciou o processo de convoca\u00e7\u00e3o da sociedade para a organiza\u00e7\u00e3o da 10\u00aa Confer\u00eancia Municipal de Sa\u00fade (Comus), como uma das etapas para a 18\u00aa Confer\u00eancia Nacional de Sa\u00fade.","robots":{"index":"index","follow":"follow","max-snippet":"max-snippet:-1","max-image-preview":"max-image-preview:large","max-video-preview":"max-video-preview:-1"},"canonical":"https:\/\/www.manaus.am.gov.br\/semcom\/prefeitura-cmssaude-conferencia\/","og_locale":"pt_BR","og_type":"article","og_title":"CMS\/Manaus inicia procedimentos para organiza\u00e7\u00e3o da 10\u00aa Confer\u00eancia Municipal de Sa\u00fade","og_description":"Durante a 1\u00aa Assembleia Geral Ordin\u00e1ria de 2026, realizada nesta quarta-feira, 28\/1, o Conselho Municipal de Sa\u00fade (CMS\/Manaus) iniciou o processo de convoca\u00e7\u00e3o da sociedade para a organiza\u00e7\u00e3o da 10\u00aa Confer\u00eancia Municipal de Sa\u00fade (Comus), como uma das etapas para a 18\u00aa Confer\u00eancia Nacional de Sa\u00fade.","og_url":"https:\/\/www.manaus.am.gov.br\/semcom\/prefeitura-cmssaude-conferencia\/","og_site_name":"SEMCOM","article_published_time":"2026-01-28T20:04:29+00:00","article_modified_time":"2026-01-29T17:16:31+00:00","og_image":[{"width":1200,"height":658,"url":"https:\/\/www.manaus.am.gov.br\/semcom\/wp-content\/uploads\/sites\/5\/2026\/01\/Semsa-Manaus-CMS-Conferencia-2.jpg","type":"image\/jpeg"}],"author":"Adriana Costa","twitter_card":"summary_large_image","twitter_misc":{"Written by":"Adriana Costa","Est. reading time":"3 minutos"},"schema":{"@context":"https:\/\/schema.org","@graph":[{"@type":"WebPage","@id":"https:\/\/www.manaus.am.gov.br\/semcom\/prefeitura-cmssaude-conferencia\/","url":"https:\/\/www.manaus.am.gov.br\/semcom\/prefeitura-cmssaude-conferencia\/","name":"CMS\/Manaus inicia procedimentos para organiza\u00e7\u00e3o da 10\u00aa Confer\u00eancia Municipal de Sa\u00fade","isPartOf":{"@id":"https:\/\/www.manaus.am.gov.br\/semcom\/#website"},"primaryImageOfPage":{"@id":"https:\/\/www.manaus.am.gov.br\/semcom\/prefeitura-cmssaude-conferencia\/#primaryimage"},"image":{"@id":"https:\/\/www.manaus.am.gov.br\/semcom\/prefeitura-cmssaude-conferencia\/#primaryimage"},"thumbnailUrl":"https:\/\/www.manaus.am.gov.br\/semcom\/wp-content\/uploads\/sites\/5\/2026\/01\/Semsa-Manaus-CMS-Conferencia-2.jpg","datePublished":"2026-01-28T20:04:29+00:00","dateModified":"2026-01-29T17:16:31+00:00","author":{"@id":"https:\/\/www.manaus.am.gov.br\/semcom\/#\/schema\/person\/4e49f4e267757a06ca072ec61b2b9968"},"description":"Durante a 1\u00aa Assembleia Geral Ordin\u00e1ria de 2026, realizada nesta quarta-feira, 28\/1, o Conselho Municipal de Sa\u00fade (CMS\/Manaus) iniciou o processo de convoca\u00e7\u00e3o da sociedade para a organiza\u00e7\u00e3o da 10\u00aa Confer\u00eancia Municipal de Sa\u00fade (Comus), como uma das etapas para a 18\u00aa Confer\u00eancia Nacional de Sa\u00fade.","inLanguage":"pt-BR","potentialAction":[{"@type":"ReadAction","target":["https:\/\/www.manaus.am.gov.br\/semcom\/prefeitura-cmssaude-conferencia\/"]}]},{"@type":"ImageObject","inLanguage":"pt-BR","@id":"https:\/\/www.manaus.am.gov.br\/semcom\/prefeitura-cmssaude-conferencia\/#primaryimage","url":"https:\/\/www.manaus.am.gov.br\/semcom\/wp-content\/uploads\/sites\/5\/2026\/01\/Semsa-Manaus-CMS-Conferencia-2.jpg","contentUrl":"https:\/\/www.manaus.am.gov.br\/semcom\/wp-content\/uploads\/sites\/5\/2026\/01\/Semsa-Manaus-CMS-Conferencia-2.jpg","width":1200,"height":658,"caption":"#paratodosverem - Imagem de assembleia do Conselho Municipal de Sa\u00fade nesta quarta-feira"},{"@type":"WebSite","@id":"https:\/\/www.manaus.am.gov.br\/semcom\/#website","url":"https:\/\/www.manaus.am.gov.br\/semcom\/","name":"SEMCOM","description":"Secretaria Municipal de Comunica\u00e7\u00e3o","potentialAction":[{"@type":"SearchAction","target":{"@type":"EntryPoint","urlTemplate":"https:\/\/www.manaus.am.gov.br\/semcom\/?s={search_term_string}"},"query-input":"required name=search_term_string"}],"inLanguage":"pt-BR"},{"@type":"Person","@id":"https:\/\/www.manaus.am.gov.br\/semcom\/#\/schema\/person\/4e49f4e267757a06ca072ec61b2b9968","name":"Adriana Costa","image":{"@type":"ImageObject","inLanguage":"pt-BR","@id":"https:\/\/www.manaus.am.gov.br\/semcom\/#\/schema\/person\/image\/","url":"https:\/\/secure.gravatar.com\/avatar\/576258617ef7194f718179e766d57bd4?s=96&d=mm&r=g","contentUrl":"https:\/\/secure.gravatar.com\/avatar\/576258617ef7194f718179e766d57bd4?s=96&d=mm&r=g","caption":"Adriana Costa"}}]}},"_links":{"self":[{"href":"https:\/\/www.manaus.am.gov.br\/semcom\/wp-json\/wp\/v2\/posts\/251862"}],"collection":[{"href":"https:\/\/www.manaus.am.gov.br\/semcom\/wp-json\/wp\/v2\/posts"}],"about":[{"href":"https:\/\/www.manaus.am.gov.br\/semcom\/wp-json\/wp\/v2\/types\/post"}],"author":[{"embeddable":true,"href":"https:\/\/www.manaus.am.gov.br\/semcom\/wp-json\/wp\/v2\/users\/23"}],"replies":[{"embeddable":true,"href":"https:\/\/www.manaus.am.gov.br\/semcom\/wp-json\/wp\/v2\/comments?post=251862"}],"version-history":[{"count":1,"href":"https:\/\/www.manaus.am.gov.br\/semcom\/wp-json\/wp\/v2\/posts\/251862\/revisions"}],"predecessor-version":[{"id":251911,"href":"https:\/\/www.manaus.am.gov.br\/semcom\/wp-json\/wp\/v2\/posts\/251862\/revisions\/251911"}],"wp:featuredmedia":[{"embeddable":true,"href":"https:\/\/www.manaus.am.gov.br\/semcom\/wp-json\/wp\/v2\/media\/251863"}],"wp:attachment":[{"href":"https:\/\/www.manaus.am.gov.br\/semcom\/wp-json\/wp\/v2\/media?parent=251862"}],"wp:term":[{"taxonomy":"category","embeddable":true,"href":"https:\/\/www.manaus.am.gov.br\/semcom\/wp-json\/wp\/v2\/categories?post=251862"},{"taxonomy":"post_tag","embeddable":true,"href":"https:\/\/www.manaus.am.gov.br\/semcom\/wp-json\/wp\/v2\/tags?post=251862"}],"curies":[{"name":"wp","href":"https:\/\/api.w.org\/{rel}","templated":true}]}}