{"id":251855,"date":"2026-01-28T16:39:12","date_gmt":"2026-01-28T19:39:12","guid":{"rendered":"https:\/\/www.manaus.am.gov.br\/semcom\/prefeitura-manausmaisverde-mudasplantadas2025\/"},"modified":"2026-01-29T14:06:21","modified_gmt":"2026-01-29T17:06:21","slug":"prefeitura-manausmaisverde-mudasplantadas2025-plano-de-arborizacao","status":"publish","type":"post","link":"https:\/\/www.manaus.am.gov.br\/semcom\/prefeitura-manausmaisverde-mudasplantadas2025-plano-de-arborizacao\/","title":{"rendered":"Plano de arboriza\u00e7\u00e3o de Manaus supera meta e alcan\u00e7a 32 mil mudas plantadas em 2025"},"content":{"rendered":"\n<p>O plano de arboriza\u00e7\u00e3o da <a href=\"https:\/\/www.manaus.am.gov.br\">Prefeitura de Manaus<\/a> atingiu, em 2025, a marca hist\u00f3rica de 32 mil mudas plantadas na capital. A iniciativa faz parte do programa \u201cManaus Mais Verde\u201d, coordenado pela <a href=\"https:\/\/www.instagram.com\/semmasmanaus\/\">Secretaria Municipal de Meio Ambiente<\/a> (Semmas), e consolida a expans\u00e3o das \u00e1reas sombreadas e a recupera\u00e7\u00e3o ambiental da cidade.<\/p>\n\n\n\n<p>Com o desempenho registrado este ano, o munic\u00edpio eleva para 55 mil o total de mudas plantadas desde 2021. As a\u00e7\u00f5es de plantio foram distribu\u00eddas de forma estrat\u00e9gica por todas as zonas da cidade, com foco em canteiros centrais, escolas municipais, \u00e1reas de preserva\u00e7\u00e3o permanente (APPs), parques e logradouros p\u00fablicos.<\/p>\n\n\n\n<p>Superando as proje\u00e7\u00f5es iniciais, que previam o plantio de 15 mil mudas para o per\u00edodo, a gest\u00e3o municipal conseguiu dobrar a meta estabelecida para 2025.<\/p>\n\n\n\n<p>\u201cEste \u00e9 um resultado que nos traz grande satisfa\u00e7\u00e3o. Manaus necessita desse avan\u00e7o na arboriza\u00e7\u00e3o e no reflorestamento para combater as ilhas de calor e melhorar o microclima urbano. \u00c9 um compromisso da nossa gest\u00e3o tornar a cidade mais verde e sustent\u00e1vel para a popula\u00e7\u00e3o\u201d, destacou o prefeito em exerc\u00edcio Renato Junior.<\/p>\n\n\n\n<p>Para o secret\u00e1rio municipal de Meio Ambiente e Sustentabilidade, Fransu\u00e1 Matos, o resultado alcan\u00e7ado demonstra o compromisso da gest\u00e3o com as metas de arboriza\u00e7\u00e3o. \u201cO que alcan\u00e7amos em 2025 \u00e9 um exemplo do compromisso que n\u00f3s temos com as metas ambientais previstas pela gest\u00e3o, para que Manaus seja um exemplo nacional quando se fala em meio ambiente. Sem d\u00favidas, Manaus avan\u00e7ou muito para se tornar uma cidade mais arborizada\u201d, ressaltou.<\/p>\n\n\n\n<p>Inova\u00e7\u00e3o&nbsp;e mecaniza\u00e7\u00e3o<\/p>\n\n\n\n<p>Um dos pilares para o sucesso do programa em 2025 foi a mecaniza\u00e7\u00e3o dos processos. A introdu\u00e7\u00e3o de equipamentos modernos de perfura\u00e7\u00e3o de solo n\u00e3o apenas ampliou a produtividade das equipes, mas tamb\u00e9m garantiu maior efici\u00eancia t\u00e9cnica no plantio e reduziu o impacto f\u00edsico sobre os servidores.<\/p>\n\n\n\n<p>A sele\u00e7\u00e3o das esp\u00e9cies priorizou o equil\u00edbrio urbano. Foram intensificados os plantios de ip\u00ea, pau-pretinho e oiti, \u00e1rvores que apresentam alta adaptabilidade ao clima amaz\u00f4nico e cujas caracter\u00edsticas radiculares e de copa minimizam danos em cal\u00e7adas e interfer\u00eancias na rede el\u00e9trica.<\/p>\n\n\n\n<p>\u2018Agenda 2030\u2019<\/p>\n\n\n\n<p>No \u00e2mbito institucional, Manaus refor\u00e7ou seu protagonismo ambiental ao alinhar-se aos Objetivos de Desenvolvimento Sustent\u00e1vel (ODS), da Organiza\u00e7\u00e3o das Na\u00e7\u00f5es Unidas (ONU). Durante a programa\u00e7\u00e3o do \u201cJunho Verde\u201d, o prefeito David Almeida assinou a Carta Compromisso de Ades\u00e3o ao programa \u201cMeu Munic\u00edpio pelos ODS\u201d, do governo federal.<\/p>\n\n\n\n<p>Com o ato, a capital amazonense integra o grupo seleto de 50 cidades brasileiras que lideram a implementa\u00e7\u00e3o da \u201cAgenda 2030\u201d, plano global para o desenvolvimento sustent\u00e1vel.<\/p>\n\n\n\n<p>Engajamento comunit\u00e1rio<\/p>\n\n\n\n<p>Al\u00e9m do plantio direto, a prefeitura promoveu o engajamento da sociedade a partir da doa\u00e7\u00e3o de mais de 100 mil mudas aos cidad\u00e3os, provenientes de uma produ\u00e7\u00e3o superior a 600 mil unidades nos viveiros municipais. Paralelamente, foram implantados mais de 60 pomares urbanos, incentivando a seguran\u00e7a alimentar e a biodiversidade local. As doa\u00e7\u00f5es seguem em regime itinerante, percorrendo diversos bairros da capital.<\/p>\n\n\n\n<p>&#8212; &#8212; &#8212;<\/p>\n\n\n\n<p><strong>Texto<\/strong> \u2013 Geraldo Farias\/Semcom<\/p>\n\n\n\n<p><strong>Fotos <\/strong>\u2013 Arquivo\/Semcom<\/p>\n","protected":false},"excerpt":{"rendered":"","protected":false},"author":23,"featured_media":251856,"comment_status":"closed","ping_status":"closed","sticky":false,"template":"","format":"standard","meta":{"footnotes":""},"categories":[3878],"tags":[7007,19117,19118,77,19],"acf":[],"yoast_head":"<!-- This site is optimized with the Yoast SEO plugin v23.0 - https:\/\/yoast.com\/wordpress\/plugins\/seo\/ -->\n<title>Plano de arboriza\u00e7\u00e3o de Manaus supera meta e alcan\u00e7a 32 mil mudas plantadas em 2025<\/title>\n<meta name=\"description\" content=\"O plano de arboriza\u00e7\u00e3o da Prefeitura de Manaus atingiu, em 2025, a marca hist\u00f3rica de 32 mil mudas plantadas na capital. A iniciativa faz parte do programa \u201cManaus Mais Verde\u201d, coordenado pela Secretaria Municipal de Meio Ambiente (Semmas), e consolida a expans\u00e3o das \u00e1reas sombreadas e a recupera\u00e7\u00e3o ambiental da cidade.\" \/>\n<meta name=\"robots\" content=\"index, follow, max-snippet:-1, max-image-preview:large, max-video-preview:-1\" \/>\n<link rel=\"canonical\" href=\"https:\/\/www.manaus.am.gov.br\/semcom\/prefeitura-manausmaisverde-mudasplantadas2025\/\" \/>\n<meta property=\"og:locale\" content=\"pt_BR\" \/>\n<meta property=\"og:type\" content=\"article\" \/>\n<meta property=\"og:title\" content=\"Plano de arboriza\u00e7\u00e3o de Manaus supera meta e alcan\u00e7a 32 mil mudas plantadas em 2025\" \/>\n<meta property=\"og:description\" content=\"O plano de arboriza\u00e7\u00e3o da Prefeitura de Manaus atingiu, em 2025, a marca hist\u00f3rica de 32 mil mudas plantadas na capital. A iniciativa faz parte do programa \u201cManaus Mais Verde\u201d, coordenado pela Secretaria Municipal de Meio Ambiente (Semmas), e consolida a expans\u00e3o das \u00e1reas sombreadas e a recupera\u00e7\u00e3o ambiental da cidade.\" \/>\n<meta property=\"og:url\" content=\"https:\/\/www.manaus.am.gov.br\/semcom\/prefeitura-manausmaisverde-mudasplantadas2025\/\" \/>\n<meta property=\"og:site_name\" content=\"SEMCOM\" \/>\n<meta property=\"article:published_time\" content=\"2026-01-28T19:39:12+00:00\" \/>\n<meta property=\"article:modified_time\" content=\"2026-01-29T17:06:21+00:00\" \/>\n<meta property=\"og:image\" content=\"https:\/\/www.manaus.am.gov.br\/semcom\/wp-content\/uploads\/sites\/5\/2026\/01\/WhatsApp-Image-2026-01-28-at-12.51.46-3.jpeg\" \/>\n\t<meta property=\"og:image:width\" content=\"2560\" \/>\n\t<meta property=\"og:image:height\" content=\"1706\" \/>\n\t<meta property=\"og:image:type\" content=\"image\/jpeg\" \/>\n<meta name=\"author\" content=\"Adriana Costa\" \/>\n<meta name=\"twitter:card\" content=\"summary_large_image\" \/>\n<meta name=\"twitter:label1\" content=\"Written by\" \/>\n\t<meta name=\"twitter:data1\" content=\"Adriana Costa\" \/>\n\t<meta name=\"twitter:label2\" content=\"Est. reading time\" \/>\n\t<meta name=\"twitter:data2\" content=\"3 minutos\" \/>\n<script type=\"application\/ld+json\" class=\"yoast-schema-graph\">{\"@context\":\"https:\/\/schema.org\",\"@graph\":[{\"@type\":\"WebPage\",\"@id\":\"https:\/\/www.manaus.am.gov.br\/semcom\/prefeitura-manausmaisverde-mudasplantadas2025\/\",\"url\":\"https:\/\/www.manaus.am.gov.br\/semcom\/prefeitura-manausmaisverde-mudasplantadas2025\/\",\"name\":\"Plano de arboriza\u00e7\u00e3o de Manaus supera meta e alcan\u00e7a 32 mil mudas plantadas em 2025\",\"isPartOf\":{\"@id\":\"https:\/\/www.manaus.am.gov.br\/semcom\/#website\"},\"primaryImageOfPage\":{\"@id\":\"https:\/\/www.manaus.am.gov.br\/semcom\/prefeitura-manausmaisverde-mudasplantadas2025\/#primaryimage\"},\"image\":{\"@id\":\"https:\/\/www.manaus.am.gov.br\/semcom\/prefeitura-manausmaisverde-mudasplantadas2025\/#primaryimage\"},\"thumbnailUrl\":\"https:\/\/www.manaus.am.gov.br\/semcom\/wp-content\/uploads\/sites\/5\/2026\/01\/WhatsApp-Image-2026-01-28-at-12.51.46-3.jpeg\",\"datePublished\":\"2026-01-28T19:39:12+00:00\",\"dateModified\":\"2026-01-29T17:06:21+00:00\",\"author\":{\"@id\":\"https:\/\/www.manaus.am.gov.br\/semcom\/#\/schema\/person\/4e49f4e267757a06ca072ec61b2b9968\"},\"description\":\"O plano de arboriza\u00e7\u00e3o da Prefeitura de Manaus atingiu, em 2025, a marca hist\u00f3rica de 32 mil mudas plantadas na capital. A iniciativa faz parte do programa \u201cManaus Mais Verde\u201d, coordenado pela Secretaria Municipal de Meio Ambiente (Semmas), e consolida a expans\u00e3o das \u00e1reas sombreadas e a recupera\u00e7\u00e3o ambiental da cidade.\",\"inLanguage\":\"pt-BR\",\"potentialAction\":[{\"@type\":\"ReadAction\",\"target\":[\"https:\/\/www.manaus.am.gov.br\/semcom\/prefeitura-manausmaisverde-mudasplantadas2025\/\"]}]},{\"@type\":\"ImageObject\",\"inLanguage\":\"pt-BR\",\"@id\":\"https:\/\/www.manaus.am.gov.br\/semcom\/prefeitura-manausmaisverde-mudasplantadas2025\/#primaryimage\",\"url\":\"https:\/\/www.manaus.am.gov.br\/semcom\/wp-content\/uploads\/sites\/5\/2026\/01\/WhatsApp-Image-2026-01-28-at-12.51.46-3.jpeg\",\"contentUrl\":\"https:\/\/www.manaus.am.gov.br\/semcom\/wp-content\/uploads\/sites\/5\/2026\/01\/WhatsApp-Image-2026-01-28-at-12.51.46-3.jpeg\",\"width\":2560,\"height\":1706,\"caption\":\"#paratodosverem - Plantio de novas mudas de plantas por servidores da Semmas\"},{\"@type\":\"WebSite\",\"@id\":\"https:\/\/www.manaus.am.gov.br\/semcom\/#website\",\"url\":\"https:\/\/www.manaus.am.gov.br\/semcom\/\",\"name\":\"SEMCOM\",\"description\":\"Secretaria Municipal de Comunica\u00e7\u00e3o\",\"potentialAction\":[{\"@type\":\"SearchAction\",\"target\":{\"@type\":\"EntryPoint\",\"urlTemplate\":\"https:\/\/www.manaus.am.gov.br\/semcom\/?s={search_term_string}\"},\"query-input\":\"required name=search_term_string\"}],\"inLanguage\":\"pt-BR\"},{\"@type\":\"Person\",\"@id\":\"https:\/\/www.manaus.am.gov.br\/semcom\/#\/schema\/person\/4e49f4e267757a06ca072ec61b2b9968\",\"name\":\"Adriana Costa\",\"image\":{\"@type\":\"ImageObject\",\"inLanguage\":\"pt-BR\",\"@id\":\"https:\/\/www.manaus.am.gov.br\/semcom\/#\/schema\/person\/image\/\",\"url\":\"https:\/\/secure.gravatar.com\/avatar\/576258617ef7194f718179e766d57bd4?s=96&d=mm&r=g\",\"contentUrl\":\"https:\/\/secure.gravatar.com\/avatar\/576258617ef7194f718179e766d57bd4?s=96&d=mm&r=g\",\"caption\":\"Adriana Costa\"}}]}<\/script>\n<!-- \/ Yoast SEO plugin. -->","yoast_head_json":{"title":"Plano de arboriza\u00e7\u00e3o de Manaus supera meta e alcan\u00e7a 32 mil mudas plantadas em 2025","description":"O plano de arboriza\u00e7\u00e3o da Prefeitura de Manaus atingiu, em 2025, a marca hist\u00f3rica de 32 mil mudas plantadas na capital. A iniciativa faz parte do programa \u201cManaus Mais Verde\u201d, coordenado pela Secretaria Municipal de Meio Ambiente (Semmas), e consolida a expans\u00e3o das \u00e1reas sombreadas e a recupera\u00e7\u00e3o ambiental da cidade.","robots":{"index":"index","follow":"follow","max-snippet":"max-snippet:-1","max-image-preview":"max-image-preview:large","max-video-preview":"max-video-preview:-1"},"canonical":"https:\/\/www.manaus.am.gov.br\/semcom\/prefeitura-manausmaisverde-mudasplantadas2025\/","og_locale":"pt_BR","og_type":"article","og_title":"Plano de arboriza\u00e7\u00e3o de Manaus supera meta e alcan\u00e7a 32 mil mudas plantadas em 2025","og_description":"O plano de arboriza\u00e7\u00e3o da Prefeitura de Manaus atingiu, em 2025, a marca hist\u00f3rica de 32 mil mudas plantadas na capital. A iniciativa faz parte do programa \u201cManaus Mais Verde\u201d, coordenado pela Secretaria Municipal de Meio Ambiente (Semmas), e consolida a expans\u00e3o das \u00e1reas sombreadas e a recupera\u00e7\u00e3o ambiental da cidade.","og_url":"https:\/\/www.manaus.am.gov.br\/semcom\/prefeitura-manausmaisverde-mudasplantadas2025\/","og_site_name":"SEMCOM","article_published_time":"2026-01-28T19:39:12+00:00","article_modified_time":"2026-01-29T17:06:21+00:00","og_image":[{"width":2560,"height":1706,"url":"https:\/\/www.manaus.am.gov.br\/semcom\/wp-content\/uploads\/sites\/5\/2026\/01\/WhatsApp-Image-2026-01-28-at-12.51.46-3.jpeg","type":"image\/jpeg"}],"author":"Adriana Costa","twitter_card":"summary_large_image","twitter_misc":{"Written by":"Adriana Costa","Est. reading time":"3 minutos"},"schema":{"@context":"https:\/\/schema.org","@graph":[{"@type":"WebPage","@id":"https:\/\/www.manaus.am.gov.br\/semcom\/prefeitura-manausmaisverde-mudasplantadas2025\/","url":"https:\/\/www.manaus.am.gov.br\/semcom\/prefeitura-manausmaisverde-mudasplantadas2025\/","name":"Plano de arboriza\u00e7\u00e3o de Manaus supera meta e alcan\u00e7a 32 mil mudas plantadas em 2025","isPartOf":{"@id":"https:\/\/www.manaus.am.gov.br\/semcom\/#website"},"primaryImageOfPage":{"@id":"https:\/\/www.manaus.am.gov.br\/semcom\/prefeitura-manausmaisverde-mudasplantadas2025\/#primaryimage"},"image":{"@id":"https:\/\/www.manaus.am.gov.br\/semcom\/prefeitura-manausmaisverde-mudasplantadas2025\/#primaryimage"},"thumbnailUrl":"https:\/\/www.manaus.am.gov.br\/semcom\/wp-content\/uploads\/sites\/5\/2026\/01\/WhatsApp-Image-2026-01-28-at-12.51.46-3.jpeg","datePublished":"2026-01-28T19:39:12+00:00","dateModified":"2026-01-29T17:06:21+00:00","author":{"@id":"https:\/\/www.manaus.am.gov.br\/semcom\/#\/schema\/person\/4e49f4e267757a06ca072ec61b2b9968"},"description":"O plano de arboriza\u00e7\u00e3o da Prefeitura de Manaus atingiu, em 2025, a marca hist\u00f3rica de 32 mil mudas plantadas na capital. A iniciativa faz parte do programa \u201cManaus Mais Verde\u201d, coordenado pela Secretaria Municipal de Meio Ambiente (Semmas), e consolida a expans\u00e3o das \u00e1reas sombreadas e a recupera\u00e7\u00e3o ambiental da cidade.","inLanguage":"pt-BR","potentialAction":[{"@type":"ReadAction","target":["https:\/\/www.manaus.am.gov.br\/semcom\/prefeitura-manausmaisverde-mudasplantadas2025\/"]}]},{"@type":"ImageObject","inLanguage":"pt-BR","@id":"https:\/\/www.manaus.am.gov.br\/semcom\/prefeitura-manausmaisverde-mudasplantadas2025\/#primaryimage","url":"https:\/\/www.manaus.am.gov.br\/semcom\/wp-content\/uploads\/sites\/5\/2026\/01\/WhatsApp-Image-2026-01-28-at-12.51.46-3.jpeg","contentUrl":"https:\/\/www.manaus.am.gov.br\/semcom\/wp-content\/uploads\/sites\/5\/2026\/01\/WhatsApp-Image-2026-01-28-at-12.51.46-3.jpeg","width":2560,"height":1706,"caption":"#paratodosverem - Plantio de novas mudas de plantas por servidores da Semmas"},{"@type":"WebSite","@id":"https:\/\/www.manaus.am.gov.br\/semcom\/#website","url":"https:\/\/www.manaus.am.gov.br\/semcom\/","name":"SEMCOM","description":"Secretaria Municipal de Comunica\u00e7\u00e3o","potentialAction":[{"@type":"SearchAction","target":{"@type":"EntryPoint","urlTemplate":"https:\/\/www.manaus.am.gov.br\/semcom\/?s={search_term_string}"},"query-input":"required name=search_term_string"}],"inLanguage":"pt-BR"},{"@type":"Person","@id":"https:\/\/www.manaus.am.gov.br\/semcom\/#\/schema\/person\/4e49f4e267757a06ca072ec61b2b9968","name":"Adriana Costa","image":{"@type":"ImageObject","inLanguage":"pt-BR","@id":"https:\/\/www.manaus.am.gov.br\/semcom\/#\/schema\/person\/image\/","url":"https:\/\/secure.gravatar.com\/avatar\/576258617ef7194f718179e766d57bd4?s=96&d=mm&r=g","contentUrl":"https:\/\/secure.gravatar.com\/avatar\/576258617ef7194f718179e766d57bd4?s=96&d=mm&r=g","caption":"Adriana Costa"}}]}},"_links":{"self":[{"href":"https:\/\/www.manaus.am.gov.br\/semcom\/wp-json\/wp\/v2\/posts\/251855"}],"collection":[{"href":"https:\/\/www.manaus.am.gov.br\/semcom\/wp-json\/wp\/v2\/posts"}],"about":[{"href":"https:\/\/www.manaus.am.gov.br\/semcom\/wp-json\/wp\/v2\/types\/post"}],"author":[{"embeddable":true,"href":"https:\/\/www.manaus.am.gov.br\/semcom\/wp-json\/wp\/v2\/users\/23"}],"replies":[{"embeddable":true,"href":"https:\/\/www.manaus.am.gov.br\/semcom\/wp-json\/wp\/v2\/comments?post=251855"}],"version-history":[{"count":1,"href":"https:\/\/www.manaus.am.gov.br\/semcom\/wp-json\/wp\/v2\/posts\/251855\/revisions"}],"predecessor-version":[{"id":251904,"href":"https:\/\/www.manaus.am.gov.br\/semcom\/wp-json\/wp\/v2\/posts\/251855\/revisions\/251904"}],"wp:featuredmedia":[{"embeddable":true,"href":"https:\/\/www.manaus.am.gov.br\/semcom\/wp-json\/wp\/v2\/media\/251856"}],"wp:attachment":[{"href":"https:\/\/www.manaus.am.gov.br\/semcom\/wp-json\/wp\/v2\/media?parent=251855"}],"wp:term":[{"taxonomy":"category","embeddable":true,"href":"https:\/\/www.manaus.am.gov.br\/semcom\/wp-json\/wp\/v2\/categories?post=251855"},{"taxonomy":"post_tag","embeddable":true,"href":"https:\/\/www.manaus.am.gov.br\/semcom\/wp-json\/wp\/v2\/tags?post=251855"}],"curies":[{"name":"wp","href":"https:\/\/api.w.org\/{rel}","templated":true}]}}