{"id":251837,"date":"2026-01-28T14:02:55","date_gmt":"2026-01-28T17:02:55","guid":{"rendered":"https:\/\/www.manaus.am.gov.br\/semcom\/prefeitura-calendario-carnaval2026\/"},"modified":"2026-01-29T13:30:36","modified_gmt":"2026-01-29T16:30:36","slug":"prefeitura-calendario-carnaval-2026","status":"publish","type":"post","link":"https:\/\/www.manaus.am.gov.br\/semcom\/prefeitura-calendario-carnaval-2026\/","title":{"rendered":"Prefeitura de Manaus divulga calend\u00e1rio oficial das bandas e blocos do Carnaval 2026"},"content":{"rendered":"\n<p>A <a href=\"https:\/\/www.manaus.am.gov.br\">Prefeitura de Manaus<\/a>, por meio da <a href=\"https:\/\/www.instagram.com\/manauscult_\/\">Funda\u00e7\u00e3o Municipal de Cultura, Turismo e Eventos<\/a> (ManausCult), anunciou o calend\u00e1rio oficial das bandas e blocos de rua que integram a programa\u00e7\u00e3o do Carnaval 2026, refor\u00e7ando o compromisso com a valoriza\u00e7\u00e3o da cultura popular e o fortalecimento da economia criativa na capital amazonense.<\/p>\n\n\n\n<p>As datas fazem parte do planejamento estruturado, a partir do Edital de Chamada P\u00fablica n\u00ba 007\/2025, que selecionou bandas e blocos para receber apoio institucional com infraestrutura, sonoriza\u00e7\u00e3o, ilumina\u00e7\u00e3o, palco e servi\u00e7os essenciais para a realiza\u00e7\u00e3o dos eventos em diferentes zonas da cidade.<\/p>\n\n\n\n<p>O edital foi apresentado e debatido em reuni\u00e3o realizada no dia 19 de novembro de 2025, na sede da ManausCult, com representantes de bandas e blocos carnavalescos, garantindo di\u00e1logo, transpar\u00eancia e organiza\u00e7\u00e3o antecipada da festa.<\/p>\n\n\n\n<p>Para o diretor-presidente da ManausCult, Jender Lobato, o Carnaval \u00e9 uma pol\u00edtica p\u00fablica estrat\u00e9gica que vai al\u00e9m do entretenimento.<\/p>\n\n\n\n<p>\u201cO Carnaval de Manaus movimenta a economia, gera emprego e renda, fortalece a identidade cultural da cidade e ocupa os espa\u00e7os p\u00fablicos com arte e alegria. A ManausCult, por determina\u00e7\u00e3o da Prefeitura de Manaus, trabalha com planejamento e responsabilidade para garantir uma festa organizada, segura e com impacto social positivo\u201d, destacou.<\/p>\n\n\n\n<p>Al\u00e9m do valor cultural, o per\u00edodo carnavalesco impulsiona setores como com\u00e9rcio, turismo, servi\u00e7os, transporte e alimenta\u00e7\u00e3o, gerando milhares de postos de trabalho diretos e indiretos, especialmente nos bairros e comunidades onde os eventos s\u00e3o realizados.<\/p>\n\n\n\n<p>Confira o calend\u00e1rio oficial das bandas e blocos do Carnaval 2026<\/p>\n\n\n\n<p>7\/2\/2026<\/p>\n\n\n\n<p>\u2022 Banda do Mazon \u2013 Rua Pitomba (entre a avenida Suma\u00fama e Travessa Pitomba), Monte das Oliveiras<\/p>\n\n\n\n<p>\u2022 Banda Vira Latinha \u2013 Rua Claudiano Moreira, S\u00e3o L\u00e1zaro, pr\u00f3ximo \u00e0 Casa Nordeste<\/p>\n\n\n\n<p>\u2022 Bloco dos Brochas \u2013 Rua Coronel Conrado, 793, Petr\u00f3polis, atr\u00e1s do Comando Geral da PM-AM<\/p>\n\n\n\n<p>\u2022 Banda do 5 Estrelas \u2013 Avenida Get\u00falio Vargas, 767, Centro, ponto de refer\u00eancia: Bar do 5 Estrelas<\/p>\n\n\n\n<p>\u2022 Carnatronic \u2013 Mercado de Origem da Amaz\u00f4nia, Centro<\/p>\n\n\n\n<p>\u2022 Banda Independente Confraria do Armando (Bica) \u2013 Rua 10 de Julho, 593, Centro, em frente ao bar do Armando<\/p>\n\n\n\n<p>\u2022 Banda da Difusora \u2013 Avenida Eduardo Ribeiro, Centro<\/p>\n\n\n\n<p>8\/2\/2026<\/p>\n\n\n\n<p>\u2022 Banda do Mac Naldo \u2013 Avenida Sul, trechos entre as ruas A10 e A26, conjunto Ajuricaba, Alvorada<\/p>\n\n\n\n<p>\u2022 Benfazer Folia \u2013 Rua do Livramento, Gl\u00f3ria, pr\u00f3ximo \u00e0 sede do Sul Am\u00e9rica Esporte Clube<\/p>\n\n\n\n<p>\u2022 Banda do Papa Sopa \u2013 Rua Jorge Abrahim, n\u00ba 45, Parque 10, entre avenida Tancredo Neves e avenida C do Shangril\u00e1 4<\/p>\n\n\n\n<p>\u2022 Bloco do Largo \u2013 Gagaval \u2013 Rua 10 de Julho, 443, Centro<\/p>\n\n\n\n<p>\u2022 Banda do \u00c1lcool \u2013 Avenida Mau\u00e9s, 1.034, Cachoeirinha<\/p>\n\n\n\n<p>\u2022 Banda do Theo \u2013 Rua Silva Ramos, 119, Centro<\/p>\n\n\n\n<p>\u2022 Bloco da Grana \u2013 Cores, Ritmos e Diversidade \u2013 Rua Jos\u00e9 Clemente, Centro<\/p>\n\n\n\n<p>\u2022 Banda do Boulevard \u2013 Avenida \u00c1lvaro Maia, Pra\u00e7a 14 de Janeiro<\/p>\n\n\n\n<p>\u2022 Bhanda da Bhaixa da H\u00e9gua \u2013 Rua Inoc\u00eancio de Ara\u00fajo com avenida Rio Negro, \u00e1rea do Amarelinho, Educandos<\/p>\n\n\n\n<p>15\/2\/2026<\/p>\n\n\n\n<p>\u2022 Bloco Sindicato dos Cornos \u2013 Rua do Livramento, Gl\u00f3ria<\/p>\n\n\n\n<p>\u2022 Bloco do Recanto \u2013 Rua Alberto Gomes, Petr\u00f3polis<\/p>\n\n\n\n<p>\u2022 Banda do Caxang\u00e1 \u2013 Avenida Louren\u00e7o Silva Braga, Centro<\/p>\n\n\n\n<p>\u2022 Bloco Dja Rafael e Amigos da Baixada \u2013 Rua Paraacu\u00faba, S\u00e3o Jos\u00e9 Oper\u00e1rio<\/p>\n\n\n\n<p>\u2022 Banda do Conjunto Ribeiro J\u00fanior \u2013 Rua I, esquina com rua Afonso Carvalho, conjunto Ribeiro J\u00fanior<\/p>\n\n\n\n<p>\u2022 Banda Carnavalesca Mauazinho na Folia \u2013 Avenida Arica, Mauazinho, em frente ao supermercado Fortaleza<\/p>\n\n\n\n<p>\u2022 Bloco da Vov\u00f3 Judith \u2013 Rua Professor Carlos Mesquita, Santa Luzia<\/p>\n\n\n\n<p>\u2022 Bloco das Apertadas \u2013 Avenida F\u00e1bio Lucena, Japiim 2<\/p>\n\n\n\n<p>\u2022 Bloco do Popeye \u2013 Rua Heliodoro Botelho, 26, S\u00e3o L\u00e1zaro<\/p>\n\n\n\n<p>\u2022 Banda do Alho \u2013 Rua Mar de Java, residencial Eduardo Gomes, Bairro da Paz<\/p>\n\n\n\n<p>\u2022 Bloco da Dekinha \u2013 Rua Magalh\u00e3es Barata, S\u00e3o L\u00e1zaro<\/p>\n\n\n\n<p>\u2022 Banda da Independ\u00eancia \u2013 Rua do Ros\u00e1rio, Bet\u00e2nia<\/p>\n\n\n\n<p>\u2022 Bloco do Varandas \u2013 Rua Dona Leopoldina, Santo Ant\u00f4nio<\/p>\n\n\n\n<p>\u2022 Banda do Pepety \u2013 Rua H\u00e9lio Le\u00e3o, Nova Cidade<\/p>\n\n\n\n<p>\u2022 Banda das Duquesas da 14 \u2013 Rua Duque de Caxias, 1.665, Pra\u00e7a 14 de Janeiro<\/p>\n\n\n\n<p>\u2022 Banda dos Assombrados \u2013 Rua In\u00e1cio Guimar\u00e3es, Educandos<\/p>\n\n\n\n<p>\u2022 Banda do Jorge Teixeira \u2013 Avenida Tambaqui, Jorge Teixeira<\/p>\n\n\n\n<p>\u2022 Bloco do Goiab\u00e3o \u2013 Rua Antenor Cavalcante, 99, Zumbi dos Palmares 2<\/p>\n\n\n\n<p>\u2022 Banda do Bocal Queimado \u2013 Rua da Independ\u00eancia, Nova Esperan\u00e7a<\/p>\n\n\n\n<p>\u2022 Bloco dos Infi\u00e9is \u2013 Rua Professor Evangelista Browe, Santo Ant\u00f4nio<\/p>\n\n\n\n<p>\u2022 Banda do Joatan \u2013 Avenida Avalon, Alvorada 2<\/p>\n\n\n\n<p>\u2022 Banda do Piment\u00e3o \u2013 Rua Jardim Bot\u00e2nico com rua Padre Severo, S\u00e3o Jorge<\/p>\n\n\n\n<p>\u2022 Bloco do Vieiralves \u2013 Arena da Amaz\u00f4nia<\/p>\n\n\n\n<p>\u2022 Carnaval do Bloco das Piranhas \u2013 Samb\u00f3dromo de Manaus<\/p>\n\n\n\n<p>16\/2\/2026<\/p>\n\n\n\n<p>\u2022 Banda do Tuf\u00e3o \u2013 Rua Raphael Almeida, 41, N\u00facleo 15, Novo Aleixo<\/p>\n\n\n\n<p>\u2022 Bloco do Aranha \u2013 Rua Ajuricaba, 189, esquina com Av. Visconde de Porto Alegre, Centro<\/p>\n\n\n\n<p>\u2022 Imp\u00e9rio do Mau\u00e1 \u2013 Av. Arica s\/n\u00ba, em frente \u00e0 Super Neto Panificadora, Mauazinho<\/p>\n\n\n\n<p>\u2022 Banda Amigos da Rua Barcelos \u2013 Avenida Barcelos, rua da TV Encontro das \u00c1guas, Centro<\/p>\n\n\n\n<p>\u2022 Bloco Dale Ficci\u00f3n Caliente \u2013 Rua Jonathas Pedrosa, ao lado do Curupira M\u00e3e do Mato, Centro<\/p>\n\n\n\n<p>\u2022 Banda Vit\u00f3ria do Morro da P \u2013 14 de Janeiro \u2013 Rua Em\u00edlio Moreira, em frente \u00e0 quadra da Vit\u00f3ria R\u00e9gia, Pra\u00e7a 14 de Janeiro<\/p>\n\n\n\n<p>\u2022 Banda da 5 \u2013 Rua 5 de Setembro, 574, S\u00e3o Raimundo<\/p>\n\n\n\n<p>\u2022 Bloco do Caldeira \u2013 Rua Jos\u00e9 Clemente, Centro<\/p>\n\n\n\n<p>\u2022 Bloco das Cabritas \u2013 Rua J. O. Callaghan, S\u00e3o Jorge<\/p>\n\n\n\n<p>\u2022 Banda do Gigante \u2013 Rua Eng. Villar Fiuza da C\u00e2mara, S\u00e3o Jos\u00e9 Oper\u00e1rio I<\/p>\n\n\n\n<p>17\/2\/2026<\/p>\n\n\n\n<p>\u2022 Bloco das Bundas Incubadas da Boca do Emboca \u2013 Rua Universal, 30, Educandos<\/p>\n\n\n\n<p>\u2022 Banda da Caxuxa \u2013 Avenida Parintins, esquina com a Borba, Cachoeirinha<\/p>\n\n\n\n<p>\u2022 Carna Central \u2013 Rua Igarap\u00e9 de Manaus, Centro<\/p>\n\n\n\n<p>\u2022 Banda Carnavalesca das Caboca\u2019s \u2013 Rua Gualter Batista, s\/n\u00ba, Petr\u00f3polis<\/p>\n\n\n\n<p>\u2022 Banda Baratas na Folia \u2013 Rua Magalh\u00e3es Barata, Bet\u00e2nia<\/p>\n\n\n\n<p>\u2022 Banda do Toba \u2013 Rua Afonso Pena, Pra\u00e7a 14 de Janeiro<\/p>\n\n\n\n<p>\u2022 Bloco do Frei \u2013 Rua Bernardo Ramos, Centro, em frente ao Cassina<\/p>\n\n\n\n<p>\u2022 Carnafolia da Col\u00f4nia Ant\u00f4nio Aleixo \u2013 Rua Padre Mario, Campo de Futebol 11 de Maio, Col\u00f4nia Ant\u00f4nio Aleixo<\/p>\n\n\n\n<p>\u2022 Bloco das Virgens do Grande Vit\u00f3ria \u2013 Rua Para\u00edso, 234, Grande Vit\u00f3ria<\/p>\n\n\n\n<p>\u2022 Banda das Cabritas \u2013 Rua Jardim Bot\u00e2nico, S\u00e3o Jorge<\/p>\n\n\n\n<p>\u2022 Banda do Copo Cheio \u2013 Rua Cremona, 320, Alvorada 2<\/p>\n\n\n\n<p>\u2022 Bloco Siri Quer Pau \u2013 Parque Rio Negro, avenida Beira Mar, S\u00e3o Raimundo<\/p>\n\n\n\n<p>\u2022 25\u00aa Banda da Sarita \u2013 Avenida Nossa Senhora de F\u00e1tima, Cidade de Deus<\/p>\n\n\n\n<p>\u2022 Bloco do Net\u00e3o \u2013 Rua Edmundo Soares, 07, S\u00e3o Jos\u00e9 Oper\u00e1rio<\/p>\n\n\n\n<p>\u2022 Bloco Carnavalesco Galo de Manaus \u2013 Samb\u00f3dromo de Manaus<\/p>\n\n\n\n<p>\u2022 Bloco do P10 \u2013 Estacionamento da universidade Nilton Lins<\/p>\n\n\n\n<p>18\/2\/2026<\/p>\n\n\n\n<p>\u2022 Banda Mama Nen\u00e9m \u2013 Rua Ambr\u00f3sio Aires, 407, S\u00e3o Jorge<\/p>\n\n\n\n<p>21\/2\/2026<\/p>\n\n\n\n<p>\u2022 Banda do Pez\u00e3o \u2013 Rua Jo\u00e3o Liberal, 48, conjunto Riacho Doce, Cidade Nova 1<\/p>\n\n\n\n<p>\u2022 Bloco Folia do Japiim 1 \u2013 Rua Afr\u00e2nio de Castro, Japiim 1<\/p>\n\n\n\n<p>\u2022 Banda Fla Jorge \u2013 Rua Dr. Edson Estanislau Alfonso<\/p>\n\n\n\n<p>\u2022 Bloco Amigos da Av. Aracy \u2013 Rua Pa\u00e7o Real, Japiim 1<\/p>\n\n\n\n<p>\u2022 Banda do Ovo Azul \u2013 Avenida Ipixuna, Prosamim Mestre Chico 1, Cachoeirinha<\/p>\n\n\n\n<p>\u2022 7\u00aa Banda da Castelo Branco \u2013 Rua Jos\u00e9 Joaquim Neves, Compensa 2<\/p>\n\n\n\n<p>\u2022 Bloco da Humildade \u2013 Rua das \u00c1guas, Viver Melhor 2<\/p>\n\n\n\n<p>\u2022 Banda Bizorgay \u2013 Avenida Francisca Mendes, conjunto Canaranas, Cidade Nova<\/p>\n\n\n\n<p>\u2022 Banda S\u00f3 Fuleiros \u2013 Rua Brand\u00e3o de Amorim, 31, Cidade Nova 2<\/p>\n\n\n\n<p>\u2022 Banda do Grande Vit\u00f3ria \u2013 Rua dos A\u00e7aizeiros, Grande Vit\u00f3ria<\/p>\n\n\n\n<p>\u2022 Carnaval de Educandos \u2013 Rua Inoc\u00eancio de Ara\u00fajo com avenida Rio Negro (21 e 22\/2)<\/p>\n\n\n\n<p>22\/2\/2026<\/p>\n\n\n\n<p>\u2022 Banda do Galhardo \u2013 Rua Jardim Bot\u00e2nico, S\u00e3o Jorge<\/p>\n\n\n\n<p>\u2022 Banda do Kibarato \u2013 Rua Edmundo Soares, S\u00e3o Jos\u00e9 2<\/p>\n\n\n\n<p>\u2022 Bloco da Gigi \u2013 Rua Souza Bandeira, pra\u00e7a das Pontes<\/p>\n\n\n\n<p>28\/2\/2026<\/p>\n\n\n\n<p>\u2022 Banda de Carnaval Juventude Ativa \u2013 Avenida Beira Rio, Coroado 3<\/p>\n\n\n\n<p>\u2022 Banda da Ang\u00e9lica \u2013 Rua da Paci\u00eancia, Educandos<\/p>\n\n\n\n<p>\u2022 Banda Folia do \u00c1guia \u2013 Rua Tocantin\u00f3polis, 277, Grande Vit\u00f3ria<\/p>\n\n\n\n<p>\u2022 Bloco da Anaconda \u2013 Rua 16 de Agosto, Cidade Nova<\/p>\n\n\n\n<p>\u2022 Banda da Sereia \u2013 Rua Raul de Azevedo, 230, Santo Ant\u00f4nio<\/p>\n\n\n\n<p>\u2022 Banda do Ded\u00e9 e a Barca do Pirigaio \u2013 Avenida&nbsp;Itaite, s\/n\u00ba, Novo Aleixo<\/p>\n\n\n\n<p>\u2022 Bloco das Poderosas \u2013 Rua Boa Esperan\u00e7a com rua S\u00e3o Pedro, Crespo<\/p>\n\n\n\n<p>\u2022 Bloco do Feij\u00e3o \u2013 Rua Piratini, Zumbi dos Palmares 3<\/p>\n\n\n\n<p>\u2022 Banda da Get\u00falio \u2013 Avenida Get\u00falio Vargas, Col\u00f4nia Ant\u00f4nio Aleixo<\/p>\n\n\n\n<p>\u2022 Banda das Virgens \u2013 Rua Vicente Torres Reis com Rua Dom Jo\u00e3o de Souza Lima, S\u00e3o Jorge<\/p>\n\n\n\n<p>1\u00ba\/3\/2026<\/p>\n\n\n\n<p>\u2022 Banda do King \u2013 Rua Jardim Bot\u00e2nico, 287, S\u00e3o Jorge<\/p>\n\n\n\n<p>7\/3\/2026<\/p>\n\n\n\n<p>\u2022 Bloco dos Fofoqueiros \u2013 Rua Rio Cu\u00edni, S\u00e3o Jos\u00e9 Oper\u00e1rio<\/p>\n\n\n\n<p>\u2022 Amigos da Girassol \u2013 Rua Girassol, 37, Tancredo Neves<\/p>\n\n\n\n<p>\u2022 Bloco Tira Ressaca Vai Que Cola \u2013 Rua Santa In\u00eas, 79, Zumbi dos Palmares 2<\/p>\n\n\n\n<p>\u2022 Banda da Tia C\u00e9lia \u2013 Rua Nossa Senhora da Concei\u00e7\u00e3o, Cidade de Deus<\/p>\n\n\n\n<p>\u2022 Bloco do Alfred\u00e3o \u2013 Avenida Omar Aziz, Alfredo Nascimento<\/p>\n\n\n\n<p>8\/3\/2026<\/p>\n\n\n\n<p>\u2022 Banda do Fuxico \u2013 Rua Alice Salermo, Vila da Prata<\/p>\n\n\n\n<p>13\/3\/2026<\/p>\n\n\n\n<p>\u2022 Bloco dos Estudantes \u2013 Est\u00e1gio N\u00e3o \u00e9 Trote! \u2013 Estacionamento da FCA\/Ufam<\/p>\n\n\n\n<p>14\/3\/2026<\/p>\n\n\n\n<p>\u2022 Bloco do Mal\u00e1ria \u2013 Rua Manduri (antiga rua Chico Mendes), Zumbi dos Palmares 2<\/p>\n\n\n\n<p>\u2022 Banda da Rua Santa Isabel \u2013 Rua Rub\u00eddio, Vila da Prata<\/p>\n\n\n\n<p>21\/3\/2026<\/p>\n\n\n\n<p>\u2022 Bloco dos Paus Moles \u2013 Rua Irm\u00e3 Creusza Coelho, Zumbi dos Palmares 2<\/p>\n\n\n\n<p>\u2022 Bloco do Capim Cheiroso \u2013 Avenida Rio Negro, Mauazinho<\/p>\n\n\n\n<p>\u2022 Bloco Legion\u00e1rios na Folia \u2013 Rua Dr. Pegoraro, Zumbi 1<\/p>\n\n\n\n<p>\u2022 Bloco dos Sapecas \u2013 Rua Can\u00e1rio, 77, Cidade de Deus<\/p>\n\n\n\n<p>22\/3\/2026<\/p>\n\n\n\n<p>\u2022 Bloco Cala Boca e Chupa Logo \u2013 Rua Piratini, Zumbi dos Palmares<\/p>\n\n\n\n<p>28\/3\/2026<\/p>\n\n\n\n<p>\u2022 Potaqueparius Eu Vou \u2013 Rua Alecrim com rua Erva Doce, Jo\u00e3o Paulo 2<\/p>\n\n\n\n<p>\u2022 Bloco Amigos do Puraquequara \u2013 Rua 3, Puraquequara<\/p>\n\n\n\n<p>\u2022 Bloco Tira Ressaca Rosas da Noite \u2013 Rua Atl\u00e9tico Paranaense, Cidade de Deus<\/p>\n\n\n\n<p>29\/3\/2026<\/p>\n\n\n\n<p>\u2022 Bloco Amigos do DZ9 \u2013 Rua Castro Alves, s\/n\u00ba, Armando Mendes<\/p>\n\n\n\n<p>&#8212; &#8212; &#8212;<\/p>\n\n\n\n<p><strong>Texto&nbsp;<\/strong>&#8211; J\u00e9ssica Trajano\/ManausCult<\/p>\n","protected":false},"excerpt":{"rendered":"","protected":false},"author":23,"featured_media":251838,"comment_status":"closed","ping_status":"closed","sticky":false,"template":"","format":"standard","meta":{"footnotes":""},"categories":[5],"tags":[511,868,12668,17827,307,77],"acf":[],"yoast_head":"<!-- This site is optimized with the Yoast SEO plugin v23.0 - https:\/\/yoast.com\/wordpress\/plugins\/seo\/ -->\n<title>Prefeitura de Manaus divulga calend\u00e1rio oficial das bandas e blocos do Carnaval 2026<\/title>\n<meta name=\"description\" content=\"A Prefeitura de Manaus, por meio da Funda\u00e7\u00e3o Municipal de Cultura, Turismo e Eventos (ManausCult), anunciou o calend\u00e1rio oficial das bandas e blocos de rua que integram a programa\u00e7\u00e3o do Carnaval 2026, refor\u00e7ando o compromisso com a valoriza\u00e7\u00e3o da cultura popular e o fortalecimento da economia criativa na capital amazonense.\" \/>\n<meta name=\"robots\" content=\"index, follow, max-snippet:-1, max-image-preview:large, max-video-preview:-1\" \/>\n<link rel=\"canonical\" href=\"https:\/\/www.manaus.am.gov.br\/semcom\/prefeitura-calendario-carnaval2026\/\" \/>\n<meta property=\"og:locale\" content=\"pt_BR\" \/>\n<meta property=\"og:type\" content=\"article\" \/>\n<meta property=\"og:title\" content=\"Prefeitura de Manaus divulga calend\u00e1rio oficial das bandas e blocos do Carnaval 2026\" \/>\n<meta property=\"og:description\" content=\"A Prefeitura de Manaus, por meio da Funda\u00e7\u00e3o Municipal de Cultura, Turismo e Eventos (ManausCult), anunciou o calend\u00e1rio oficial das bandas e blocos de rua que integram a programa\u00e7\u00e3o do Carnaval 2026, refor\u00e7ando o compromisso com a valoriza\u00e7\u00e3o da cultura popular e o fortalecimento da economia criativa na capital amazonense.\" \/>\n<meta property=\"og:url\" content=\"https:\/\/www.manaus.am.gov.br\/semcom\/prefeitura-calendario-carnaval2026\/\" \/>\n<meta property=\"og:site_name\" content=\"SEMCOM\" \/>\n<meta property=\"article:published_time\" content=\"2026-01-28T17:02:55+00:00\" \/>\n<meta property=\"article:modified_time\" content=\"2026-01-29T16:30:36+00:00\" \/>\n<meta property=\"og:image\" content=\"https:\/\/www.manaus.am.gov.br\/semcom\/wp-content\/uploads\/sites\/5\/2026\/01\/Carnaval-de-Rua.jpeg\" \/>\n\t<meta property=\"og:image:width\" content=\"1536\" \/>\n\t<meta property=\"og:image:height\" content=\"1023\" \/>\n\t<meta property=\"og:image:type\" content=\"image\/jpeg\" \/>\n<meta name=\"author\" content=\"Adriana Costa\" \/>\n<meta name=\"twitter:card\" content=\"summary_large_image\" \/>\n<meta name=\"twitter:label1\" content=\"Written by\" \/>\n\t<meta name=\"twitter:data1\" content=\"Adriana Costa\" \/>\n\t<meta name=\"twitter:label2\" content=\"Est. reading time\" \/>\n\t<meta name=\"twitter:data2\" content=\"9 minutos\" \/>\n<script type=\"application\/ld+json\" class=\"yoast-schema-graph\">{\"@context\":\"https:\/\/schema.org\",\"@graph\":[{\"@type\":\"WebPage\",\"@id\":\"https:\/\/www.manaus.am.gov.br\/semcom\/prefeitura-calendario-carnaval2026\/\",\"url\":\"https:\/\/www.manaus.am.gov.br\/semcom\/prefeitura-calendario-carnaval2026\/\",\"name\":\"Prefeitura de Manaus divulga calend\u00e1rio oficial das bandas e blocos do Carnaval 2026\",\"isPartOf\":{\"@id\":\"https:\/\/www.manaus.am.gov.br\/semcom\/#website\"},\"primaryImageOfPage\":{\"@id\":\"https:\/\/www.manaus.am.gov.br\/semcom\/prefeitura-calendario-carnaval2026\/#primaryimage\"},\"image\":{\"@id\":\"https:\/\/www.manaus.am.gov.br\/semcom\/prefeitura-calendario-carnaval2026\/#primaryimage\"},\"thumbnailUrl\":\"https:\/\/www.manaus.am.gov.br\/semcom\/wp-content\/uploads\/sites\/5\/2026\/01\/Carnaval-de-Rua.jpeg\",\"datePublished\":\"2026-01-28T17:02:55+00:00\",\"dateModified\":\"2026-01-29T16:30:36+00:00\",\"author\":{\"@id\":\"https:\/\/www.manaus.am.gov.br\/semcom\/#\/schema\/person\/4e49f4e267757a06ca072ec61b2b9968\"},\"description\":\"A Prefeitura de Manaus, por meio da Funda\u00e7\u00e3o Municipal de Cultura, Turismo e Eventos (ManausCult), anunciou o calend\u00e1rio oficial das bandas e blocos de rua que integram a programa\u00e7\u00e3o do Carnaval 2026, refor\u00e7ando o compromisso com a valoriza\u00e7\u00e3o da cultura popular e o fortalecimento da economia criativa na capital amazonense.\",\"inLanguage\":\"pt-BR\",\"potentialAction\":[{\"@type\":\"ReadAction\",\"target\":[\"https:\/\/www.manaus.am.gov.br\/semcom\/prefeitura-calendario-carnaval2026\/\"]}]},{\"@type\":\"ImageObject\",\"inLanguage\":\"pt-BR\",\"@id\":\"https:\/\/www.manaus.am.gov.br\/semcom\/prefeitura-calendario-carnaval2026\/#primaryimage\",\"url\":\"https:\/\/www.manaus.am.gov.br\/semcom\/wp-content\/uploads\/sites\/5\/2026\/01\/Carnaval-de-Rua.jpeg\",\"contentUrl\":\"https:\/\/www.manaus.am.gov.br\/semcom\/wp-content\/uploads\/sites\/5\/2026\/01\/Carnaval-de-Rua.jpeg\",\"width\":1536,\"height\":1023,\"caption\":\"#paratodosverem - Foli\u00f5es em Carnaval de Rua de Manaus\"},{\"@type\":\"WebSite\",\"@id\":\"https:\/\/www.manaus.am.gov.br\/semcom\/#website\",\"url\":\"https:\/\/www.manaus.am.gov.br\/semcom\/\",\"name\":\"SEMCOM\",\"description\":\"Secretaria Municipal de Comunica\u00e7\u00e3o\",\"potentialAction\":[{\"@type\":\"SearchAction\",\"target\":{\"@type\":\"EntryPoint\",\"urlTemplate\":\"https:\/\/www.manaus.am.gov.br\/semcom\/?s={search_term_string}\"},\"query-input\":\"required name=search_term_string\"}],\"inLanguage\":\"pt-BR\"},{\"@type\":\"Person\",\"@id\":\"https:\/\/www.manaus.am.gov.br\/semcom\/#\/schema\/person\/4e49f4e267757a06ca072ec61b2b9968\",\"name\":\"Adriana Costa\",\"image\":{\"@type\":\"ImageObject\",\"inLanguage\":\"pt-BR\",\"@id\":\"https:\/\/www.manaus.am.gov.br\/semcom\/#\/schema\/person\/image\/\",\"url\":\"https:\/\/secure.gravatar.com\/avatar\/576258617ef7194f718179e766d57bd4?s=96&d=mm&r=g\",\"contentUrl\":\"https:\/\/secure.gravatar.com\/avatar\/576258617ef7194f718179e766d57bd4?s=96&d=mm&r=g\",\"caption\":\"Adriana Costa\"}}]}<\/script>\n<!-- \/ Yoast SEO plugin. -->","yoast_head_json":{"title":"Prefeitura de Manaus divulga calend\u00e1rio oficial das bandas e blocos do Carnaval 2026","description":"A Prefeitura de Manaus, por meio da Funda\u00e7\u00e3o Municipal de Cultura, Turismo e Eventos (ManausCult), anunciou o calend\u00e1rio oficial das bandas e blocos de rua que integram a programa\u00e7\u00e3o do Carnaval 2026, refor\u00e7ando o compromisso com a valoriza\u00e7\u00e3o da cultura popular e o fortalecimento da economia criativa na capital amazonense.","robots":{"index":"index","follow":"follow","max-snippet":"max-snippet:-1","max-image-preview":"max-image-preview:large","max-video-preview":"max-video-preview:-1"},"canonical":"https:\/\/www.manaus.am.gov.br\/semcom\/prefeitura-calendario-carnaval2026\/","og_locale":"pt_BR","og_type":"article","og_title":"Prefeitura de Manaus divulga calend\u00e1rio oficial das bandas e blocos do Carnaval 2026","og_description":"A Prefeitura de Manaus, por meio da Funda\u00e7\u00e3o Municipal de Cultura, Turismo e Eventos (ManausCult), anunciou o calend\u00e1rio oficial das bandas e blocos de rua que integram a programa\u00e7\u00e3o do Carnaval 2026, refor\u00e7ando o compromisso com a valoriza\u00e7\u00e3o da cultura popular e o fortalecimento da economia criativa na capital amazonense.","og_url":"https:\/\/www.manaus.am.gov.br\/semcom\/prefeitura-calendario-carnaval2026\/","og_site_name":"SEMCOM","article_published_time":"2026-01-28T17:02:55+00:00","article_modified_time":"2026-01-29T16:30:36+00:00","og_image":[{"width":1536,"height":1023,"url":"https:\/\/www.manaus.am.gov.br\/semcom\/wp-content\/uploads\/sites\/5\/2026\/01\/Carnaval-de-Rua.jpeg","type":"image\/jpeg"}],"author":"Adriana Costa","twitter_card":"summary_large_image","twitter_misc":{"Written by":"Adriana Costa","Est. reading time":"9 minutos"},"schema":{"@context":"https:\/\/schema.org","@graph":[{"@type":"WebPage","@id":"https:\/\/www.manaus.am.gov.br\/semcom\/prefeitura-calendario-carnaval2026\/","url":"https:\/\/www.manaus.am.gov.br\/semcom\/prefeitura-calendario-carnaval2026\/","name":"Prefeitura de Manaus divulga calend\u00e1rio oficial das bandas e blocos do Carnaval 2026","isPartOf":{"@id":"https:\/\/www.manaus.am.gov.br\/semcom\/#website"},"primaryImageOfPage":{"@id":"https:\/\/www.manaus.am.gov.br\/semcom\/prefeitura-calendario-carnaval2026\/#primaryimage"},"image":{"@id":"https:\/\/www.manaus.am.gov.br\/semcom\/prefeitura-calendario-carnaval2026\/#primaryimage"},"thumbnailUrl":"https:\/\/www.manaus.am.gov.br\/semcom\/wp-content\/uploads\/sites\/5\/2026\/01\/Carnaval-de-Rua.jpeg","datePublished":"2026-01-28T17:02:55+00:00","dateModified":"2026-01-29T16:30:36+00:00","author":{"@id":"https:\/\/www.manaus.am.gov.br\/semcom\/#\/schema\/person\/4e49f4e267757a06ca072ec61b2b9968"},"description":"A Prefeitura de Manaus, por meio da Funda\u00e7\u00e3o Municipal de Cultura, Turismo e Eventos (ManausCult), anunciou o calend\u00e1rio oficial das bandas e blocos de rua que integram a programa\u00e7\u00e3o do Carnaval 2026, refor\u00e7ando o compromisso com a valoriza\u00e7\u00e3o da cultura popular e o fortalecimento da economia criativa na capital amazonense.","inLanguage":"pt-BR","potentialAction":[{"@type":"ReadAction","target":["https:\/\/www.manaus.am.gov.br\/semcom\/prefeitura-calendario-carnaval2026\/"]}]},{"@type":"ImageObject","inLanguage":"pt-BR","@id":"https:\/\/www.manaus.am.gov.br\/semcom\/prefeitura-calendario-carnaval2026\/#primaryimage","url":"https:\/\/www.manaus.am.gov.br\/semcom\/wp-content\/uploads\/sites\/5\/2026\/01\/Carnaval-de-Rua.jpeg","contentUrl":"https:\/\/www.manaus.am.gov.br\/semcom\/wp-content\/uploads\/sites\/5\/2026\/01\/Carnaval-de-Rua.jpeg","width":1536,"height":1023,"caption":"#paratodosverem - Foli\u00f5es em Carnaval de Rua de Manaus"},{"@type":"WebSite","@id":"https:\/\/www.manaus.am.gov.br\/semcom\/#website","url":"https:\/\/www.manaus.am.gov.br\/semcom\/","name":"SEMCOM","description":"Secretaria Municipal de Comunica\u00e7\u00e3o","potentialAction":[{"@type":"SearchAction","target":{"@type":"EntryPoint","urlTemplate":"https:\/\/www.manaus.am.gov.br\/semcom\/?s={search_term_string}"},"query-input":"required name=search_term_string"}],"inLanguage":"pt-BR"},{"@type":"Person","@id":"https:\/\/www.manaus.am.gov.br\/semcom\/#\/schema\/person\/4e49f4e267757a06ca072ec61b2b9968","name":"Adriana Costa","image":{"@type":"ImageObject","inLanguage":"pt-BR","@id":"https:\/\/www.manaus.am.gov.br\/semcom\/#\/schema\/person\/image\/","url":"https:\/\/secure.gravatar.com\/avatar\/576258617ef7194f718179e766d57bd4?s=96&d=mm&r=g","contentUrl":"https:\/\/secure.gravatar.com\/avatar\/576258617ef7194f718179e766d57bd4?s=96&d=mm&r=g","caption":"Adriana Costa"}}]}},"_links":{"self":[{"href":"https:\/\/www.manaus.am.gov.br\/semcom\/wp-json\/wp\/v2\/posts\/251837"}],"collection":[{"href":"https:\/\/www.manaus.am.gov.br\/semcom\/wp-json\/wp\/v2\/posts"}],"about":[{"href":"https:\/\/www.manaus.am.gov.br\/semcom\/wp-json\/wp\/v2\/types\/post"}],"author":[{"embeddable":true,"href":"https:\/\/www.manaus.am.gov.br\/semcom\/wp-json\/wp\/v2\/users\/23"}],"replies":[{"embeddable":true,"href":"https:\/\/www.manaus.am.gov.br\/semcom\/wp-json\/wp\/v2\/comments?post=251837"}],"version-history":[{"count":1,"href":"https:\/\/www.manaus.am.gov.br\/semcom\/wp-json\/wp\/v2\/posts\/251837\/revisions"}],"predecessor-version":[{"id":251898,"href":"https:\/\/www.manaus.am.gov.br\/semcom\/wp-json\/wp\/v2\/posts\/251837\/revisions\/251898"}],"wp:featuredmedia":[{"embeddable":true,"href":"https:\/\/www.manaus.am.gov.br\/semcom\/wp-json\/wp\/v2\/media\/251838"}],"wp:attachment":[{"href":"https:\/\/www.manaus.am.gov.br\/semcom\/wp-json\/wp\/v2\/media?parent=251837"}],"wp:term":[{"taxonomy":"category","embeddable":true,"href":"https:\/\/www.manaus.am.gov.br\/semcom\/wp-json\/wp\/v2\/categories?post=251837"},{"taxonomy":"post_tag","embeddable":true,"href":"https:\/\/www.manaus.am.gov.br\/semcom\/wp-json\/wp\/v2\/tags?post=251837"}],"curies":[{"name":"wp","href":"https:\/\/api.w.org\/{rel}","templated":true}]}}