{"id":251788,"date":"2026-01-28T09:27:21","date_gmt":"2026-01-28T13:27:21","guid":{"rendered":"https:\/\/www.manaus.am.gov.br\/semcom\/hanseniase-questionario-de-suspeicao\/"},"modified":"2026-01-28T10:49:06","modified_gmt":"2026-01-28T13:49:06","slug":"hanseniase-questionario-de-suspeicao","status":"publish","type":"post","link":"https:\/\/www.manaus.am.gov.br\/semcom\/hanseniase-questionario-de-suspeicao\/","title":{"rendered":"Prefeitura de Manaus fortalece diagn\u00f3stico precoce da hansen\u00edase usando Question\u00e1rio de Suspei\u00e7\u00e3o"},"content":{"rendered":"\n<p>O diagn\u00f3stico precoce da hansen\u00edase \u00e9 um dos principais objetivos das equipes da rede de aten\u00e7\u00e3o prim\u00e1ria \u00e0 sa\u00fade para o controle dessa doen\u00e7a milenar ainda cercada por preconceitos. Dentre os instrumentos que a <a href=\"https:\/\/www.instagram.com\/prefeiturademanaus\/\">Prefeitura de Manau<\/a>s utiliza para identificar a infec\u00e7\u00e3o em tempo oportuno, est\u00e1 o Question\u00e1rio de Suspei\u00e7\u00e3o de Hansen\u00edase (QSH), ferramenta que a <a href=\"https:\/\/www.manaus.am.gov.br\/\">Secretaria Municipal de Sa\u00fade (Semsa) <\/a>utiliza desde 2022 e que tem se mostrado fundamental para identificar casos de hansen\u00edase no munic\u00edpio.<\/p>\n\n\n\n<p>Reunindo perguntas quest\u00f5es que abordam sobre sinais neurol\u00f3gicos e dermatol\u00f3gicos precoces relacionados a doen\u00e7a, a ferramenta \u00e9 aplicada de forma rotineira pelas equipes nas unidades de sa\u00fade, em escolas e nos bairros da capital pelos Agentes Comunit\u00e1rios de Sa\u00fade (ACSs) e ganha refor\u00e7o na campanha Janeiro Roxo.<\/p>\n\n\n\n<p>A chefe do N\u00facleo de Controle da Hansen\u00edase (Nuhan\/Semsa), enfermeira Ana&nbsp;Cristina Malveira, assinala a fun\u00e7\u00e3o estrat\u00e9gica do QSH na identifica\u00e7\u00e3o precoce de casos da doen\u00e7a, uma vez que esse instrumento permite que sinais e sintomas iniciais, que podem passar despercebidos, sejam avaliados. Se a doen\u00e7a \u00e9 confirmada, o tratamento \u00e9 logo iniciado.<\/p>\n\n\n\n<p>\u201cO fator tempo \u00e9 fundamental no tratamento da hansen\u00edase. Quando a doen\u00e7a \u00e9 identificada rapidamente, a pessoa j\u00e1 pode come\u00e7ar o tratamento, o que j\u00e1 quebra o seu ciclo de transmiss\u00e3o. Outro aspecto importante \u00e9 que o tratamento em tempo oportuno evita o surgimento de les\u00f5es que s\u00e3o irrevers\u00edveis, e que al\u00e9m do impacto na sa\u00fade f\u00edsica, representam um preju\u00edzo emocional e na vida social dos pacientes. Nesse contexto, o QSH viabiliza um fluxo fundamental para a cura do usu\u00e1rio\u201d, assinala a enfermeira.<\/p>\n\n\n\n<p>Segundo Ana&nbsp;Cristina Malveira, o instrumento, que foi adotado pela Semsa em 2022, j\u00e1 permitiu que de um total 170 casos considerados suspeitos, 22 fossem confirmados.<\/p>\n\n\n\n<p>\u201cA aplica\u00e7\u00e3o do question\u00e1rio segue crit\u00e9rios t\u00e9cnicos definidos pela vigil\u00e2ncia em sa\u00fade. Ele \u00e9 direcionado principalmente a pessoas que apresentam sinais e sintomas sugestivos de hansen\u00edase, como manchas claras, avermelhadas ou amarronzadas na pele com perda de sensibilidade, dorm\u00eancias, formigamentos, fraqueza em m\u00e3os e p\u00e9s, al\u00e9m de hist\u00f3rico de contato pr\u00f3ximo com casos confirmados da doen\u00e7a\u201d, explica a enfermeira.<\/p>\n\n\n\n<p>O QSH tamb\u00e9m \u00e9 aplicado em grupos populacionais considerados de maior risco, como moradores de \u00e1reas com maior vulnerabilidade social, pessoas que vivem em domic\u00edlios com aglomera\u00e7\u00e3o, e indiv\u00edduos atendidos em servi\u00e7os de sa\u00fade por queixas dermatoneurol\u00f3gicas inespec\u00edficas. O objetivo \u00e9 identificar precocemente quem precisa de avalia\u00e7\u00e3o cl\u00ednica detalhada e encaminhamento oportuno para diagn\u00f3stico e tratamento.<\/p>\n\n\n\n<p>A defini\u00e7\u00e3o das \u00e1reas e bairros onde o question\u00e1rio \u00e9 aplicado se baseia em crit\u00e9rios epidemiol\u00f3gicos e territoriais. S\u00e3o priorizados locais com hist\u00f3rico recente de casos de hansen\u00edase, altas taxas de detec\u00e7\u00e3o, presen\u00e7a de casos em menores de 15 anos, ocorr\u00eancia de casos com grau 2 de incapacidade no diagn\u00f3stico e registros de abandono de tratamento.&nbsp;<\/p>\n\n\n\n<p>Indicadores sociais, como maior densidade populacional, condi\u00e7\u00f5es prec\u00e1rias de moradia e dificuldade de acesso aos servi\u00e7os de sa\u00fade, tamb\u00e9m s\u00e3o considerados. A partir da an\u00e1lise desses dados, a vigil\u00e2ncia em sa\u00fade e as equipes da aten\u00e7\u00e3o b\u00e1sica organizam a\u00e7\u00f5es de busca ativa em territ\u00f3rios priorit\u00e1rios como feiras, escolas, unidades de sa\u00fade e eventos comunit\u00e1rios.<\/p>\n\n\n\n<p><strong>Sinais e sintomas<\/strong><\/p>\n\n\n\n<p>Devido \u00e0 evolu\u00e7\u00e3o lenta da infec\u00e7\u00e3o causada pelo&nbsp;<em>Mycobacterium leprae<\/em>, o diagn\u00f3stico precoce da hansen\u00edase \u00e9 considerado um grande desafio. A doen\u00e7a apresenta um longo per\u00edodo de incuba\u00e7\u00e3o, variando geralmente entre dois e sete anos, da\u00ed a relev\u00e2ncia da detec\u00e7\u00e3o de sinais e sintomas em tempo oportuno para barrar a transmiss\u00e3o e viabilizar a cura.<\/p>\n\n\n\n<p>A infec\u00e7\u00e3o pode se manifestar por meio de manchas claras, avermelhadas ou amarronzadas na pele, geralmente com perda de sensibilidade ao toque, ao calor ou \u00e0 dor, al\u00e9m de formigamentos, dorm\u00eancias e fraqueza em m\u00e3os e p\u00e9s.<\/p>\n\n\n\n<p>Muitas pessoas podem conviver com esses sinais por meses ou at\u00e9 anos sem saber que se trata de hansen\u00edase, o que pode gerar atraso no in\u00edcio do tratamento, o que por sua vez aumenta o risco de incapacidades f\u00edsicas permanentes.<\/p>\n\n\n\n<p>\u201cCada question\u00e1rio aplicado representa uma oportunidade de interromper a cadeia de transmiss\u00e3o, proteger fam\u00edlias inteiras e reduzir o estigma que ainda cerca a doen\u00e7a. Al\u00e9m disso, a detec\u00e7\u00e3o precoce contribui para diminuir custos com tratamentos mais complexos e reabilita\u00e7\u00e3o, fortalecendo a efici\u00eancia do Sistema \u00danico de Sa\u00fade (SUS) e promovendo mais qualidade de vida para a popula\u00e7\u00e3o\u201d, acrescenta Cristina.<\/p>\n\n\n\n<p>A profissional de sa\u00fade acrescenta que a participa\u00e7\u00e3o ativa da comunidade \u00e9 fundamental para mudar o cen\u00e1rio da doen\u00e7a em Manaus. Ao responder ao question\u00e1rio com aten\u00e7\u00e3o e buscar uma unidade de sa\u00fade ao perceber qualquer altera\u00e7\u00e3o na pele ou nos nervos, cada pessoa est\u00e1 dando uma contribui\u00e7\u00e3o fundamental para a sa\u00fade individual e coletiva.<\/p>\n\n\n\n<p>Dados do N\u00facleo de Controle da Hansen\u00edase apontam que em 2025 foram registrados&nbsp;106&nbsp;casos novos da doen\u00e7a na capital. Desse total, 10 casos est\u00e3o relacionados a pessoas menores de 15 anos, mostrando que a transmiss\u00e3o nos grupos familiares e pessoas pr\u00f3ximas \u00e9 um fator determinante na dissemina\u00e7\u00e3o da infec\u00e7\u00e3o.<\/p>\n\n\n\n<figure class=\"wp-block-image size-large\"><img loading=\"lazy\" decoding=\"async\" width=\"1024\" height=\"762\" src=\"https:\/\/www.manaus.am.gov.br\/semcom\/wp-content\/uploads\/sites\/5\/2026\/01\/Janeiro-Roxo-QSH-1-1024x762.jpeg\" alt=\"\" class=\"wp-image-251790\" srcset=\"https:\/\/www.manaus.am.gov.br\/semcom\/wp-content\/uploads\/sites\/5\/2026\/01\/Janeiro-Roxo-QSH-1-1024x762.jpeg 1024w, https:\/\/www.manaus.am.gov.br\/semcom\/wp-content\/uploads\/sites\/5\/2026\/01\/Janeiro-Roxo-QSH-1-300x223.jpeg 300w, https:\/\/www.manaus.am.gov.br\/semcom\/wp-content\/uploads\/sites\/5\/2026\/01\/Janeiro-Roxo-QSH-1-768x572.jpeg 768w, https:\/\/www.manaus.am.gov.br\/semcom\/wp-content\/uploads\/sites\/5\/2026\/01\/Janeiro-Roxo-QSH-1.jpeg 1468w\" sizes=\"(max-width: 1024px) 100vw, 1024px\" \/><figcaption class=\"wp-element-caption\">#paratodosverem &#8211; Atendimento<\/figcaption><\/figure>\n\n\n\n<p><strong>&#8212; &#8212; &#8212;&nbsp;<\/strong><\/p>\n\n\n\n<p><strong>Texto &#8211;<\/strong>&nbsp;T\u00e2nia Brand\u00e3o\/Semsa<\/p>\n\n\n\n<p><strong>Fotos<\/strong> &#8211; Divulga\u00e7\u00e3o\/Semsa<\/p>\n","protected":false},"excerpt":{"rendered":"","protected":false},"author":39,"featured_media":251789,"comment_status":"closed","ping_status":"closed","sticky":false,"template":"","format":"standard","meta":{"footnotes":""},"categories":[170],"tags":[19110,274,77,19111,162],"acf":[],"yoast_head":"<!-- This site is optimized with the Yoast SEO plugin v23.0 - https:\/\/yoast.com\/wordpress\/plugins\/seo\/ -->\n<title>Prefeitura de Manaus fortalece diagn\u00f3stico precoce da hansen\u00edase usando Question\u00e1rio de Suspei\u00e7\u00e3o<\/title>\n<meta name=\"description\" content=\"Prefeitura de Manaus, por meio da Semsa, fortalece diagn\u00f3stico precoce da hansen\u00edase usando Question\u00e1rio de Suspei\u00e7\u00e3o.\" \/>\n<meta name=\"robots\" content=\"index, follow, max-snippet:-1, max-image-preview:large, max-video-preview:-1\" \/>\n<link rel=\"canonical\" href=\"https:\/\/www.manaus.am.gov.br\/semcom\/hanseniase-questionario-de-suspeicao\/\" \/>\n<meta property=\"og:locale\" content=\"pt_BR\" \/>\n<meta property=\"og:type\" content=\"article\" \/>\n<meta property=\"og:title\" content=\"Prefeitura de Manaus fortalece diagn\u00f3stico precoce da hansen\u00edase usando Question\u00e1rio de Suspei\u00e7\u00e3o\" \/>\n<meta property=\"og:description\" content=\"Prefeitura de Manaus, por meio da Semsa, fortalece diagn\u00f3stico precoce da hansen\u00edase usando Question\u00e1rio de Suspei\u00e7\u00e3o.\" \/>\n<meta property=\"og:url\" content=\"https:\/\/www.manaus.am.gov.br\/semcom\/hanseniase-questionario-de-suspeicao\/\" \/>\n<meta property=\"og:site_name\" content=\"SEMCOM\" \/>\n<meta property=\"article:published_time\" content=\"2026-01-28T13:27:21+00:00\" \/>\n<meta property=\"article:modified_time\" content=\"2026-01-28T13:49:06+00:00\" \/>\n<meta property=\"og:image\" content=\"https:\/\/www.manaus.am.gov.br\/semcom\/wp-content\/uploads\/sites\/5\/2026\/01\/Janeiro-Roxo-QSH-5.jpeg\" \/>\n\t<meta property=\"og:image:width\" content=\"1280\" \/>\n\t<meta property=\"og:image:height\" content=\"1266\" \/>\n\t<meta property=\"og:image:type\" content=\"image\/jpeg\" \/>\n<meta name=\"author\" content=\"Bruna Greco\" \/>\n<meta name=\"twitter:card\" content=\"summary_large_image\" \/>\n<meta name=\"twitter:label1\" content=\"Written by\" \/>\n\t<meta name=\"twitter:data1\" content=\"Bruna Greco\" \/>\n\t<meta name=\"twitter:label2\" content=\"Est. reading time\" \/>\n\t<meta name=\"twitter:data2\" content=\"5 minutos\" \/>\n<script type=\"application\/ld+json\" class=\"yoast-schema-graph\">{\"@context\":\"https:\/\/schema.org\",\"@graph\":[{\"@type\":\"WebPage\",\"@id\":\"https:\/\/www.manaus.am.gov.br\/semcom\/hanseniase-questionario-de-suspeicao\/\",\"url\":\"https:\/\/www.manaus.am.gov.br\/semcom\/hanseniase-questionario-de-suspeicao\/\",\"name\":\"Prefeitura de Manaus fortalece diagn\u00f3stico precoce da hansen\u00edase usando Question\u00e1rio de Suspei\u00e7\u00e3o\",\"isPartOf\":{\"@id\":\"https:\/\/www.manaus.am.gov.br\/semcom\/#website\"},\"primaryImageOfPage\":{\"@id\":\"https:\/\/www.manaus.am.gov.br\/semcom\/hanseniase-questionario-de-suspeicao\/#primaryimage\"},\"image\":{\"@id\":\"https:\/\/www.manaus.am.gov.br\/semcom\/hanseniase-questionario-de-suspeicao\/#primaryimage\"},\"thumbnailUrl\":\"https:\/\/www.manaus.am.gov.br\/semcom\/wp-content\/uploads\/sites\/5\/2026\/01\/Janeiro-Roxo-QSH-5.jpeg\",\"datePublished\":\"2026-01-28T13:27:21+00:00\",\"dateModified\":\"2026-01-28T13:49:06+00:00\",\"author\":{\"@id\":\"https:\/\/www.manaus.am.gov.br\/semcom\/#\/schema\/person\/05d223aea2bf115f9883a6ff3683d81b\"},\"description\":\"Prefeitura de Manaus, por meio da Semsa, fortalece diagn\u00f3stico precoce da hansen\u00edase usando Question\u00e1rio de Suspei\u00e7\u00e3o.\",\"inLanguage\":\"pt-BR\",\"potentialAction\":[{\"@type\":\"ReadAction\",\"target\":[\"https:\/\/www.manaus.am.gov.br\/semcom\/hanseniase-questionario-de-suspeicao\/\"]}]},{\"@type\":\"ImageObject\",\"inLanguage\":\"pt-BR\",\"@id\":\"https:\/\/www.manaus.am.gov.br\/semcom\/hanseniase-questionario-de-suspeicao\/#primaryimage\",\"url\":\"https:\/\/www.manaus.am.gov.br\/semcom\/wp-content\/uploads\/sites\/5\/2026\/01\/Janeiro-Roxo-QSH-5.jpeg\",\"contentUrl\":\"https:\/\/www.manaus.am.gov.br\/semcom\/wp-content\/uploads\/sites\/5\/2026\/01\/Janeiro-Roxo-QSH-5.jpeg\",\"width\":1280,\"height\":1266,\"caption\":\"#paratodosverem - Jovem realizando teste para o diagn\u00f3stico precoce para hansen\u00edase\"},{\"@type\":\"WebSite\",\"@id\":\"https:\/\/www.manaus.am.gov.br\/semcom\/#website\",\"url\":\"https:\/\/www.manaus.am.gov.br\/semcom\/\",\"name\":\"SEMCOM\",\"description\":\"Secretaria Municipal de Comunica\u00e7\u00e3o\",\"potentialAction\":[{\"@type\":\"SearchAction\",\"target\":{\"@type\":\"EntryPoint\",\"urlTemplate\":\"https:\/\/www.manaus.am.gov.br\/semcom\/?s={search_term_string}\"},\"query-input\":\"required name=search_term_string\"}],\"inLanguage\":\"pt-BR\"},{\"@type\":\"Person\",\"@id\":\"https:\/\/www.manaus.am.gov.br\/semcom\/#\/schema\/person\/05d223aea2bf115f9883a6ff3683d81b\",\"name\":\"Bruna Greco\",\"image\":{\"@type\":\"ImageObject\",\"inLanguage\":\"pt-BR\",\"@id\":\"https:\/\/www.manaus.am.gov.br\/semcom\/#\/schema\/person\/image\/\",\"url\":\"https:\/\/secure.gravatar.com\/avatar\/9c877d1a6adc2a055330e5c09a8653ce?s=96&d=mm&r=g\",\"contentUrl\":\"https:\/\/secure.gravatar.com\/avatar\/9c877d1a6adc2a055330e5c09a8653ce?s=96&d=mm&r=g\",\"caption\":\"Bruna Greco\"}}]}<\/script>\n<!-- \/ Yoast SEO plugin. -->","yoast_head_json":{"title":"Prefeitura de Manaus fortalece diagn\u00f3stico precoce da hansen\u00edase usando Question\u00e1rio de Suspei\u00e7\u00e3o","description":"Prefeitura de Manaus, por meio da Semsa, fortalece diagn\u00f3stico precoce da hansen\u00edase usando Question\u00e1rio de Suspei\u00e7\u00e3o.","robots":{"index":"index","follow":"follow","max-snippet":"max-snippet:-1","max-image-preview":"max-image-preview:large","max-video-preview":"max-video-preview:-1"},"canonical":"https:\/\/www.manaus.am.gov.br\/semcom\/hanseniase-questionario-de-suspeicao\/","og_locale":"pt_BR","og_type":"article","og_title":"Prefeitura de Manaus fortalece diagn\u00f3stico precoce da hansen\u00edase usando Question\u00e1rio de Suspei\u00e7\u00e3o","og_description":"Prefeitura de Manaus, por meio da Semsa, fortalece diagn\u00f3stico precoce da hansen\u00edase usando Question\u00e1rio de Suspei\u00e7\u00e3o.","og_url":"https:\/\/www.manaus.am.gov.br\/semcom\/hanseniase-questionario-de-suspeicao\/","og_site_name":"SEMCOM","article_published_time":"2026-01-28T13:27:21+00:00","article_modified_time":"2026-01-28T13:49:06+00:00","og_image":[{"width":1280,"height":1266,"url":"https:\/\/www.manaus.am.gov.br\/semcom\/wp-content\/uploads\/sites\/5\/2026\/01\/Janeiro-Roxo-QSH-5.jpeg","type":"image\/jpeg"}],"author":"Bruna Greco","twitter_card":"summary_large_image","twitter_misc":{"Written by":"Bruna Greco","Est. reading time":"5 minutos"},"schema":{"@context":"https:\/\/schema.org","@graph":[{"@type":"WebPage","@id":"https:\/\/www.manaus.am.gov.br\/semcom\/hanseniase-questionario-de-suspeicao\/","url":"https:\/\/www.manaus.am.gov.br\/semcom\/hanseniase-questionario-de-suspeicao\/","name":"Prefeitura de Manaus fortalece diagn\u00f3stico precoce da hansen\u00edase usando Question\u00e1rio de Suspei\u00e7\u00e3o","isPartOf":{"@id":"https:\/\/www.manaus.am.gov.br\/semcom\/#website"},"primaryImageOfPage":{"@id":"https:\/\/www.manaus.am.gov.br\/semcom\/hanseniase-questionario-de-suspeicao\/#primaryimage"},"image":{"@id":"https:\/\/www.manaus.am.gov.br\/semcom\/hanseniase-questionario-de-suspeicao\/#primaryimage"},"thumbnailUrl":"https:\/\/www.manaus.am.gov.br\/semcom\/wp-content\/uploads\/sites\/5\/2026\/01\/Janeiro-Roxo-QSH-5.jpeg","datePublished":"2026-01-28T13:27:21+00:00","dateModified":"2026-01-28T13:49:06+00:00","author":{"@id":"https:\/\/www.manaus.am.gov.br\/semcom\/#\/schema\/person\/05d223aea2bf115f9883a6ff3683d81b"},"description":"Prefeitura de Manaus, por meio da Semsa, fortalece diagn\u00f3stico precoce da hansen\u00edase usando Question\u00e1rio de Suspei\u00e7\u00e3o.","inLanguage":"pt-BR","potentialAction":[{"@type":"ReadAction","target":["https:\/\/www.manaus.am.gov.br\/semcom\/hanseniase-questionario-de-suspeicao\/"]}]},{"@type":"ImageObject","inLanguage":"pt-BR","@id":"https:\/\/www.manaus.am.gov.br\/semcom\/hanseniase-questionario-de-suspeicao\/#primaryimage","url":"https:\/\/www.manaus.am.gov.br\/semcom\/wp-content\/uploads\/sites\/5\/2026\/01\/Janeiro-Roxo-QSH-5.jpeg","contentUrl":"https:\/\/www.manaus.am.gov.br\/semcom\/wp-content\/uploads\/sites\/5\/2026\/01\/Janeiro-Roxo-QSH-5.jpeg","width":1280,"height":1266,"caption":"#paratodosverem - Jovem realizando teste para o diagn\u00f3stico precoce para hansen\u00edase"},{"@type":"WebSite","@id":"https:\/\/www.manaus.am.gov.br\/semcom\/#website","url":"https:\/\/www.manaus.am.gov.br\/semcom\/","name":"SEMCOM","description":"Secretaria Municipal de Comunica\u00e7\u00e3o","potentialAction":[{"@type":"SearchAction","target":{"@type":"EntryPoint","urlTemplate":"https:\/\/www.manaus.am.gov.br\/semcom\/?s={search_term_string}"},"query-input":"required name=search_term_string"}],"inLanguage":"pt-BR"},{"@type":"Person","@id":"https:\/\/www.manaus.am.gov.br\/semcom\/#\/schema\/person\/05d223aea2bf115f9883a6ff3683d81b","name":"Bruna Greco","image":{"@type":"ImageObject","inLanguage":"pt-BR","@id":"https:\/\/www.manaus.am.gov.br\/semcom\/#\/schema\/person\/image\/","url":"https:\/\/secure.gravatar.com\/avatar\/9c877d1a6adc2a055330e5c09a8653ce?s=96&d=mm&r=g","contentUrl":"https:\/\/secure.gravatar.com\/avatar\/9c877d1a6adc2a055330e5c09a8653ce?s=96&d=mm&r=g","caption":"Bruna Greco"}}]}},"_links":{"self":[{"href":"https:\/\/www.manaus.am.gov.br\/semcom\/wp-json\/wp\/v2\/posts\/251788"}],"collection":[{"href":"https:\/\/www.manaus.am.gov.br\/semcom\/wp-json\/wp\/v2\/posts"}],"about":[{"href":"https:\/\/www.manaus.am.gov.br\/semcom\/wp-json\/wp\/v2\/types\/post"}],"author":[{"embeddable":true,"href":"https:\/\/www.manaus.am.gov.br\/semcom\/wp-json\/wp\/v2\/users\/39"}],"replies":[{"embeddable":true,"href":"https:\/\/www.manaus.am.gov.br\/semcom\/wp-json\/wp\/v2\/comments?post=251788"}],"version-history":[{"count":3,"href":"https:\/\/www.manaus.am.gov.br\/semcom\/wp-json\/wp\/v2\/posts\/251788\/revisions"}],"predecessor-version":[{"id":251794,"href":"https:\/\/www.manaus.am.gov.br\/semcom\/wp-json\/wp\/v2\/posts\/251788\/revisions\/251794"}],"wp:featuredmedia":[{"embeddable":true,"href":"https:\/\/www.manaus.am.gov.br\/semcom\/wp-json\/wp\/v2\/media\/251789"}],"wp:attachment":[{"href":"https:\/\/www.manaus.am.gov.br\/semcom\/wp-json\/wp\/v2\/media?parent=251788"}],"wp:term":[{"taxonomy":"category","embeddable":true,"href":"https:\/\/www.manaus.am.gov.br\/semcom\/wp-json\/wp\/v2\/categories?post=251788"},{"taxonomy":"post_tag","embeddable":true,"href":"https:\/\/www.manaus.am.gov.br\/semcom\/wp-json\/wp\/v2\/tags?post=251788"}],"curies":[{"name":"wp","href":"https:\/\/api.w.org\/{rel}","templated":true}]}}