{"id":251764,"date":"2026-01-27T16:10:06","date_gmt":"2026-01-27T20:10:06","guid":{"rendered":"https:\/\/www.manaus.am.gov.br\/semcom\/experiencia-selecionada-2a-mostra-mais-saude-com-agente\/"},"modified":"2026-01-27T16:10:06","modified_gmt":"2026-01-27T20:10:06","slug":"experiencia-selecionada-2a-mostra-mais-saude-com-agente","status":"publish","type":"post","link":"https:\/\/www.manaus.am.gov.br\/semcom\/experiencia-selecionada-2a-mostra-mais-saude-com-agente\/","title":{"rendered":"Experi\u00eancia executada por profissionais da prefeitura na zona rural de Manaus\u00a0\u00e9 selecionada para \u20182\u00aa Mostra Mais Sa\u00fade com Agente\u2019"},"content":{"rendered":"\n<p>O trabalho \u201cCuidar onde tudo \u00e9 distante: a experi\u00eancia integrada de primeiros socorros na \u00e1rea rural de Manaus\u201d, executada por profissionais da Unidade de Sa\u00fade da Fam\u00edlia Rural (USFR) Ephig\u00eanio Salles, na zona rural da cidade, foi selecionada para apresenta\u00e7\u00e3o na \u201c2\u00aa Mostra Mais Sa\u00fade com Agente\u201d, marcada para os dias 18 e 19\/3.<\/p>\n\n\n\n<p>Iniciativa realizada por meio de parceria entre o Conselho Nacional de Secretarias Municipais de Sa\u00fade (Conasems), Minist\u00e9rio da Sa\u00fade e&nbsp;a Universidade Federal do Rio Grande do Sul (UFRGS), a \u201cMostra Mais Sa\u00fade com Agente\u201d tem como objetivo dar visibilidade \u00e0s pr\u00e1ticas desenvolvidas por Agentes de Controle de Endemias (ACEs) e Agentes Comunit\u00e1rios de Sa\u00fade (ACSs), que participaram do curso t\u00e9cnico ofertado no programa Sa\u00fade com Agente, do governo federal.<\/p>\n\n\n\n<p>O subsecret\u00e1rio municipal de Gest\u00e3o da Sa\u00fade, Djalma Coelho, explica que o curso t\u00e9cnico \u00e9 oferecido para profissionais ACSs e ACEs de todo o Brasil, como forma de qualificar os profissionais para atender a popula\u00e7\u00e3o de forma mais eficiente, integrando as a\u00e7\u00f5es de Aten\u00e7\u00e3o e Vigil\u00e2ncia em Sa\u00fade.<\/p>\n\n\n\n<p>\u201cA \u2018Mostra Mais Sa\u00fade com Agente\u2019 faz parte do processo de valoriza\u00e7\u00e3o dos ACEs e ACSs, profissionais de sa\u00fade fundamentais para fortalecer o Sistema \u00danico de Sa\u00fade (SUS). \u00c9 um evento que vai reunir 200 trabalhos selecionados em todo o Brasil como uma forma de promover a troca de experi\u00eancias bem-sucedidas, e comprovar de forma pr\u00e1tica a import\u00e2ncia e impacto positivo do trabalho dos agentes no cuidado com a popula\u00e7\u00e3o\u201d, ressalta Djalma Coelho.<\/p>\n\n\n\n<p>O trabalho \u201cCuidar onde tudo \u00e9 distante: a experi\u00eancia integrada de primeiros socorros na \u00e1rea rural de Manaus\u201d foi desenvolvido pelo ACS M\u00e1rcio Macedo e o ACE Arlindo Jorge Bastos, profissionais vinculados \u00e0 USFR Ephig\u00eanio Salles, situada no km 41 da rodovia AM-010, \u00e1rea rural de Manaus.<\/p>\n\n\n\n<p>De acordo com M\u00e1rcio Macedo, a experi\u00eancia foi idealizada no ano passado ap\u00f3s a oferta de um dos m\u00f3dulos do curso t\u00e9cnico, direcionado para agentes de sa\u00fade em Manaus, abordando Primeiros Socorros.<\/p>\n\n\n\n<p>\u201cCom as aulas no curso t\u00e9cnico, idealizamos o trabalho para disseminar conhecimentos b\u00e1sicos em primeiros socorros, ampliando a capacidade de resposta comunit\u00e1ria diante de situa\u00e7\u00f5es de urg\u00eancia em locais de dif\u00edcil acesso, em situa\u00e7\u00f5es envolvendo, por exemplo, afogamento e engasgos. O trabalho foi realizado em diversos locais ao longo da AM-010, respeitando as especificidades geogr\u00e1ficas, sociais e assistenciais da zona rural\u201d, informa M\u00e1rcio Macedo.<\/p>\n\n\n\n<p>As atividades foram desenvolvidas em escolas, igrejas, associa\u00e7\u00f5es de moradores e demais espa\u00e7os comunit\u00e1rios, por meio de a\u00e7\u00f5es educativas, orienta\u00e7\u00f5es presenciais e propaga\u00e7\u00e3o de informa\u00e7\u00f5es preventivas.<\/p>\n\n\n\n<p>O ACS destaca que a experi\u00eancia foi a \u00fanica selecionada para representar o munic\u00edpio de Manaus na \u201c2\u00aa Mostra Mais Sa\u00fade com Agente\u201d. \u201cEsse reconhecimento refor\u00e7a a relev\u00e2ncia do trabalho desenvolvido no territ\u00f3rio rural da capital amazonense, com uma experi\u00eancia que evidencia a atua\u00e7\u00e3o integrada do ACS e ACE, e reafirma o papel estrat\u00e9gico desses profissionais na redu\u00e7\u00e3o do vazio assistencial e no fortalecimento das a\u00e7\u00f5es de promo\u00e7\u00e3o, preven\u00e7\u00e3o e cuidado em sa\u00fade\u201d, afirma M\u00e1rcio Macedo.<\/p>\n\n\n\n<p>Como autor e coautor do trabalho selecionado, M\u00e1rcio Macedo e Arlindo Jorge foram contemplados com passagens para participar da defesa da experi\u00eancia em Bras\u00edlia, nos dias 18 e 19\/3, quando far\u00e3o a apresenta\u00e7\u00e3o oral das a\u00e7\u00f5es desenvolvidas.<\/p>\n\n\n\n<p>Os 200 trabalhos selecionados em todo o Brasil ser\u00e3o avaliados levando em considera\u00e7\u00e3o o alinhamento \u00e0 proposta de integra\u00e7\u00e3o de a\u00e7\u00f5es de Vigil\u00e2ncia e Aten\u00e7\u00e3o em Sa\u00fade, resultados alcan\u00e7ados, relev\u00e2ncia e aplicabilidade.<\/p>\n\n\n\n<p>De acordo com o regulamento da Mostra, as duas experi\u00eancias melhor avaliadas presencialmente de cada regi\u00e3o brasileira (Norte, Nordeste, Centro-Oeste, Sudeste e Sul) receber\u00e3o o Pr\u00eamio \u201cPrograma Mais Sa\u00fade com Agente: experi\u00eancias de territorializa\u00e7\u00e3o integrada entre Aten\u00e7\u00e3o Prim\u00e1ria \u00e0 Sa\u00fade e Vigil\u00e2ncia em Sa\u00fade\u201d, que consiste em um document\u00e1rio que far\u00e1 parte da s\u00e9rie \u201cWebdoc Mais Sa\u00fade com Agente\u201d, al\u00e9m de Certificado de Premiado.<\/p>\n\n\n\n<figure class=\"wp-block-image size-full\"><img loading=\"lazy\" decoding=\"async\" width=\"899\" height=\"741\" src=\"https:\/\/www.manaus.am.gov.br\/semcom\/wp-content\/uploads\/sites\/5\/2026\/01\/WhatsApp-Image-2026-01-27-at-16.05.56.jpeg\" alt=\"\" class=\"wp-image-251766\" srcset=\"https:\/\/www.manaus.am.gov.br\/semcom\/wp-content\/uploads\/sites\/5\/2026\/01\/WhatsApp-Image-2026-01-27-at-16.05.56.jpeg 899w, https:\/\/www.manaus.am.gov.br\/semcom\/wp-content\/uploads\/sites\/5\/2026\/01\/WhatsApp-Image-2026-01-27-at-16.05.56-300x247.jpeg 300w, https:\/\/www.manaus.am.gov.br\/semcom\/wp-content\/uploads\/sites\/5\/2026\/01\/WhatsApp-Image-2026-01-27-at-16.05.56-768x633.jpeg 768w\" sizes=\"(max-width: 899px) 100vw, 899px\" \/><figcaption class=\"wp-element-caption\">#paratodosverem &#8211; ACE Arlindo Jorge Bastos e ACS M\u00e1rcio Macedo<\/figcaption><\/figure>\n\n\n\n<p>&#8212; &#8212; &#8212;<\/p>\n\n\n\n<p><strong>Texto &#8211;<\/strong>&nbsp;Euriv\u00e2nia Gal\u00facio\/Semsa<\/p>\n\n\n\n<p><strong>Fotos &#8211;<\/strong>&nbsp;Divulga\u00e7\u00e3o\/Semsa<\/p>\n","protected":false},"excerpt":{"rendered":"","protected":false},"author":39,"featured_media":251765,"comment_status":"closed","ping_status":"closed","sticky":false,"template":"","format":"standard","meta":{"footnotes":""},"categories":[166],"tags":[19098,19099,77,19100,162],"acf":[],"yoast_head":"<!-- This site is optimized with the Yoast SEO plugin v23.0 - https:\/\/yoast.com\/wordpress\/plugins\/seo\/ -->\n<title>Experi\u00eancia executada por profissionais da prefeitura na zona rural de Manaus \u00e9 selecionada para \u20182\u00aa Mostra Mais Sa\u00fade com Agente\u2019<\/title>\n<meta name=\"description\" content=\"Experi\u00eancia executada por profissionais da prefeitura na zona rural de Manaus \u00e9 selecionada para \u20182\u00aa Mostra Mais Sa\u00fade com Agente\u2019.\" \/>\n<meta name=\"robots\" content=\"index, follow, max-snippet:-1, max-image-preview:large, max-video-preview:-1\" \/>\n<link rel=\"canonical\" href=\"https:\/\/www.manaus.am.gov.br\/semcom\/experiencia-selecionada-2a-mostra-mais-saude-com-agente\/\" \/>\n<meta property=\"og:locale\" content=\"pt_BR\" \/>\n<meta property=\"og:type\" content=\"article\" \/>\n<meta property=\"og:title\" content=\"Experi\u00eancia executada por profissionais da prefeitura na zona rural de Manaus \u00e9 selecionada para \u20182\u00aa Mostra Mais Sa\u00fade com Agente\u2019\" \/>\n<meta property=\"og:description\" content=\"Experi\u00eancia executada por profissionais da prefeitura na zona rural de Manaus \u00e9 selecionada para \u20182\u00aa Mostra Mais Sa\u00fade com Agente\u2019.\" \/>\n<meta property=\"og:url\" content=\"https:\/\/www.manaus.am.gov.br\/semcom\/experiencia-selecionada-2a-mostra-mais-saude-com-agente\/\" \/>\n<meta property=\"og:site_name\" content=\"SEMCOM\" \/>\n<meta property=\"article:published_time\" content=\"2026-01-27T20:10:06+00:00\" \/>\n<meta property=\"og:image\" content=\"https:\/\/www.manaus.am.gov.br\/semcom\/wp-content\/uploads\/sites\/5\/2026\/01\/Semsa-Manaus-Mostra-ACS-ACE-5.jpeg\" \/>\n\t<meta property=\"og:image:width\" content=\"1280\" \/>\n\t<meta property=\"og:image:height\" content=\"960\" \/>\n\t<meta property=\"og:image:type\" content=\"image\/jpeg\" \/>\n<meta name=\"author\" content=\"Bruna Greco\" \/>\n<meta name=\"twitter:card\" content=\"summary_large_image\" \/>\n<meta name=\"twitter:label1\" content=\"Written by\" \/>\n\t<meta name=\"twitter:data1\" content=\"Bruna Greco\" \/>\n\t<meta name=\"twitter:label2\" content=\"Est. reading time\" \/>\n\t<meta name=\"twitter:data2\" content=\"4 minutos\" \/>\n<script type=\"application\/ld+json\" class=\"yoast-schema-graph\">{\"@context\":\"https:\/\/schema.org\",\"@graph\":[{\"@type\":\"WebPage\",\"@id\":\"https:\/\/www.manaus.am.gov.br\/semcom\/experiencia-selecionada-2a-mostra-mais-saude-com-agente\/\",\"url\":\"https:\/\/www.manaus.am.gov.br\/semcom\/experiencia-selecionada-2a-mostra-mais-saude-com-agente\/\",\"name\":\"Experi\u00eancia executada por profissionais da prefeitura na zona rural de Manaus \u00e9 selecionada para \u20182\u00aa Mostra Mais Sa\u00fade com Agente\u2019\",\"isPartOf\":{\"@id\":\"https:\/\/www.manaus.am.gov.br\/semcom\/#website\"},\"primaryImageOfPage\":{\"@id\":\"https:\/\/www.manaus.am.gov.br\/semcom\/experiencia-selecionada-2a-mostra-mais-saude-com-agente\/#primaryimage\"},\"image\":{\"@id\":\"https:\/\/www.manaus.am.gov.br\/semcom\/experiencia-selecionada-2a-mostra-mais-saude-com-agente\/#primaryimage\"},\"thumbnailUrl\":\"https:\/\/www.manaus.am.gov.br\/semcom\/wp-content\/uploads\/sites\/5\/2026\/01\/Semsa-Manaus-Mostra-ACS-ACE-5.jpeg\",\"datePublished\":\"2026-01-27T20:10:06+00:00\",\"dateModified\":\"2026-01-27T20:10:06+00:00\",\"author\":{\"@id\":\"https:\/\/www.manaus.am.gov.br\/semcom\/#\/schema\/person\/05d223aea2bf115f9883a6ff3683d81b\"},\"description\":\"Experi\u00eancia executada por profissionais da prefeitura na zona rural de Manaus \u00e9 selecionada para \u20182\u00aa Mostra Mais Sa\u00fade com Agente\u2019.\",\"inLanguage\":\"pt-BR\",\"potentialAction\":[{\"@type\":\"ReadAction\",\"target\":[\"https:\/\/www.manaus.am.gov.br\/semcom\/experiencia-selecionada-2a-mostra-mais-saude-com-agente\/\"]}]},{\"@type\":\"ImageObject\",\"inLanguage\":\"pt-BR\",\"@id\":\"https:\/\/www.manaus.am.gov.br\/semcom\/experiencia-selecionada-2a-mostra-mais-saude-com-agente\/#primaryimage\",\"url\":\"https:\/\/www.manaus.am.gov.br\/semcom\/wp-content\/uploads\/sites\/5\/2026\/01\/Semsa-Manaus-Mostra-ACS-ACE-5.jpeg\",\"contentUrl\":\"https:\/\/www.manaus.am.gov.br\/semcom\/wp-content\/uploads\/sites\/5\/2026\/01\/Semsa-Manaus-Mostra-ACS-ACE-5.jpeg\",\"width\":1280,\"height\":960,\"caption\":\"#paratodosverem - Trabalho realizado por profissionais da Semsa em unidade de sa\u00fade rural em Manaus\"},{\"@type\":\"WebSite\",\"@id\":\"https:\/\/www.manaus.am.gov.br\/semcom\/#website\",\"url\":\"https:\/\/www.manaus.am.gov.br\/semcom\/\",\"name\":\"SEMCOM\",\"description\":\"Secretaria Municipal de Comunica\u00e7\u00e3o\",\"potentialAction\":[{\"@type\":\"SearchAction\",\"target\":{\"@type\":\"EntryPoint\",\"urlTemplate\":\"https:\/\/www.manaus.am.gov.br\/semcom\/?s={search_term_string}\"},\"query-input\":\"required name=search_term_string\"}],\"inLanguage\":\"pt-BR\"},{\"@type\":\"Person\",\"@id\":\"https:\/\/www.manaus.am.gov.br\/semcom\/#\/schema\/person\/05d223aea2bf115f9883a6ff3683d81b\",\"name\":\"Bruna Greco\",\"image\":{\"@type\":\"ImageObject\",\"inLanguage\":\"pt-BR\",\"@id\":\"https:\/\/www.manaus.am.gov.br\/semcom\/#\/schema\/person\/image\/\",\"url\":\"https:\/\/secure.gravatar.com\/avatar\/9c877d1a6adc2a055330e5c09a8653ce?s=96&d=mm&r=g\",\"contentUrl\":\"https:\/\/secure.gravatar.com\/avatar\/9c877d1a6adc2a055330e5c09a8653ce?s=96&d=mm&r=g\",\"caption\":\"Bruna Greco\"}}]}<\/script>\n<!-- \/ Yoast SEO plugin. -->","yoast_head_json":{"title":"Experi\u00eancia executada por profissionais da prefeitura na zona rural de Manaus \u00e9 selecionada para \u20182\u00aa Mostra Mais Sa\u00fade com Agente\u2019","description":"Experi\u00eancia executada por profissionais da prefeitura na zona rural de Manaus \u00e9 selecionada para \u20182\u00aa Mostra Mais Sa\u00fade com Agente\u2019.","robots":{"index":"index","follow":"follow","max-snippet":"max-snippet:-1","max-image-preview":"max-image-preview:large","max-video-preview":"max-video-preview:-1"},"canonical":"https:\/\/www.manaus.am.gov.br\/semcom\/experiencia-selecionada-2a-mostra-mais-saude-com-agente\/","og_locale":"pt_BR","og_type":"article","og_title":"Experi\u00eancia executada por profissionais da prefeitura na zona rural de Manaus \u00e9 selecionada para \u20182\u00aa Mostra Mais Sa\u00fade com Agente\u2019","og_description":"Experi\u00eancia executada por profissionais da prefeitura na zona rural de Manaus \u00e9 selecionada para \u20182\u00aa Mostra Mais Sa\u00fade com Agente\u2019.","og_url":"https:\/\/www.manaus.am.gov.br\/semcom\/experiencia-selecionada-2a-mostra-mais-saude-com-agente\/","og_site_name":"SEMCOM","article_published_time":"2026-01-27T20:10:06+00:00","og_image":[{"width":1280,"height":960,"url":"https:\/\/www.manaus.am.gov.br\/semcom\/wp-content\/uploads\/sites\/5\/2026\/01\/Semsa-Manaus-Mostra-ACS-ACE-5.jpeg","type":"image\/jpeg"}],"author":"Bruna Greco","twitter_card":"summary_large_image","twitter_misc":{"Written by":"Bruna Greco","Est. reading time":"4 minutos"},"schema":{"@context":"https:\/\/schema.org","@graph":[{"@type":"WebPage","@id":"https:\/\/www.manaus.am.gov.br\/semcom\/experiencia-selecionada-2a-mostra-mais-saude-com-agente\/","url":"https:\/\/www.manaus.am.gov.br\/semcom\/experiencia-selecionada-2a-mostra-mais-saude-com-agente\/","name":"Experi\u00eancia executada por profissionais da prefeitura na zona rural de Manaus \u00e9 selecionada para \u20182\u00aa Mostra Mais Sa\u00fade com Agente\u2019","isPartOf":{"@id":"https:\/\/www.manaus.am.gov.br\/semcom\/#website"},"primaryImageOfPage":{"@id":"https:\/\/www.manaus.am.gov.br\/semcom\/experiencia-selecionada-2a-mostra-mais-saude-com-agente\/#primaryimage"},"image":{"@id":"https:\/\/www.manaus.am.gov.br\/semcom\/experiencia-selecionada-2a-mostra-mais-saude-com-agente\/#primaryimage"},"thumbnailUrl":"https:\/\/www.manaus.am.gov.br\/semcom\/wp-content\/uploads\/sites\/5\/2026\/01\/Semsa-Manaus-Mostra-ACS-ACE-5.jpeg","datePublished":"2026-01-27T20:10:06+00:00","dateModified":"2026-01-27T20:10:06+00:00","author":{"@id":"https:\/\/www.manaus.am.gov.br\/semcom\/#\/schema\/person\/05d223aea2bf115f9883a6ff3683d81b"},"description":"Experi\u00eancia executada por profissionais da prefeitura na zona rural de Manaus \u00e9 selecionada para \u20182\u00aa Mostra Mais Sa\u00fade com Agente\u2019.","inLanguage":"pt-BR","potentialAction":[{"@type":"ReadAction","target":["https:\/\/www.manaus.am.gov.br\/semcom\/experiencia-selecionada-2a-mostra-mais-saude-com-agente\/"]}]},{"@type":"ImageObject","inLanguage":"pt-BR","@id":"https:\/\/www.manaus.am.gov.br\/semcom\/experiencia-selecionada-2a-mostra-mais-saude-com-agente\/#primaryimage","url":"https:\/\/www.manaus.am.gov.br\/semcom\/wp-content\/uploads\/sites\/5\/2026\/01\/Semsa-Manaus-Mostra-ACS-ACE-5.jpeg","contentUrl":"https:\/\/www.manaus.am.gov.br\/semcom\/wp-content\/uploads\/sites\/5\/2026\/01\/Semsa-Manaus-Mostra-ACS-ACE-5.jpeg","width":1280,"height":960,"caption":"#paratodosverem - Trabalho realizado por profissionais da Semsa em unidade de sa\u00fade rural em Manaus"},{"@type":"WebSite","@id":"https:\/\/www.manaus.am.gov.br\/semcom\/#website","url":"https:\/\/www.manaus.am.gov.br\/semcom\/","name":"SEMCOM","description":"Secretaria Municipal de Comunica\u00e7\u00e3o","potentialAction":[{"@type":"SearchAction","target":{"@type":"EntryPoint","urlTemplate":"https:\/\/www.manaus.am.gov.br\/semcom\/?s={search_term_string}"},"query-input":"required name=search_term_string"}],"inLanguage":"pt-BR"},{"@type":"Person","@id":"https:\/\/www.manaus.am.gov.br\/semcom\/#\/schema\/person\/05d223aea2bf115f9883a6ff3683d81b","name":"Bruna Greco","image":{"@type":"ImageObject","inLanguage":"pt-BR","@id":"https:\/\/www.manaus.am.gov.br\/semcom\/#\/schema\/person\/image\/","url":"https:\/\/secure.gravatar.com\/avatar\/9c877d1a6adc2a055330e5c09a8653ce?s=96&d=mm&r=g","contentUrl":"https:\/\/secure.gravatar.com\/avatar\/9c877d1a6adc2a055330e5c09a8653ce?s=96&d=mm&r=g","caption":"Bruna Greco"}}]}},"_links":{"self":[{"href":"https:\/\/www.manaus.am.gov.br\/semcom\/wp-json\/wp\/v2\/posts\/251764"}],"collection":[{"href":"https:\/\/www.manaus.am.gov.br\/semcom\/wp-json\/wp\/v2\/posts"}],"about":[{"href":"https:\/\/www.manaus.am.gov.br\/semcom\/wp-json\/wp\/v2\/types\/post"}],"author":[{"embeddable":true,"href":"https:\/\/www.manaus.am.gov.br\/semcom\/wp-json\/wp\/v2\/users\/39"}],"replies":[{"embeddable":true,"href":"https:\/\/www.manaus.am.gov.br\/semcom\/wp-json\/wp\/v2\/comments?post=251764"}],"version-history":[{"count":1,"href":"https:\/\/www.manaus.am.gov.br\/semcom\/wp-json\/wp\/v2\/posts\/251764\/revisions"}],"predecessor-version":[{"id":251768,"href":"https:\/\/www.manaus.am.gov.br\/semcom\/wp-json\/wp\/v2\/posts\/251764\/revisions\/251768"}],"wp:featuredmedia":[{"embeddable":true,"href":"https:\/\/www.manaus.am.gov.br\/semcom\/wp-json\/wp\/v2\/media\/251765"}],"wp:attachment":[{"href":"https:\/\/www.manaus.am.gov.br\/semcom\/wp-json\/wp\/v2\/media?parent=251764"}],"wp:term":[{"taxonomy":"category","embeddable":true,"href":"https:\/\/www.manaus.am.gov.br\/semcom\/wp-json\/wp\/v2\/categories?post=251764"},{"taxonomy":"post_tag","embeddable":true,"href":"https:\/\/www.manaus.am.gov.br\/semcom\/wp-json\/wp\/v2\/tags?post=251764"}],"curies":[{"name":"wp","href":"https:\/\/api.w.org\/{rel}","templated":true}]}}