{"id":251743,"date":"2026-01-27T14:51:05","date_gmt":"2026-01-27T17:51:05","guid":{"rendered":"https:\/\/www.manaus.am.gov.br\/semcom\/prefeitura-descentralizacao-cultura\/"},"modified":"2026-01-27T16:15:04","modified_gmt":"2026-01-27T19:15:04","slug":"prefeitura-descentralizacao-investimento-cultura","status":"publish","type":"post","link":"https:\/\/www.manaus.am.gov.br\/semcom\/prefeitura-descentralizacao-investimento-cultura\/","title":{"rendered":"Investimento fortalece a cultura e leva arte aos bairros de Manaus"},"content":{"rendered":"\n<p>A valoriza\u00e7\u00e3o da cultura e do acesso \u00e0 arte est\u00e3o no centro das pol\u00edticas p\u00fablicas promovidas pela <a href=\"https:\/\/www.manaus.am.gov.br\">Prefeitura de Manaus<\/a>, por meio de iniciativas desenvolvidas pela <a href=\"https:\/\/www.manaus.am.gov.br\/manauscult\/?q=propaganda-gratis-tuum.com.br&amp;n=15560&amp;p=Cursos\">Funda\u00e7\u00e3o Municipal de Cultura, Turismo e Eventos<\/a> (ManausCult), voltadas \u00e0 descentraliza\u00e7\u00e3o de eventos e ao apoio aos artistas locais. Em 2025, mais de R$ 13 milh\u00f5es em apoio \u00e0s iniciativas populares contribu\u00edram para essa transforma\u00e7\u00e3o.<\/p>\n\n\n\n<p>A descentraliza\u00e7\u00e3o das a\u00e7\u00f5es culturais permitiu que os programas chegassem a bairros mais distantes e que historicamente tiveram menor acesso a eventos estruturados. As a\u00e7\u00f5es funcionam de forma integrada, proporcionando suporte t\u00e9cnico, editais e apresenta\u00e7\u00f5es nas comunidades.<\/p>\n\n\n\n<p>Os espa\u00e7os urbanos receberam aproximadamente 900 artistas locais com produ\u00e7\u00f5es culturais nas \u00e1reas de m\u00fasica, teatro, circo, dan\u00e7a e artes visuais, que receberam apoio financeiro para apresenta\u00e7\u00f5es ao longo de todo o ano.<\/p>\n\n\n\n<p>Um dos projetos criados para fomentar a cultura nos bairros foi o \u201cArte Pela Cidade\u201d, que promove apresenta\u00e7\u00f5es gratuitas e itinerantes nos terminais de \u00f4nibus, nas feiras e nas pra\u00e7as, ampliando circuitos para todas as regi\u00f5es da cidade e transformando espa\u00e7os p\u00fablicos em polos culturais que fomentam encontros comunit\u00e1rios.<\/p>\n\n\n\n<p>Durante o lan\u00e7amento da edi\u00e7\u00e3o de 2025 do projeto, o prefeito de Manaus, David Almeida, destacou que as a\u00e7\u00f5es refor\u00e7am o compromisso da gest\u00e3o com a democratiza\u00e7\u00e3o da arte. \u201cQueremos levar arte, cultura, entretenimento e divers\u00e3o \u00e0 periferia da cidade, descentralizando a cultura e fortalecendo nossos artistas\u201d, disse o prefeito na ocasi\u00e3o.<\/p>\n\n\n\n<p>A cantora Ake Sakeren, beneficiada pelo projeto ap\u00f3s ser descoberta no Terminal 2, destacou a transforma\u00e7\u00e3o de vida. &#8220;Eu era vendedora de bombom no T2. Um dia, vi o palco sendo montado e pedi para cantar uma m\u00fasica. Da\u00ed, me deixaram subir. O terminal parou para me ouvir e me aplaudiu. Ali, entendi que sou capaz. O \u2018Arte Pela Cidade&#8217; \u00e9 a nossa vitrine&#8221;, destacou.<\/p>\n\n\n\n<p>Forma\u00e7\u00e3o cultural<\/p>\n\n\n\n<p>O Programa Municipal de Forma\u00e7\u00e3o Art\u00edstica e Cultural (Promfac) refor\u00e7ou sua atua\u00e7\u00e3o na qualifica\u00e7\u00e3o dos trabalhadores da cultura, oferecendo forma\u00e7\u00f5es voltadas para gest\u00e3o cultural, produ\u00e7\u00e3o de eventos, audiovisual, artes c\u00eanicas e elabora\u00e7\u00e3o de projetos, alcan\u00e7ando mais de 160 profissionais a partir de quatro cursos e dois workshops.<\/p>\n\n\n\n<p>Jender Lobato, diretor-presidente da ManausCult, destacou o impacto das a\u00e7\u00f5es de descentraliza\u00e7\u00e3o cultural promovidas pela prefeitura. \u201cEstamos falando de um trabalho s\u00e9rio, cont\u00ednuo e respons\u00e1vel, que coloca o artista da terra no centro da pol\u00edtica cultural e entende a cultura como ferramenta de desenvolvimento social, econ\u00f4mico e tur\u00edstico\u201d, ressaltou.<\/p>\n\n\n\n<p><strong>Mais incentivo<\/strong><\/p>\n\n\n\n<p>Em 2026, as iniciativas para descentraliza\u00e7\u00e3o da cultura avan\u00e7am a partir do Carnaval, com mais de dez projetos selecionados para incentivo da ManausCult com estrutura para eventos em diversos bairros da cidade.<\/p>\n\n\n\n<p>O \u2018Arte Pela Cidade\u2019 mant\u00e9m apresenta\u00e7\u00f5es gratuitas e itinerantes nos terminais de \u00f4nibus, feiras e pra\u00e7as municipais, com a proposta de fomentar encontros comunit\u00e1rios e aproximar a popula\u00e7\u00e3o da rica e diversa produ\u00e7\u00e3o cultural da cidade.<\/p>\n\n\n\n<p>&#8212; &#8212; &#8212;<\/p>\n\n\n\n<p><strong>Texto<\/strong>&#8211; Laryssa Cipriano \/ Semcom<\/p>\n\n\n\n<p><strong>Fotos<\/strong>&nbsp;&#8211; Arquivo \/ Semcom<\/p>\n","protected":false},"excerpt":{"rendered":"","protected":false},"author":23,"featured_media":251744,"comment_status":"closed","ping_status":"closed","sticky":false,"template":"","format":"standard","meta":{"footnotes":""},"categories":[5],"tags":[9487,110,14112,982,307,77],"acf":[],"yoast_head":"<!-- This site is optimized with the Yoast SEO plugin v23.0 - https:\/\/yoast.com\/wordpress\/plugins\/seo\/ -->\n<title>Investimento fortalece a cultura e leva arte aos bairros de Manaus<\/title>\n<meta name=\"description\" content=\"A valoriza\u00e7\u00e3o da cultura e do acesso \u00e0 arte est\u00e3o no centro das pol\u00edticas p\u00fablicas promovidas pela Prefeitura de Manaus, por meio de iniciativas desenvolvidas pela Funda\u00e7\u00e3o Municipal de Cultura, Turismo e Eventos (ManausCult), voltadas \u00e0 descentraliza\u00e7\u00e3o de eventos e ao apoio aos artistas locais.\" \/>\n<meta name=\"robots\" content=\"index, follow, max-snippet:-1, max-image-preview:large, max-video-preview:-1\" \/>\n<link rel=\"canonical\" href=\"https:\/\/www.manaus.am.gov.br\/semcom\/prefeitura-descentralizacao-cultura\/\" \/>\n<meta property=\"og:locale\" content=\"pt_BR\" \/>\n<meta property=\"og:type\" content=\"article\" \/>\n<meta property=\"og:title\" content=\"Investimento fortalece a cultura e leva arte aos bairros de Manaus\" \/>\n<meta property=\"og:description\" content=\"A valoriza\u00e7\u00e3o da cultura e do acesso \u00e0 arte est\u00e3o no centro das pol\u00edticas p\u00fablicas promovidas pela Prefeitura de Manaus, por meio de iniciativas desenvolvidas pela Funda\u00e7\u00e3o Municipal de Cultura, Turismo e Eventos (ManausCult), voltadas \u00e0 descentraliza\u00e7\u00e3o de eventos e ao apoio aos artistas locais.\" \/>\n<meta property=\"og:url\" content=\"https:\/\/www.manaus.am.gov.br\/semcom\/prefeitura-descentralizacao-cultura\/\" \/>\n<meta property=\"og:site_name\" content=\"SEMCOM\" \/>\n<meta property=\"article:published_time\" content=\"2026-01-27T17:51:05+00:00\" \/>\n<meta property=\"article:modified_time\" content=\"2026-01-27T19:15:04+00:00\" \/>\n<meta property=\"og:image\" content=\"https:\/\/www.manaus.am.gov.br\/semcom\/wp-content\/uploads\/sites\/5\/2026\/01\/54507702813_e3e0c16927_c-1.jpg\" \/>\n\t<meta property=\"og:image:width\" content=\"799\" \/>\n\t<meta property=\"og:image:height\" content=\"533\" \/>\n\t<meta property=\"og:image:type\" content=\"image\/jpeg\" \/>\n<meta name=\"author\" content=\"Adriana Costa\" \/>\n<meta name=\"twitter:card\" content=\"summary_large_image\" \/>\n<meta name=\"twitter:label1\" content=\"Written by\" \/>\n\t<meta name=\"twitter:data1\" content=\"Adriana Costa\" \/>\n\t<meta name=\"twitter:label2\" content=\"Est. reading time\" \/>\n\t<meta name=\"twitter:data2\" content=\"3 minutos\" \/>\n<script type=\"application\/ld+json\" class=\"yoast-schema-graph\">{\"@context\":\"https:\/\/schema.org\",\"@graph\":[{\"@type\":\"WebPage\",\"@id\":\"https:\/\/www.manaus.am.gov.br\/semcom\/prefeitura-descentralizacao-cultura\/\",\"url\":\"https:\/\/www.manaus.am.gov.br\/semcom\/prefeitura-descentralizacao-cultura\/\",\"name\":\"Investimento fortalece a cultura e leva arte aos bairros de Manaus\",\"isPartOf\":{\"@id\":\"https:\/\/www.manaus.am.gov.br\/semcom\/#website\"},\"primaryImageOfPage\":{\"@id\":\"https:\/\/www.manaus.am.gov.br\/semcom\/prefeitura-descentralizacao-cultura\/#primaryimage\"},\"image\":{\"@id\":\"https:\/\/www.manaus.am.gov.br\/semcom\/prefeitura-descentralizacao-cultura\/#primaryimage\"},\"thumbnailUrl\":\"https:\/\/www.manaus.am.gov.br\/semcom\/wp-content\/uploads\/sites\/5\/2026\/01\/54507702813_e3e0c16927_c-1.jpg\",\"datePublished\":\"2026-01-27T17:51:05+00:00\",\"dateModified\":\"2026-01-27T19:15:04+00:00\",\"author\":{\"@id\":\"https:\/\/www.manaus.am.gov.br\/semcom\/#\/schema\/person\/4e49f4e267757a06ca072ec61b2b9968\"},\"description\":\"A valoriza\u00e7\u00e3o da cultura e do acesso \u00e0 arte est\u00e3o no centro das pol\u00edticas p\u00fablicas promovidas pela Prefeitura de Manaus, por meio de iniciativas desenvolvidas pela Funda\u00e7\u00e3o Municipal de Cultura, Turismo e Eventos (ManausCult), voltadas \u00e0 descentraliza\u00e7\u00e3o de eventos e ao apoio aos artistas locais.\",\"inLanguage\":\"pt-BR\",\"potentialAction\":[{\"@type\":\"ReadAction\",\"target\":[\"https:\/\/www.manaus.am.gov.br\/semcom\/prefeitura-descentralizacao-cultura\/\"]}]},{\"@type\":\"ImageObject\",\"inLanguage\":\"pt-BR\",\"@id\":\"https:\/\/www.manaus.am.gov.br\/semcom\/prefeitura-descentralizacao-cultura\/#primaryimage\",\"url\":\"https:\/\/www.manaus.am.gov.br\/semcom\/wp-content\/uploads\/sites\/5\/2026\/01\/54507702813_e3e0c16927_c-1.jpg\",\"contentUrl\":\"https:\/\/www.manaus.am.gov.br\/semcom\/wp-content\/uploads\/sites\/5\/2026\/01\/54507702813_e3e0c16927_c-1.jpg\",\"width\":799,\"height\":533,\"caption\":\"#paratodosverem - Artista se apresenta em feira de bairro\"},{\"@type\":\"WebSite\",\"@id\":\"https:\/\/www.manaus.am.gov.br\/semcom\/#website\",\"url\":\"https:\/\/www.manaus.am.gov.br\/semcom\/\",\"name\":\"SEMCOM\",\"description\":\"Secretaria Municipal de Comunica\u00e7\u00e3o\",\"potentialAction\":[{\"@type\":\"SearchAction\",\"target\":{\"@type\":\"EntryPoint\",\"urlTemplate\":\"https:\/\/www.manaus.am.gov.br\/semcom\/?s={search_term_string}\"},\"query-input\":\"required name=search_term_string\"}],\"inLanguage\":\"pt-BR\"},{\"@type\":\"Person\",\"@id\":\"https:\/\/www.manaus.am.gov.br\/semcom\/#\/schema\/person\/4e49f4e267757a06ca072ec61b2b9968\",\"name\":\"Adriana Costa\",\"image\":{\"@type\":\"ImageObject\",\"inLanguage\":\"pt-BR\",\"@id\":\"https:\/\/www.manaus.am.gov.br\/semcom\/#\/schema\/person\/image\/\",\"url\":\"https:\/\/secure.gravatar.com\/avatar\/576258617ef7194f718179e766d57bd4?s=96&d=mm&r=g\",\"contentUrl\":\"https:\/\/secure.gravatar.com\/avatar\/576258617ef7194f718179e766d57bd4?s=96&d=mm&r=g\",\"caption\":\"Adriana Costa\"}}]}<\/script>\n<!-- \/ Yoast SEO plugin. -->","yoast_head_json":{"title":"Investimento fortalece a cultura e leva arte aos bairros de Manaus","description":"A valoriza\u00e7\u00e3o da cultura e do acesso \u00e0 arte est\u00e3o no centro das pol\u00edticas p\u00fablicas promovidas pela Prefeitura de Manaus, por meio de iniciativas desenvolvidas pela Funda\u00e7\u00e3o Municipal de Cultura, Turismo e Eventos (ManausCult), voltadas \u00e0 descentraliza\u00e7\u00e3o de eventos e ao apoio aos artistas locais.","robots":{"index":"index","follow":"follow","max-snippet":"max-snippet:-1","max-image-preview":"max-image-preview:large","max-video-preview":"max-video-preview:-1"},"canonical":"https:\/\/www.manaus.am.gov.br\/semcom\/prefeitura-descentralizacao-cultura\/","og_locale":"pt_BR","og_type":"article","og_title":"Investimento fortalece a cultura e leva arte aos bairros de Manaus","og_description":"A valoriza\u00e7\u00e3o da cultura e do acesso \u00e0 arte est\u00e3o no centro das pol\u00edticas p\u00fablicas promovidas pela Prefeitura de Manaus, por meio de iniciativas desenvolvidas pela Funda\u00e7\u00e3o Municipal de Cultura, Turismo e Eventos (ManausCult), voltadas \u00e0 descentraliza\u00e7\u00e3o de eventos e ao apoio aos artistas locais.","og_url":"https:\/\/www.manaus.am.gov.br\/semcom\/prefeitura-descentralizacao-cultura\/","og_site_name":"SEMCOM","article_published_time":"2026-01-27T17:51:05+00:00","article_modified_time":"2026-01-27T19:15:04+00:00","og_image":[{"width":799,"height":533,"url":"https:\/\/www.manaus.am.gov.br\/semcom\/wp-content\/uploads\/sites\/5\/2026\/01\/54507702813_e3e0c16927_c-1.jpg","type":"image\/jpeg"}],"author":"Adriana Costa","twitter_card":"summary_large_image","twitter_misc":{"Written by":"Adriana Costa","Est. reading time":"3 minutos"},"schema":{"@context":"https:\/\/schema.org","@graph":[{"@type":"WebPage","@id":"https:\/\/www.manaus.am.gov.br\/semcom\/prefeitura-descentralizacao-cultura\/","url":"https:\/\/www.manaus.am.gov.br\/semcom\/prefeitura-descentralizacao-cultura\/","name":"Investimento fortalece a cultura e leva arte aos bairros de Manaus","isPartOf":{"@id":"https:\/\/www.manaus.am.gov.br\/semcom\/#website"},"primaryImageOfPage":{"@id":"https:\/\/www.manaus.am.gov.br\/semcom\/prefeitura-descentralizacao-cultura\/#primaryimage"},"image":{"@id":"https:\/\/www.manaus.am.gov.br\/semcom\/prefeitura-descentralizacao-cultura\/#primaryimage"},"thumbnailUrl":"https:\/\/www.manaus.am.gov.br\/semcom\/wp-content\/uploads\/sites\/5\/2026\/01\/54507702813_e3e0c16927_c-1.jpg","datePublished":"2026-01-27T17:51:05+00:00","dateModified":"2026-01-27T19:15:04+00:00","author":{"@id":"https:\/\/www.manaus.am.gov.br\/semcom\/#\/schema\/person\/4e49f4e267757a06ca072ec61b2b9968"},"description":"A valoriza\u00e7\u00e3o da cultura e do acesso \u00e0 arte est\u00e3o no centro das pol\u00edticas p\u00fablicas promovidas pela Prefeitura de Manaus, por meio de iniciativas desenvolvidas pela Funda\u00e7\u00e3o Municipal de Cultura, Turismo e Eventos (ManausCult), voltadas \u00e0 descentraliza\u00e7\u00e3o de eventos e ao apoio aos artistas locais.","inLanguage":"pt-BR","potentialAction":[{"@type":"ReadAction","target":["https:\/\/www.manaus.am.gov.br\/semcom\/prefeitura-descentralizacao-cultura\/"]}]},{"@type":"ImageObject","inLanguage":"pt-BR","@id":"https:\/\/www.manaus.am.gov.br\/semcom\/prefeitura-descentralizacao-cultura\/#primaryimage","url":"https:\/\/www.manaus.am.gov.br\/semcom\/wp-content\/uploads\/sites\/5\/2026\/01\/54507702813_e3e0c16927_c-1.jpg","contentUrl":"https:\/\/www.manaus.am.gov.br\/semcom\/wp-content\/uploads\/sites\/5\/2026\/01\/54507702813_e3e0c16927_c-1.jpg","width":799,"height":533,"caption":"#paratodosverem - Artista se apresenta em feira de bairro"},{"@type":"WebSite","@id":"https:\/\/www.manaus.am.gov.br\/semcom\/#website","url":"https:\/\/www.manaus.am.gov.br\/semcom\/","name":"SEMCOM","description":"Secretaria Municipal de Comunica\u00e7\u00e3o","potentialAction":[{"@type":"SearchAction","target":{"@type":"EntryPoint","urlTemplate":"https:\/\/www.manaus.am.gov.br\/semcom\/?s={search_term_string}"},"query-input":"required name=search_term_string"}],"inLanguage":"pt-BR"},{"@type":"Person","@id":"https:\/\/www.manaus.am.gov.br\/semcom\/#\/schema\/person\/4e49f4e267757a06ca072ec61b2b9968","name":"Adriana Costa","image":{"@type":"ImageObject","inLanguage":"pt-BR","@id":"https:\/\/www.manaus.am.gov.br\/semcom\/#\/schema\/person\/image\/","url":"https:\/\/secure.gravatar.com\/avatar\/576258617ef7194f718179e766d57bd4?s=96&d=mm&r=g","contentUrl":"https:\/\/secure.gravatar.com\/avatar\/576258617ef7194f718179e766d57bd4?s=96&d=mm&r=g","caption":"Adriana Costa"}}]}},"_links":{"self":[{"href":"https:\/\/www.manaus.am.gov.br\/semcom\/wp-json\/wp\/v2\/posts\/251743"}],"collection":[{"href":"https:\/\/www.manaus.am.gov.br\/semcom\/wp-json\/wp\/v2\/posts"}],"about":[{"href":"https:\/\/www.manaus.am.gov.br\/semcom\/wp-json\/wp\/v2\/types\/post"}],"author":[{"embeddable":true,"href":"https:\/\/www.manaus.am.gov.br\/semcom\/wp-json\/wp\/v2\/users\/23"}],"replies":[{"embeddable":true,"href":"https:\/\/www.manaus.am.gov.br\/semcom\/wp-json\/wp\/v2\/comments?post=251743"}],"version-history":[{"count":1,"href":"https:\/\/www.manaus.am.gov.br\/semcom\/wp-json\/wp\/v2\/posts\/251743\/revisions"}],"predecessor-version":[{"id":251755,"href":"https:\/\/www.manaus.am.gov.br\/semcom\/wp-json\/wp\/v2\/posts\/251743\/revisions\/251755"}],"wp:featuredmedia":[{"embeddable":true,"href":"https:\/\/www.manaus.am.gov.br\/semcom\/wp-json\/wp\/v2\/media\/251744"}],"wp:attachment":[{"href":"https:\/\/www.manaus.am.gov.br\/semcom\/wp-json\/wp\/v2\/media?parent=251743"}],"wp:term":[{"taxonomy":"category","embeddable":true,"href":"https:\/\/www.manaus.am.gov.br\/semcom\/wp-json\/wp\/v2\/categories?post=251743"},{"taxonomy":"post_tag","embeddable":true,"href":"https:\/\/www.manaus.am.gov.br\/semcom\/wp-json\/wp\/v2\/tags?post=251743"}],"curies":[{"name":"wp","href":"https:\/\/api.w.org\/{rel}","templated":true}]}}