{"id":251725,"date":"2026-01-27T11:44:45","date_gmt":"2026-01-27T14:44:45","guid":{"rendered":"https:\/\/www.manaus.am.gov.br\/semcom\/prefeitura-semsa-mamografias\/"},"modified":"2026-01-27T15:58:44","modified_gmt":"2026-01-27T18:58:44","slug":"prefeitura-semsa-mamografias-saude-da-mulher","status":"publish","type":"post","link":"https:\/\/www.manaus.am.gov.br\/semcom\/prefeitura-semsa-mamografias-saude-da-mulher\/","title":{"rendered":"Unidades m\u00f3veis de Sa\u00fade da Mulher da prefeitura ampliam oferta e acesso a mamografias na capital"},"content":{"rendered":"\n<p>As unidades m\u00f3veis de Sa\u00fade da Mulher, da <a href=\"https:\/\/www.manaus.am.gov.br\">Prefeitura de Manaus<\/a>, v\u00eam contribuindo para ampliar a oferta e o acesso das mulheres a exames de mamografia na capital, respondendo, hoje,\u00a0por um\u00a0de cada cinco desses exames feitos no munic\u00edpio. Gerenciadas pela Secretaria Municipal de Sa\u00fade (Semsa), as estruturas entraram em opera\u00e7\u00e3o h\u00e1 dois anos e meio, elevando a cobertura da Aten\u00e7\u00e3o Prim\u00e1ria e fortalecendo a preven\u00e7\u00e3o e diagn\u00f3stico precoce dos c\u00e2nceres de mama e do colo do \u00fatero na capital.<\/p>\n\n\n\n<p>No ano passado, as unidades m\u00f3veis da Semsa realizaram 7.794 mamografias, o equivalente a 17,8% dos 43.731 exames feitos por meio do Sistema \u00danico de Sa\u00fade (SUS) no munic\u00edpio. Desde sua implanta\u00e7\u00e3o, em 2023, at\u00e9 o ano passado, o servi\u00e7o contabiliza 23.155 mamografias realizadas, segundo dados do Sistema de Informa\u00e7\u00f5es de C\u00e2ncer (Siscan), do Minist\u00e9rio da Sa\u00fade.<\/p>\n\n\n\n<p>A secret\u00e1ria municipal de Sa\u00fade em exerc\u00edcio, Aline Rosa Martins, assinala o papel das mamografias na preven\u00e7\u00e3o e diagn\u00f3stico precoce do c\u00e2ncer mam\u00e1rio, tipo mais comum da doen\u00e7a no Brasil e no mundo, depois do c\u00e2ncer de pele n\u00e3o melanoma.<\/p>\n\n\n\n<p>\u201cCom as unidades m\u00f3veis, a Semsa avan\u00e7ou decisivamente para levar um n\u00famero maior de mulheres a esse exame. \u00c9 um exame primordial para o rastreio e a detec\u00e7\u00e3o precoce do c\u00e2ncer de mama, o que amplia as chances de cura no tratamento\u201d, relata a secret\u00e1ria em exerc\u00edcio.<\/p>\n\n\n\n<p>Conforme a chefe da Divis\u00e3o de Aten\u00e7\u00e3o \u00e0 Sa\u00fade da Mulher, L\u00facia Freitas, o servi\u00e7o m\u00f3vel leva atendimento a moradoras de \u00e1reas de vulnerabilidade social e vazios assistenciais. \u201cAs usu\u00e1rias das unidades m\u00f3veis t\u00eam acesso facilitado ao exame de mamografia, sem necessidade de agendamento pelo Sistema de Regula\u00e7\u00e3o. Assim, o servi\u00e7o consegue captar essa mulher de forma c\u00e9lere para fazer a preven\u00e7\u00e3o do c\u00e2ncer de mama\u201d, afirma.<\/p>\n\n\n\n<p>L\u00facia aponta que a demanda pelo exame ainda \u00e9 baixa em rela\u00e7\u00e3o \u00e0 capacidade instalada do servi\u00e7o, que disp\u00f5e de cinco estruturas, cada uma delas dotada de mam\u00f3grafo digital de \u00faltima gera\u00e7\u00e3o e capaz de realizar at\u00e9 25 procedimentos ao dia.<\/p>\n\n\n\n<p>\u201cPara ampliar o alcance do servi\u00e7o, temos orientado equipes de sa\u00fade para refor\u00e7ar a busca ativa nos territ\u00f3rios, e para intensificar a\u00e7\u00f5es de educa\u00e7\u00e3o junto a moradoras e l\u00edderes das comunidades, com foco na preven\u00e7\u00e3o e na import\u00e2ncia da mamografia\u201d, assinala.<\/p>\n\n\n\n<p>A chefe do N\u00facleo do Programa de Sa\u00fade M\u00f3vel da Semsa, Meliza Souza, enfatiza o atendimento do servi\u00e7o m\u00f3vel \u00e0s usu\u00e1rias da zona rural de Manaus. \u201cAntes, essas mulheres precisavam se deslocar at\u00e9 a \u00e1rea urbana para ter acesso \u00e0 mamografia e outros procedimentos que hoje s\u00e3o ofertadas nas Unidades M\u00f3veis de Sa\u00fade da Mulher\u201d, relata.<\/p>\n\n\n\n<p>Meliza salienta que, no ano passado, conforme dados do Siscan, das 27.527 mamografias feitas por residentes em Manaus, na faixa et\u00e1ria de 50 a 74 anos, 219 foram nas categorias Bi-Rads 4 e 5, indicando suspeita de malignidade.<\/p>\n\n\n\n<p>\u201cPode parecer um n\u00famero baixo, mas precisamos lembrar que o c\u00e2ncer de mama \u00e9 a principal causa de morte de mulheres pela doen\u00e7a. Um diagn\u00f3stico precoce representa uma mulher que teve acesso efetivo \u00e0 preven\u00e7\u00e3o e ao tratamento em tempo oportuno\u201d, observa a gestora.<\/p>\n\n\n\n<p>Balan\u00e7o<\/p>\n\n\n\n<p>As unidades m\u00f3veis de Sa\u00fade da Mulher, da Semsa, registraram, no ano passado, um total de 151.024 procedimentos e servi\u00e7os de sa\u00fade prestados \u00e0 popula\u00e7\u00e3o feminina. Al\u00e9m das 7.794 mamografias, as estruturas contabilizaram 45.360 consultas, sendo 35.760 consultas m\u00e9dicas e 9.462 de enfermagem, e 138 consultas iniciais do pr\u00e9-natal.<\/p>\n\n\n\n<p>O servi\u00e7o m\u00f3vel realizou ainda 62.755 exames de ultrassom, dos quais 12.578 das mamas, al\u00e9m de 5.984 exames preventivos do c\u00e2ncer do colo do \u00fatero e 13.213 testes r\u00e1pidos para detec\u00e7\u00e3o de HIV, s\u00edfilis e hepatites B e C. Um total de 3.240 doses de vacinas foram aplicadas nas estruturas.<\/p>\n\n\n\n<p>As unidades m\u00f3veis foram implementadas em julho de 2023, contando inicialmente com tr\u00eas equipamentos, para atender respectivamente as zonas Norte, Oeste e Leste do munic\u00edpio. Em abril do ano seguinte, o servi\u00e7o ganhou mais duas unidades e estendeu os atendimentos \u00e0s usu\u00e1rias das zonas Sul e rural.<\/p>\n\n\n\n<p>As estruturas itinerantes ofertam atendimento exclusivamente para a popula\u00e7\u00e3o feminina, funcionando sempre das 7h \u00e0s 17h, em dias \u00fateis, inclusive pontos facultativos da administra\u00e7\u00e3o municipal. Cada unidade circula em sua respectiva zona de atua\u00e7\u00e3o, principalmente em \u00e1reas mais carentes dos servi\u00e7os b\u00e1sicos de sa\u00fade, permanecendo em torno de 15 dias em cada localidade.<\/p>\n\n\n\n<p>Preven\u00e7\u00e3o e rastreio<\/p>\n\n\n\n<p>O exame de mamografia \u00e9 indicado para mulheres cisg\u00eanero e homens transg\u00eanero, de 50 a 74 anos de idade, devendo ser realizado a cada dois anos, para preven\u00e7\u00e3o e diagn\u00f3stico precoce do c\u00e2ncer de mama. O procedimento \u00e9 ainda ofertado a pessoas de 40 a 49, sob demanda, ap\u00f3s avalia\u00e7\u00e3o conjunta com o profissional de sa\u00fade.<\/p>\n\n\n\n<p>Quando o exame detecta les\u00f5es suspeitas de c\u00e2ncer, o diagn\u00f3stico \u00e9 realizado por meio de bi\u00f3psia, com a an\u00e1lise de uma amostra do tecido da mama. A rede municipal conta com duas unidades do Servi\u00e7o de Refer\u00eancia para Diagn\u00f3stico de C\u00e2ncer de Mama (SDM), que ofertam bi\u00f3psias por meio do Sistema de Regula\u00e7\u00e3o (Sisreg).<\/p>\n\n\n\n<p>&#8212; &#8212; &#8212;<\/p>\n\n\n\n<p><strong>Texto&nbsp;<\/strong>&#8211;&nbsp;Jony Clay Borges \/ Semsa<\/p>\n\n\n\n<p><strong>Fotos&nbsp;<\/strong>&#8211;&nbsp;Divulga\u00e7\u00e3o \/ Semsa<\/p>\n","protected":false},"excerpt":{"rendered":"","protected":false},"author":23,"featured_media":251726,"comment_status":"closed","ping_status":"closed","sticky":false,"template":"","format":"standard","meta":{"footnotes":""},"categories":[173],"tags":[174,8383,77,162],"acf":[],"yoast_head":"<!-- This site is optimized with the Yoast SEO plugin v23.0 - https:\/\/yoast.com\/wordpress\/plugins\/seo\/ -->\n<title>Unidades m\u00f3veis de Sa\u00fade da Mulher da prefeitura ampliam oferta e acesso a mamografias na capital<\/title>\n<meta name=\"description\" content=\"As unidades m\u00f3veis de Sa\u00fade da Mulher, da Prefeitura de Manaus, v\u00eam contribuindo para ampliar a oferta e o acesso das mulheres a exames de mamografia na capital, respondendo, hoje, por um de cada cinco desses exames feitos no munic\u00edpio.\" \/>\n<meta name=\"robots\" content=\"index, follow, max-snippet:-1, max-image-preview:large, max-video-preview:-1\" \/>\n<link rel=\"canonical\" href=\"https:\/\/www.manaus.am.gov.br\/semcom\/prefeitura-semsa-mamografias\/\" \/>\n<meta property=\"og:locale\" content=\"pt_BR\" \/>\n<meta property=\"og:type\" content=\"article\" \/>\n<meta property=\"og:title\" content=\"Unidades m\u00f3veis de Sa\u00fade da Mulher da prefeitura ampliam oferta e acesso a mamografias na capital\" \/>\n<meta property=\"og:description\" content=\"As unidades m\u00f3veis de Sa\u00fade da Mulher, da Prefeitura de Manaus, v\u00eam contribuindo para ampliar a oferta e o acesso das mulheres a exames de mamografia na capital, respondendo, hoje, por um de cada cinco desses exames feitos no munic\u00edpio.\" \/>\n<meta property=\"og:url\" content=\"https:\/\/www.manaus.am.gov.br\/semcom\/prefeitura-semsa-mamografias\/\" \/>\n<meta property=\"og:site_name\" content=\"SEMCOM\" \/>\n<meta property=\"article:published_time\" content=\"2026-01-27T14:44:45+00:00\" \/>\n<meta property=\"article:modified_time\" content=\"2026-01-27T18:58:44+00:00\" \/>\n<meta property=\"og:image\" content=\"https:\/\/www.manaus.am.gov.br\/semcom\/wp-content\/uploads\/sites\/5\/2026\/01\/SEMSA-MANAUS-Mamografias-Unidades-Moveis-5.jpg\" \/>\n\t<meta property=\"og:image:width\" content=\"6144\" \/>\n\t<meta property=\"og:image:height\" content=\"4096\" \/>\n\t<meta property=\"og:image:type\" content=\"image\/jpeg\" \/>\n<meta name=\"author\" content=\"Adriana Costa\" \/>\n<meta name=\"twitter:card\" content=\"summary_large_image\" \/>\n<meta name=\"twitter:label1\" content=\"Written by\" \/>\n\t<meta name=\"twitter:data1\" content=\"Adriana Costa\" \/>\n\t<meta name=\"twitter:label2\" content=\"Est. reading time\" \/>\n\t<meta name=\"twitter:data2\" content=\"5 minutos\" \/>\n<script type=\"application\/ld+json\" class=\"yoast-schema-graph\">{\"@context\":\"https:\/\/schema.org\",\"@graph\":[{\"@type\":\"WebPage\",\"@id\":\"https:\/\/www.manaus.am.gov.br\/semcom\/prefeitura-semsa-mamografias\/\",\"url\":\"https:\/\/www.manaus.am.gov.br\/semcom\/prefeitura-semsa-mamografias\/\",\"name\":\"Unidades m\u00f3veis de Sa\u00fade da Mulher da prefeitura ampliam oferta e acesso a mamografias na capital\",\"isPartOf\":{\"@id\":\"https:\/\/www.manaus.am.gov.br\/semcom\/#website\"},\"primaryImageOfPage\":{\"@id\":\"https:\/\/www.manaus.am.gov.br\/semcom\/prefeitura-semsa-mamografias\/#primaryimage\"},\"image\":{\"@id\":\"https:\/\/www.manaus.am.gov.br\/semcom\/prefeitura-semsa-mamografias\/#primaryimage\"},\"thumbnailUrl\":\"https:\/\/www.manaus.am.gov.br\/semcom\/wp-content\/uploads\/sites\/5\/2026\/01\/SEMSA-MANAUS-Mamografias-Unidades-Moveis-5.jpg\",\"datePublished\":\"2026-01-27T14:44:45+00:00\",\"dateModified\":\"2026-01-27T18:58:44+00:00\",\"author\":{\"@id\":\"https:\/\/www.manaus.am.gov.br\/semcom\/#\/schema\/person\/4e49f4e267757a06ca072ec61b2b9968\"},\"description\":\"As unidades m\u00f3veis de Sa\u00fade da Mulher, da Prefeitura de Manaus, v\u00eam contribuindo para ampliar a oferta e o acesso das mulheres a exames de mamografia na capital, respondendo, hoje, por um de cada cinco desses exames feitos no munic\u00edpio.\",\"inLanguage\":\"pt-BR\",\"potentialAction\":[{\"@type\":\"ReadAction\",\"target\":[\"https:\/\/www.manaus.am.gov.br\/semcom\/prefeitura-semsa-mamografias\/\"]}]},{\"@type\":\"ImageObject\",\"inLanguage\":\"pt-BR\",\"@id\":\"https:\/\/www.manaus.am.gov.br\/semcom\/prefeitura-semsa-mamografias\/#primaryimage\",\"url\":\"https:\/\/www.manaus.am.gov.br\/semcom\/wp-content\/uploads\/sites\/5\/2026\/01\/SEMSA-MANAUS-Mamografias-Unidades-Moveis-5.jpg\",\"contentUrl\":\"https:\/\/www.manaus.am.gov.br\/semcom\/wp-content\/uploads\/sites\/5\/2026\/01\/SEMSA-MANAUS-Mamografias-Unidades-Moveis-5.jpg\",\"width\":6144,\"height\":4096,\"caption\":\"#paratodosverem - Profissional de sa\u00fade da Semsa ajusta m\u00e1quina utilizada para realiza\u00e7\u00e3o do exame de mamografia\"},{\"@type\":\"WebSite\",\"@id\":\"https:\/\/www.manaus.am.gov.br\/semcom\/#website\",\"url\":\"https:\/\/www.manaus.am.gov.br\/semcom\/\",\"name\":\"SEMCOM\",\"description\":\"Secretaria Municipal de Comunica\u00e7\u00e3o\",\"potentialAction\":[{\"@type\":\"SearchAction\",\"target\":{\"@type\":\"EntryPoint\",\"urlTemplate\":\"https:\/\/www.manaus.am.gov.br\/semcom\/?s={search_term_string}\"},\"query-input\":\"required name=search_term_string\"}],\"inLanguage\":\"pt-BR\"},{\"@type\":\"Person\",\"@id\":\"https:\/\/www.manaus.am.gov.br\/semcom\/#\/schema\/person\/4e49f4e267757a06ca072ec61b2b9968\",\"name\":\"Adriana Costa\",\"image\":{\"@type\":\"ImageObject\",\"inLanguage\":\"pt-BR\",\"@id\":\"https:\/\/www.manaus.am.gov.br\/semcom\/#\/schema\/person\/image\/\",\"url\":\"https:\/\/secure.gravatar.com\/avatar\/576258617ef7194f718179e766d57bd4?s=96&d=mm&r=g\",\"contentUrl\":\"https:\/\/secure.gravatar.com\/avatar\/576258617ef7194f718179e766d57bd4?s=96&d=mm&r=g\",\"caption\":\"Adriana Costa\"}}]}<\/script>\n<!-- \/ Yoast SEO plugin. -->","yoast_head_json":{"title":"Unidades m\u00f3veis de Sa\u00fade da Mulher da prefeitura ampliam oferta e acesso a mamografias na capital","description":"As unidades m\u00f3veis de Sa\u00fade da Mulher, da Prefeitura de Manaus, v\u00eam contribuindo para ampliar a oferta e o acesso das mulheres a exames de mamografia na capital, respondendo, hoje, por um de cada cinco desses exames feitos no munic\u00edpio.","robots":{"index":"index","follow":"follow","max-snippet":"max-snippet:-1","max-image-preview":"max-image-preview:large","max-video-preview":"max-video-preview:-1"},"canonical":"https:\/\/www.manaus.am.gov.br\/semcom\/prefeitura-semsa-mamografias\/","og_locale":"pt_BR","og_type":"article","og_title":"Unidades m\u00f3veis de Sa\u00fade da Mulher da prefeitura ampliam oferta e acesso a mamografias na capital","og_description":"As unidades m\u00f3veis de Sa\u00fade da Mulher, da Prefeitura de Manaus, v\u00eam contribuindo para ampliar a oferta e o acesso das mulheres a exames de mamografia na capital, respondendo, hoje, por um de cada cinco desses exames feitos no munic\u00edpio.","og_url":"https:\/\/www.manaus.am.gov.br\/semcom\/prefeitura-semsa-mamografias\/","og_site_name":"SEMCOM","article_published_time":"2026-01-27T14:44:45+00:00","article_modified_time":"2026-01-27T18:58:44+00:00","og_image":[{"width":6144,"height":4096,"url":"https:\/\/www.manaus.am.gov.br\/semcom\/wp-content\/uploads\/sites\/5\/2026\/01\/SEMSA-MANAUS-Mamografias-Unidades-Moveis-5.jpg","type":"image\/jpeg"}],"author":"Adriana Costa","twitter_card":"summary_large_image","twitter_misc":{"Written by":"Adriana Costa","Est. reading time":"5 minutos"},"schema":{"@context":"https:\/\/schema.org","@graph":[{"@type":"WebPage","@id":"https:\/\/www.manaus.am.gov.br\/semcom\/prefeitura-semsa-mamografias\/","url":"https:\/\/www.manaus.am.gov.br\/semcom\/prefeitura-semsa-mamografias\/","name":"Unidades m\u00f3veis de Sa\u00fade da Mulher da prefeitura ampliam oferta e acesso a mamografias na capital","isPartOf":{"@id":"https:\/\/www.manaus.am.gov.br\/semcom\/#website"},"primaryImageOfPage":{"@id":"https:\/\/www.manaus.am.gov.br\/semcom\/prefeitura-semsa-mamografias\/#primaryimage"},"image":{"@id":"https:\/\/www.manaus.am.gov.br\/semcom\/prefeitura-semsa-mamografias\/#primaryimage"},"thumbnailUrl":"https:\/\/www.manaus.am.gov.br\/semcom\/wp-content\/uploads\/sites\/5\/2026\/01\/SEMSA-MANAUS-Mamografias-Unidades-Moveis-5.jpg","datePublished":"2026-01-27T14:44:45+00:00","dateModified":"2026-01-27T18:58:44+00:00","author":{"@id":"https:\/\/www.manaus.am.gov.br\/semcom\/#\/schema\/person\/4e49f4e267757a06ca072ec61b2b9968"},"description":"As unidades m\u00f3veis de Sa\u00fade da Mulher, da Prefeitura de Manaus, v\u00eam contribuindo para ampliar a oferta e o acesso das mulheres a exames de mamografia na capital, respondendo, hoje, por um de cada cinco desses exames feitos no munic\u00edpio.","inLanguage":"pt-BR","potentialAction":[{"@type":"ReadAction","target":["https:\/\/www.manaus.am.gov.br\/semcom\/prefeitura-semsa-mamografias\/"]}]},{"@type":"ImageObject","inLanguage":"pt-BR","@id":"https:\/\/www.manaus.am.gov.br\/semcom\/prefeitura-semsa-mamografias\/#primaryimage","url":"https:\/\/www.manaus.am.gov.br\/semcom\/wp-content\/uploads\/sites\/5\/2026\/01\/SEMSA-MANAUS-Mamografias-Unidades-Moveis-5.jpg","contentUrl":"https:\/\/www.manaus.am.gov.br\/semcom\/wp-content\/uploads\/sites\/5\/2026\/01\/SEMSA-MANAUS-Mamografias-Unidades-Moveis-5.jpg","width":6144,"height":4096,"caption":"#paratodosverem - Profissional de sa\u00fade da Semsa ajusta m\u00e1quina utilizada para realiza\u00e7\u00e3o do exame de mamografia"},{"@type":"WebSite","@id":"https:\/\/www.manaus.am.gov.br\/semcom\/#website","url":"https:\/\/www.manaus.am.gov.br\/semcom\/","name":"SEMCOM","description":"Secretaria Municipal de Comunica\u00e7\u00e3o","potentialAction":[{"@type":"SearchAction","target":{"@type":"EntryPoint","urlTemplate":"https:\/\/www.manaus.am.gov.br\/semcom\/?s={search_term_string}"},"query-input":"required name=search_term_string"}],"inLanguage":"pt-BR"},{"@type":"Person","@id":"https:\/\/www.manaus.am.gov.br\/semcom\/#\/schema\/person\/4e49f4e267757a06ca072ec61b2b9968","name":"Adriana Costa","image":{"@type":"ImageObject","inLanguage":"pt-BR","@id":"https:\/\/www.manaus.am.gov.br\/semcom\/#\/schema\/person\/image\/","url":"https:\/\/secure.gravatar.com\/avatar\/576258617ef7194f718179e766d57bd4?s=96&d=mm&r=g","contentUrl":"https:\/\/secure.gravatar.com\/avatar\/576258617ef7194f718179e766d57bd4?s=96&d=mm&r=g","caption":"Adriana Costa"}}]}},"_links":{"self":[{"href":"https:\/\/www.manaus.am.gov.br\/semcom\/wp-json\/wp\/v2\/posts\/251725"}],"collection":[{"href":"https:\/\/www.manaus.am.gov.br\/semcom\/wp-json\/wp\/v2\/posts"}],"about":[{"href":"https:\/\/www.manaus.am.gov.br\/semcom\/wp-json\/wp\/v2\/types\/post"}],"author":[{"embeddable":true,"href":"https:\/\/www.manaus.am.gov.br\/semcom\/wp-json\/wp\/v2\/users\/23"}],"replies":[{"embeddable":true,"href":"https:\/\/www.manaus.am.gov.br\/semcom\/wp-json\/wp\/v2\/comments?post=251725"}],"version-history":[{"count":1,"href":"https:\/\/www.manaus.am.gov.br\/semcom\/wp-json\/wp\/v2\/posts\/251725\/revisions"}],"predecessor-version":[{"id":251745,"href":"https:\/\/www.manaus.am.gov.br\/semcom\/wp-json\/wp\/v2\/posts\/251725\/revisions\/251745"}],"wp:featuredmedia":[{"embeddable":true,"href":"https:\/\/www.manaus.am.gov.br\/semcom\/wp-json\/wp\/v2\/media\/251726"}],"wp:attachment":[{"href":"https:\/\/www.manaus.am.gov.br\/semcom\/wp-json\/wp\/v2\/media?parent=251725"}],"wp:term":[{"taxonomy":"category","embeddable":true,"href":"https:\/\/www.manaus.am.gov.br\/semcom\/wp-json\/wp\/v2\/categories?post=251725"},{"taxonomy":"post_tag","embeddable":true,"href":"https:\/\/www.manaus.am.gov.br\/semcom\/wp-json\/wp\/v2\/tags?post=251725"}],"curies":[{"name":"wp","href":"https:\/\/api.w.org\/{rel}","templated":true}]}}