{"id":251696,"date":"2026-01-26T17:38:16","date_gmt":"2026-01-26T21:38:16","guid":{"rendered":"https:\/\/www.manaus.am.gov.br\/semcom\/expansao-educacao-infantil\/"},"modified":"2026-01-27T11:05:50","modified_gmt":"2026-01-27T14:05:50","slug":"expansao-educacao-infantil","status":"publish","type":"post","link":"https:\/\/www.manaus.am.gov.br\/semcom\/expansao-educacao-infantil\/","title":{"rendered":"Prefeitura de Manaus amplia vagas em creches, reconhece demanda hist\u00f3rica e mant\u00e9m expans\u00e3o cont\u00ednua da educa\u00e7\u00e3o infantil em Manaus"},"content":{"rendered":"\n<p>A <a href=\"https:\/\/www.instagram.com\/prefeiturademanaus\/\">Prefeitura de Manaus<\/a> vem promovendo uma amplia\u00e7\u00e3o progressiva e estruturada das vagas em creches da rede municipal, reconhecendo que a demanda por atendimento na primeira inf\u00e2ncia \u00e9 hist\u00f3rica e supera a capacidade instalada n\u00e3o apenas na capital amazonense, mas na maior parte das grandes cidades brasileiras.<\/p>\n\n\n\n<p>Sob a gest\u00e3o do prefeito David Almeida, o n\u00famero de vagas em creches passou de aproximadamente 5.000 para mais de 14 mil, com a meta de alcan\u00e7ar 16 mil vagas at\u00e9 o fim de 2026. O crescimento representa um avan\u00e7o consistente na pol\u00edtica de educa\u00e7\u00e3o infantil e reflete uma estrat\u00e9gia de expans\u00e3o respons\u00e1vel, planejada e sustent\u00e1vel.<\/p>\n\n\n\n<p>O prefeito destaca que o desafio das creches exige solu\u00e7\u00f5es estruturais, continuidade administrativa e di\u00e1logo permanente com os \u00f3rg\u00e3os de controle e com a sociedade.<\/p>\n\n\n\n<p>\u201cN\u00f3s sabemos que a demanda por vagas em creches ainda \u00e9 maior do que a oferta. Isso n\u00e3o \u00e9 uma realidade apenas de Manaus, \u00e9 um desafio nacional. O que diferencia a nossa gest\u00e3o \u00e9 que n\u00e3o ignoramos o problema e nem empurramos para frente. Estamos ampliando vagas de forma cont\u00ednua, com planejamento, responsabilidade e foco em quem mais precisa\u201d, afirmou David Almeida.<\/p>\n\n\n\n<p>Dados do Censo Escolar, produzido pelo Instituto Nacional de Estudos e Pesquisas Educacionais An\u00edsio Teixeira (Inep), \u00f3rg\u00e3o vinculado ao Minist\u00e9rio da Educa\u00e7\u00e3o (MEC), indicam que a cobertura de creches no Brasil ainda est\u00e1 abaixo da necessidade real das fam\u00edlias, especialmente em grandes centros urbanos. Em Manaus, a elevada procura registrada no per\u00edodo de inscri\u00e7\u00f5es refor\u00e7a a import\u00e2ncia de manter a expans\u00e3o da rede como pol\u00edtica permanente.<\/p>\n\n\n\n<figure class=\"wp-block-image size-large\"><img loading=\"lazy\" decoding=\"async\" width=\"1024\" height=\"683\" src=\"https:\/\/www.manaus.am.gov.br\/semcom\/wp-content\/uploads\/sites\/5\/2026\/01\/WhatsApp-Image-2026-01-26-at-17.29.30-2-1024x683.jpeg\" alt=\"\" class=\"wp-image-251697\" srcset=\"https:\/\/www.manaus.am.gov.br\/semcom\/wp-content\/uploads\/sites\/5\/2026\/01\/WhatsApp-Image-2026-01-26-at-17.29.30-2-1024x683.jpeg 1024w, https:\/\/www.manaus.am.gov.br\/semcom\/wp-content\/uploads\/sites\/5\/2026\/01\/WhatsApp-Image-2026-01-26-at-17.29.30-2-300x200.jpeg 300w, https:\/\/www.manaus.am.gov.br\/semcom\/wp-content\/uploads\/sites\/5\/2026\/01\/WhatsApp-Image-2026-01-26-at-17.29.30-2-768x512.jpeg 768w, https:\/\/www.manaus.am.gov.br\/semcom\/wp-content\/uploads\/sites\/5\/2026\/01\/WhatsApp-Image-2026-01-26-at-17.29.30-2-1536x1024.jpeg 1536w, https:\/\/www.manaus.am.gov.br\/semcom\/wp-content\/uploads\/sites\/5\/2026\/01\/WhatsApp-Image-2026-01-26-at-17.29.30-2.jpeg 1600w\" sizes=\"(max-width: 1024px) 100vw, 1024px\" \/><figcaption class=\"wp-element-caption\">#paratodosverem &#8211; Crian\u00e7as em sala de aula de creche durante atividades<\/figcaption><\/figure>\n\n\n\n<p>A <a href=\"https:\/\/www.manaus.am.gov.br\/\">prefeitura<\/a> tamb\u00e9m tem aprimorado os crit\u00e9rios de acesso \u00e0s vagas, em conson\u00e2ncia com as recomenda\u00e7\u00f5es do Minist\u00e9rio P\u00fablico do Estado do Amazonas (MP-AM) e da Defensoria P\u00fablica, priorizando fam\u00edlias em situa\u00e7\u00e3o de maior vulnerabilidade social e garantindo transpar\u00eancia, isonomia e justi\u00e7a no processo de matr\u00edcula.<\/p>\n\n\n\n<p>Al\u00e9m da amplia\u00e7\u00e3o do n\u00famero de vagas, a gest\u00e3o municipal tem investido na qualidade do atendimento, com melhorias estruturais nas unidades, alimenta\u00e7\u00e3o escolar adequada \u00e0 faixa et\u00e1ria, forma\u00e7\u00e3o dos profissionais e integra\u00e7\u00e3o da educa\u00e7\u00e3o infantil ao planejamento educacional de m\u00e9dio e longo prazo do munic\u00edpio.<\/p>\n\n\n\n<p>\u201cCreche n\u00e3o se resolve com improviso. Exige obra, equipe, or\u00e7amento e continuidade. N\u00f3s estamos fazendo a nossa parte, ampliando vagas, qualificando o atendimento e trabalhando para avan\u00e7ar ainda mais, com responsabilidade e compromisso com as fam\u00edlias de Manaus\u201d, refor\u00e7ou o prefeito.<\/p>\n\n\n\n<p>Atualmente, a Prefeitura de Manaus mant\u00e9m abertas as inscri\u00e7\u00f5es para vagas em creches da rede municipal, conforme edital da Secretaria Municipal de Educa\u00e7\u00e3o (Semed). O processo segue crit\u00e9rios t\u00e9cnicos e sociais, priorizando fam\u00edlias em situa\u00e7\u00e3o de maior vulnerabilidade, dentro da capacidade de atendimento prevista para este ano, enquanto a gest\u00e3o segue ampliando de forma progressiva a oferta de vagas na educa\u00e7\u00e3o infantil.<\/p>\n\n\n\n<p>Com essa pol\u00edtica, a gest\u00e3o David Almeida reafirma que reconhecer a demanda n\u00e3o \u00e9 sinal de fragilidade, mas de responsabilidade p\u00fablica, e que a expans\u00e3o das creches seguir\u00e1 como prioridade estrat\u00e9gica, integrando o maior programa de fortalecimento da educa\u00e7\u00e3o b\u00e1sica j\u00e1 realizado na cidade.<\/p>\n\n\n\n<p>&#8212; &#8212; &#8212;<br><strong>Texto &#8211; <\/strong>Emanuelle Baires \/ Semcom-Prefeito<br><strong>Fotos &#8211;<\/strong> Arquivo\/Semcom<\/p>\n","protected":false},"excerpt":{"rendered":"","protected":false},"author":68,"featured_media":251698,"comment_status":"closed","ping_status":"closed","sticky":false,"template":"","format":"standard","meta":{"footnotes":""},"categories":[2179],"tags":[19084,77,19085,62],"acf":[],"yoast_head":"<!-- This site is optimized with the Yoast SEO plugin v23.0 - https:\/\/yoast.com\/wordpress\/plugins\/seo\/ -->\n<title>Prefeitura de Manaus amplia vagas em creches<\/title>\n<meta name=\"description\" content=\"A Prefeitura de Manaus vem promovendo uma amplia\u00e7\u00e3o progressiva e estruturada das vagas em creches da rede municipal, reconhecendo que a demanda por atendimento na primeira inf\u00e2ncia \u00e9 hist\u00f3rica e supera a capacidade instalada n\u00e3o apenas na capital amazonense, mas na maior parte das grandes cidades brasileiras.\" \/>\n<meta name=\"robots\" content=\"index, follow, max-snippet:-1, max-image-preview:large, max-video-preview:-1\" \/>\n<link rel=\"canonical\" href=\"https:\/\/www.manaus.am.gov.br\/semcom\/expansao-educacao-infantil\/\" \/>\n<meta property=\"og:locale\" content=\"pt_BR\" \/>\n<meta property=\"og:type\" content=\"article\" \/>\n<meta property=\"og:title\" content=\"Prefeitura de Manaus amplia vagas em creches\" \/>\n<meta property=\"og:description\" content=\"A Prefeitura de Manaus vem promovendo uma amplia\u00e7\u00e3o progressiva e estruturada das vagas em creches da rede municipal, reconhecendo que a demanda por atendimento na primeira inf\u00e2ncia \u00e9 hist\u00f3rica e supera a capacidade instalada n\u00e3o apenas na capital amazonense, mas na maior parte das grandes cidades brasileiras.\" \/>\n<meta property=\"og:url\" content=\"https:\/\/www.manaus.am.gov.br\/semcom\/expansao-educacao-infantil\/\" \/>\n<meta property=\"og:site_name\" content=\"SEMCOM\" \/>\n<meta property=\"article:published_time\" content=\"2026-01-26T21:38:16+00:00\" \/>\n<meta property=\"article:modified_time\" content=\"2026-01-27T14:05:50+00:00\" \/>\n<meta property=\"og:image\" content=\"https:\/\/www.manaus.am.gov.br\/semcom\/wp-content\/uploads\/sites\/5\/2026\/01\/WhatsApp-Image-2026-01-26-at-17.29.28.jpeg\" \/>\n\t<meta property=\"og:image:width\" content=\"799\" \/>\n\t<meta property=\"og:image:height\" content=\"533\" \/>\n\t<meta property=\"og:image:type\" content=\"image\/jpeg\" \/>\n<meta name=\"author\" content=\"bvalente\" \/>\n<meta name=\"twitter:card\" content=\"summary_large_image\" \/>\n<meta name=\"twitter:label1\" content=\"Written by\" \/>\n\t<meta name=\"twitter:data1\" content=\"bvalente\" \/>\n\t<meta name=\"twitter:label2\" content=\"Est. reading time\" \/>\n\t<meta name=\"twitter:data2\" content=\"4 minutos\" \/>\n<script type=\"application\/ld+json\" class=\"yoast-schema-graph\">{\"@context\":\"https:\/\/schema.org\",\"@graph\":[{\"@type\":\"WebPage\",\"@id\":\"https:\/\/www.manaus.am.gov.br\/semcom\/expansao-educacao-infantil\/\",\"url\":\"https:\/\/www.manaus.am.gov.br\/semcom\/expansao-educacao-infantil\/\",\"name\":\"Prefeitura de Manaus amplia vagas em creches\",\"isPartOf\":{\"@id\":\"https:\/\/www.manaus.am.gov.br\/semcom\/#website\"},\"primaryImageOfPage\":{\"@id\":\"https:\/\/www.manaus.am.gov.br\/semcom\/expansao-educacao-infantil\/#primaryimage\"},\"image\":{\"@id\":\"https:\/\/www.manaus.am.gov.br\/semcom\/expansao-educacao-infantil\/#primaryimage\"},\"thumbnailUrl\":\"https:\/\/www.manaus.am.gov.br\/semcom\/wp-content\/uploads\/sites\/5\/2026\/01\/WhatsApp-Image-2026-01-26-at-17.29.28.jpeg\",\"datePublished\":\"2026-01-26T21:38:16+00:00\",\"dateModified\":\"2026-01-27T14:05:50+00:00\",\"author\":{\"@id\":\"https:\/\/www.manaus.am.gov.br\/semcom\/#\/schema\/person\/466a0e03ae4b6062809046bd560ac955\"},\"description\":\"A Prefeitura de Manaus vem promovendo uma amplia\u00e7\u00e3o progressiva e estruturada das vagas em creches da rede municipal, reconhecendo que a demanda por atendimento na primeira inf\u00e2ncia \u00e9 hist\u00f3rica e supera a capacidade instalada n\u00e3o apenas na capital amazonense, mas na maior parte das grandes cidades brasileiras.\",\"inLanguage\":\"pt-BR\",\"potentialAction\":[{\"@type\":\"ReadAction\",\"target\":[\"https:\/\/www.manaus.am.gov.br\/semcom\/expansao-educacao-infantil\/\"]}]},{\"@type\":\"ImageObject\",\"inLanguage\":\"pt-BR\",\"@id\":\"https:\/\/www.manaus.am.gov.br\/semcom\/expansao-educacao-infantil\/#primaryimage\",\"url\":\"https:\/\/www.manaus.am.gov.br\/semcom\/wp-content\/uploads\/sites\/5\/2026\/01\/WhatsApp-Image-2026-01-26-at-17.29.28.jpeg\",\"contentUrl\":\"https:\/\/www.manaus.am.gov.br\/semcom\/wp-content\/uploads\/sites\/5\/2026\/01\/WhatsApp-Image-2026-01-26-at-17.29.28.jpeg\",\"width\":799,\"height\":533,\"caption\":\"#paratodosverem - Crian\u00e7as em sala de creche com professora, durante atividades\"},{\"@type\":\"WebSite\",\"@id\":\"https:\/\/www.manaus.am.gov.br\/semcom\/#website\",\"url\":\"https:\/\/www.manaus.am.gov.br\/semcom\/\",\"name\":\"SEMCOM\",\"description\":\"Secretaria Municipal de Comunica\u00e7\u00e3o\",\"potentialAction\":[{\"@type\":\"SearchAction\",\"target\":{\"@type\":\"EntryPoint\",\"urlTemplate\":\"https:\/\/www.manaus.am.gov.br\/semcom\/?s={search_term_string}\"},\"query-input\":\"required name=search_term_string\"}],\"inLanguage\":\"pt-BR\"},{\"@type\":\"Person\",\"@id\":\"https:\/\/www.manaus.am.gov.br\/semcom\/#\/schema\/person\/466a0e03ae4b6062809046bd560ac955\",\"name\":\"bvalente\",\"image\":{\"@type\":\"ImageObject\",\"inLanguage\":\"pt-BR\",\"@id\":\"https:\/\/www.manaus.am.gov.br\/semcom\/#\/schema\/person\/image\/\",\"url\":\"https:\/\/secure.gravatar.com\/avatar\/3e69bc2b014bdad41adfec3a39de07d2?s=96&d=mm&r=g\",\"contentUrl\":\"https:\/\/secure.gravatar.com\/avatar\/3e69bc2b014bdad41adfec3a39de07d2?s=96&d=mm&r=g\",\"caption\":\"bvalente\"}}]}<\/script>\n<!-- \/ Yoast SEO plugin. -->","yoast_head_json":{"title":"Prefeitura de Manaus amplia vagas em creches","description":"A Prefeitura de Manaus vem promovendo uma amplia\u00e7\u00e3o progressiva e estruturada das vagas em creches da rede municipal, reconhecendo que a demanda por atendimento na primeira inf\u00e2ncia \u00e9 hist\u00f3rica e supera a capacidade instalada n\u00e3o apenas na capital amazonense, mas na maior parte das grandes cidades brasileiras.","robots":{"index":"index","follow":"follow","max-snippet":"max-snippet:-1","max-image-preview":"max-image-preview:large","max-video-preview":"max-video-preview:-1"},"canonical":"https:\/\/www.manaus.am.gov.br\/semcom\/expansao-educacao-infantil\/","og_locale":"pt_BR","og_type":"article","og_title":"Prefeitura de Manaus amplia vagas em creches","og_description":"A Prefeitura de Manaus vem promovendo uma amplia\u00e7\u00e3o progressiva e estruturada das vagas em creches da rede municipal, reconhecendo que a demanda por atendimento na primeira inf\u00e2ncia \u00e9 hist\u00f3rica e supera a capacidade instalada n\u00e3o apenas na capital amazonense, mas na maior parte das grandes cidades brasileiras.","og_url":"https:\/\/www.manaus.am.gov.br\/semcom\/expansao-educacao-infantil\/","og_site_name":"SEMCOM","article_published_time":"2026-01-26T21:38:16+00:00","article_modified_time":"2026-01-27T14:05:50+00:00","og_image":[{"width":799,"height":533,"url":"https:\/\/www.manaus.am.gov.br\/semcom\/wp-content\/uploads\/sites\/5\/2026\/01\/WhatsApp-Image-2026-01-26-at-17.29.28.jpeg","type":"image\/jpeg"}],"author":"bvalente","twitter_card":"summary_large_image","twitter_misc":{"Written by":"bvalente","Est. reading time":"4 minutos"},"schema":{"@context":"https:\/\/schema.org","@graph":[{"@type":"WebPage","@id":"https:\/\/www.manaus.am.gov.br\/semcom\/expansao-educacao-infantil\/","url":"https:\/\/www.manaus.am.gov.br\/semcom\/expansao-educacao-infantil\/","name":"Prefeitura de Manaus amplia vagas em creches","isPartOf":{"@id":"https:\/\/www.manaus.am.gov.br\/semcom\/#website"},"primaryImageOfPage":{"@id":"https:\/\/www.manaus.am.gov.br\/semcom\/expansao-educacao-infantil\/#primaryimage"},"image":{"@id":"https:\/\/www.manaus.am.gov.br\/semcom\/expansao-educacao-infantil\/#primaryimage"},"thumbnailUrl":"https:\/\/www.manaus.am.gov.br\/semcom\/wp-content\/uploads\/sites\/5\/2026\/01\/WhatsApp-Image-2026-01-26-at-17.29.28.jpeg","datePublished":"2026-01-26T21:38:16+00:00","dateModified":"2026-01-27T14:05:50+00:00","author":{"@id":"https:\/\/www.manaus.am.gov.br\/semcom\/#\/schema\/person\/466a0e03ae4b6062809046bd560ac955"},"description":"A Prefeitura de Manaus vem promovendo uma amplia\u00e7\u00e3o progressiva e estruturada das vagas em creches da rede municipal, reconhecendo que a demanda por atendimento na primeira inf\u00e2ncia \u00e9 hist\u00f3rica e supera a capacidade instalada n\u00e3o apenas na capital amazonense, mas na maior parte das grandes cidades brasileiras.","inLanguage":"pt-BR","potentialAction":[{"@type":"ReadAction","target":["https:\/\/www.manaus.am.gov.br\/semcom\/expansao-educacao-infantil\/"]}]},{"@type":"ImageObject","inLanguage":"pt-BR","@id":"https:\/\/www.manaus.am.gov.br\/semcom\/expansao-educacao-infantil\/#primaryimage","url":"https:\/\/www.manaus.am.gov.br\/semcom\/wp-content\/uploads\/sites\/5\/2026\/01\/WhatsApp-Image-2026-01-26-at-17.29.28.jpeg","contentUrl":"https:\/\/www.manaus.am.gov.br\/semcom\/wp-content\/uploads\/sites\/5\/2026\/01\/WhatsApp-Image-2026-01-26-at-17.29.28.jpeg","width":799,"height":533,"caption":"#paratodosverem - Crian\u00e7as em sala de creche com professora, durante atividades"},{"@type":"WebSite","@id":"https:\/\/www.manaus.am.gov.br\/semcom\/#website","url":"https:\/\/www.manaus.am.gov.br\/semcom\/","name":"SEMCOM","description":"Secretaria Municipal de Comunica\u00e7\u00e3o","potentialAction":[{"@type":"SearchAction","target":{"@type":"EntryPoint","urlTemplate":"https:\/\/www.manaus.am.gov.br\/semcom\/?s={search_term_string}"},"query-input":"required name=search_term_string"}],"inLanguage":"pt-BR"},{"@type":"Person","@id":"https:\/\/www.manaus.am.gov.br\/semcom\/#\/schema\/person\/466a0e03ae4b6062809046bd560ac955","name":"bvalente","image":{"@type":"ImageObject","inLanguage":"pt-BR","@id":"https:\/\/www.manaus.am.gov.br\/semcom\/#\/schema\/person\/image\/","url":"https:\/\/secure.gravatar.com\/avatar\/3e69bc2b014bdad41adfec3a39de07d2?s=96&d=mm&r=g","contentUrl":"https:\/\/secure.gravatar.com\/avatar\/3e69bc2b014bdad41adfec3a39de07d2?s=96&d=mm&r=g","caption":"bvalente"}}]}},"_links":{"self":[{"href":"https:\/\/www.manaus.am.gov.br\/semcom\/wp-json\/wp\/v2\/posts\/251696"}],"collection":[{"href":"https:\/\/www.manaus.am.gov.br\/semcom\/wp-json\/wp\/v2\/posts"}],"about":[{"href":"https:\/\/www.manaus.am.gov.br\/semcom\/wp-json\/wp\/v2\/types\/post"}],"author":[{"embeddable":true,"href":"https:\/\/www.manaus.am.gov.br\/semcom\/wp-json\/wp\/v2\/users\/68"}],"replies":[{"embeddable":true,"href":"https:\/\/www.manaus.am.gov.br\/semcom\/wp-json\/wp\/v2\/comments?post=251696"}],"version-history":[{"count":5,"href":"https:\/\/www.manaus.am.gov.br\/semcom\/wp-json\/wp\/v2\/posts\/251696\/revisions"}],"predecessor-version":[{"id":251724,"href":"https:\/\/www.manaus.am.gov.br\/semcom\/wp-json\/wp\/v2\/posts\/251696\/revisions\/251724"}],"wp:featuredmedia":[{"embeddable":true,"href":"https:\/\/www.manaus.am.gov.br\/semcom\/wp-json\/wp\/v2\/media\/251698"}],"wp:attachment":[{"href":"https:\/\/www.manaus.am.gov.br\/semcom\/wp-json\/wp\/v2\/media?parent=251696"}],"wp:term":[{"taxonomy":"category","embeddable":true,"href":"https:\/\/www.manaus.am.gov.br\/semcom\/wp-json\/wp\/v2\/categories?post=251696"},{"taxonomy":"post_tag","embeddable":true,"href":"https:\/\/www.manaus.am.gov.br\/semcom\/wp-json\/wp\/v2\/tags?post=251696"}],"curies":[{"name":"wp","href":"https:\/\/api.w.org\/{rel}","templated":true}]}}