{"id":251680,"date":"2026-01-26T14:29:39","date_gmt":"2026-01-26T18:29:39","guid":{"rendered":"https:\/\/www.manaus.am.gov.br\/semcom\/segunda-reuniao-regional-alianca-aps-americas\/"},"modified":"2026-01-26T15:52:30","modified_gmt":"2026-01-26T18:52:30","slug":"segunda-reuniao-regional-alianca-aps-americas","status":"publish","type":"post","link":"https:\/\/www.manaus.am.gov.br\/semcom\/segunda-reuniao-regional-alianca-aps-americas\/","title":{"rendered":"Manaus participa da Segunda Reuni\u00e3o Regional da Alian\u00e7a pela Aten\u00e7\u00e3o Prim\u00e1ria \u00e0 Sa\u00fade nas Am\u00e9ricas"},"content":{"rendered":"\n<p>Manaus marca presen\u00e7a na Segunda Reuni\u00e3o Regional da Alian\u00e7a pela Aten\u00e7\u00e3o Prim\u00e1ria \u00e0 Sa\u00fade nas Am\u00e9ricas, promovida pelo governo federal, em parceria com Organiza\u00e7\u00e3o <a href=\"https:\/\/www.paho.org\/pt\/brasil\">Pan-Americana da Sa\u00fade\/Organiza\u00e7\u00e3o Mundial da Sa\u00fade<\/a> (Opas\/OMS), o Banco Mundial e o Banco Interamericano de Desenvolvimento (BID), que iniciou nesta segunda-feira, 26\/1, e segue at\u00e9 a pr\u00f3xima quarta-feira, 28\/1, no Rio de Janeiro, fortalecendo a participa\u00e7\u00e3o da capital amazonense em agendas decisivas para o pa\u00eds. Representando a cidade, a titular da <a href=\"https:\/\/www.manaus.am.gov.br\/semsa\/\">Secretaria Municipal de Sa\u00fade<\/a> (Semsa) de Manaus, Sh\u00e1dia Fraxe, \u00e9 uma das gestoras brasileiras participantes do evento.<\/p>\n\n\n\n<p>A Alian\u00e7a pela Aten\u00e7\u00e3o Prim\u00e1ria \u00e0 Sa\u00fade (APS) \u00e9 a inst\u00e2ncia de coopera\u00e7\u00e3o regional para alinhar agendas pol\u00edticas, t\u00e9cnicas e de investimento, que busca a conjuga\u00e7\u00e3o de esfor\u00e7os para acelerar a transforma\u00e7\u00e3o dos sistemas de sa\u00fade nas Am\u00e9ricas. \u201cO foco \u00e9 na APS, porque se entende que esse \u00e9 o n\u00edvel de assist\u00eancia em que os sistemas podem ser organizados para funcionar de modo integrado, com respeito \u00e0s diferen\u00e7as e tendo as pessoas como foco principal\u201d, destaca Sh\u00e1dia Fraxe.<\/p>\n\n\n\n<p>A Segunda Reuni\u00e3o Regional conta com pain\u00e9is plen\u00e1rios, sess\u00f5es tem\u00e1ticas e atividades de campo, abordando temas estrat\u00e9gicos como governan\u00e7a e financiamento dos sistemas de sa\u00fade, redes de aten\u00e7\u00e3o, participa\u00e7\u00e3o social, transforma\u00e7\u00e3o digital e emerg\u00eancias em sa\u00fade.<\/p>\n\n\n\n<p>O objetivo da programa\u00e7\u00e3o, de acordo com os organizadores, \u00e9 revisar os avan\u00e7os alcan\u00e7ados desde a cria\u00e7\u00e3o da Alian\u00e7a. Al\u00e9m disso, o encontro deve \u201cpromover o interc\u00e2mbio de experi\u00eancias nacionais e subnacionais e identificar oportunidades para ampliar o investimento e a inova\u00e7\u00e3o na organiza\u00e7\u00e3o e na presta\u00e7\u00e3o de servi\u00e7os de sa\u00fade baseados na APS, por meio de um di\u00e1logo de alto n\u00edvel entre autoridades de sa\u00fade, institui\u00e7\u00f5es representativas do Sistema \u00danico de Sa\u00fade, organismos internacionais e institui\u00e7\u00f5es financeiras\u201d.<\/p>\n\n\n\n<p>Para Sh\u00e1dia Fraxe, ao participar do encontro, Manaus d\u00e1 sua contribui\u00e7\u00e3o para o avan\u00e7o da sa\u00fade p\u00fablica no continente americano, ao mesmo tempo em que colhe elementos para fortalecer os mecanismos de execu\u00e7\u00e3o e aprimoramento da Aten\u00e7\u00e3o Prim\u00e1ria, que, de acordo com os princ\u00edpios organizativos do Sistema \u00danico de Sa\u00fade (SUS), representa a porta de entrada do cidad\u00e3o no sistema de sa\u00fade.<\/p>\n\n\n\n<p>\u201cA Aten\u00e7\u00e3o Prim\u00e1ria est\u00e1 sob a responsabilidade da gest\u00e3o municipal e nossa miss\u00e3o \u00e9 encontrar caminhos para melhorar continuamente os servi\u00e7os oferecidos aos cidad\u00e3os. Quando esse esfor\u00e7o \u00e9 feito conjuntamente por pa\u00edses que dividem a mesma regi\u00e3o geogr\u00e1fica, com desafios comuns, os resultados em termos de avan\u00e7o, podem ser muito mais amplos e efetivos\u201d, explica a secret\u00e1ria.&nbsp;<\/p>\n\n\n\n<p>Entre os temas inclu\u00eddos na agenda da reuni\u00e3o desta segunda-feira, est\u00e3o o papel da Alian\u00e7a para a APS, a experi\u00eancia dos pa\u00edses na transforma\u00e7\u00e3o de sistemas de sa\u00fade baseados na APS, a transforma\u00e7\u00e3o digital da Aten\u00e7\u00e3o Prim\u00e1ria, modelos de gest\u00e3o e participa\u00e7\u00e3o social.<\/p>\n\n\n\n<p>Nesta ter\u00e7a-feira, 27\/1, segundo dia de encontro, a programa\u00e7\u00e3o prev\u00ea a realiza\u00e7\u00e3o do painel \u201cRedes de Aten\u00e7\u00e3o \u00e0 Sa\u00fade e Regionaliza\u00e7\u00e3o\u201d, com sess\u00f5es paralelas com os temas Fortalecimento da Rede de Aten\u00e7\u00e3o \u00e0 Sa\u00fade com foco na Gest\u00e3o das filas de espera; Cuidado Multiprofissional de Sa\u00fade na APS Painel; APS e o enfrentamento \u00e0s emerg\u00eancias de sa\u00fade; A for\u00e7a de trabalho: emprego, condi\u00e7\u00f5es de trabalho e migra\u00e7\u00e3o; Aten\u00e7\u00e3o \u00e0s condi\u00e7\u00f5es cr\u00f4nicas na APS; &nbsp;encerrando com o painel \u201cAPS e Sa\u00fade Materno-Neonatal\u201d.<\/p>\n\n\n\n<p>A programa\u00e7\u00e3o do evento encerra, na quarta-feira, 28\/1, com o compartilhamento das \u201cRecomenda\u00e7\u00f5es da Comiss\u00e3o Regional da Lancet para as Am\u00e9ricas sobre o papel da APS no fortalecimento da resili\u00eancia do sistema de sa\u00fade diante das crises do s\u00e9culo XXI\u201d e o \u201cFortalecimento da governan\u00e7a e do financiamento como pilares do fortalecimento dos sistemas de sa\u00fade\u201d. A atividade final da Segunda Reuni\u00e3o ser\u00e1 a cerim\u00f4nia de assinatura da Mesa Consultiva da Alian\u00e7a para a APS.<\/p>\n\n\n\n<figure class=\"wp-block-image size-large\"><img loading=\"lazy\" decoding=\"async\" width=\"1024\" height=\"768\" src=\"https:\/\/www.manaus.am.gov.br\/semcom\/wp-content\/uploads\/sites\/5\/2026\/01\/Semsa-Manaus-Opas-2-1024x768.jpeg\" alt=\"\" class=\"wp-image-251682\" srcset=\"https:\/\/www.manaus.am.gov.br\/semcom\/wp-content\/uploads\/sites\/5\/2026\/01\/Semsa-Manaus-Opas-2-1024x768.jpeg 1024w, https:\/\/www.manaus.am.gov.br\/semcom\/wp-content\/uploads\/sites\/5\/2026\/01\/Semsa-Manaus-Opas-2-300x225.jpeg 300w, https:\/\/www.manaus.am.gov.br\/semcom\/wp-content\/uploads\/sites\/5\/2026\/01\/Semsa-Manaus-Opas-2-768x576.jpeg 768w, https:\/\/www.manaus.am.gov.br\/semcom\/wp-content\/uploads\/sites\/5\/2026\/01\/Semsa-Manaus-Opas-2.jpeg 1280w\" sizes=\"(max-width: 1024px) 100vw, 1024px\" \/><figcaption class=\"wp-element-caption\">#paratodosverem &#8211; Departamento farmac\u00eautico<\/figcaption><\/figure>\n\n\n\n<p>&#8212; &#8212; &#8212;&nbsp;<\/p>\n\n\n\n<p><strong>Texto &#8211;<\/strong>&nbsp;Andr\u00e9a Arruda\/Semsa<\/p>\n\n\n\n<p><strong>Fotos &#8211;<\/strong>&nbsp;Divulga\u00e7\u00e3o\/Semsa<\/p>\n","protected":false},"excerpt":{"rendered":"","protected":false},"author":39,"featured_media":251681,"comment_status":"closed","ping_status":"closed","sticky":false,"template":"","format":"standard","meta":{"footnotes":""},"categories":[980],"tags":[11969,77,19078,19079,162],"acf":[],"yoast_head":"<!-- This site is optimized with the Yoast SEO plugin v23.0 - https:\/\/yoast.com\/wordpress\/plugins\/seo\/ -->\n<title>Manaus participa da Segunda Reuni\u00e3o Regional da Alian\u00e7a pela Aten\u00e7\u00e3o Prim\u00e1ria \u00e0 Sa\u00fade nas Am\u00e9ricas<\/title>\n<meta name=\"description\" content=\"A cidade de Manaus participa da Segunda Reuni\u00e3o Regional da Alian\u00e7a pela Aten\u00e7\u00e3o Prim\u00e1ria \u00e0 Sa\u00fade nas Am\u00e9ricas.\" \/>\n<meta name=\"robots\" content=\"index, follow, max-snippet:-1, max-image-preview:large, max-video-preview:-1\" \/>\n<link rel=\"canonical\" href=\"https:\/\/www.manaus.am.gov.br\/semcom\/segunda-reuniao-regional-alianca-aps-americas\/\" \/>\n<meta property=\"og:locale\" content=\"pt_BR\" \/>\n<meta property=\"og:type\" content=\"article\" \/>\n<meta property=\"og:title\" content=\"Manaus participa da Segunda Reuni\u00e3o Regional da Alian\u00e7a pela Aten\u00e7\u00e3o Prim\u00e1ria \u00e0 Sa\u00fade nas Am\u00e9ricas\" \/>\n<meta property=\"og:description\" content=\"A cidade de Manaus participa da Segunda Reuni\u00e3o Regional da Alian\u00e7a pela Aten\u00e7\u00e3o Prim\u00e1ria \u00e0 Sa\u00fade nas Am\u00e9ricas.\" \/>\n<meta property=\"og:url\" content=\"https:\/\/www.manaus.am.gov.br\/semcom\/segunda-reuniao-regional-alianca-aps-americas\/\" \/>\n<meta property=\"og:site_name\" content=\"SEMCOM\" \/>\n<meta property=\"article:published_time\" content=\"2026-01-26T18:29:39+00:00\" \/>\n<meta property=\"article:modified_time\" content=\"2026-01-26T18:52:30+00:00\" \/>\n<meta property=\"og:image\" content=\"https:\/\/www.manaus.am.gov.br\/semcom\/wp-content\/uploads\/sites\/5\/2026\/01\/Semsa-Manaus-Opas-1.jpeg\" \/>\n\t<meta property=\"og:image:width\" content=\"1280\" \/>\n\t<meta property=\"og:image:height\" content=\"960\" \/>\n\t<meta property=\"og:image:type\" content=\"image\/jpeg\" \/>\n<meta name=\"author\" content=\"Bruna Greco\" \/>\n<meta name=\"twitter:card\" content=\"summary_large_image\" \/>\n<meta name=\"twitter:label1\" content=\"Written by\" \/>\n\t<meta name=\"twitter:data1\" content=\"Bruna Greco\" \/>\n\t<meta name=\"twitter:label2\" content=\"Est. reading time\" \/>\n\t<meta name=\"twitter:data2\" content=\"4 minutos\" \/>\n<script type=\"application\/ld+json\" class=\"yoast-schema-graph\">{\"@context\":\"https:\/\/schema.org\",\"@graph\":[{\"@type\":\"WebPage\",\"@id\":\"https:\/\/www.manaus.am.gov.br\/semcom\/segunda-reuniao-regional-alianca-aps-americas\/\",\"url\":\"https:\/\/www.manaus.am.gov.br\/semcom\/segunda-reuniao-regional-alianca-aps-americas\/\",\"name\":\"Manaus participa da Segunda Reuni\u00e3o Regional da Alian\u00e7a pela Aten\u00e7\u00e3o Prim\u00e1ria \u00e0 Sa\u00fade nas Am\u00e9ricas\",\"isPartOf\":{\"@id\":\"https:\/\/www.manaus.am.gov.br\/semcom\/#website\"},\"primaryImageOfPage\":{\"@id\":\"https:\/\/www.manaus.am.gov.br\/semcom\/segunda-reuniao-regional-alianca-aps-americas\/#primaryimage\"},\"image\":{\"@id\":\"https:\/\/www.manaus.am.gov.br\/semcom\/segunda-reuniao-regional-alianca-aps-americas\/#primaryimage\"},\"thumbnailUrl\":\"https:\/\/www.manaus.am.gov.br\/semcom\/wp-content\/uploads\/sites\/5\/2026\/01\/Semsa-Manaus-Opas-1.jpeg\",\"datePublished\":\"2026-01-26T18:29:39+00:00\",\"dateModified\":\"2026-01-26T18:52:30+00:00\",\"author\":{\"@id\":\"https:\/\/www.manaus.am.gov.br\/semcom\/#\/schema\/person\/05d223aea2bf115f9883a6ff3683d81b\"},\"description\":\"A cidade de Manaus participa da Segunda Reuni\u00e3o Regional da Alian\u00e7a pela Aten\u00e7\u00e3o Prim\u00e1ria \u00e0 Sa\u00fade nas Am\u00e9ricas.\",\"inLanguage\":\"pt-BR\",\"potentialAction\":[{\"@type\":\"ReadAction\",\"target\":[\"https:\/\/www.manaus.am.gov.br\/semcom\/segunda-reuniao-regional-alianca-aps-americas\/\"]}]},{\"@type\":\"ImageObject\",\"inLanguage\":\"pt-BR\",\"@id\":\"https:\/\/www.manaus.am.gov.br\/semcom\/segunda-reuniao-regional-alianca-aps-americas\/#primaryimage\",\"url\":\"https:\/\/www.manaus.am.gov.br\/semcom\/wp-content\/uploads\/sites\/5\/2026\/01\/Semsa-Manaus-Opas-1.jpeg\",\"contentUrl\":\"https:\/\/www.manaus.am.gov.br\/semcom\/wp-content\/uploads\/sites\/5\/2026\/01\/Semsa-Manaus-Opas-1.jpeg\",\"width\":1280,\"height\":960,\"caption\":\"#paratodosverem - Profissionais da \u00e1rea da sa\u00fade participando de palestra\"},{\"@type\":\"WebSite\",\"@id\":\"https:\/\/www.manaus.am.gov.br\/semcom\/#website\",\"url\":\"https:\/\/www.manaus.am.gov.br\/semcom\/\",\"name\":\"SEMCOM\",\"description\":\"Secretaria Municipal de Comunica\u00e7\u00e3o\",\"potentialAction\":[{\"@type\":\"SearchAction\",\"target\":{\"@type\":\"EntryPoint\",\"urlTemplate\":\"https:\/\/www.manaus.am.gov.br\/semcom\/?s={search_term_string}\"},\"query-input\":\"required name=search_term_string\"}],\"inLanguage\":\"pt-BR\"},{\"@type\":\"Person\",\"@id\":\"https:\/\/www.manaus.am.gov.br\/semcom\/#\/schema\/person\/05d223aea2bf115f9883a6ff3683d81b\",\"name\":\"Bruna Greco\",\"image\":{\"@type\":\"ImageObject\",\"inLanguage\":\"pt-BR\",\"@id\":\"https:\/\/www.manaus.am.gov.br\/semcom\/#\/schema\/person\/image\/\",\"url\":\"https:\/\/secure.gravatar.com\/avatar\/9c877d1a6adc2a055330e5c09a8653ce?s=96&d=mm&r=g\",\"contentUrl\":\"https:\/\/secure.gravatar.com\/avatar\/9c877d1a6adc2a055330e5c09a8653ce?s=96&d=mm&r=g\",\"caption\":\"Bruna Greco\"}}]}<\/script>\n<!-- \/ Yoast SEO plugin. -->","yoast_head_json":{"title":"Manaus participa da Segunda Reuni\u00e3o Regional da Alian\u00e7a pela Aten\u00e7\u00e3o Prim\u00e1ria \u00e0 Sa\u00fade nas Am\u00e9ricas","description":"A cidade de Manaus participa da Segunda Reuni\u00e3o Regional da Alian\u00e7a pela Aten\u00e7\u00e3o Prim\u00e1ria \u00e0 Sa\u00fade nas Am\u00e9ricas.","robots":{"index":"index","follow":"follow","max-snippet":"max-snippet:-1","max-image-preview":"max-image-preview:large","max-video-preview":"max-video-preview:-1"},"canonical":"https:\/\/www.manaus.am.gov.br\/semcom\/segunda-reuniao-regional-alianca-aps-americas\/","og_locale":"pt_BR","og_type":"article","og_title":"Manaus participa da Segunda Reuni\u00e3o Regional da Alian\u00e7a pela Aten\u00e7\u00e3o Prim\u00e1ria \u00e0 Sa\u00fade nas Am\u00e9ricas","og_description":"A cidade de Manaus participa da Segunda Reuni\u00e3o Regional da Alian\u00e7a pela Aten\u00e7\u00e3o Prim\u00e1ria \u00e0 Sa\u00fade nas Am\u00e9ricas.","og_url":"https:\/\/www.manaus.am.gov.br\/semcom\/segunda-reuniao-regional-alianca-aps-americas\/","og_site_name":"SEMCOM","article_published_time":"2026-01-26T18:29:39+00:00","article_modified_time":"2026-01-26T18:52:30+00:00","og_image":[{"width":1280,"height":960,"url":"https:\/\/www.manaus.am.gov.br\/semcom\/wp-content\/uploads\/sites\/5\/2026\/01\/Semsa-Manaus-Opas-1.jpeg","type":"image\/jpeg"}],"author":"Bruna Greco","twitter_card":"summary_large_image","twitter_misc":{"Written by":"Bruna Greco","Est. reading time":"4 minutos"},"schema":{"@context":"https:\/\/schema.org","@graph":[{"@type":"WebPage","@id":"https:\/\/www.manaus.am.gov.br\/semcom\/segunda-reuniao-regional-alianca-aps-americas\/","url":"https:\/\/www.manaus.am.gov.br\/semcom\/segunda-reuniao-regional-alianca-aps-americas\/","name":"Manaus participa da Segunda Reuni\u00e3o Regional da Alian\u00e7a pela Aten\u00e7\u00e3o Prim\u00e1ria \u00e0 Sa\u00fade nas Am\u00e9ricas","isPartOf":{"@id":"https:\/\/www.manaus.am.gov.br\/semcom\/#website"},"primaryImageOfPage":{"@id":"https:\/\/www.manaus.am.gov.br\/semcom\/segunda-reuniao-regional-alianca-aps-americas\/#primaryimage"},"image":{"@id":"https:\/\/www.manaus.am.gov.br\/semcom\/segunda-reuniao-regional-alianca-aps-americas\/#primaryimage"},"thumbnailUrl":"https:\/\/www.manaus.am.gov.br\/semcom\/wp-content\/uploads\/sites\/5\/2026\/01\/Semsa-Manaus-Opas-1.jpeg","datePublished":"2026-01-26T18:29:39+00:00","dateModified":"2026-01-26T18:52:30+00:00","author":{"@id":"https:\/\/www.manaus.am.gov.br\/semcom\/#\/schema\/person\/05d223aea2bf115f9883a6ff3683d81b"},"description":"A cidade de Manaus participa da Segunda Reuni\u00e3o Regional da Alian\u00e7a pela Aten\u00e7\u00e3o Prim\u00e1ria \u00e0 Sa\u00fade nas Am\u00e9ricas.","inLanguage":"pt-BR","potentialAction":[{"@type":"ReadAction","target":["https:\/\/www.manaus.am.gov.br\/semcom\/segunda-reuniao-regional-alianca-aps-americas\/"]}]},{"@type":"ImageObject","inLanguage":"pt-BR","@id":"https:\/\/www.manaus.am.gov.br\/semcom\/segunda-reuniao-regional-alianca-aps-americas\/#primaryimage","url":"https:\/\/www.manaus.am.gov.br\/semcom\/wp-content\/uploads\/sites\/5\/2026\/01\/Semsa-Manaus-Opas-1.jpeg","contentUrl":"https:\/\/www.manaus.am.gov.br\/semcom\/wp-content\/uploads\/sites\/5\/2026\/01\/Semsa-Manaus-Opas-1.jpeg","width":1280,"height":960,"caption":"#paratodosverem - Profissionais da \u00e1rea da sa\u00fade participando de palestra"},{"@type":"WebSite","@id":"https:\/\/www.manaus.am.gov.br\/semcom\/#website","url":"https:\/\/www.manaus.am.gov.br\/semcom\/","name":"SEMCOM","description":"Secretaria Municipal de Comunica\u00e7\u00e3o","potentialAction":[{"@type":"SearchAction","target":{"@type":"EntryPoint","urlTemplate":"https:\/\/www.manaus.am.gov.br\/semcom\/?s={search_term_string}"},"query-input":"required name=search_term_string"}],"inLanguage":"pt-BR"},{"@type":"Person","@id":"https:\/\/www.manaus.am.gov.br\/semcom\/#\/schema\/person\/05d223aea2bf115f9883a6ff3683d81b","name":"Bruna Greco","image":{"@type":"ImageObject","inLanguage":"pt-BR","@id":"https:\/\/www.manaus.am.gov.br\/semcom\/#\/schema\/person\/image\/","url":"https:\/\/secure.gravatar.com\/avatar\/9c877d1a6adc2a055330e5c09a8653ce?s=96&d=mm&r=g","contentUrl":"https:\/\/secure.gravatar.com\/avatar\/9c877d1a6adc2a055330e5c09a8653ce?s=96&d=mm&r=g","caption":"Bruna Greco"}}]}},"_links":{"self":[{"href":"https:\/\/www.manaus.am.gov.br\/semcom\/wp-json\/wp\/v2\/posts\/251680"}],"collection":[{"href":"https:\/\/www.manaus.am.gov.br\/semcom\/wp-json\/wp\/v2\/posts"}],"about":[{"href":"https:\/\/www.manaus.am.gov.br\/semcom\/wp-json\/wp\/v2\/types\/post"}],"author":[{"embeddable":true,"href":"https:\/\/www.manaus.am.gov.br\/semcom\/wp-json\/wp\/v2\/users\/39"}],"replies":[{"embeddable":true,"href":"https:\/\/www.manaus.am.gov.br\/semcom\/wp-json\/wp\/v2\/comments?post=251680"}],"version-history":[{"count":3,"href":"https:\/\/www.manaus.am.gov.br\/semcom\/wp-json\/wp\/v2\/posts\/251680\/revisions"}],"predecessor-version":[{"id":251685,"href":"https:\/\/www.manaus.am.gov.br\/semcom\/wp-json\/wp\/v2\/posts\/251680\/revisions\/251685"}],"wp:featuredmedia":[{"embeddable":true,"href":"https:\/\/www.manaus.am.gov.br\/semcom\/wp-json\/wp\/v2\/media\/251681"}],"wp:attachment":[{"href":"https:\/\/www.manaus.am.gov.br\/semcom\/wp-json\/wp\/v2\/media?parent=251680"}],"wp:term":[{"taxonomy":"category","embeddable":true,"href":"https:\/\/www.manaus.am.gov.br\/semcom\/wp-json\/wp\/v2\/categories?post=251680"},{"taxonomy":"post_tag","embeddable":true,"href":"https:\/\/www.manaus.am.gov.br\/semcom\/wp-json\/wp\/v2\/tags?post=251680"}],"curies":[{"name":"wp","href":"https:\/\/api.w.org\/{rel}","templated":true}]}}