{"id":251642,"date":"2026-01-26T12:08:38","date_gmt":"2026-01-26T15:08:38","guid":{"rendered":"https:\/\/www.manaus.am.gov.br\/semcom\/prefeitura-semed-piqueniquedominical-parque\/"},"modified":"2026-01-26T12:22:01","modified_gmt":"2026-01-26T15:22:01","slug":"prefeitura-semed-piqueniquedominical-parque","status":"publish","type":"post","link":"https:\/\/www.manaus.am.gov.br\/semcom\/prefeitura-semed-piqueniquedominical-parque\/","title":{"rendered":"Prefeitura de Manaus lan\u00e7a projeto de piquenique dominical no parque Cidade da Crian\u00e7a"},"content":{"rendered":"\n<p>Com o objetivo de incentivar momentos de lazer, divers\u00e3o e conv\u00edvio familiar, a<a href=\"https:\/\/www.instagram.com\/prefeiturademanaus\/\"> Prefeitura de Manaus<\/a>, por meio da <a href=\"https:\/\/www.manaus.am.gov.br\/\">Secretaria Municipal de Educa\u00e7\u00e3o (Semed)<\/a>, lan\u00e7ou, no domingo, 25\/1, o projeto \u201cBora Merendar no Parque\u201d, o primeiro piquenique oficial realizado no parque Cidade da Crian\u00e7a, no bairro Aleixo, zona Centro-Sul.<\/p>\n\n\n\n<p>O domingo passa a ser o dia liberado para a pr\u00e1tica do piquenique, das 9h \u00e0s 18h, quando as fam\u00edlias poder\u00e3o levar seus pequenos, com lanches, toalhas de piquenique e escolher um espa\u00e7o em meio \u00e0s \u00e1rvores e \u00e1reas gramadas.<\/p>\n\n\n\n<p>O diretor do parque Cidade da Crian\u00e7a, Thiago Nogueira, destacou que a pr\u00e1tica de piqueniques no espa\u00e7o era proibida anteriormente, mas que, a partir da implanta\u00e7\u00e3o do projeto \u201cBora Merendar no Parque\u201d, a atividade passou a ser permitida todos os domingos.<\/p>\n\n\n\n<p>\u201cN\u00f3s, amazonenses, temos o h\u00e1bito de reunir a fam\u00edlia aos domingos, e o projeto \u2018Bora Merendar no Parque\u2019 surge como mais uma alternativa de lazer coletivo. \u00c9 uma oportunidade de sair de casa e vivenciar momentos agrad\u00e1veis em um ambiente cercado pela natureza, onde as crian\u00e7as podem brincar, interagir e aproveitar o espa\u00e7o com seguran\u00e7a e muita divers\u00e3o\u201d, ressaltou.<\/p>\n\n\n\n<p>Aprovado<\/p>\n\n\n\n<p>Para a empreendedora Maryelys Rodrigues, m\u00e3e da pequena Sabrina Rodrigues, de 5 anos, e de Mariangel Rodrigues, de 14, a experi\u00eancia foi maravilhosa. Ela aprovou o projeto da prefeitura e destacou a import\u00e2ncia da iniciativa para as fam\u00edlias.<\/p>\n\n\n\n<p>\u201cEu achei uma ideia muito acertada, porque aqui em Manaus n\u00e3o temos muitas op\u00e7\u00f5es de lazer, sobretudo em um ambiente bom e seguro para as crian\u00e7as. Foi uma iniciativa excelente. Minha filha Sabrina adorou e at\u00e9 minha outra filha, que \u00e9 adolescente, gosta desse tipo de lazer. Vamos voltar sempre que poss\u00edvel\u201d, afirmou.<\/p>\n\n\n\n<p>Quem tamb\u00e9m aprovou o \u201cBora Merendar no Parque\u201d foi a dona de casa Daniele Aires, moradora do bairro Cidade Nova, que levou um grupo de familiares para lanchar no espa\u00e7o.<\/p>\n\n\n\n<p>\u201cAchei maravilhoso, at\u00e9 porque tenho uma turma bem grande e a gente sempre busca algo divertido, que n\u00e3o seja shopping center. Ent\u00e3o, para n\u00f3s, isso aqui est\u00e1 sendo uma novidade muito boa\u201d, destacou.<\/p>\n\n\n\n<p>O parque Cidade da Crian\u00e7a funciona de ter\u00e7a a sexta-feira, das 9h \u00e0s 17h; aos s\u00e1bados e domingos, das 9h \u00e0s 18h; e permanece fechado \u00e0s segundas-feiras para manuten\u00e7\u00e3o. Al\u00e9m do funcionamento normal, at\u00e9 o dia 31\/1, o espa\u00e7o conta com a programa\u00e7\u00e3o da col\u00f4nia de f\u00e9rias \u201cNo Quintal do Parque\u201d, das 14h30 \u00e0s 16h, voltada para crian\u00e7as inscritas nas oficinas e atividades.<\/p>\n\n\n\n<p>&#8212; &#8212; &#8212;<\/p>\n\n\n\n<p><strong>Texto <\/strong>e <strong>fotos&nbsp;<\/strong>\u2013 Divulga\u00e7\u00e3o\/Semed<\/p>\n","protected":false},"excerpt":{"rendered":"","protected":false},"author":23,"featured_media":251643,"comment_status":"closed","ping_status":"closed","sticky":false,"template":"","format":"standard","meta":{"footnotes":""},"categories":[670],"tags":[5339,19074,77,62],"acf":[],"yoast_head":"<!-- This site is optimized with the Yoast SEO plugin v23.0 - https:\/\/yoast.com\/wordpress\/plugins\/seo\/ -->\n<title>Pmm lan\u00e7a projeto de piquenique no parque Cidade da Crian\u00e7a<\/title>\n<meta name=\"description\" content=\"Com o objetivo de incentivar momentos de lazer, divers\u00e3o e conv\u00edvio familiar, a Prefeitura, lan\u00e7ou o projeto \u201cBora Merendar no Parque\u201d\" \/>\n<meta name=\"robots\" content=\"index, follow, max-snippet:-1, max-image-preview:large, max-video-preview:-1\" \/>\n<link rel=\"canonical\" href=\"https:\/\/www.manaus.am.gov.br\/semcom\/prefeitura-semed-piqueniquedominical-parque\/\" \/>\n<meta property=\"og:locale\" content=\"pt_BR\" \/>\n<meta property=\"og:type\" content=\"article\" \/>\n<meta property=\"og:title\" content=\"Pmm lan\u00e7a projeto de piquenique no parque Cidade da Crian\u00e7a\" \/>\n<meta property=\"og:description\" content=\"Com o objetivo de incentivar momentos de lazer, divers\u00e3o e conv\u00edvio familiar, a Prefeitura, lan\u00e7ou o projeto \u201cBora Merendar no Parque\u201d\" \/>\n<meta property=\"og:url\" content=\"https:\/\/www.manaus.am.gov.br\/semcom\/prefeitura-semed-piqueniquedominical-parque\/\" \/>\n<meta property=\"og:site_name\" content=\"SEMCOM\" \/>\n<meta property=\"article:published_time\" content=\"2026-01-26T15:08:38+00:00\" \/>\n<meta property=\"article:modified_time\" content=\"2026-01-26T15:22:01+00:00\" \/>\n<meta property=\"og:image\" content=\"https:\/\/www.manaus.am.gov.br\/semcom\/wp-content\/uploads\/sites\/5\/2026\/01\/WhatsApp-Image-2026-01-26-at-10.55.05.jpeg\" \/>\n\t<meta property=\"og:image:width\" content=\"4032\" \/>\n\t<meta property=\"og:image:height\" content=\"2268\" \/>\n\t<meta property=\"og:image:type\" content=\"image\/jpeg\" \/>\n<meta name=\"author\" content=\"Adriana Costa\" \/>\n<meta name=\"twitter:card\" content=\"summary_large_image\" \/>\n<meta name=\"twitter:label1\" content=\"Written by\" \/>\n\t<meta name=\"twitter:data1\" content=\"Adriana Costa\" \/>\n\t<meta name=\"twitter:label2\" content=\"Est. reading time\" \/>\n\t<meta name=\"twitter:data2\" content=\"3 minutos\" \/>\n<script type=\"application\/ld+json\" class=\"yoast-schema-graph\">{\"@context\":\"https:\/\/schema.org\",\"@graph\":[{\"@type\":\"WebPage\",\"@id\":\"https:\/\/www.manaus.am.gov.br\/semcom\/prefeitura-semed-piqueniquedominical-parque\/\",\"url\":\"https:\/\/www.manaus.am.gov.br\/semcom\/prefeitura-semed-piqueniquedominical-parque\/\",\"name\":\"Pmm lan\u00e7a projeto de piquenique no parque Cidade da Crian\u00e7a\",\"isPartOf\":{\"@id\":\"https:\/\/www.manaus.am.gov.br\/semcom\/#website\"},\"primaryImageOfPage\":{\"@id\":\"https:\/\/www.manaus.am.gov.br\/semcom\/prefeitura-semed-piqueniquedominical-parque\/#primaryimage\"},\"image\":{\"@id\":\"https:\/\/www.manaus.am.gov.br\/semcom\/prefeitura-semed-piqueniquedominical-parque\/#primaryimage\"},\"thumbnailUrl\":\"https:\/\/www.manaus.am.gov.br\/semcom\/wp-content\/uploads\/sites\/5\/2026\/01\/WhatsApp-Image-2026-01-26-at-10.55.05.jpeg\",\"datePublished\":\"2026-01-26T15:08:38+00:00\",\"dateModified\":\"2026-01-26T15:22:01+00:00\",\"author\":{\"@id\":\"https:\/\/www.manaus.am.gov.br\/semcom\/#\/schema\/person\/4e49f4e267757a06ca072ec61b2b9968\"},\"description\":\"Com o objetivo de incentivar momentos de lazer, divers\u00e3o e conv\u00edvio familiar, a Prefeitura, lan\u00e7ou o projeto \u201cBora Merendar no Parque\u201d\",\"inLanguage\":\"pt-BR\",\"potentialAction\":[{\"@type\":\"ReadAction\",\"target\":[\"https:\/\/www.manaus.am.gov.br\/semcom\/prefeitura-semed-piqueniquedominical-parque\/\"]}]},{\"@type\":\"ImageObject\",\"inLanguage\":\"pt-BR\",\"@id\":\"https:\/\/www.manaus.am.gov.br\/semcom\/prefeitura-semed-piqueniquedominical-parque\/#primaryimage\",\"url\":\"https:\/\/www.manaus.am.gov.br\/semcom\/wp-content\/uploads\/sites\/5\/2026\/01\/WhatsApp-Image-2026-01-26-at-10.55.05.jpeg\",\"contentUrl\":\"https:\/\/www.manaus.am.gov.br\/semcom\/wp-content\/uploads\/sites\/5\/2026\/01\/WhatsApp-Image-2026-01-26-at-10.55.05.jpeg\",\"width\":4032,\"height\":2268,\"caption\":\"#paratodosverem - Fam\u00edlia faz piquenique em \u00e1rea de grama no parque Cidade da Crian\u00e7a. Atividade est\u00e1 liberada aos domingos\"},{\"@type\":\"WebSite\",\"@id\":\"https:\/\/www.manaus.am.gov.br\/semcom\/#website\",\"url\":\"https:\/\/www.manaus.am.gov.br\/semcom\/\",\"name\":\"SEMCOM\",\"description\":\"Secretaria Municipal de Comunica\u00e7\u00e3o\",\"potentialAction\":[{\"@type\":\"SearchAction\",\"target\":{\"@type\":\"EntryPoint\",\"urlTemplate\":\"https:\/\/www.manaus.am.gov.br\/semcom\/?s={search_term_string}\"},\"query-input\":\"required name=search_term_string\"}],\"inLanguage\":\"pt-BR\"},{\"@type\":\"Person\",\"@id\":\"https:\/\/www.manaus.am.gov.br\/semcom\/#\/schema\/person\/4e49f4e267757a06ca072ec61b2b9968\",\"name\":\"Adriana Costa\",\"image\":{\"@type\":\"ImageObject\",\"inLanguage\":\"pt-BR\",\"@id\":\"https:\/\/www.manaus.am.gov.br\/semcom\/#\/schema\/person\/image\/\",\"url\":\"https:\/\/secure.gravatar.com\/avatar\/576258617ef7194f718179e766d57bd4?s=96&d=mm&r=g\",\"contentUrl\":\"https:\/\/secure.gravatar.com\/avatar\/576258617ef7194f718179e766d57bd4?s=96&d=mm&r=g\",\"caption\":\"Adriana Costa\"}}]}<\/script>\n<!-- \/ Yoast SEO plugin. -->","yoast_head_json":{"title":"Pmm lan\u00e7a projeto de piquenique no parque Cidade da Crian\u00e7a","description":"Com o objetivo de incentivar momentos de lazer, divers\u00e3o e conv\u00edvio familiar, a Prefeitura, lan\u00e7ou o projeto \u201cBora Merendar no Parque\u201d","robots":{"index":"index","follow":"follow","max-snippet":"max-snippet:-1","max-image-preview":"max-image-preview:large","max-video-preview":"max-video-preview:-1"},"canonical":"https:\/\/www.manaus.am.gov.br\/semcom\/prefeitura-semed-piqueniquedominical-parque\/","og_locale":"pt_BR","og_type":"article","og_title":"Pmm lan\u00e7a projeto de piquenique no parque Cidade da Crian\u00e7a","og_description":"Com o objetivo de incentivar momentos de lazer, divers\u00e3o e conv\u00edvio familiar, a Prefeitura, lan\u00e7ou o projeto \u201cBora Merendar no Parque\u201d","og_url":"https:\/\/www.manaus.am.gov.br\/semcom\/prefeitura-semed-piqueniquedominical-parque\/","og_site_name":"SEMCOM","article_published_time":"2026-01-26T15:08:38+00:00","article_modified_time":"2026-01-26T15:22:01+00:00","og_image":[{"width":4032,"height":2268,"url":"https:\/\/www.manaus.am.gov.br\/semcom\/wp-content\/uploads\/sites\/5\/2026\/01\/WhatsApp-Image-2026-01-26-at-10.55.05.jpeg","type":"image\/jpeg"}],"author":"Adriana Costa","twitter_card":"summary_large_image","twitter_misc":{"Written by":"Adriana Costa","Est. reading time":"3 minutos"},"schema":{"@context":"https:\/\/schema.org","@graph":[{"@type":"WebPage","@id":"https:\/\/www.manaus.am.gov.br\/semcom\/prefeitura-semed-piqueniquedominical-parque\/","url":"https:\/\/www.manaus.am.gov.br\/semcom\/prefeitura-semed-piqueniquedominical-parque\/","name":"Pmm lan\u00e7a projeto de piquenique no parque Cidade da Crian\u00e7a","isPartOf":{"@id":"https:\/\/www.manaus.am.gov.br\/semcom\/#website"},"primaryImageOfPage":{"@id":"https:\/\/www.manaus.am.gov.br\/semcom\/prefeitura-semed-piqueniquedominical-parque\/#primaryimage"},"image":{"@id":"https:\/\/www.manaus.am.gov.br\/semcom\/prefeitura-semed-piqueniquedominical-parque\/#primaryimage"},"thumbnailUrl":"https:\/\/www.manaus.am.gov.br\/semcom\/wp-content\/uploads\/sites\/5\/2026\/01\/WhatsApp-Image-2026-01-26-at-10.55.05.jpeg","datePublished":"2026-01-26T15:08:38+00:00","dateModified":"2026-01-26T15:22:01+00:00","author":{"@id":"https:\/\/www.manaus.am.gov.br\/semcom\/#\/schema\/person\/4e49f4e267757a06ca072ec61b2b9968"},"description":"Com o objetivo de incentivar momentos de lazer, divers\u00e3o e conv\u00edvio familiar, a Prefeitura, lan\u00e7ou o projeto \u201cBora Merendar no Parque\u201d","inLanguage":"pt-BR","potentialAction":[{"@type":"ReadAction","target":["https:\/\/www.manaus.am.gov.br\/semcom\/prefeitura-semed-piqueniquedominical-parque\/"]}]},{"@type":"ImageObject","inLanguage":"pt-BR","@id":"https:\/\/www.manaus.am.gov.br\/semcom\/prefeitura-semed-piqueniquedominical-parque\/#primaryimage","url":"https:\/\/www.manaus.am.gov.br\/semcom\/wp-content\/uploads\/sites\/5\/2026\/01\/WhatsApp-Image-2026-01-26-at-10.55.05.jpeg","contentUrl":"https:\/\/www.manaus.am.gov.br\/semcom\/wp-content\/uploads\/sites\/5\/2026\/01\/WhatsApp-Image-2026-01-26-at-10.55.05.jpeg","width":4032,"height":2268,"caption":"#paratodosverem - Fam\u00edlia faz piquenique em \u00e1rea de grama no parque Cidade da Crian\u00e7a. Atividade est\u00e1 liberada aos domingos"},{"@type":"WebSite","@id":"https:\/\/www.manaus.am.gov.br\/semcom\/#website","url":"https:\/\/www.manaus.am.gov.br\/semcom\/","name":"SEMCOM","description":"Secretaria Municipal de Comunica\u00e7\u00e3o","potentialAction":[{"@type":"SearchAction","target":{"@type":"EntryPoint","urlTemplate":"https:\/\/www.manaus.am.gov.br\/semcom\/?s={search_term_string}"},"query-input":"required name=search_term_string"}],"inLanguage":"pt-BR"},{"@type":"Person","@id":"https:\/\/www.manaus.am.gov.br\/semcom\/#\/schema\/person\/4e49f4e267757a06ca072ec61b2b9968","name":"Adriana Costa","image":{"@type":"ImageObject","inLanguage":"pt-BR","@id":"https:\/\/www.manaus.am.gov.br\/semcom\/#\/schema\/person\/image\/","url":"https:\/\/secure.gravatar.com\/avatar\/576258617ef7194f718179e766d57bd4?s=96&d=mm&r=g","contentUrl":"https:\/\/secure.gravatar.com\/avatar\/576258617ef7194f718179e766d57bd4?s=96&d=mm&r=g","caption":"Adriana Costa"}}]}},"_links":{"self":[{"href":"https:\/\/www.manaus.am.gov.br\/semcom\/wp-json\/wp\/v2\/posts\/251642"}],"collection":[{"href":"https:\/\/www.manaus.am.gov.br\/semcom\/wp-json\/wp\/v2\/posts"}],"about":[{"href":"https:\/\/www.manaus.am.gov.br\/semcom\/wp-json\/wp\/v2\/types\/post"}],"author":[{"embeddable":true,"href":"https:\/\/www.manaus.am.gov.br\/semcom\/wp-json\/wp\/v2\/users\/23"}],"replies":[{"embeddable":true,"href":"https:\/\/www.manaus.am.gov.br\/semcom\/wp-json\/wp\/v2\/comments?post=251642"}],"version-history":[{"count":1,"href":"https:\/\/www.manaus.am.gov.br\/semcom\/wp-json\/wp\/v2\/posts\/251642\/revisions"}],"predecessor-version":[{"id":251647,"href":"https:\/\/www.manaus.am.gov.br\/semcom\/wp-json\/wp\/v2\/posts\/251642\/revisions\/251647"}],"wp:featuredmedia":[{"embeddable":true,"href":"https:\/\/www.manaus.am.gov.br\/semcom\/wp-json\/wp\/v2\/media\/251643"}],"wp:attachment":[{"href":"https:\/\/www.manaus.am.gov.br\/semcom\/wp-json\/wp\/v2\/media?parent=251642"}],"wp:term":[{"taxonomy":"category","embeddable":true,"href":"https:\/\/www.manaus.am.gov.br\/semcom\/wp-json\/wp\/v2\/categories?post=251642"},{"taxonomy":"post_tag","embeddable":true,"href":"https:\/\/www.manaus.am.gov.br\/semcom\/wp-json\/wp\/v2\/tags?post=251642"}],"curies":[{"name":"wp","href":"https:\/\/api.w.org\/{rel}","templated":true}]}}