{"id":251633,"date":"2026-01-25T19:41:02","date_gmt":"2026-01-25T22:41:02","guid":{"rendered":"https:\/\/www.manaus.am.gov.br\/semcom\/prefeitura-semad-concursos\/"},"modified":"2026-01-26T12:07:24","modified_gmt":"2026-01-26T15:07:24","slug":"prefeitura-semad-concursos","status":"publish","type":"post","link":"https:\/\/www.manaus.am.gov.br\/semcom\/prefeitura-semad-concursos\/","title":{"rendered":"Mais de 11 mil candidatos realizam provas dos concursos da Semmas e CGM neste domingo"},"content":{"rendered":"\n<p><\/p>\n\n\n\n<p>A<a href=\"https:\/\/www.instagram.com\/prefeiturademanaus\/\"> Prefeitura de Manaus,<\/a> por meio da<a href=\"https:\/\/www.manaus.am.gov.br\/\"> Secretaria Municipal de Administra\u00e7\u00e3o e Gest\u00e3o (Semad)<\/a>, coordenou, neste domingo, 25\/1, a aplica\u00e7\u00e3o das provas dos concursos p\u00fablicos para um total de 65 cargos na Secretaria Municipal de Meio Ambiente e Sustentabilidade (Semmas) e Controladoria-Geral do Munic\u00edpio (CGM), pelo Instituto Consulplan, banca contratada para a realiza\u00e7\u00e3o dos certames. Ao todo, 21 locais, em todas as zonas da cidade, receberam os mais de 11 mil candidatos nos dois turnos. N\u00e3o houve registros de intercorr\u00eancias.<\/p>\n\n\n\n<p>Para os dois concursos 18.129 pessoas tiveram a inscri\u00e7\u00e3o homologada. Pela manh\u00e3, dos 13.157 inscritos, compareceram 8.238, um \u00edndice de absten\u00e7\u00e3o de 37%. \u00c0 tarde, dos 4.942 esperados, 2.991 fizeram as provas, registrando um percentual de 39% de aus\u00eancias. &nbsp;<\/p>\n\n\n\n<p>\u201cCom esses dois certames, sobe para cinco o n\u00famero de concursos p\u00fablicos realizados, at\u00e9 agora, na gest\u00e3o do prefeito David Almeida. Isso representa&nbsp;mais de 3.200 oportunidades de acesso imediato ao servi\u00e7o p\u00fablico, al\u00e9m da forma\u00e7\u00e3o de cadastro reserva para os \u00f3rg\u00e3os, um resultado muito satisfat\u00f3rio \u00e0 sociedade, dentro daquilo que foi proposto pela gest\u00e3o. E a Prefeitura de Manaus j\u00e1 prepara mais concursos para este ano, para a \u00c1rea n\u00e3o Espec\u00edfica, para o Instituto Municipal de Planejamento Urbano (Implurb) e um novo concurso para aumentar o efetivo da Guarda Municipal de Manaus\u201d, informou o secret\u00e1rio da Semad, em exerc\u00edcio, Alexandre do Carmo.&nbsp;<\/p>\n\n\n\n<p>Para a Semmas, foram ofertadas 30 vagas em cargos de n\u00edvel superior, com um total de 1.681 inscritos.&nbsp; \u201cUm concurso aguardado h\u00e1 mais de dez anos, pensado para refor\u00e7ar os quadros da secretaria em diversas \u00e1reas, como arboriza\u00e7\u00e3o, fiscaliza\u00e7\u00e3o, licenciamento. Os aprovados se juntar\u00e3o aos profissionais que j\u00e1 atuam na Semmas e v\u00e3o fazer com que a conserva\u00e7\u00e3o ambiental seja realmente realizada com mais qualidade do que hoje j\u00e1 fazemos. Quem ganha \u00e9 o meio ambiente da cidade de Manaus\u201d, afirmou Fransu\u00e1 Matos, titular da Semmas.<\/p>\n\n\n\n<p>A CGM, \u00f3rg\u00e3o para qual, pela primeira vez, desde que foi criado, em 2022, foi realizado um concurso, havia 35 vagas, sendo dez, de n\u00edvel m\u00e9dio, para T\u00e9cnico Municipal de Controle Interno.<\/p>\n\n\n\n<p>\u201cEsse \u00e9 um marco hist\u00f3rico para a Prefeitura de Manaus. \u00c9 o primeiro concurso para o Controle Interno, entre todos os munic\u00edpios e o pr\u00f3prio Estado do Amazonas. Estamos iniciando uma nova fase, de constru\u00e7\u00e3o de mais governan\u00e7a e mais capacidade de gest\u00e3o, seguindo a orienta\u00e7\u00e3o do prefeito David Almeida para melhorar as condi\u00e7\u00f5es e a presta\u00e7\u00e3o de servi\u00e7os para a popula\u00e7\u00e3o. A realiza\u00e7\u00e3o deste concurso, pela Semad, juntamente com a Semmas, mostra o alinhamento que h\u00e1 entre todos os \u00f3rg\u00e3os da administra\u00e7\u00e3o municipal\u201d, disse o controlador-geral do munic\u00edpio, Alessandro Moreira.<\/p>\n\n\n\n<p>Concursos<\/p>\n\n\n\n<p>Em 2022, a Secretaria Municipal de Sa\u00fade (Semsa) ofertou 2.001 vagas imediatas, al\u00e9m de cadastro reserva, para cargos de n\u00edveis fundamental, m\u00e9dio, m\u00e9dio\/t\u00e9cnico e superior. No final de 2023, a prefeitura lan\u00e7ou o edital do concurso p\u00fablico da Guarda Municipal de Manaus, vinculada \u00e0 Secretaria Municipal de Seguran\u00e7a P\u00fablica e Defesa Social (Semseg), com 200 vagas. Em outubro de 2025, foi publicado o edital com mil vagas imediatas, mais 500 de cadastro reserva na Secretaria Municipal de Educa\u00e7\u00e3o (Semed). As provas foram aplicadas no m\u00eas de dezembro e&nbsp;o certame ainda est\u00e1 em andamento.<\/p>\n\n\n\n<p>&#8212; &#8212; &#8212;<\/p>\n\n\n\n<p><strong>Texto<\/strong>&nbsp;\u2013 Sandra Monteiro \/ Semad<\/p>\n\n\n\n<p><strong>Fotos<\/strong>&nbsp;\u2013 Jo\u00e3o Viana \/ Semcom<\/p>\n\n\n\n<p><strong>Dispon\u00edveis em<\/strong>&nbsp;&#8211;&nbsp;<a href=\"https:\/\/flic.kr\/s\/aHBqjCHF6y\" target=\"_blank\" rel=\"noreferrer noopener\">https:\/\/flic.kr\/s\/aHBqjCHF6y<\/a><\/p>\n\n\n\n<p><\/p>\n","protected":false},"excerpt":{"rendered":"","protected":false},"author":23,"featured_media":251634,"comment_status":"closed","ping_status":"closed","sticky":false,"template":"","format":"standard","meta":{"footnotes":""},"categories":[19072],"tags":[4137,282,77,4821,838,19],"acf":[],"yoast_head":"<!-- This site is optimized with the Yoast SEO plugin v23.0 - https:\/\/yoast.com\/wordpress\/plugins\/seo\/ -->\n<title>Mais de 11 mil candidatos realizam provas dos concursos da Semmas e CGM neste domingo<\/title>\n<meta name=\"description\" content=\"A Prefeitura de Manaus, por meio da Secretaria Municipal de Administra\u00e7\u00e3o e Gest\u00e3o (Semad), coordenou, neste domingo, 25\/1, a aplica\u00e7\u00e3o das provas dos concursos p\u00fablicos para um total de 65 cargos na Secretaria Municipal de Meio Ambiente e Sustentabilidade (Semmas) e Controladoria-Geral do Munic\u00edpio (CGM), pelo Instituto Consulplan, banca contratada para a realiza\u00e7\u00e3o dos certames.\" \/>\n<meta name=\"robots\" content=\"index, follow, max-snippet:-1, max-image-preview:large, max-video-preview:-1\" \/>\n<link rel=\"canonical\" href=\"https:\/\/www.manaus.am.gov.br\/semcom\/prefeitura-semad-concursos\/\" \/>\n<meta property=\"og:locale\" content=\"pt_BR\" \/>\n<meta property=\"og:type\" content=\"article\" \/>\n<meta property=\"og:title\" content=\"Mais de 11 mil candidatos realizam provas dos concursos da Semmas e CGM neste domingo\" \/>\n<meta property=\"og:description\" content=\"A Prefeitura de Manaus, por meio da Secretaria Municipal de Administra\u00e7\u00e3o e Gest\u00e3o (Semad), coordenou, neste domingo, 25\/1, a aplica\u00e7\u00e3o das provas dos concursos p\u00fablicos para um total de 65 cargos na Secretaria Municipal de Meio Ambiente e Sustentabilidade (Semmas) e Controladoria-Geral do Munic\u00edpio (CGM), pelo Instituto Consulplan, banca contratada para a realiza\u00e7\u00e3o dos certames.\" \/>\n<meta property=\"og:url\" content=\"https:\/\/www.manaus.am.gov.br\/semcom\/prefeitura-semad-concursos\/\" \/>\n<meta property=\"og:site_name\" content=\"SEMCOM\" \/>\n<meta property=\"article:published_time\" content=\"2026-01-25T22:41:02+00:00\" \/>\n<meta property=\"article:modified_time\" content=\"2026-01-26T15:07:24+00:00\" \/>\n<meta property=\"og:image\" content=\"https:\/\/www.manaus.am.gov.br\/semcom\/wp-content\/uploads\/sites\/5\/2026\/01\/55060354384_574026fc91_c.jpg\" \/>\n\t<meta property=\"og:image:width\" content=\"799\" \/>\n\t<meta property=\"og:image:height\" content=\"533\" \/>\n\t<meta property=\"og:image:type\" content=\"image\/jpeg\" \/>\n<meta name=\"author\" content=\"Adriana Costa\" \/>\n<meta name=\"twitter:card\" content=\"summary_large_image\" \/>\n<meta name=\"twitter:label1\" content=\"Written by\" \/>\n\t<meta name=\"twitter:data1\" content=\"Adriana Costa\" \/>\n\t<meta name=\"twitter:label2\" content=\"Est. reading time\" \/>\n\t<meta name=\"twitter:data2\" content=\"4 minutos\" \/>\n<script type=\"application\/ld+json\" class=\"yoast-schema-graph\">{\"@context\":\"https:\/\/schema.org\",\"@graph\":[{\"@type\":\"WebPage\",\"@id\":\"https:\/\/www.manaus.am.gov.br\/semcom\/prefeitura-semad-concursos\/\",\"url\":\"https:\/\/www.manaus.am.gov.br\/semcom\/prefeitura-semad-concursos\/\",\"name\":\"Mais de 11 mil candidatos realizam provas dos concursos da Semmas e CGM neste domingo\",\"isPartOf\":{\"@id\":\"https:\/\/www.manaus.am.gov.br\/semcom\/#website\"},\"primaryImageOfPage\":{\"@id\":\"https:\/\/www.manaus.am.gov.br\/semcom\/prefeitura-semad-concursos\/#primaryimage\"},\"image\":{\"@id\":\"https:\/\/www.manaus.am.gov.br\/semcom\/prefeitura-semad-concursos\/#primaryimage\"},\"thumbnailUrl\":\"https:\/\/www.manaus.am.gov.br\/semcom\/wp-content\/uploads\/sites\/5\/2026\/01\/55060354384_574026fc91_c.jpg\",\"datePublished\":\"2026-01-25T22:41:02+00:00\",\"dateModified\":\"2026-01-26T15:07:24+00:00\",\"author\":{\"@id\":\"https:\/\/www.manaus.am.gov.br\/semcom\/#\/schema\/person\/4e49f4e267757a06ca072ec61b2b9968\"},\"description\":\"A Prefeitura de Manaus, por meio da Secretaria Municipal de Administra\u00e7\u00e3o e Gest\u00e3o (Semad), coordenou, neste domingo, 25\/1, a aplica\u00e7\u00e3o das provas dos concursos p\u00fablicos para um total de 65 cargos na Secretaria Municipal de Meio Ambiente e Sustentabilidade (Semmas) e Controladoria-Geral do Munic\u00edpio (CGM), pelo Instituto Consulplan, banca contratada para a realiza\u00e7\u00e3o dos certames.\",\"breadcrumb\":{\"@id\":\"https:\/\/www.manaus.am.gov.br\/semcom\/prefeitura-semad-concursos\/#breadcrumb\"},\"inLanguage\":\"pt-BR\",\"potentialAction\":[{\"@type\":\"ReadAction\",\"target\":[\"https:\/\/www.manaus.am.gov.br\/semcom\/prefeitura-semad-concursos\/\"]}]},{\"@type\":\"ImageObject\",\"inLanguage\":\"pt-BR\",\"@id\":\"https:\/\/www.manaus.am.gov.br\/semcom\/prefeitura-semad-concursos\/#primaryimage\",\"url\":\"https:\/\/www.manaus.am.gov.br\/semcom\/wp-content\/uploads\/sites\/5\/2026\/01\/55060354384_574026fc91_c.jpg\",\"contentUrl\":\"https:\/\/www.manaus.am.gov.br\/semcom\/wp-content\/uploads\/sites\/5\/2026\/01\/55060354384_574026fc91_c.jpg\",\"width\":799,\"height\":533,\"caption\":\"#paratodosverem - Movimenta\u00e7\u00e3o de candidatos na entrada da universidade Nilton Lins, onde foram realizadas provas dos concursos\"},{\"@type\":\"BreadcrumbList\",\"@id\":\"https:\/\/www.manaus.am.gov.br\/semcom\/prefeitura-semad-concursos\/#breadcrumb\",\"itemListElement\":[]},{\"@type\":\"WebSite\",\"@id\":\"https:\/\/www.manaus.am.gov.br\/semcom\/#website\",\"url\":\"https:\/\/www.manaus.am.gov.br\/semcom\/\",\"name\":\"SEMCOM\",\"description\":\"Secretaria Municipal de Comunica\u00e7\u00e3o\",\"potentialAction\":[{\"@type\":\"SearchAction\",\"target\":{\"@type\":\"EntryPoint\",\"urlTemplate\":\"https:\/\/www.manaus.am.gov.br\/semcom\/?s={search_term_string}\"},\"query-input\":\"required name=search_term_string\"}],\"inLanguage\":\"pt-BR\"},{\"@type\":\"Person\",\"@id\":\"https:\/\/www.manaus.am.gov.br\/semcom\/#\/schema\/person\/4e49f4e267757a06ca072ec61b2b9968\",\"name\":\"Adriana Costa\",\"image\":{\"@type\":\"ImageObject\",\"inLanguage\":\"pt-BR\",\"@id\":\"https:\/\/www.manaus.am.gov.br\/semcom\/#\/schema\/person\/image\/\",\"url\":\"https:\/\/secure.gravatar.com\/avatar\/576258617ef7194f718179e766d57bd4?s=96&d=mm&r=g\",\"contentUrl\":\"https:\/\/secure.gravatar.com\/avatar\/576258617ef7194f718179e766d57bd4?s=96&d=mm&r=g\",\"caption\":\"Adriana Costa\"}}]}<\/script>\n<!-- \/ Yoast SEO plugin. -->","yoast_head_json":{"title":"Mais de 11 mil candidatos realizam provas dos concursos da Semmas e CGM neste domingo","description":"A Prefeitura de Manaus, por meio da Secretaria Municipal de Administra\u00e7\u00e3o e Gest\u00e3o (Semad), coordenou, neste domingo, 25\/1, a aplica\u00e7\u00e3o das provas dos concursos p\u00fablicos para um total de 65 cargos na Secretaria Municipal de Meio Ambiente e Sustentabilidade (Semmas) e Controladoria-Geral do Munic\u00edpio (CGM), pelo Instituto Consulplan, banca contratada para a realiza\u00e7\u00e3o dos certames.","robots":{"index":"index","follow":"follow","max-snippet":"max-snippet:-1","max-image-preview":"max-image-preview:large","max-video-preview":"max-video-preview:-1"},"canonical":"https:\/\/www.manaus.am.gov.br\/semcom\/prefeitura-semad-concursos\/","og_locale":"pt_BR","og_type":"article","og_title":"Mais de 11 mil candidatos realizam provas dos concursos da Semmas e CGM neste domingo","og_description":"A Prefeitura de Manaus, por meio da Secretaria Municipal de Administra\u00e7\u00e3o e Gest\u00e3o (Semad), coordenou, neste domingo, 25\/1, a aplica\u00e7\u00e3o das provas dos concursos p\u00fablicos para um total de 65 cargos na Secretaria Municipal de Meio Ambiente e Sustentabilidade (Semmas) e Controladoria-Geral do Munic\u00edpio (CGM), pelo Instituto Consulplan, banca contratada para a realiza\u00e7\u00e3o dos certames.","og_url":"https:\/\/www.manaus.am.gov.br\/semcom\/prefeitura-semad-concursos\/","og_site_name":"SEMCOM","article_published_time":"2026-01-25T22:41:02+00:00","article_modified_time":"2026-01-26T15:07:24+00:00","og_image":[{"width":799,"height":533,"url":"https:\/\/www.manaus.am.gov.br\/semcom\/wp-content\/uploads\/sites\/5\/2026\/01\/55060354384_574026fc91_c.jpg","type":"image\/jpeg"}],"author":"Adriana Costa","twitter_card":"summary_large_image","twitter_misc":{"Written by":"Adriana Costa","Est. reading time":"4 minutos"},"schema":{"@context":"https:\/\/schema.org","@graph":[{"@type":"WebPage","@id":"https:\/\/www.manaus.am.gov.br\/semcom\/prefeitura-semad-concursos\/","url":"https:\/\/www.manaus.am.gov.br\/semcom\/prefeitura-semad-concursos\/","name":"Mais de 11 mil candidatos realizam provas dos concursos da Semmas e CGM neste domingo","isPartOf":{"@id":"https:\/\/www.manaus.am.gov.br\/semcom\/#website"},"primaryImageOfPage":{"@id":"https:\/\/www.manaus.am.gov.br\/semcom\/prefeitura-semad-concursos\/#primaryimage"},"image":{"@id":"https:\/\/www.manaus.am.gov.br\/semcom\/prefeitura-semad-concursos\/#primaryimage"},"thumbnailUrl":"https:\/\/www.manaus.am.gov.br\/semcom\/wp-content\/uploads\/sites\/5\/2026\/01\/55060354384_574026fc91_c.jpg","datePublished":"2026-01-25T22:41:02+00:00","dateModified":"2026-01-26T15:07:24+00:00","author":{"@id":"https:\/\/www.manaus.am.gov.br\/semcom\/#\/schema\/person\/4e49f4e267757a06ca072ec61b2b9968"},"description":"A Prefeitura de Manaus, por meio da Secretaria Municipal de Administra\u00e7\u00e3o e Gest\u00e3o (Semad), coordenou, neste domingo, 25\/1, a aplica\u00e7\u00e3o das provas dos concursos p\u00fablicos para um total de 65 cargos na Secretaria Municipal de Meio Ambiente e Sustentabilidade (Semmas) e Controladoria-Geral do Munic\u00edpio (CGM), pelo Instituto Consulplan, banca contratada para a realiza\u00e7\u00e3o dos certames.","breadcrumb":{"@id":"https:\/\/www.manaus.am.gov.br\/semcom\/prefeitura-semad-concursos\/#breadcrumb"},"inLanguage":"pt-BR","potentialAction":[{"@type":"ReadAction","target":["https:\/\/www.manaus.am.gov.br\/semcom\/prefeitura-semad-concursos\/"]}]},{"@type":"ImageObject","inLanguage":"pt-BR","@id":"https:\/\/www.manaus.am.gov.br\/semcom\/prefeitura-semad-concursos\/#primaryimage","url":"https:\/\/www.manaus.am.gov.br\/semcom\/wp-content\/uploads\/sites\/5\/2026\/01\/55060354384_574026fc91_c.jpg","contentUrl":"https:\/\/www.manaus.am.gov.br\/semcom\/wp-content\/uploads\/sites\/5\/2026\/01\/55060354384_574026fc91_c.jpg","width":799,"height":533,"caption":"#paratodosverem - Movimenta\u00e7\u00e3o de candidatos na entrada da universidade Nilton Lins, onde foram realizadas provas dos concursos"},{"@type":"BreadcrumbList","@id":"https:\/\/www.manaus.am.gov.br\/semcom\/prefeitura-semad-concursos\/#breadcrumb","itemListElement":[]},{"@type":"WebSite","@id":"https:\/\/www.manaus.am.gov.br\/semcom\/#website","url":"https:\/\/www.manaus.am.gov.br\/semcom\/","name":"SEMCOM","description":"Secretaria Municipal de Comunica\u00e7\u00e3o","potentialAction":[{"@type":"SearchAction","target":{"@type":"EntryPoint","urlTemplate":"https:\/\/www.manaus.am.gov.br\/semcom\/?s={search_term_string}"},"query-input":"required name=search_term_string"}],"inLanguage":"pt-BR"},{"@type":"Person","@id":"https:\/\/www.manaus.am.gov.br\/semcom\/#\/schema\/person\/4e49f4e267757a06ca072ec61b2b9968","name":"Adriana Costa","image":{"@type":"ImageObject","inLanguage":"pt-BR","@id":"https:\/\/www.manaus.am.gov.br\/semcom\/#\/schema\/person\/image\/","url":"https:\/\/secure.gravatar.com\/avatar\/576258617ef7194f718179e766d57bd4?s=96&d=mm&r=g","contentUrl":"https:\/\/secure.gravatar.com\/avatar\/576258617ef7194f718179e766d57bd4?s=96&d=mm&r=g","caption":"Adriana Costa"}}]}},"_links":{"self":[{"href":"https:\/\/www.manaus.am.gov.br\/semcom\/wp-json\/wp\/v2\/posts\/251633"}],"collection":[{"href":"https:\/\/www.manaus.am.gov.br\/semcom\/wp-json\/wp\/v2\/posts"}],"about":[{"href":"https:\/\/www.manaus.am.gov.br\/semcom\/wp-json\/wp\/v2\/types\/post"}],"author":[{"embeddable":true,"href":"https:\/\/www.manaus.am.gov.br\/semcom\/wp-json\/wp\/v2\/users\/23"}],"replies":[{"embeddable":true,"href":"https:\/\/www.manaus.am.gov.br\/semcom\/wp-json\/wp\/v2\/comments?post=251633"}],"version-history":[{"count":2,"href":"https:\/\/www.manaus.am.gov.br\/semcom\/wp-json\/wp\/v2\/posts\/251633\/revisions"}],"predecessor-version":[{"id":251641,"href":"https:\/\/www.manaus.am.gov.br\/semcom\/wp-json\/wp\/v2\/posts\/251633\/revisions\/251641"}],"wp:featuredmedia":[{"embeddable":true,"href":"https:\/\/www.manaus.am.gov.br\/semcom\/wp-json\/wp\/v2\/media\/251634"}],"wp:attachment":[{"href":"https:\/\/www.manaus.am.gov.br\/semcom\/wp-json\/wp\/v2\/media?parent=251633"}],"wp:term":[{"taxonomy":"category","embeddable":true,"href":"https:\/\/www.manaus.am.gov.br\/semcom\/wp-json\/wp\/v2\/categories?post=251633"},{"taxonomy":"post_tag","embeddable":true,"href":"https:\/\/www.manaus.am.gov.br\/semcom\/wp-json\/wp\/v2\/tags?post=251633"}],"curies":[{"name":"wp","href":"https:\/\/api.w.org\/{rel}","templated":true}]}}