{"id":251629,"date":"2026-01-25T11:16:20","date_gmt":"2026-01-25T14:16:20","guid":{"rendered":"https:\/\/www.manaus.am.gov.br\/semcom\/prefeitura-semed-coloniadeferias-oficina\/"},"modified":"2026-01-26T12:16:54","modified_gmt":"2026-01-26T15:16:54","slug":"prefeitura-semed-coloniadeferias-oficina","status":"publish","type":"post","link":"https:\/\/www.manaus.am.gov.br\/semcom\/prefeitura-semed-coloniadeferias-oficina\/","title":{"rendered":"Col\u00f4nia de f\u00e9rias no \u2018Quintal do Parque\u2019 promove arte, sustentabilidade e integra\u00e7\u00e3o familiar"},"content":{"rendered":"\n<p>A criatividade marcou a tarde deste s\u00e1bado, 24\/1, na col\u00f4nia de f\u00e9rias \u201cNo Quintal do Parque\u201d, realizada pela <a href=\"https:\/\/www.instagram.com\/prefeiturademanaus\/\">Prefeitura de Manaus<\/a>, por meio da <a href=\"https:\/\/www.manaus.am.gov.br\/\">Secretaria Municipal de Educa\u00e7\u00e3o (Semed<\/a>), no Parque Cidade da Crian\u00e7a, no bairro Aleixo, zona Centro-Sul. A oficina Ateli\u00ea Criativo \u2013 Confec\u00e7\u00e3o de Aqu\u00e1rio envolveu crian\u00e7as inscritas e familiares em atividades educativas e l\u00fadicas.<\/p>\n\n\n\n<p>O diretor do Parque Cidade da Crian\u00e7a, Thiago Nogueira, ressaltou a import\u00e2ncia da col\u00f4nia de f\u00e9rias, bem como das oficinas desenvolvidas na programa\u00e7\u00e3o. \u201cA col\u00f4nia de f\u00e9rias no \u2018Quintal do Parque\u2019 \u00e9 um momento para a crian\u00e7a brincar, aprender e se divertir. Tamb\u00e9m \u00e9 uma oportunidade de fortalecer os la\u00e7os familiares e criar mem\u00f3rias afetivas para a vida toda. As oficinas s\u00e3o pensadas justamente para envolver a crian\u00e7a e seu respons\u00e1vel, permitindo que os adultos participem, voltem a ser crian\u00e7as e vivam esse momento junto com seus filhos\u201d, destacou Nogueira.<\/p>\n\n\n\n<p>De acordo com a atelierista Elanne Menezes, a oficina teve como foco principal trabalhar a sustentabilidade e fortalecer a mem\u00f3ria afetiva das crian\u00e7as, mesmo daquelas que ainda n\u00e3o tiveram contato direto com o mar.<\/p>\n\n\n\n<p>\u201cDialogamos com as fam\u00edlias sobre sustentabilidade, exploramos as diferen\u00e7as entre o mar e os rios, identificamos peixes regionais e estimulamos a participa\u00e7\u00e3o das crian\u00e7as, que disseram, inclusive, aquilo que elas mais gostavam de comer, e o favorito foi o nosso tambaqui. A proposta tamb\u00e9m mostrou que \u00e9 poss\u00edvel reproduzir um ateli\u00ea em casa utilizando materiais acess\u00edveis e reutiliz\u00e1veis. Eles amaram, se envolveram, o engajamento familiar foi not\u00f3rio\u201d, destacou.<\/p>\n\n\n\n<p>A atelierista destacou ainda a participa\u00e7\u00e3o dos familiares, incluindo quatro m\u00e3es e um pai, que, segundo ela, fez toda a diferen\u00e7a. \u201cFoi lindo, cada um saiu com seu aqu\u00e1rio, tanto a crian\u00e7a quanto o adulto. Foi fant\u00e1stico, vamos repetir!\u201d, pontuou.<\/p>\n\n\n\n<p>Para a m\u00e3e Jord\u00e2nia Arraes, respons\u00e1vel pelo pequeno Jonathas Arraes, de 8 anos, a experi\u00eancia foi marcante tanto para a crian\u00e7a quanto para a fam\u00edlia.<\/p>\n\n\n\n<p>&nbsp;\u201cFoi um momento muito interessante e especial, principalmente para o meu filho. Ele participou de diversas brincadeiras e jogos em grupo, que contribuem diretamente para a socializa\u00e7\u00e3o, o respeito e o desenvolvimento das crian\u00e7as. Mesmo com a chuva, os professores conduziram tudo com muita compet\u00eancia, propondo atividades alternativas igualmente interessantes. Pretendo voltar outras vezes e espero que iniciativas como essa se repitam para alcan\u00e7ar mais crian\u00e7as\u201d, ressaltou.<\/p>\n\n\n\n<p>&#8212; &#8212; &#8212;<\/p>\n\n\n\n<p><strong>Texto<\/strong> &#8211; Moara Cabral\/Semed<\/p>\n\n\n\n<p><strong>Fotos<\/strong> &#8211; Divulga\u00e7\u00e3o\/ Semed<\/p>\n","protected":false},"excerpt":{"rendered":"","protected":false},"author":23,"featured_media":251630,"comment_status":"closed","ping_status":"closed","sticky":false,"template":"","format":"standard","meta":{"footnotes":""},"categories":[1895],"tags":[672,5339,77,19071,62],"acf":[],"yoast_head":"<!-- This site is optimized with the Yoast SEO plugin v23.0 - https:\/\/yoast.com\/wordpress\/plugins\/seo\/ -->\n<title>Col\u00f4nia de f\u00e9rias no \u2018Quintal do Parque\u2019 promove arte, sustentabilidade e integra\u00e7\u00e3o familiar<\/title>\n<meta name=\"description\" content=\"A criatividade marcou a tarde deste s\u00e1bado, 24\/1, na col\u00f4nia de f\u00e9rias \u201cNo Quintal do Parque\u201d, realizada pela Prefeitura de Manaus, por meio da Secretaria Municipal de Educa\u00e7\u00e3o (Semed), no Parque Cidade da Crian\u00e7a, no bairro Aleixo, zona Centro-Sul.\" \/>\n<meta name=\"robots\" content=\"index, follow, max-snippet:-1, max-image-preview:large, max-video-preview:-1\" \/>\n<link rel=\"canonical\" href=\"https:\/\/www.manaus.am.gov.br\/semcom\/prefeitura-semed-coloniadeferias-oficina\/\" \/>\n<meta property=\"og:locale\" content=\"pt_BR\" \/>\n<meta property=\"og:type\" content=\"article\" \/>\n<meta property=\"og:title\" content=\"Col\u00f4nia de f\u00e9rias no \u2018Quintal do Parque\u2019 promove arte, sustentabilidade e integra\u00e7\u00e3o familiar\" \/>\n<meta property=\"og:description\" content=\"A criatividade marcou a tarde deste s\u00e1bado, 24\/1, na col\u00f4nia de f\u00e9rias \u201cNo Quintal do Parque\u201d, realizada pela Prefeitura de Manaus, por meio da Secretaria Municipal de Educa\u00e7\u00e3o (Semed), no Parque Cidade da Crian\u00e7a, no bairro Aleixo, zona Centro-Sul.\" \/>\n<meta property=\"og:url\" content=\"https:\/\/www.manaus.am.gov.br\/semcom\/prefeitura-semed-coloniadeferias-oficina\/\" \/>\n<meta property=\"og:site_name\" content=\"SEMCOM\" \/>\n<meta property=\"article:published_time\" content=\"2026-01-25T14:16:20+00:00\" \/>\n<meta property=\"article:modified_time\" content=\"2026-01-26T15:16:54+00:00\" \/>\n<meta property=\"og:image\" content=\"https:\/\/www.manaus.am.gov.br\/semcom\/wp-content\/uploads\/sites\/5\/2026\/01\/WhatsApp-Image-2026-01-24-at-17.49.11.jpeg\" \/>\n\t<meta property=\"og:image:width\" content=\"1126\" \/>\n\t<meta property=\"og:image:height\" content=\"1369\" \/>\n\t<meta property=\"og:image:type\" content=\"image\/jpeg\" \/>\n<meta name=\"author\" content=\"Adriana Costa\" \/>\n<meta name=\"twitter:card\" content=\"summary_large_image\" \/>\n<meta name=\"twitter:label1\" content=\"Written by\" \/>\n\t<meta name=\"twitter:data1\" content=\"Adriana Costa\" \/>\n\t<meta name=\"twitter:label2\" content=\"Est. reading time\" \/>\n\t<meta name=\"twitter:data2\" content=\"3 minutos\" \/>\n<script type=\"application\/ld+json\" class=\"yoast-schema-graph\">{\"@context\":\"https:\/\/schema.org\",\"@graph\":[{\"@type\":\"WebPage\",\"@id\":\"https:\/\/www.manaus.am.gov.br\/semcom\/prefeitura-semed-coloniadeferias-oficina\/\",\"url\":\"https:\/\/www.manaus.am.gov.br\/semcom\/prefeitura-semed-coloniadeferias-oficina\/\",\"name\":\"Col\u00f4nia de f\u00e9rias no \u2018Quintal do Parque\u2019 promove arte, sustentabilidade e integra\u00e7\u00e3o familiar\",\"isPartOf\":{\"@id\":\"https:\/\/www.manaus.am.gov.br\/semcom\/#website\"},\"primaryImageOfPage\":{\"@id\":\"https:\/\/www.manaus.am.gov.br\/semcom\/prefeitura-semed-coloniadeferias-oficina\/#primaryimage\"},\"image\":{\"@id\":\"https:\/\/www.manaus.am.gov.br\/semcom\/prefeitura-semed-coloniadeferias-oficina\/#primaryimage\"},\"thumbnailUrl\":\"https:\/\/www.manaus.am.gov.br\/semcom\/wp-content\/uploads\/sites\/5\/2026\/01\/WhatsApp-Image-2026-01-24-at-17.49.11.jpeg\",\"datePublished\":\"2026-01-25T14:16:20+00:00\",\"dateModified\":\"2026-01-26T15:16:54+00:00\",\"author\":{\"@id\":\"https:\/\/www.manaus.am.gov.br\/semcom\/#\/schema\/person\/4e49f4e267757a06ca072ec61b2b9968\"},\"description\":\"A criatividade marcou a tarde deste s\u00e1bado, 24\/1, na col\u00f4nia de f\u00e9rias \u201cNo Quintal do Parque\u201d, realizada pela Prefeitura de Manaus, por meio da Secretaria Municipal de Educa\u00e7\u00e3o (Semed), no Parque Cidade da Crian\u00e7a, no bairro Aleixo, zona Centro-Sul.\",\"inLanguage\":\"pt-BR\",\"potentialAction\":[{\"@type\":\"ReadAction\",\"target\":[\"https:\/\/www.manaus.am.gov.br\/semcom\/prefeitura-semed-coloniadeferias-oficina\/\"]}]},{\"@type\":\"ImageObject\",\"inLanguage\":\"pt-BR\",\"@id\":\"https:\/\/www.manaus.am.gov.br\/semcom\/prefeitura-semed-coloniadeferias-oficina\/#primaryimage\",\"url\":\"https:\/\/www.manaus.am.gov.br\/semcom\/wp-content\/uploads\/sites\/5\/2026\/01\/WhatsApp-Image-2026-01-24-at-17.49.11.jpeg\",\"contentUrl\":\"https:\/\/www.manaus.am.gov.br\/semcom\/wp-content\/uploads\/sites\/5\/2026\/01\/WhatsApp-Image-2026-01-24-at-17.49.11.jpeg\",\"width\":1126,\"height\":1369,\"caption\":\"#paratodosverem - Crian\u00e7as fazem desenhos a partir do uso de tampas de garrafas PET\"},{\"@type\":\"WebSite\",\"@id\":\"https:\/\/www.manaus.am.gov.br\/semcom\/#website\",\"url\":\"https:\/\/www.manaus.am.gov.br\/semcom\/\",\"name\":\"SEMCOM\",\"description\":\"Secretaria Municipal de Comunica\u00e7\u00e3o\",\"potentialAction\":[{\"@type\":\"SearchAction\",\"target\":{\"@type\":\"EntryPoint\",\"urlTemplate\":\"https:\/\/www.manaus.am.gov.br\/semcom\/?s={search_term_string}\"},\"query-input\":\"required name=search_term_string\"}],\"inLanguage\":\"pt-BR\"},{\"@type\":\"Person\",\"@id\":\"https:\/\/www.manaus.am.gov.br\/semcom\/#\/schema\/person\/4e49f4e267757a06ca072ec61b2b9968\",\"name\":\"Adriana Costa\",\"image\":{\"@type\":\"ImageObject\",\"inLanguage\":\"pt-BR\",\"@id\":\"https:\/\/www.manaus.am.gov.br\/semcom\/#\/schema\/person\/image\/\",\"url\":\"https:\/\/secure.gravatar.com\/avatar\/576258617ef7194f718179e766d57bd4?s=96&d=mm&r=g\",\"contentUrl\":\"https:\/\/secure.gravatar.com\/avatar\/576258617ef7194f718179e766d57bd4?s=96&d=mm&r=g\",\"caption\":\"Adriana Costa\"}}]}<\/script>\n<!-- \/ Yoast SEO plugin. -->","yoast_head_json":{"title":"Col\u00f4nia de f\u00e9rias no \u2018Quintal do Parque\u2019 promove arte, sustentabilidade e integra\u00e7\u00e3o familiar","description":"A criatividade marcou a tarde deste s\u00e1bado, 24\/1, na col\u00f4nia de f\u00e9rias \u201cNo Quintal do Parque\u201d, realizada pela Prefeitura de Manaus, por meio da Secretaria Municipal de Educa\u00e7\u00e3o (Semed), no Parque Cidade da Crian\u00e7a, no bairro Aleixo, zona Centro-Sul.","robots":{"index":"index","follow":"follow","max-snippet":"max-snippet:-1","max-image-preview":"max-image-preview:large","max-video-preview":"max-video-preview:-1"},"canonical":"https:\/\/www.manaus.am.gov.br\/semcom\/prefeitura-semed-coloniadeferias-oficina\/","og_locale":"pt_BR","og_type":"article","og_title":"Col\u00f4nia de f\u00e9rias no \u2018Quintal do Parque\u2019 promove arte, sustentabilidade e integra\u00e7\u00e3o familiar","og_description":"A criatividade marcou a tarde deste s\u00e1bado, 24\/1, na col\u00f4nia de f\u00e9rias \u201cNo Quintal do Parque\u201d, realizada pela Prefeitura de Manaus, por meio da Secretaria Municipal de Educa\u00e7\u00e3o (Semed), no Parque Cidade da Crian\u00e7a, no bairro Aleixo, zona Centro-Sul.","og_url":"https:\/\/www.manaus.am.gov.br\/semcom\/prefeitura-semed-coloniadeferias-oficina\/","og_site_name":"SEMCOM","article_published_time":"2026-01-25T14:16:20+00:00","article_modified_time":"2026-01-26T15:16:54+00:00","og_image":[{"width":1126,"height":1369,"url":"https:\/\/www.manaus.am.gov.br\/semcom\/wp-content\/uploads\/sites\/5\/2026\/01\/WhatsApp-Image-2026-01-24-at-17.49.11.jpeg","type":"image\/jpeg"}],"author":"Adriana Costa","twitter_card":"summary_large_image","twitter_misc":{"Written by":"Adriana Costa","Est. reading time":"3 minutos"},"schema":{"@context":"https:\/\/schema.org","@graph":[{"@type":"WebPage","@id":"https:\/\/www.manaus.am.gov.br\/semcom\/prefeitura-semed-coloniadeferias-oficina\/","url":"https:\/\/www.manaus.am.gov.br\/semcom\/prefeitura-semed-coloniadeferias-oficina\/","name":"Col\u00f4nia de f\u00e9rias no \u2018Quintal do Parque\u2019 promove arte, sustentabilidade e integra\u00e7\u00e3o familiar","isPartOf":{"@id":"https:\/\/www.manaus.am.gov.br\/semcom\/#website"},"primaryImageOfPage":{"@id":"https:\/\/www.manaus.am.gov.br\/semcom\/prefeitura-semed-coloniadeferias-oficina\/#primaryimage"},"image":{"@id":"https:\/\/www.manaus.am.gov.br\/semcom\/prefeitura-semed-coloniadeferias-oficina\/#primaryimage"},"thumbnailUrl":"https:\/\/www.manaus.am.gov.br\/semcom\/wp-content\/uploads\/sites\/5\/2026\/01\/WhatsApp-Image-2026-01-24-at-17.49.11.jpeg","datePublished":"2026-01-25T14:16:20+00:00","dateModified":"2026-01-26T15:16:54+00:00","author":{"@id":"https:\/\/www.manaus.am.gov.br\/semcom\/#\/schema\/person\/4e49f4e267757a06ca072ec61b2b9968"},"description":"A criatividade marcou a tarde deste s\u00e1bado, 24\/1, na col\u00f4nia de f\u00e9rias \u201cNo Quintal do Parque\u201d, realizada pela Prefeitura de Manaus, por meio da Secretaria Municipal de Educa\u00e7\u00e3o (Semed), no Parque Cidade da Crian\u00e7a, no bairro Aleixo, zona Centro-Sul.","inLanguage":"pt-BR","potentialAction":[{"@type":"ReadAction","target":["https:\/\/www.manaus.am.gov.br\/semcom\/prefeitura-semed-coloniadeferias-oficina\/"]}]},{"@type":"ImageObject","inLanguage":"pt-BR","@id":"https:\/\/www.manaus.am.gov.br\/semcom\/prefeitura-semed-coloniadeferias-oficina\/#primaryimage","url":"https:\/\/www.manaus.am.gov.br\/semcom\/wp-content\/uploads\/sites\/5\/2026\/01\/WhatsApp-Image-2026-01-24-at-17.49.11.jpeg","contentUrl":"https:\/\/www.manaus.am.gov.br\/semcom\/wp-content\/uploads\/sites\/5\/2026\/01\/WhatsApp-Image-2026-01-24-at-17.49.11.jpeg","width":1126,"height":1369,"caption":"#paratodosverem - Crian\u00e7as fazem desenhos a partir do uso de tampas de garrafas PET"},{"@type":"WebSite","@id":"https:\/\/www.manaus.am.gov.br\/semcom\/#website","url":"https:\/\/www.manaus.am.gov.br\/semcom\/","name":"SEMCOM","description":"Secretaria Municipal de Comunica\u00e7\u00e3o","potentialAction":[{"@type":"SearchAction","target":{"@type":"EntryPoint","urlTemplate":"https:\/\/www.manaus.am.gov.br\/semcom\/?s={search_term_string}"},"query-input":"required name=search_term_string"}],"inLanguage":"pt-BR"},{"@type":"Person","@id":"https:\/\/www.manaus.am.gov.br\/semcom\/#\/schema\/person\/4e49f4e267757a06ca072ec61b2b9968","name":"Adriana Costa","image":{"@type":"ImageObject","inLanguage":"pt-BR","@id":"https:\/\/www.manaus.am.gov.br\/semcom\/#\/schema\/person\/image\/","url":"https:\/\/secure.gravatar.com\/avatar\/576258617ef7194f718179e766d57bd4?s=96&d=mm&r=g","contentUrl":"https:\/\/secure.gravatar.com\/avatar\/576258617ef7194f718179e766d57bd4?s=96&d=mm&r=g","caption":"Adriana Costa"}}]}},"_links":{"self":[{"href":"https:\/\/www.manaus.am.gov.br\/semcom\/wp-json\/wp\/v2\/posts\/251629"}],"collection":[{"href":"https:\/\/www.manaus.am.gov.br\/semcom\/wp-json\/wp\/v2\/posts"}],"about":[{"href":"https:\/\/www.manaus.am.gov.br\/semcom\/wp-json\/wp\/v2\/types\/post"}],"author":[{"embeddable":true,"href":"https:\/\/www.manaus.am.gov.br\/semcom\/wp-json\/wp\/v2\/users\/23"}],"replies":[{"embeddable":true,"href":"https:\/\/www.manaus.am.gov.br\/semcom\/wp-json\/wp\/v2\/comments?post=251629"}],"version-history":[{"count":1,"href":"https:\/\/www.manaus.am.gov.br\/semcom\/wp-json\/wp\/v2\/posts\/251629\/revisions"}],"predecessor-version":[{"id":251645,"href":"https:\/\/www.manaus.am.gov.br\/semcom\/wp-json\/wp\/v2\/posts\/251629\/revisions\/251645"}],"wp:featuredmedia":[{"embeddable":true,"href":"https:\/\/www.manaus.am.gov.br\/semcom\/wp-json\/wp\/v2\/media\/251630"}],"wp:attachment":[{"href":"https:\/\/www.manaus.am.gov.br\/semcom\/wp-json\/wp\/v2\/media?parent=251629"}],"wp:term":[{"taxonomy":"category","embeddable":true,"href":"https:\/\/www.manaus.am.gov.br\/semcom\/wp-json\/wp\/v2\/categories?post=251629"},{"taxonomy":"post_tag","embeddable":true,"href":"https:\/\/www.manaus.am.gov.br\/semcom\/wp-json\/wp\/v2\/tags?post=251629"}],"curies":[{"name":"wp","href":"https:\/\/api.w.org\/{rel}","templated":true}]}}